{"id":223290,"date":"2026-02-23T16:06:24","date_gmt":"2026-02-23T19:06:24","guid":{"rendered":"https:\/\/portaltela.pt\/noticias\/2026\/02\/23\/loftus-cheek-operado-a-fratura-do-maxilar-e-fica-dois-meses-afastado\/"},"modified":"2026-02-23T16:06:24","modified_gmt":"2026-02-23T19:06:24","slug":"loftus-cheek-operado-a-fratura-do-maxilar-e-fica-dois-meses-afastado","status":"publish","type":"post","link":"https:\/\/portaltela.pt\/desporto\/futebol\/2026\/02\/23\/loftus-cheek-operado-a-fratura-do-maxilar-e-fica-dois-meses-afastado\/","title":{"rendered":"Loftus-Cheek operado a fratura do maxilar e fica dois meses afastado"},"content":{"rendered":"<p>O meia Ruben Loftus-Cheek, do Milan, foi operado na manh\u00e3 de hoje ap\u00f3s sofrer uma fratura no maxilar num choque com Edoardo Corvi, guarda-redes do Parma, durante o jogo de domingo. O lance aconteceu aos 11 minutos e levou o atleta a deixar o relvado de maca.<\/p>\n<p>O encontro, disputado em Mil\u00e3o, terminou com vit\u00f3ria do Parma sobre o Milan em casa dos milaneses. Loftus-Cheek acabou por fraturar o maxilar e, al\u00e9m disso, partiu alguns dentes devido \u00e0 viol\u00eancia do choque.<\/p>\n<p>Exames iniciais indicaram que n\u00e3o houve les\u00e3o cerebral e que o jogador manteve a consci\u00eancia durante o epis\u00f3dio. Ainda assim, a gravidade do trauma exigiu interven\u00e7\u00e3o cir\u00fargica.<\/p>\n<p>A opera\u00e7\u00e3o teve lugar na manh\u00e3 seguinte e visou reduzir e estabilizar a fratura do maxilar. Segundo o hospital, o procedimento foi bem-sucedido e Loftus-Cheek j\u00e1 recebeu alta.<\/p>\n<p>Podem confirmar-se duas semanas de recupera\u00e7\u00e3o, com recupera\u00e7\u00e3o total estimada em cerca de dois meses. O clube e a equipa m\u00e9dica acompanhar\u00e3o de perto o evoluir da recupera\u00e7\u00e3o do jogador.<\/p>\n","protected":false},"excerpt":{"rendered":"<ul>\n<li>Ruben Loftus-Cheek foi operado com sucesso \u00e0 fratura do maxilar ap\u00f3s um choque com o guarda-redes Edoardo Corvi, no jogo entre Milan e Parma, com o Milan a perder em casa.<\/li>\n<li>O atleta foi retirado de maca aos 11 minutos, num choque violento que tamb\u00e9m lhe causou a quebra de alguns dentes.<\/li>\n<li>Tiveram-se, nos primeiros exames, a confirma\u00e7\u00e3o de que n\u00e3o houve les\u00e3o cerebral e que o jogador n\u00e3o perdeu a consci\u00eancia.<\/li>\n<li>O tempo de pausa previsto \u00e9 de dois meses, com alta hospitalar anunciada ap\u00f3s a opera\u00e7\u00e3o para reduzir e estabilizar a fratura.<\/li>\n<li>O progn\u00f3stico para a participa\u00e7\u00e3o no Mundial de 2026 ficou menos sombrio ap\u00f3s o an\u00fancio da recupera\u00e7\u00e3o, mantendo-se apenas a hip\u00f3tese de volta a tempo, conforme evolu\u00e7\u00e3o.<\/li>\n<\/ul>\n","protected":false},"author":2,"featured_media":223292,"comment_status":"closed","ping_status":"closed","sticky":false,"template":"","format":"standard","meta":{"footnotes":""},"categories":[21,24],"tags":[2120,2594,152,32,2538,5297],"class_list":["post-223290","post","type-post","status-publish","format-standard","has-post-thumbnail","hentry","category-desporto","category-futebol","tag-ac-milan","tag-cirurgia","tag-desporto","tag-futebol","tag-lesoes","tag-parma"],"yoast_head":"<!-- This site is optimized with the Yoast SEO plugin v27.2 - https:\/\/yoast.com\/product\/yoast-seo-wordpress\/ -->\n<title>Loftus-Cheek operado a fratura do maxilar e fica dois meses afastado - Portal Tela Portugal<\/title>\n<meta name=\"robots\" content=\"index, follow, max-snippet:-1, max-image-preview:large, max-video-preview:-1\" \/>\n<meta property=\"og:locale\" content=\"pt_PT\" \/>\n<meta property=\"og:type\" content=\"article\" \/>\n<meta property=\"og:title\" content=\"Loftus-Cheek operado a fratura do maxilar e fica dois meses afastado - Portal Tela Portugal\" \/>\n<meta property=\"og:description\" content=\"Ruben Loftus-Cheek foi operado com sucesso \u00e0 fratura do maxilar ap\u00f3s um choque com o guarda-redes Edoardo Corvi, no jogo entre Milan e Parma, com o Milan a perder em casa. O atleta foi retirado de maca aos 11 minutos, num choque violento que tamb\u00e9m lhe causou a quebra de alguns dentes. Tiveram-se, nos primeiros exames, a confirma\u00e7\u00e3o de que n\u00e3o houve les\u00e3o cerebral e que o jogador n\u00e3o perdeu a consci\u00eancia. O tempo de pausa previsto \u00e9 de dois meses, com alta hospitalar anunciada ap\u00f3s a opera\u00e7\u00e3o para reduzir e estabilizar a fratura. O progn\u00f3stico para a participa\u00e7\u00e3o no Mundial de 2026 ficou menos sombrio ap\u00f3s o an\u00fancio da recupera\u00e7\u00e3o, mantendo-se apenas a hip\u00f3tese de volta a tempo, conforme evolu\u00e7\u00e3o.\" \/>\n<meta property=\"og:url\" content=\"https:\/\/portaltela.pt\/noticias\/2026\/02\/23\/loftus-cheek-operado-a-fratura-do-maxilar-e-fica-dois-meses-afastado\/\" \/>\n<meta property=\"og:site_name\" content=\"Portal Tela Portugal\" \/>\n<meta property=\"article:published_time\" content=\"2026-02-23T19:06:24+00:00\" \/>\n<meta name=\"author\" content=\"Telinha\" \/>\n<meta name=\"twitter:card\" content=\"summary_large_image\" \/>\n<meta name=\"twitter:label1\" content=\"Escrito por\" \/>\n\t<meta name=\"twitter:data1\" content=\"Telinha\" \/>\n\t<meta name=\"twitter:label2\" content=\"Tempo estimado de leitura\" \/>\n\t<meta name=\"twitter:data2\" content=\"1 minuto\" \/>\n<script type=\"application\/ld+json\" class=\"yoast-schema-graph\">{\"@context\":\"https:\/\/schema.org\",\"@graph\":[{\"@type\":\"Article\",\"@id\":\"https:\/\/portaltela.pt\/noticias\/2026\/02\/23\/loftus-cheek-operado-a-fratura-do-maxilar-e-fica-dois-meses-afastado\/#article\",\"isPartOf\":{\"@id\":\"https:\/\/portaltela.pt\/noticias\/2026\/02\/23\/loftus-cheek-operado-a-fratura-do-maxilar-e-fica-dois-meses-afastado\/\"},\"author\":{\"name\":\"Telinha\",\"@id\":\"https:\/\/portaltela.pt\/#\/schema\/person\/c4278d4a6028830caff9ee44b42d32ed\"},\"headline\":\"Loftus-Cheek operado a fratura do maxilar e fica dois meses afastado\",\"datePublished\":\"2026-02-23T19:06:24+00:00\",\"mainEntityOfPage\":{\"@id\":\"https:\/\/portaltela.pt\/noticias\/2026\/02\/23\/loftus-cheek-operado-a-fratura-do-maxilar-e-fica-dois-meses-afastado\/\"},\"wordCount\":192,\"image\":{\"@id\":\"https:\/\/portaltela.pt\/noticias\/2026\/02\/23\/loftus-cheek-operado-a-fratura-do-maxilar-e-fica-dois-meses-afastado\/#primaryimage\"},\"thumbnailUrl\":\"https:\/\/portaltela.pt\/s.01k8rhncp4jt1\/2026\/02\/img_920x518uu2026-02-23-19-06-05-2423334.jpg\",\"keywords\":[\"AC Milan\",\"cirurgia\",\"desporto\",\"futebol\",\"les\u00f5es\",\"Parma\"],\"articleSection\":[\"Desporto\",\"Futebol\"],\"inLanguage\":\"pt-PT\"},{\"@type\":\"WebPage\",\"@id\":\"https:\/\/portaltela.pt\/noticias\/2026\/02\/23\/loftus-cheek-operado-a-fratura-do-maxilar-e-fica-dois-meses-afastado\/\",\"url\":\"https:\/\/portaltela.pt\/noticias\/2026\/02\/23\/loftus-cheek-operado-a-fratura-do-maxilar-e-fica-dois-meses-afastado\/\",\"name\":\"Loftus-Cheek operado a fratura do maxilar e fica dois meses afastado - Portal Tela Portugal\",\"isPartOf\":{\"@id\":\"https:\/\/portaltela.pt\/#website\"},\"primaryImageOfPage\":{\"@id\":\"https:\/\/portaltela.pt\/noticias\/2026\/02\/23\/loftus-cheek-operado-a-fratura-do-maxilar-e-fica-dois-meses-afastado\/#primaryimage\"},\"image\":{\"@id\":\"https:\/\/portaltela.pt\/noticias\/2026\/02\/23\/loftus-cheek-operado-a-fratura-do-maxilar-e-fica-dois-meses-afastado\/#primaryimage\"},\"thumbnailUrl\":\"https:\/\/portaltela.pt\/s.01k8rhncp4jt1\/2026\/02\/img_920x518uu2026-02-23-19-06-05-2423334.jpg\",\"datePublished\":\"2026-02-23T19:06:24+00:00\",\"author\":{\"@id\":\"https:\/\/portaltela.pt\/#\/schema\/person\/c4278d4a6028830caff9ee44b42d32ed\"},\"breadcrumb\":{\"@id\":\"https:\/\/portaltela.pt\/noticias\/2026\/02\/23\/loftus-cheek-operado-a-fratura-do-maxilar-e-fica-dois-meses-afastado\/#breadcrumb\"},\"inLanguage\":\"pt-PT\",\"potentialAction\":[{\"@type\":\"ReadAction\",\"target\":[\"https:\/\/portaltela.pt\/noticias\/2026\/02\/23\/loftus-cheek-operado-a-fratura-do-maxilar-e-fica-dois-meses-afastado\/\"]}]},{\"@type\":\"ImageObject\",\"inLanguage\":\"pt-PT\",\"@id\":\"https:\/\/portaltela.pt\/noticias\/2026\/02\/23\/loftus-cheek-operado-a-fratura-do-maxilar-e-fica-dois-meses-afastado\/#primaryimage\",\"url\":\"https:\/\/portaltela.pt\/s.01k8rhncp4jt1\/2026\/02\/img_920x518uu2026-02-23-19-06-05-2423334.jpg\",\"contentUrl\":\"https:\/\/portaltela.pt\/s.01k8rhncp4jt1\/2026\/02\/img_920x518uu2026-02-23-19-06-05-2423334.jpg\",\"width\":796,\"height\":448,\"caption\":\"Loftus-Cheek operado ap\u00f3s fratura no maxilar em jogo do Milan com o Parma\"},{\"@type\":\"BreadcrumbList\",\"@id\":\"https:\/\/portaltela.pt\/noticias\/2026\/02\/23\/loftus-cheek-operado-a-fratura-do-maxilar-e-fica-dois-meses-afastado\/#breadcrumb\",\"itemListElement\":[{\"@type\":\"ListItem\",\"position\":1,\"name\":\"In\u00edcio\",\"item\":\"https:\/\/portaltela.pt\/\"},{\"@type\":\"ListItem\",\"position\":2,\"name\":\"Loftus-Cheek operado a fratura do maxilar e fica dois meses afastado\"}]},{\"@type\":\"WebSite\",\"@id\":\"https:\/\/portaltela.pt\/#website\",\"url\":\"https:\/\/portaltela.pt\/\",\"name\":\"Portal Tela Portugal\",\"description\":\"\",\"potentialAction\":[{\"@type\":\"SearchAction\",\"target\":{\"@type\":\"EntryPoint\",\"urlTemplate\":\"https:\/\/portaltela.pt\/?s={search_term_string}\"},\"query-input\":{\"@type\":\"PropertyValueSpecification\",\"valueRequired\":true,\"valueName\":\"search_term_string\"}}],\"inLanguage\":\"pt-PT\"},{\"@type\":\"Person\",\"@id\":\"https:\/\/portaltela.pt\/#\/schema\/person\/c4278d4a6028830caff9ee44b42d32ed\",\"name\":\"Telinha\",\"image\":{\"@type\":\"ImageObject\",\"inLanguage\":\"pt-PT\",\"@id\":\"https:\/\/portaltela.pt\/s.01k8rhncp4jt1\/2025\/11\/talking-bot-125x125.png\",\"url\":\"https:\/\/portaltela.pt\/s.01k8rhncp4jt1\/2025\/11\/talking-bot-125x125.png\",\"contentUrl\":\"https:\/\/portaltela.pt\/s.01k8rhncp4jt1\/2025\/11\/talking-bot-125x125.png\",\"caption\":\"Telinha\"},\"sameAs\":[\"https:\/\/portaltela.pt\/\"],\"url\":\"https:\/\/portaltela.pt\/por\/367410592786\/\"}]}<\/script>\n<!-- \/ Yoast SEO plugin. -->","yoast_head_json":{"title":"Loftus-Cheek operado a fratura do maxilar e fica dois meses afastado - Portal Tela Portugal","robots":{"index":"index","follow":"follow","max-snippet":"max-snippet:-1","max-image-preview":"max-image-preview:large","max-video-preview":"max-video-preview:-1"},"og_locale":"pt_PT","og_type":"article","og_title":"Loftus-Cheek operado a fratura do maxilar e fica dois meses afastado - Portal Tela Portugal","og_description":"Ruben Loftus-Cheek foi operado com sucesso \u00e0 fratura do maxilar ap\u00f3s um choque com o guarda-redes Edoardo Corvi, no jogo entre Milan e Parma, com o Milan a perder em casa. O atleta foi retirado de maca aos 11 minutos, num choque violento que tamb\u00e9m lhe causou a quebra de alguns dentes. Tiveram-se, nos primeiros exames, a confirma\u00e7\u00e3o de que n\u00e3o houve les\u00e3o cerebral e que o jogador n\u00e3o perdeu a consci\u00eancia. O tempo de pausa previsto \u00e9 de dois meses, com alta hospitalar anunciada ap\u00f3s a opera\u00e7\u00e3o para reduzir e estabilizar a fratura. O progn\u00f3stico para a participa\u00e7\u00e3o no Mundial de 2026 ficou menos sombrio ap\u00f3s o an\u00fancio da recupera\u00e7\u00e3o, mantendo-se apenas a hip\u00f3tese de volta a tempo, conforme evolu\u00e7\u00e3o.","og_url":"https:\/\/portaltela.pt\/noticias\/2026\/02\/23\/loftus-cheek-operado-a-fratura-do-maxilar-e-fica-dois-meses-afastado\/","og_site_name":"Portal Tela Portugal","article_published_time":"2026-02-23T19:06:24+00:00","author":"Telinha","twitter_card":"summary_large_image","twitter_misc":{"Escrito por":"Telinha","Tempo estimado de leitura":"1 minuto"},"schema":{"@context":"https:\/\/schema.org","@graph":[{"@type":"Article","@id":"https:\/\/portaltela.pt\/noticias\/2026\/02\/23\/loftus-cheek-operado-a-fratura-do-maxilar-e-fica-dois-meses-afastado\/#article","isPartOf":{"@id":"https:\/\/portaltela.pt\/noticias\/2026\/02\/23\/loftus-cheek-operado-a-fratura-do-maxilar-e-fica-dois-meses-afastado\/"},"author":{"name":"Telinha","@id":"https:\/\/portaltela.pt\/#\/schema\/person\/c4278d4a6028830caff9ee44b42d32ed"},"headline":"Loftus-Cheek operado a fratura do maxilar e fica dois meses afastado","datePublished":"2026-02-23T19:06:24+00:00","mainEntityOfPage":{"@id":"https:\/\/portaltela.pt\/noticias\/2026\/02\/23\/loftus-cheek-operado-a-fratura-do-maxilar-e-fica-dois-meses-afastado\/"},"wordCount":192,"image":{"@id":"https:\/\/portaltela.pt\/noticias\/2026\/02\/23\/loftus-cheek-operado-a-fratura-do-maxilar-e-fica-dois-meses-afastado\/#primaryimage"},"thumbnailUrl":"https:\/\/portaltela.pt\/s.01k8rhncp4jt1\/2026\/02\/img_920x518uu2026-02-23-19-06-05-2423334.jpg","keywords":["AC Milan","cirurgia","desporto","futebol","les\u00f5es","Parma"],"articleSection":["Desporto","Futebol"],"inLanguage":"pt-PT"},{"@type":"WebPage","@id":"https:\/\/portaltela.pt\/noticias\/2026\/02\/23\/loftus-cheek-operado-a-fratura-do-maxilar-e-fica-dois-meses-afastado\/","url":"https:\/\/portaltela.pt\/noticias\/2026\/02\/23\/loftus-cheek-operado-a-fratura-do-maxilar-e-fica-dois-meses-afastado\/","name":"Loftus-Cheek operado a fratura do maxilar e fica dois meses afastado - Portal Tela Portugal","isPartOf":{"@id":"https:\/\/portaltela.pt\/#website"},"primaryImageOfPage":{"@id":"https:\/\/portaltela.pt\/noticias\/2026\/02\/23\/loftus-cheek-operado-a-fratura-do-maxilar-e-fica-dois-meses-afastado\/#primaryimage"},"image":{"@id":"https:\/\/portaltela.pt\/noticias\/2026\/02\/23\/loftus-cheek-operado-a-fratura-do-maxilar-e-fica-dois-meses-afastado\/#primaryimage"},"thumbnailUrl":"https:\/\/portaltela.pt\/s.01k8rhncp4jt1\/2026\/02\/img_920x518uu2026-02-23-19-06-05-2423334.jpg","datePublished":"2026-02-23T19:06:24+00:00","author":{"@id":"https:\/\/portaltela.pt\/#\/schema\/person\/c4278d4a6028830caff9ee44b42d32ed"},"breadcrumb":{"@id":"https:\/\/portaltela.pt\/noticias\/2026\/02\/23\/loftus-cheek-operado-a-fratura-do-maxilar-e-fica-dois-meses-afastado\/#breadcrumb"},"inLanguage":"pt-PT","potentialAction":[{"@type":"ReadAction","target":["https:\/\/portaltela.pt\/noticias\/2026\/02\/23\/loftus-cheek-operado-a-fratura-do-maxilar-e-fica-dois-meses-afastado\/"]}]},{"@type":"ImageObject","inLanguage":"pt-PT","@id":"https:\/\/portaltela.pt\/noticias\/2026\/02\/23\/loftus-cheek-operado-a-fratura-do-maxilar-e-fica-dois-meses-afastado\/#primaryimage","url":"https:\/\/portaltela.pt\/s.01k8rhncp4jt1\/2026\/02\/img_920x518uu2026-02-23-19-06-05-2423334.jpg","contentUrl":"https:\/\/portaltela.pt\/s.01k8rhncp4jt1\/2026\/02\/img_920x518uu2026-02-23-19-06-05-2423334.jpg","width":796,"height":448,"caption":"Loftus-Cheek operado ap\u00f3s fratura no maxilar em jogo do Milan com o Parma"},{"@type":"BreadcrumbList","@id":"https:\/\/portaltela.pt\/noticias\/2026\/02\/23\/loftus-cheek-operado-a-fratura-do-maxilar-e-fica-dois-meses-afastado\/#breadcrumb","itemListElement":[{"@type":"ListItem","position":1,"name":"In\u00edcio","item":"https:\/\/portaltela.pt\/"},{"@type":"ListItem","position":2,"name":"Loftus-Cheek operado a fratura do maxilar e fica dois meses afastado"}]},{"@type":"WebSite","@id":"https:\/\/portaltela.pt\/#website","url":"https:\/\/portaltela.pt\/","name":"Portal Tela Portugal","description":"","potentialAction":[{"@type":"SearchAction","target":{"@type":"EntryPoint","urlTemplate":"https:\/\/portaltela.pt\/?s={search_term_string}"},"query-input":{"@type":"PropertyValueSpecification","valueRequired":true,"valueName":"search_term_string"}}],"inLanguage":"pt-PT"},{"@type":"Person","@id":"https:\/\/portaltela.pt\/#\/schema\/person\/c4278d4a6028830caff9ee44b42d32ed","name":"Telinha","image":{"@type":"ImageObject","inLanguage":"pt-PT","@id":"https:\/\/portaltela.pt\/s.01k8rhncp4jt1\/2025\/11\/talking-bot-125x125.png","url":"https:\/\/portaltela.pt\/s.01k8rhncp4jt1\/2025\/11\/talking-bot-125x125.png","contentUrl":"https:\/\/portaltela.pt\/s.01k8rhncp4jt1\/2025\/11\/talking-bot-125x125.png","caption":"Telinha"},"sameAs":["https:\/\/portaltela.pt\/"],"url":"https:\/\/portaltela.pt\/por\/367410592786\/"}]}},"_links":{"self":[{"href":"https:\/\/portaltela.pt\/api\/wp\/v2\/posts\/223290","targetHints":{"allow":["GET"]}}],"collection":[{"href":"https:\/\/portaltela.pt\/api\/wp\/v2\/posts"}],"about":[{"href":"https:\/\/portaltela.pt\/api\/wp\/v2\/types\/post"}],"author":[{"embeddable":true,"href":"https:\/\/portaltela.pt\/api\/wp\/v2\/users\/2"}],"replies":[{"embeddable":true,"href":"https:\/\/portaltela.pt\/api\/wp\/v2\/comments?post=223290"}],"version-history":[{"count":0,"href":"https:\/\/portaltela.pt\/api\/wp\/v2\/posts\/223290\/revisions"}],"wp:featuredmedia":[{"embeddable":true,"href":"https:\/\/portaltela.pt\/api\/wp\/v2\/media\/223292"}],"wp:attachment":[{"href":"https:\/\/portaltela.pt\/api\/wp\/v2\/media?parent=223290"}],"wp:term":[{"taxonomy":"category","embeddable":true,"href":"https:\/\/portaltela.pt\/api\/wp\/v2\/categories?post=223290"},{"taxonomy":"post_tag","embeddable":true,"href":"https:\/\/portaltela.pt\/api\/wp\/v2\/tags?post=223290"}],"curies":[{"name":"wp","href":"https:\/\/api.w.org\/{rel}","templated":true}]}}