{"id":223264,"date":"2026-02-23T15:53:30","date_gmt":"2026-02-23T18:53:30","guid":{"rendered":"https:\/\/portaltela.pt\/noticias\/2026\/02\/23\/autarquias-devem-reportar-prejuizos-do-mau-tempo-nos-quarteis-de-bombeiros\/"},"modified":"2026-02-23T15:53:30","modified_gmt":"2026-02-23T18:53:30","slug":"autarquias-devem-reportar-prejuizos-do-mau-tempo-nos-quarteis-de-bombeiros","status":"publish","type":"post","link":"https:\/\/portaltela.pt\/noticias\/2026\/02\/23\/autarquias-devem-reportar-prejuizos-do-mau-tempo-nos-quarteis-de-bombeiros\/","title":{"rendered":"Autarquias devem reportar preju\u00edzos do mau tempo nos quart\u00e9is de bombeiros"},"content":{"rendered":"<p>Duzentas corpora\u00e7\u00f5es de bombeiros dos distritos de Leiria, Santar\u00e9m e Coimbra t\u00eam quart\u00e9is danificados pelo mau tempo, segundo a Liga dos Bombeiros Portugueses (LBP). Os casos mais graves afectam Leiria e Pedr\u00f3g\u00e3o Grande.<\/p>\n<p>O coordenador da Estrutura de Miss\u00e3o Reconstru\u00e7\u00e3o da Regi\u00e3o Centro, Paulo Fernandes, explicou que cabe \u00e0s c\u00e2maras municipais reportar os danos \u00e0s CCDR at\u00e9 3 de mar\u00e7o. Os relat\u00f3rios devem incluir os preju\u00edzos nos bombeiros.<\/p>\n<p>No \u00e2mbito dos levantamentos municipais, os preju\u00edzos sinalizados devem entrar no \u00e2mbito de danos a coletividades, associa\u00e7\u00f5es e corpora\u00e7\u00f5es de bombeiros, afirmou. A elegibilidade para apoio tamb\u00e9m depende destes dados.<\/p>\n<p>Paulo Fernandes assegurou que os danos s\u00e3o eleg\u00edveis, tal como os associados a vias ou ao espa\u00e7o p\u00fablico, mas n\u00e3o quantificou valores dispon\u00edveis para financiamento. A defini\u00e7\u00e3o de termos fica por determinar.<\/p>\n<p>A LBP aponta que 17 quart\u00e9is apresentam danos em coberturas, edif\u00edcios, salas e camaratas, al\u00e9m de antenas e viaturas. Os territ\u00f3rios mais afetados s\u00e3o Leiria, Pedr\u00f3g\u00e3o Grande e outras corpora\u00e7\u00f5es da regi\u00e3o.<\/p>\n<p>Al\u00e9m de Leiria e Pedr\u00f3g\u00e3o Grande, surgem preju\u00edzos elevados em Vieira de Leiria, Marinha Grande, Ferreira do Z\u00eazere, Penela e Montemor-o-Velho, segundo a associa\u00e7\u00e3o. O quadro aguarda estudos locais adicionais.<\/p>\n<p>As consequ\u00eancias do temporal inclu\u00edram mortes, feridos e desalojados. O pa\u00eds registou 18 \u00f3bitos ap\u00f3s as depress\u00f5es Kristin, Leonardo e Marta, com estragos em infraestruturas e servi\u00e7os.<\/p>\n<p>As regi\u00f5es Centro, Lisboa e Vale do Tejo e Alentejo foram as mais atingidas, com interrup\u00e7\u00f5es de estradas, energia, \u00e1gua e comunica\u00e7\u00f5es, al\u00e9m de inunda\u00e7\u00f5es e cortes de transporte. A situa\u00e7\u00e3o de calamidade terminou a 15 de fevereiro.<\/p>\n","protected":false},"excerpt":{"rendered":"<ul>\n<li>Dezenove? na not\u00edcia diz 17 corpora\u00e7\u00f5es de bombeiros dos distritos de Leiria, Santar\u00e9m e Coimbra com quart\u00e9is danificados pelo mau tempo, incluindo Leiria e Pedr\u00f3g\u00e3o Grande entre os casos mais graves.<\/li>\n<li>Cabe \u00e0s c\u00e2maras municipais reportar os preju\u00edzos, j\u00e1 que os levantamentos devem ser entregues \u00e0s Comiss\u00f5es de Coordena\u00e7\u00e3o e Desenvolvimento Regional (CCDR) at\u00e9 3 de mar\u00e7o.<\/li>\n<li>Os danos aos quart\u00e9is s\u00e3o eleg\u00edveis para financiamento, mas o valor total ainda n\u00e3o est\u00e1 definido; depende dos levantamentos nacionais e daquilo que for decidido posteriormente.<\/li>\n<li>Al\u00e9m dos quart\u00e9is, h\u00e1 danos significativos noutras corpora\u00e7\u00f5es, incluindo coberturas, edifica\u00e7\u00f5es, salas, camaratas, antenas e viaturas, com impacto ainda n\u00e3o quantificado.<\/li>\n<li>O temporal provocou 18 mortes em Portugal, com diversas consequ\u00eancias materiais e a suspens\u00e3o da situa\u00e7\u00e3o de calamidade que abrangia os 68 concelhos mais afetados at\u00e9 15 de fevereiro.<\/li>\n<\/ul>\n","protected":false},"author":2,"featured_media":223272,"comment_status":"closed","ping_status":"closed","sticky":false,"template":"","format":"standard","meta":{"footnotes":""},"categories":[1],"tags":[971,5215,1615,1385,4860,4650],"class_list":["post-223264","post","type-post","status-publish","format-standard","has-post-thumbnail","hentry","category-noticias","tag-bombeiros","tag-catastrofes-naturais","tag-infraestrutura","tag-leiria","tag-pedrogao-grande","tag-regiao-centro"],"yoast_head":"<!-- This site is optimized with the Yoast SEO plugin v27.2 - https:\/\/yoast.com\/product\/yoast-seo-wordpress\/ -->\n<title>Autarquias devem reportar preju\u00edzos do mau tempo nos quart\u00e9is de bombeiros - Portal Tela Portugal<\/title>\n<meta name=\"robots\" content=\"index, follow, max-snippet:-1, max-image-preview:large, max-video-preview:-1\" \/>\n<meta property=\"og:locale\" content=\"pt_PT\" \/>\n<meta property=\"og:type\" content=\"article\" \/>\n<meta property=\"og:title\" content=\"Autarquias devem reportar preju\u00edzos do mau tempo nos quart\u00e9is de bombeiros - Portal Tela Portugal\" \/>\n<meta property=\"og:description\" content=\"Dezenove? na not\u00edcia diz 17 corpora\u00e7\u00f5es de bombeiros dos distritos de Leiria, Santar\u00e9m e Coimbra com quart\u00e9is danificados pelo mau tempo, incluindo Leiria e Pedr\u00f3g\u00e3o Grande entre os casos mais graves. Cabe \u00e0s c\u00e2maras municipais reportar os preju\u00edzos, j\u00e1 que os levantamentos devem ser entregues \u00e0s Comiss\u00f5es de Coordena\u00e7\u00e3o e Desenvolvimento Regional (CCDR) at\u00e9 3 de mar\u00e7o. Os danos aos quart\u00e9is s\u00e3o eleg\u00edveis para financiamento, mas o valor total ainda n\u00e3o est\u00e1 definido; depende dos levantamentos nacionais e daquilo que for decidido posteriormente. Al\u00e9m dos quart\u00e9is, h\u00e1 danos significativos noutras corpora\u00e7\u00f5es, incluindo coberturas, edifica\u00e7\u00f5es, salas, camaratas, antenas e viaturas, com impacto ainda n\u00e3o quantificado. O temporal provocou 18 mortes em Portugal, com diversas consequ\u00eancias materiais e a suspens\u00e3o da situa\u00e7\u00e3o de calamidade que abrangia os 68 concelhos mais afetados at\u00e9 15 de fevereiro.\" \/>\n<meta property=\"og:url\" content=\"https:\/\/portaltela.pt\/noticias\/2026\/02\/23\/autarquias-devem-reportar-prejuizos-do-mau-tempo-nos-quarteis-de-bombeiros\/\" \/>\n<meta property=\"og:site_name\" content=\"Portal Tela Portugal\" \/>\n<meta property=\"article:published_time\" content=\"2026-02-23T18:53:30+00:00\" \/>\n<meta name=\"author\" content=\"Telinha\" \/>\n<meta name=\"twitter:card\" content=\"summary_large_image\" \/>\n<meta name=\"twitter:label1\" content=\"Escrito por\" \/>\n\t<meta name=\"twitter:data1\" content=\"Telinha\" \/>\n\t<meta name=\"twitter:label2\" content=\"Tempo estimado de leitura\" \/>\n\t<meta name=\"twitter:data2\" content=\"2 minutos\" \/>\n<script type=\"application\/ld+json\" class=\"yoast-schema-graph\">{\"@context\":\"https:\/\/schema.org\",\"@graph\":[{\"@type\":\"Article\",\"@id\":\"https:\/\/portaltela.pt\/noticias\/2026\/02\/23\/autarquias-devem-reportar-prejuizos-do-mau-tempo-nos-quarteis-de-bombeiros\/#article\",\"isPartOf\":{\"@id\":\"https:\/\/portaltela.pt\/noticias\/2026\/02\/23\/autarquias-devem-reportar-prejuizos-do-mau-tempo-nos-quarteis-de-bombeiros\/\"},\"author\":{\"name\":\"Telinha\",\"@id\":\"https:\/\/portaltela.pt\/#\/schema\/person\/c4278d4a6028830caff9ee44b42d32ed\"},\"headline\":\"Autarquias devem reportar preju\u00edzos do mau tempo nos quart\u00e9is de bombeiros\",\"datePublished\":\"2026-02-23T18:53:30+00:00\",\"mainEntityOfPage\":{\"@id\":\"https:\/\/portaltela.pt\/noticias\/2026\/02\/23\/autarquias-devem-reportar-prejuizos-do-mau-tempo-nos-quarteis-de-bombeiros\/\"},\"wordCount\":317,\"image\":{\"@id\":\"https:\/\/portaltela.pt\/noticias\/2026\/02\/23\/autarquias-devem-reportar-prejuizos-do-mau-tempo-nos-quarteis-de-bombeiros\/#primaryimage\"},\"thumbnailUrl\":\"https:\/\/portaltela.pt\/s.01k8rhncp4jt1\/2026\/02\/img_1500x1000uu2026-02-09-15-35-06-2265901-im-639062485913172681-1.jpg\",\"keywords\":[\"bombeiros\",\"cat\u00e1strofes naturais\",\"infraestrutura\",\"Leiria\",\"Pedr\u00f3g\u00e3o Grande\",\"Regi\u00e3o Centro\"],\"articleSection\":[\"Not\u00edcias\"],\"inLanguage\":\"pt-PT\"},{\"@type\":\"WebPage\",\"@id\":\"https:\/\/portaltela.pt\/noticias\/2026\/02\/23\/autarquias-devem-reportar-prejuizos-do-mau-tempo-nos-quarteis-de-bombeiros\/\",\"url\":\"https:\/\/portaltela.pt\/noticias\/2026\/02\/23\/autarquias-devem-reportar-prejuizos-do-mau-tempo-nos-quarteis-de-bombeiros\/\",\"name\":\"Autarquias devem reportar preju\u00edzos do mau tempo nos quart\u00e9is de bombeiros - Portal Tela Portugal\",\"isPartOf\":{\"@id\":\"https:\/\/portaltela.pt\/#website\"},\"primaryImageOfPage\":{\"@id\":\"https:\/\/portaltela.pt\/noticias\/2026\/02\/23\/autarquias-devem-reportar-prejuizos-do-mau-tempo-nos-quarteis-de-bombeiros\/#primaryimage\"},\"image\":{\"@id\":\"https:\/\/portaltela.pt\/noticias\/2026\/02\/23\/autarquias-devem-reportar-prejuizos-do-mau-tempo-nos-quarteis-de-bombeiros\/#primaryimage\"},\"thumbnailUrl\":\"https:\/\/portaltela.pt\/s.01k8rhncp4jt1\/2026\/02\/img_1500x1000uu2026-02-09-15-35-06-2265901-im-639062485913172681-1.jpg\",\"datePublished\":\"2026-02-23T18:53:30+00:00\",\"author\":{\"@id\":\"https:\/\/portaltela.pt\/#\/schema\/person\/c4278d4a6028830caff9ee44b42d32ed\"},\"breadcrumb\":{\"@id\":\"https:\/\/portaltela.pt\/noticias\/2026\/02\/23\/autarquias-devem-reportar-prejuizos-do-mau-tempo-nos-quarteis-de-bombeiros\/#breadcrumb\"},\"inLanguage\":\"pt-PT\",\"potentialAction\":[{\"@type\":\"ReadAction\",\"target\":[\"https:\/\/portaltela.pt\/noticias\/2026\/02\/23\/autarquias-devem-reportar-prejuizos-do-mau-tempo-nos-quarteis-de-bombeiros\/\"]}]},{\"@type\":\"ImageObject\",\"inLanguage\":\"pt-PT\",\"@id\":\"https:\/\/portaltela.pt\/noticias\/2026\/02\/23\/autarquias-devem-reportar-prejuizos-do-mau-tempo-nos-quarteis-de-bombeiros\/#primaryimage\",\"url\":\"https:\/\/portaltela.pt\/s.01k8rhncp4jt1\/2026\/02\/img_1500x1000uu2026-02-09-15-35-06-2265901-im-639062485913172681-1.jpg\",\"contentUrl\":\"https:\/\/portaltela.pt\/s.01k8rhncp4jt1\/2026\/02\/img_1500x1000uu2026-02-09-15-35-06-2265901-im-639062485913172681-1.jpg\",\"width\":796,\"height\":448,\"caption\":\"Imagens mostram danos causados pelo mau tempo em habita\u00e7\u00e3o no Cartaxo\"},{\"@type\":\"BreadcrumbList\",\"@id\":\"https:\/\/portaltela.pt\/noticias\/2026\/02\/23\/autarquias-devem-reportar-prejuizos-do-mau-tempo-nos-quarteis-de-bombeiros\/#breadcrumb\",\"itemListElement\":[{\"@type\":\"ListItem\",\"position\":1,\"name\":\"In\u00edcio\",\"item\":\"https:\/\/portaltela.pt\/\"},{\"@type\":\"ListItem\",\"position\":2,\"name\":\"Autarquias devem reportar preju\u00edzos do mau tempo nos quart\u00e9is de bombeiros\"}]},{\"@type\":\"WebSite\",\"@id\":\"https:\/\/portaltela.pt\/#website\",\"url\":\"https:\/\/portaltela.pt\/\",\"name\":\"Portal Tela Portugal\",\"description\":\"\",\"potentialAction\":[{\"@type\":\"SearchAction\",\"target\":{\"@type\":\"EntryPoint\",\"urlTemplate\":\"https:\/\/portaltela.pt\/?s={search_term_string}\"},\"query-input\":{\"@type\":\"PropertyValueSpecification\",\"valueRequired\":true,\"valueName\":\"search_term_string\"}}],\"inLanguage\":\"pt-PT\"},{\"@type\":\"Person\",\"@id\":\"https:\/\/portaltela.pt\/#\/schema\/person\/c4278d4a6028830caff9ee44b42d32ed\",\"name\":\"Telinha\",\"image\":{\"@type\":\"ImageObject\",\"inLanguage\":\"pt-PT\",\"@id\":\"https:\/\/portaltela.pt\/s.01k8rhncp4jt1\/2025\/11\/talking-bot-125x125.png\",\"url\":\"https:\/\/portaltela.pt\/s.01k8rhncp4jt1\/2025\/11\/talking-bot-125x125.png\",\"contentUrl\":\"https:\/\/portaltela.pt\/s.01k8rhncp4jt1\/2025\/11\/talking-bot-125x125.png\",\"caption\":\"Telinha\"},\"sameAs\":[\"https:\/\/portaltela.pt\/\"],\"url\":\"https:\/\/portaltela.pt\/por\/367410592786\/\"}]}<\/script>\n<!-- \/ Yoast SEO plugin. -->","yoast_head_json":{"title":"Autarquias devem reportar preju\u00edzos do mau tempo nos quart\u00e9is de bombeiros - Portal Tela Portugal","robots":{"index":"index","follow":"follow","max-snippet":"max-snippet:-1","max-image-preview":"max-image-preview:large","max-video-preview":"max-video-preview:-1"},"og_locale":"pt_PT","og_type":"article","og_title":"Autarquias devem reportar preju\u00edzos do mau tempo nos quart\u00e9is de bombeiros - Portal Tela Portugal","og_description":"Dezenove? na not\u00edcia diz 17 corpora\u00e7\u00f5es de bombeiros dos distritos de Leiria, Santar\u00e9m e Coimbra com quart\u00e9is danificados pelo mau tempo, incluindo Leiria e Pedr\u00f3g\u00e3o Grande entre os casos mais graves. Cabe \u00e0s c\u00e2maras municipais reportar os preju\u00edzos, j\u00e1 que os levantamentos devem ser entregues \u00e0s Comiss\u00f5es de Coordena\u00e7\u00e3o e Desenvolvimento Regional (CCDR) at\u00e9 3 de mar\u00e7o. Os danos aos quart\u00e9is s\u00e3o eleg\u00edveis para financiamento, mas o valor total ainda n\u00e3o est\u00e1 definido; depende dos levantamentos nacionais e daquilo que for decidido posteriormente. Al\u00e9m dos quart\u00e9is, h\u00e1 danos significativos noutras corpora\u00e7\u00f5es, incluindo coberturas, edifica\u00e7\u00f5es, salas, camaratas, antenas e viaturas, com impacto ainda n\u00e3o quantificado. O temporal provocou 18 mortes em Portugal, com diversas consequ\u00eancias materiais e a suspens\u00e3o da situa\u00e7\u00e3o de calamidade que abrangia os 68 concelhos mais afetados at\u00e9 15 de fevereiro.","og_url":"https:\/\/portaltela.pt\/noticias\/2026\/02\/23\/autarquias-devem-reportar-prejuizos-do-mau-tempo-nos-quarteis-de-bombeiros\/","og_site_name":"Portal Tela Portugal","article_published_time":"2026-02-23T18:53:30+00:00","author":"Telinha","twitter_card":"summary_large_image","twitter_misc":{"Escrito por":"Telinha","Tempo estimado de leitura":"2 minutos"},"schema":{"@context":"https:\/\/schema.org","@graph":[{"@type":"Article","@id":"https:\/\/portaltela.pt\/noticias\/2026\/02\/23\/autarquias-devem-reportar-prejuizos-do-mau-tempo-nos-quarteis-de-bombeiros\/#article","isPartOf":{"@id":"https:\/\/portaltela.pt\/noticias\/2026\/02\/23\/autarquias-devem-reportar-prejuizos-do-mau-tempo-nos-quarteis-de-bombeiros\/"},"author":{"name":"Telinha","@id":"https:\/\/portaltela.pt\/#\/schema\/person\/c4278d4a6028830caff9ee44b42d32ed"},"headline":"Autarquias devem reportar preju\u00edzos do mau tempo nos quart\u00e9is de bombeiros","datePublished":"2026-02-23T18:53:30+00:00","mainEntityOfPage":{"@id":"https:\/\/portaltela.pt\/noticias\/2026\/02\/23\/autarquias-devem-reportar-prejuizos-do-mau-tempo-nos-quarteis-de-bombeiros\/"},"wordCount":317,"image":{"@id":"https:\/\/portaltela.pt\/noticias\/2026\/02\/23\/autarquias-devem-reportar-prejuizos-do-mau-tempo-nos-quarteis-de-bombeiros\/#primaryimage"},"thumbnailUrl":"https:\/\/portaltela.pt\/s.01k8rhncp4jt1\/2026\/02\/img_1500x1000uu2026-02-09-15-35-06-2265901-im-639062485913172681-1.jpg","keywords":["bombeiros","cat\u00e1strofes naturais","infraestrutura","Leiria","Pedr\u00f3g\u00e3o Grande","Regi\u00e3o Centro"],"articleSection":["Not\u00edcias"],"inLanguage":"pt-PT"},{"@type":"WebPage","@id":"https:\/\/portaltela.pt\/noticias\/2026\/02\/23\/autarquias-devem-reportar-prejuizos-do-mau-tempo-nos-quarteis-de-bombeiros\/","url":"https:\/\/portaltela.pt\/noticias\/2026\/02\/23\/autarquias-devem-reportar-prejuizos-do-mau-tempo-nos-quarteis-de-bombeiros\/","name":"Autarquias devem reportar preju\u00edzos do mau tempo nos quart\u00e9is de bombeiros - Portal Tela Portugal","isPartOf":{"@id":"https:\/\/portaltela.pt\/#website"},"primaryImageOfPage":{"@id":"https:\/\/portaltela.pt\/noticias\/2026\/02\/23\/autarquias-devem-reportar-prejuizos-do-mau-tempo-nos-quarteis-de-bombeiros\/#primaryimage"},"image":{"@id":"https:\/\/portaltela.pt\/noticias\/2026\/02\/23\/autarquias-devem-reportar-prejuizos-do-mau-tempo-nos-quarteis-de-bombeiros\/#primaryimage"},"thumbnailUrl":"https:\/\/portaltela.pt\/s.01k8rhncp4jt1\/2026\/02\/img_1500x1000uu2026-02-09-15-35-06-2265901-im-639062485913172681-1.jpg","datePublished":"2026-02-23T18:53:30+00:00","author":{"@id":"https:\/\/portaltela.pt\/#\/schema\/person\/c4278d4a6028830caff9ee44b42d32ed"},"breadcrumb":{"@id":"https:\/\/portaltela.pt\/noticias\/2026\/02\/23\/autarquias-devem-reportar-prejuizos-do-mau-tempo-nos-quarteis-de-bombeiros\/#breadcrumb"},"inLanguage":"pt-PT","potentialAction":[{"@type":"ReadAction","target":["https:\/\/portaltela.pt\/noticias\/2026\/02\/23\/autarquias-devem-reportar-prejuizos-do-mau-tempo-nos-quarteis-de-bombeiros\/"]}]},{"@type":"ImageObject","inLanguage":"pt-PT","@id":"https:\/\/portaltela.pt\/noticias\/2026\/02\/23\/autarquias-devem-reportar-prejuizos-do-mau-tempo-nos-quarteis-de-bombeiros\/#primaryimage","url":"https:\/\/portaltela.pt\/s.01k8rhncp4jt1\/2026\/02\/img_1500x1000uu2026-02-09-15-35-06-2265901-im-639062485913172681-1.jpg","contentUrl":"https:\/\/portaltela.pt\/s.01k8rhncp4jt1\/2026\/02\/img_1500x1000uu2026-02-09-15-35-06-2265901-im-639062485913172681-1.jpg","width":796,"height":448,"caption":"Imagens mostram danos causados pelo mau tempo em habita\u00e7\u00e3o no Cartaxo"},{"@type":"BreadcrumbList","@id":"https:\/\/portaltela.pt\/noticias\/2026\/02\/23\/autarquias-devem-reportar-prejuizos-do-mau-tempo-nos-quarteis-de-bombeiros\/#breadcrumb","itemListElement":[{"@type":"ListItem","position":1,"name":"In\u00edcio","item":"https:\/\/portaltela.pt\/"},{"@type":"ListItem","position":2,"name":"Autarquias devem reportar preju\u00edzos do mau tempo nos quart\u00e9is de bombeiros"}]},{"@type":"WebSite","@id":"https:\/\/portaltela.pt\/#website","url":"https:\/\/portaltela.pt\/","name":"Portal Tela Portugal","description":"","potentialAction":[{"@type":"SearchAction","target":{"@type":"EntryPoint","urlTemplate":"https:\/\/portaltela.pt\/?s={search_term_string}"},"query-input":{"@type":"PropertyValueSpecification","valueRequired":true,"valueName":"search_term_string"}}],"inLanguage":"pt-PT"},{"@type":"Person","@id":"https:\/\/portaltela.pt\/#\/schema\/person\/c4278d4a6028830caff9ee44b42d32ed","name":"Telinha","image":{"@type":"ImageObject","inLanguage":"pt-PT","@id":"https:\/\/portaltela.pt\/s.01k8rhncp4jt1\/2025\/11\/talking-bot-125x125.png","url":"https:\/\/portaltela.pt\/s.01k8rhncp4jt1\/2025\/11\/talking-bot-125x125.png","contentUrl":"https:\/\/portaltela.pt\/s.01k8rhncp4jt1\/2025\/11\/talking-bot-125x125.png","caption":"Telinha"},"sameAs":["https:\/\/portaltela.pt\/"],"url":"https:\/\/portaltela.pt\/por\/367410592786\/"}]}},"_links":{"self":[{"href":"https:\/\/portaltela.pt\/api\/wp\/v2\/posts\/223264","targetHints":{"allow":["GET"]}}],"collection":[{"href":"https:\/\/portaltela.pt\/api\/wp\/v2\/posts"}],"about":[{"href":"https:\/\/portaltela.pt\/api\/wp\/v2\/types\/post"}],"author":[{"embeddable":true,"href":"https:\/\/portaltela.pt\/api\/wp\/v2\/users\/2"}],"replies":[{"embeddable":true,"href":"https:\/\/portaltela.pt\/api\/wp\/v2\/comments?post=223264"}],"version-history":[{"count":0,"href":"https:\/\/portaltela.pt\/api\/wp\/v2\/posts\/223264\/revisions"}],"wp:featuredmedia":[{"embeddable":true,"href":"https:\/\/portaltela.pt\/api\/wp\/v2\/media\/223272"}],"wp:attachment":[{"href":"https:\/\/portaltela.pt\/api\/wp\/v2\/media?parent=223264"}],"wp:term":[{"taxonomy":"category","embeddable":true,"href":"https:\/\/portaltela.pt\/api\/wp\/v2\/categories?post=223264"},{"taxonomy":"post_tag","embeddable":true,"href":"https:\/\/portaltela.pt\/api\/wp\/v2\/tags?post=223264"}],"curies":[{"name":"wp","href":"https:\/\/api.w.org\/{rel}","templated":true}]}}