{"id":223252,"date":"2026-02-23T15:48:49","date_gmt":"2026-02-23T18:48:49","guid":{"rendered":"https:\/\/portaltela.pt\/noticias\/2026\/02\/23\/vasco-moreira-e-marezi-em-duvida-para-a-visita-a-guimaraes\/"},"modified":"2026-02-23T15:48:49","modified_gmt":"2026-02-23T18:48:49","slug":"vasco-moreira-e-marezi-em-duvida-para-a-visita-a-guimaraes","status":"publish","type":"post","link":"https:\/\/portaltela.pt\/desporto\/futebol\/2026\/02\/23\/vasco-moreira-e-marezi-em-duvida-para-a-visita-a-guimaraes\/","title":{"rendered":"Vasco Moreira e Marezi em d\u00favida para a visita a Guimar\u00e3es"},"content":{"rendered":"<p>Vasco Moreira e Marezi aparecem em d\u00favida para a desloca\u00e7\u00e3o a Guimar\u00e3es, devido a les\u00f5es que os levaram a sair mais cedo do encontro com o Santa Clara. A decis\u00e3o depende da evolu\u00e7\u00e3o f\u00edsica ao longo da semana.<\/p>\n<p>Diogo Spencer e Isaac James terminaram o jogo com problemas f\u00edsicos, mas n\u00e3o inspiram cuidados graves e dever\u00e3o recuperar-se. A equipa acompanha a evolu\u00e7\u00e3o dos dois atletas.<\/p>\n<p>Cust\u00f3dio Castro j\u00e1 pode contar com Nabil Touaizi e Bastien Meypiyou, que regressam ap\u00f3s cumprir castigo. Os ribatejanos realizaram ontem um treino de recupera\u00e7\u00e3o, mantendo-se em Palmela para proteger o relvado do Complexo Desportivo.<\/p>\n<h3>Estado cl\u00ednico e prepara\u00e7\u00e3o<\/h3>\n<p>Vasco Moreira e Marezi mant\u00eam-se sob avalia\u00e7\u00e3o, com previs\u00e3o de evolu\u00e7\u00e3o at\u00e9 ao jogo frente ao V. Guimar\u00e3es. A equipa t\u00e9cnica acompanhar\u00e1 sinais de melhoria para confirmar a disponibilidade.<\/p>\n<p>Touaizi e Meypiyou refor\u00e7am as op\u00e7\u00f5es do plantel, com recupera\u00e7\u00e3o completa prevista para os pr\u00f3ximos dias. O treino de ontem incluiu trabalho de recupera\u00e7\u00e3o e estrat\u00e9gia, sem altera\u00e7\u00f5es no planeamento para a viagem.<\/p>\n","protected":false},"excerpt":{"rendered":"<ul>\n<li>Vasco Moreira e Marezi s\u00e3o d\u00favidas para a desloca\u00e7\u00e3o a Guimar\u00e3es, ap\u00f3s terem sido substitu\u00eddos frente ao Santa Clara por les\u00e3o.<\/li>\n<li>A disponibilidade deles depender\u00e1 da evolu\u00e7\u00e3o f\u00edsica durante a semana.<\/li>\n<li>Diogo Spencer e Isaac James terminaram o jogo com problemas f\u00edsicos, mas n\u00e3o inspiram grandes cuidados e est\u00e3o recuper\u00e1veis.<\/li>\n<li>Cust\u00f3dio Castro j\u00e1 pode contar com Nabil Touaizi e Bastien Meypiyou, que regressam ap\u00f3s cumprirem castigo.<\/li>\n<li>Os ribatejanos realizaram ontem um ligeiro treino de recupera\u00e7\u00e3o e continuam a trabalhar em Palmela para proteger a relva do Complexo Desportivo.<\/li>\n<\/ul>\n","protected":false},"author":2,"featured_media":223254,"comment_status":"closed","ping_status":"closed","sticky":false,"template":"","format":"standard","meta":{"footnotes":""},"categories":[21,24],"tags":[5748,32,242,2538,1731,5393],"class_list":["post-223252","post","type-post","status-publish","format-standard","has-post-thumbnail","hentry","category-desporto","category-futebol","tag-castigos","tag-futebol","tag-jogadores","tag-lesoes","tag-treino","tag-v-guimaraes"],"yoast_head":"<!-- This site is optimized with the Yoast SEO plugin v27.2 - https:\/\/yoast.com\/product\/yoast-seo-wordpress\/ -->\n<title>Vasco Moreira e Marezi em d\u00favida para a visita a Guimar\u00e3es - Portal Tela Portugal<\/title>\n<meta name=\"robots\" content=\"index, follow, max-snippet:-1, max-image-preview:large, max-video-preview:-1\" \/>\n<meta property=\"og:locale\" content=\"pt_PT\" \/>\n<meta property=\"og:type\" content=\"article\" \/>\n<meta property=\"og:title\" content=\"Vasco Moreira e Marezi em d\u00favida para a visita a Guimar\u00e3es - Portal Tela Portugal\" \/>\n<meta property=\"og:description\" content=\"Vasco Moreira e Marezi s\u00e3o d\u00favidas para a desloca\u00e7\u00e3o a Guimar\u00e3es, ap\u00f3s terem sido substitu\u00eddos frente ao Santa Clara por les\u00e3o. A disponibilidade deles depender\u00e1 da evolu\u00e7\u00e3o f\u00edsica durante a semana. Diogo Spencer e Isaac James terminaram o jogo com problemas f\u00edsicos, mas n\u00e3o inspiram grandes cuidados e est\u00e3o recuper\u00e1veis. Cust\u00f3dio Castro j\u00e1 pode contar com Nabil Touaizi e Bastien Meypiyou, que regressam ap\u00f3s cumprirem castigo. Os ribatejanos realizaram ontem um ligeiro treino de recupera\u00e7\u00e3o e continuam a trabalhar em Palmela para proteger a relva do Complexo Desportivo.\" \/>\n<meta property=\"og:url\" content=\"https:\/\/portaltela.pt\/noticias\/2026\/02\/23\/vasco-moreira-e-marezi-em-duvida-para-a-visita-a-guimaraes\/\" \/>\n<meta property=\"og:site_name\" content=\"Portal Tela Portugal\" \/>\n<meta property=\"article:published_time\" content=\"2026-02-23T18:48:49+00:00\" \/>\n<meta name=\"author\" content=\"Telinha\" \/>\n<meta name=\"twitter:card\" content=\"summary_large_image\" \/>\n<meta name=\"twitter:label1\" content=\"Escrito por\" \/>\n\t<meta name=\"twitter:data1\" content=\"Telinha\" \/>\n\t<meta name=\"twitter:label2\" content=\"Tempo estimado de leitura\" \/>\n\t<meta name=\"twitter:data2\" content=\"1 minuto\" \/>\n<script type=\"application\/ld+json\" class=\"yoast-schema-graph\">{\"@context\":\"https:\/\/schema.org\",\"@graph\":[{\"@type\":\"Article\",\"@id\":\"https:\/\/portaltela.pt\/noticias\/2026\/02\/23\/vasco-moreira-e-marezi-em-duvida-para-a-visita-a-guimaraes\/#article\",\"isPartOf\":{\"@id\":\"https:\/\/portaltela.pt\/noticias\/2026\/02\/23\/vasco-moreira-e-marezi-em-duvida-para-a-visita-a-guimaraes\/\"},\"author\":{\"name\":\"Telinha\",\"@id\":\"https:\/\/portaltela.pt\/#\/schema\/person\/c4278d4a6028830caff9ee44b42d32ed\"},\"headline\":\"Vasco Moreira e Marezi em d\u00favida para a visita a Guimar\u00e3es\",\"datePublished\":\"2026-02-23T18:48:49+00:00\",\"mainEntityOfPage\":{\"@id\":\"https:\/\/portaltela.pt\/noticias\/2026\/02\/23\/vasco-moreira-e-marezi-em-duvida-para-a-visita-a-guimaraes\/\"},\"wordCount\":207,\"image\":{\"@id\":\"https:\/\/portaltela.pt\/noticias\/2026\/02\/23\/vasco-moreira-e-marezi-em-duvida-para-a-visita-a-guimaraes\/#primaryimage\"},\"thumbnailUrl\":\"https:\/\/portaltela.pt\/s.01k8rhncp4jt1\/2026\/02\/img_920x518uu2026-02-21-17-31-43-2422914.jpg\",\"keywords\":[\"castigos\",\"futebol\",\"jogadores\",\"les\u00f5es\",\"treino\",\"V. Guimar\u00e3es\"],\"articleSection\":[\"Desporto\",\"Futebol\"],\"inLanguage\":\"pt-PT\"},{\"@type\":\"WebPage\",\"@id\":\"https:\/\/portaltela.pt\/noticias\/2026\/02\/23\/vasco-moreira-e-marezi-em-duvida-para-a-visita-a-guimaraes\/\",\"url\":\"https:\/\/portaltela.pt\/noticias\/2026\/02\/23\/vasco-moreira-e-marezi-em-duvida-para-a-visita-a-guimaraes\/\",\"name\":\"Vasco Moreira e Marezi em d\u00favida para a visita a Guimar\u00e3es - Portal Tela Portugal\",\"isPartOf\":{\"@id\":\"https:\/\/portaltela.pt\/#website\"},\"primaryImageOfPage\":{\"@id\":\"https:\/\/portaltela.pt\/noticias\/2026\/02\/23\/vasco-moreira-e-marezi-em-duvida-para-a-visita-a-guimaraes\/#primaryimage\"},\"image\":{\"@id\":\"https:\/\/portaltela.pt\/noticias\/2026\/02\/23\/vasco-moreira-e-marezi-em-duvida-para-a-visita-a-guimaraes\/#primaryimage\"},\"thumbnailUrl\":\"https:\/\/portaltela.pt\/s.01k8rhncp4jt1\/2026\/02\/img_920x518uu2026-02-21-17-31-43-2422914.jpg\",\"datePublished\":\"2026-02-23T18:48:49+00:00\",\"author\":{\"@id\":\"https:\/\/portaltela.pt\/#\/schema\/person\/c4278d4a6028830caff9ee44b42d32ed\"},\"breadcrumb\":{\"@id\":\"https:\/\/portaltela.pt\/noticias\/2026\/02\/23\/vasco-moreira-e-marezi-em-duvida-para-a-visita-a-guimaraes\/#breadcrumb\"},\"inLanguage\":\"pt-PT\",\"potentialAction\":[{\"@type\":\"ReadAction\",\"target\":[\"https:\/\/portaltela.pt\/noticias\/2026\/02\/23\/vasco-moreira-e-marezi-em-duvida-para-a-visita-a-guimaraes\/\"]}]},{\"@type\":\"ImageObject\",\"inLanguage\":\"pt-PT\",\"@id\":\"https:\/\/portaltela.pt\/noticias\/2026\/02\/23\/vasco-moreira-e-marezi-em-duvida-para-a-visita-a-guimaraes\/#primaryimage\",\"url\":\"https:\/\/portaltela.pt\/s.01k8rhncp4jt1\/2026\/02\/img_920x518uu2026-02-21-17-31-43-2422914.jpg\",\"contentUrl\":\"https:\/\/portaltela.pt\/s.01k8rhncp4jt1\/2026\/02\/img_920x518uu2026-02-21-17-31-43-2422914.jpg\",\"width\":796,\"height\":448,\"caption\":\"Marezi e Ven\u00e2ncio disputam a bola durante o Alverca-Santa Clara\"},{\"@type\":\"BreadcrumbList\",\"@id\":\"https:\/\/portaltela.pt\/noticias\/2026\/02\/23\/vasco-moreira-e-marezi-em-duvida-para-a-visita-a-guimaraes\/#breadcrumb\",\"itemListElement\":[{\"@type\":\"ListItem\",\"position\":1,\"name\":\"In\u00edcio\",\"item\":\"https:\/\/portaltela.pt\/\"},{\"@type\":\"ListItem\",\"position\":2,\"name\":\"Vasco Moreira e Marezi em d\u00favida para a visita a Guimar\u00e3es\"}]},{\"@type\":\"WebSite\",\"@id\":\"https:\/\/portaltela.pt\/#website\",\"url\":\"https:\/\/portaltela.pt\/\",\"name\":\"Portal Tela Portugal\",\"description\":\"\",\"potentialAction\":[{\"@type\":\"SearchAction\",\"target\":{\"@type\":\"EntryPoint\",\"urlTemplate\":\"https:\/\/portaltela.pt\/?s={search_term_string}\"},\"query-input\":{\"@type\":\"PropertyValueSpecification\",\"valueRequired\":true,\"valueName\":\"search_term_string\"}}],\"inLanguage\":\"pt-PT\"},{\"@type\":\"Person\",\"@id\":\"https:\/\/portaltela.pt\/#\/schema\/person\/c4278d4a6028830caff9ee44b42d32ed\",\"name\":\"Telinha\",\"image\":{\"@type\":\"ImageObject\",\"inLanguage\":\"pt-PT\",\"@id\":\"https:\/\/portaltela.pt\/s.01k8rhncp4jt1\/2025\/11\/talking-bot-125x125.png\",\"url\":\"https:\/\/portaltela.pt\/s.01k8rhncp4jt1\/2025\/11\/talking-bot-125x125.png\",\"contentUrl\":\"https:\/\/portaltela.pt\/s.01k8rhncp4jt1\/2025\/11\/talking-bot-125x125.png\",\"caption\":\"Telinha\"},\"sameAs\":[\"https:\/\/portaltela.pt\/\"],\"url\":\"https:\/\/portaltela.pt\/por\/367410592786\/\"}]}<\/script>\n<!-- \/ Yoast SEO plugin. -->","yoast_head_json":{"title":"Vasco Moreira e Marezi em d\u00favida para a visita a Guimar\u00e3es - Portal Tela Portugal","robots":{"index":"index","follow":"follow","max-snippet":"max-snippet:-1","max-image-preview":"max-image-preview:large","max-video-preview":"max-video-preview:-1"},"og_locale":"pt_PT","og_type":"article","og_title":"Vasco Moreira e Marezi em d\u00favida para a visita a Guimar\u00e3es - Portal Tela Portugal","og_description":"Vasco Moreira e Marezi s\u00e3o d\u00favidas para a desloca\u00e7\u00e3o a Guimar\u00e3es, ap\u00f3s terem sido substitu\u00eddos frente ao Santa Clara por les\u00e3o. A disponibilidade deles depender\u00e1 da evolu\u00e7\u00e3o f\u00edsica durante a semana. Diogo Spencer e Isaac James terminaram o jogo com problemas f\u00edsicos, mas n\u00e3o inspiram grandes cuidados e est\u00e3o recuper\u00e1veis. Cust\u00f3dio Castro j\u00e1 pode contar com Nabil Touaizi e Bastien Meypiyou, que regressam ap\u00f3s cumprirem castigo. Os ribatejanos realizaram ontem um ligeiro treino de recupera\u00e7\u00e3o e continuam a trabalhar em Palmela para proteger a relva do Complexo Desportivo.","og_url":"https:\/\/portaltela.pt\/noticias\/2026\/02\/23\/vasco-moreira-e-marezi-em-duvida-para-a-visita-a-guimaraes\/","og_site_name":"Portal Tela Portugal","article_published_time":"2026-02-23T18:48:49+00:00","author":"Telinha","twitter_card":"summary_large_image","twitter_misc":{"Escrito por":"Telinha","Tempo estimado de leitura":"1 minuto"},"schema":{"@context":"https:\/\/schema.org","@graph":[{"@type":"Article","@id":"https:\/\/portaltela.pt\/noticias\/2026\/02\/23\/vasco-moreira-e-marezi-em-duvida-para-a-visita-a-guimaraes\/#article","isPartOf":{"@id":"https:\/\/portaltela.pt\/noticias\/2026\/02\/23\/vasco-moreira-e-marezi-em-duvida-para-a-visita-a-guimaraes\/"},"author":{"name":"Telinha","@id":"https:\/\/portaltela.pt\/#\/schema\/person\/c4278d4a6028830caff9ee44b42d32ed"},"headline":"Vasco Moreira e Marezi em d\u00favida para a visita a Guimar\u00e3es","datePublished":"2026-02-23T18:48:49+00:00","mainEntityOfPage":{"@id":"https:\/\/portaltela.pt\/noticias\/2026\/02\/23\/vasco-moreira-e-marezi-em-duvida-para-a-visita-a-guimaraes\/"},"wordCount":207,"image":{"@id":"https:\/\/portaltela.pt\/noticias\/2026\/02\/23\/vasco-moreira-e-marezi-em-duvida-para-a-visita-a-guimaraes\/#primaryimage"},"thumbnailUrl":"https:\/\/portaltela.pt\/s.01k8rhncp4jt1\/2026\/02\/img_920x518uu2026-02-21-17-31-43-2422914.jpg","keywords":["castigos","futebol","jogadores","les\u00f5es","treino","V. Guimar\u00e3es"],"articleSection":["Desporto","Futebol"],"inLanguage":"pt-PT"},{"@type":"WebPage","@id":"https:\/\/portaltela.pt\/noticias\/2026\/02\/23\/vasco-moreira-e-marezi-em-duvida-para-a-visita-a-guimaraes\/","url":"https:\/\/portaltela.pt\/noticias\/2026\/02\/23\/vasco-moreira-e-marezi-em-duvida-para-a-visita-a-guimaraes\/","name":"Vasco Moreira e Marezi em d\u00favida para a visita a Guimar\u00e3es - Portal Tela Portugal","isPartOf":{"@id":"https:\/\/portaltela.pt\/#website"},"primaryImageOfPage":{"@id":"https:\/\/portaltela.pt\/noticias\/2026\/02\/23\/vasco-moreira-e-marezi-em-duvida-para-a-visita-a-guimaraes\/#primaryimage"},"image":{"@id":"https:\/\/portaltela.pt\/noticias\/2026\/02\/23\/vasco-moreira-e-marezi-em-duvida-para-a-visita-a-guimaraes\/#primaryimage"},"thumbnailUrl":"https:\/\/portaltela.pt\/s.01k8rhncp4jt1\/2026\/02\/img_920x518uu2026-02-21-17-31-43-2422914.jpg","datePublished":"2026-02-23T18:48:49+00:00","author":{"@id":"https:\/\/portaltela.pt\/#\/schema\/person\/c4278d4a6028830caff9ee44b42d32ed"},"breadcrumb":{"@id":"https:\/\/portaltela.pt\/noticias\/2026\/02\/23\/vasco-moreira-e-marezi-em-duvida-para-a-visita-a-guimaraes\/#breadcrumb"},"inLanguage":"pt-PT","potentialAction":[{"@type":"ReadAction","target":["https:\/\/portaltela.pt\/noticias\/2026\/02\/23\/vasco-moreira-e-marezi-em-duvida-para-a-visita-a-guimaraes\/"]}]},{"@type":"ImageObject","inLanguage":"pt-PT","@id":"https:\/\/portaltela.pt\/noticias\/2026\/02\/23\/vasco-moreira-e-marezi-em-duvida-para-a-visita-a-guimaraes\/#primaryimage","url":"https:\/\/portaltela.pt\/s.01k8rhncp4jt1\/2026\/02\/img_920x518uu2026-02-21-17-31-43-2422914.jpg","contentUrl":"https:\/\/portaltela.pt\/s.01k8rhncp4jt1\/2026\/02\/img_920x518uu2026-02-21-17-31-43-2422914.jpg","width":796,"height":448,"caption":"Marezi e Ven\u00e2ncio disputam a bola durante o Alverca-Santa Clara"},{"@type":"BreadcrumbList","@id":"https:\/\/portaltela.pt\/noticias\/2026\/02\/23\/vasco-moreira-e-marezi-em-duvida-para-a-visita-a-guimaraes\/#breadcrumb","itemListElement":[{"@type":"ListItem","position":1,"name":"In\u00edcio","item":"https:\/\/portaltela.pt\/"},{"@type":"ListItem","position":2,"name":"Vasco Moreira e Marezi em d\u00favida para a visita a Guimar\u00e3es"}]},{"@type":"WebSite","@id":"https:\/\/portaltela.pt\/#website","url":"https:\/\/portaltela.pt\/","name":"Portal Tela Portugal","description":"","potentialAction":[{"@type":"SearchAction","target":{"@type":"EntryPoint","urlTemplate":"https:\/\/portaltela.pt\/?s={search_term_string}"},"query-input":{"@type":"PropertyValueSpecification","valueRequired":true,"valueName":"search_term_string"}}],"inLanguage":"pt-PT"},{"@type":"Person","@id":"https:\/\/portaltela.pt\/#\/schema\/person\/c4278d4a6028830caff9ee44b42d32ed","name":"Telinha","image":{"@type":"ImageObject","inLanguage":"pt-PT","@id":"https:\/\/portaltela.pt\/s.01k8rhncp4jt1\/2025\/11\/talking-bot-125x125.png","url":"https:\/\/portaltela.pt\/s.01k8rhncp4jt1\/2025\/11\/talking-bot-125x125.png","contentUrl":"https:\/\/portaltela.pt\/s.01k8rhncp4jt1\/2025\/11\/talking-bot-125x125.png","caption":"Telinha"},"sameAs":["https:\/\/portaltela.pt\/"],"url":"https:\/\/portaltela.pt\/por\/367410592786\/"}]}},"_links":{"self":[{"href":"https:\/\/portaltela.pt\/api\/wp\/v2\/posts\/223252","targetHints":{"allow":["GET"]}}],"collection":[{"href":"https:\/\/portaltela.pt\/api\/wp\/v2\/posts"}],"about":[{"href":"https:\/\/portaltela.pt\/api\/wp\/v2\/types\/post"}],"author":[{"embeddable":true,"href":"https:\/\/portaltela.pt\/api\/wp\/v2\/users\/2"}],"replies":[{"embeddable":true,"href":"https:\/\/portaltela.pt\/api\/wp\/v2\/comments?post=223252"}],"version-history":[{"count":0,"href":"https:\/\/portaltela.pt\/api\/wp\/v2\/posts\/223252\/revisions"}],"wp:featuredmedia":[{"embeddable":true,"href":"https:\/\/portaltela.pt\/api\/wp\/v2\/media\/223254"}],"wp:attachment":[{"href":"https:\/\/portaltela.pt\/api\/wp\/v2\/media?parent=223252"}],"wp:term":[{"taxonomy":"category","embeddable":true,"href":"https:\/\/portaltela.pt\/api\/wp\/v2\/categories?post=223252"},{"taxonomy":"post_tag","embeddable":true,"href":"https:\/\/portaltela.pt\/api\/wp\/v2\/tags?post=223252"}],"curies":[{"name":"wp","href":"https:\/\/api.w.org\/{rel}","templated":true}]}}