{"id":223249,"date":"2026-02-23T15:58:05","date_gmt":"2026-02-23T18:58:05","guid":{"rendered":"https:\/\/portaltela.pt\/noticias\/2026\/02\/23\/paulo-battista-comenta-aceitacao-familiar-de-luiza-na-relacao-com-moura-caetano\/"},"modified":"2026-02-23T15:58:05","modified_gmt":"2026-02-23T18:58:05","slug":"paulo-battista-comenta-aceitacao-familiar-de-luiza-na-relacao-com-moura-caetano","status":"publish","type":"post","link":"https:\/\/portaltela.pt\/noticias\/2026\/02\/23\/paulo-battista-comenta-aceitacao-familiar-de-luiza-na-relacao-com-moura-caetano\/","title":{"rendered":"Paulo Battista comenta aceita\u00e7\u00e3o familiar de Lu\u00edza na rela\u00e7\u00e3o com Moura Caetano"},"content":{"rendered":"<p>O comentador Paulo Battista, da Tarde das Estrelas, mencionou que a rela\u00e7\u00e3o entre Moura Caetano e Lu\u00edza Abreu pode ter contado com o aceno da fam\u00edlia. A afirma\u00e7\u00e3o foi feita numa leitura da situa\u00e7\u00e3o atual do casal, sem detalhar fontes adicionais.<\/p>\n<p>Battista afirmou ainda que \u00e9 plaus\u00edvel que os pais do cavaleiro tenham dado conselhos ao casal, influenciando a aceita\u00e7\u00e3o familiar da rela\u00e7\u00e3o. A declara\u00e7\u00e3o ocorre no contexto de \u043e\u0431\u0441serva\u00e7\u00e3o p\u00fablica sobre o tema.<\/p>\n<h3>Envolvidos<\/h3>\n<ul>\n<li>Moura Caetano e Lu\u00edza Abreu s\u00e3o o foco da an\u00e1lise do comentador, que liga a aceita\u00e7\u00e3o da rela\u00e7\u00e3o \u00e0 atua\u00e7\u00e3o dos pais do cavaleiro.<\/li>\n<li>O espa\u00e7o de coment\u00e1rios envolve a emissora Tarde das Estrelas, sem especificar novas informa\u00e7\u00f5es oficiais sobre o casal.<\/li>\n<\/ul>\n","protected":false},"excerpt":{"rendered":"<ul>\n<li>Paulo Battista, comentador da Tarde das Estrelas, comenta sobre a rela\u00e7\u00e3o entre Moura Caetano e Lu\u00edza Abreu.<\/li>\n<li>Acredita que Lu\u00edza tenha sido aceite pela fam\u00edlia do cavaleiro.<\/li>\n<li>O comentador sugere que os pais de Moura Caetano tenham dado conselhos ao casal.<\/li>\n<li>A not\u00edcia n\u00e3o inclui detalhes adicionais ou datas espec\u00edficas.<\/li>\n<\/ul>\n","protected":false},"author":2,"featured_media":223253,"comment_status":"closed","ping_status":"closed","sticky":false,"template":"","format":"standard","meta":{"footnotes":""},"categories":[12,1],"tags":[5494,76,64,5563,5661,2318],"class_list":["post-223249","post","type-post","status-publish","format-standard","has-post-thumbnail","hentry","category-entretenimento","category-noticias","tag-casais","tag-celebridades","tag-familia","tag-informacao-publica","tag-pessoas-publicas","tag-sociedade"],"yoast_head":"<!-- This site is optimized with the Yoast SEO plugin v27.2 - https:\/\/yoast.com\/product\/yoast-seo-wordpress\/ -->\n<title>Paulo Battista comenta aceita\u00e7\u00e3o familiar de Lu\u00edza na rela\u00e7\u00e3o com Moura Caetano - Portal Tela Portugal<\/title>\n<meta name=\"robots\" content=\"index, follow, max-snippet:-1, max-image-preview:large, max-video-preview:-1\" \/>\n<meta property=\"og:locale\" content=\"pt_PT\" \/>\n<meta property=\"og:type\" content=\"article\" \/>\n<meta property=\"og:title\" content=\"Paulo Battista comenta aceita\u00e7\u00e3o familiar de Lu\u00edza na rela\u00e7\u00e3o com Moura Caetano - Portal Tela Portugal\" \/>\n<meta property=\"og:description\" content=\"Paulo Battista, comentador da Tarde das Estrelas, comenta sobre a rela\u00e7\u00e3o entre Moura Caetano e Lu\u00edza Abreu. Acredita que Lu\u00edza tenha sido aceite pela fam\u00edlia do cavaleiro. O comentador sugere que os pais de Moura Caetano tenham dado conselhos ao casal. A not\u00edcia n\u00e3o inclui detalhes adicionais ou datas espec\u00edficas.\" \/>\n<meta property=\"og:url\" content=\"https:\/\/portaltela.pt\/noticias\/2026\/02\/23\/paulo-battista-comenta-aceitacao-familiar-de-luiza-na-relacao-com-moura-caetano\/\" \/>\n<meta property=\"og:site_name\" content=\"Portal Tela Portugal\" \/>\n<meta property=\"article:published_time\" content=\"2026-02-23T18:58:05+00:00\" \/>\n<meta name=\"author\" content=\"Telinha\" \/>\n<meta name=\"twitter:card\" content=\"summary_large_image\" \/>\n<meta name=\"twitter:label1\" content=\"Escrito por\" \/>\n\t<meta name=\"twitter:data1\" content=\"Telinha\" \/>\n\t<meta name=\"twitter:label2\" content=\"Tempo estimado de leitura\" \/>\n\t<meta name=\"twitter:data2\" content=\"1 minuto\" \/>\n<script type=\"application\/ld+json\" class=\"yoast-schema-graph\">{\"@context\":\"https:\/\/schema.org\",\"@graph\":[{\"@type\":\"Article\",\"@id\":\"https:\/\/portaltela.pt\/noticias\/2026\/02\/23\/paulo-battista-comenta-aceitacao-familiar-de-luiza-na-relacao-com-moura-caetano\/#article\",\"isPartOf\":{\"@id\":\"https:\/\/portaltela.pt\/noticias\/2026\/02\/23\/paulo-battista-comenta-aceitacao-familiar-de-luiza-na-relacao-com-moura-caetano\/\"},\"author\":{\"name\":\"Telinha\",\"@id\":\"https:\/\/portaltela.pt\/#\/schema\/person\/c4278d4a6028830caff9ee44b42d32ed\"},\"headline\":\"Paulo Battista comenta aceita\u00e7\u00e3o familiar de Lu\u00edza na rela\u00e7\u00e3o com Moura Caetano\",\"datePublished\":\"2026-02-23T18:58:05+00:00\",\"mainEntityOfPage\":{\"@id\":\"https:\/\/portaltela.pt\/noticias\/2026\/02\/23\/paulo-battista-comenta-aceitacao-familiar-de-luiza-na-relacao-com-moura-caetano\/\"},\"wordCount\":150,\"image\":{\"@id\":\"https:\/\/portaltela.pt\/noticias\/2026\/02\/23\/paulo-battista-comenta-aceitacao-familiar-de-luiza-na-relacao-com-moura-caetano\/#primaryimage\"},\"thumbnailUrl\":\"https:\/\/portaltela.pt\/s.01k8rhncp4jt1\/2026\/02\/img_1280x722uu2026-02-23-18-57-32-2268586.jpg\",\"keywords\":[\"casais\",\"celebridades\",\"fam\u00edlia\",\"informa\u00e7\u00e3o p\u00fablica\",\"pessoas p\u00fablicas\",\"sociedade\"],\"articleSection\":[\"Entretenimento\",\"Not\u00edcias\"],\"inLanguage\":\"pt-PT\"},{\"@type\":\"WebPage\",\"@id\":\"https:\/\/portaltela.pt\/noticias\/2026\/02\/23\/paulo-battista-comenta-aceitacao-familiar-de-luiza-na-relacao-com-moura-caetano\/\",\"url\":\"https:\/\/portaltela.pt\/noticias\/2026\/02\/23\/paulo-battista-comenta-aceitacao-familiar-de-luiza-na-relacao-com-moura-caetano\/\",\"name\":\"Paulo Battista comenta aceita\u00e7\u00e3o familiar de Lu\u00edza na rela\u00e7\u00e3o com Moura Caetano - Portal Tela Portugal\",\"isPartOf\":{\"@id\":\"https:\/\/portaltela.pt\/#website\"},\"primaryImageOfPage\":{\"@id\":\"https:\/\/portaltela.pt\/noticias\/2026\/02\/23\/paulo-battista-comenta-aceitacao-familiar-de-luiza-na-relacao-com-moura-caetano\/#primaryimage\"},\"image\":{\"@id\":\"https:\/\/portaltela.pt\/noticias\/2026\/02\/23\/paulo-battista-comenta-aceitacao-familiar-de-luiza-na-relacao-com-moura-caetano\/#primaryimage\"},\"thumbnailUrl\":\"https:\/\/portaltela.pt\/s.01k8rhncp4jt1\/2026\/02\/img_1280x722uu2026-02-23-18-57-32-2268586.jpg\",\"datePublished\":\"2026-02-23T18:58:05+00:00\",\"author\":{\"@id\":\"https:\/\/portaltela.pt\/#\/schema\/person\/c4278d4a6028830caff9ee44b42d32ed\"},\"breadcrumb\":{\"@id\":\"https:\/\/portaltela.pt\/noticias\/2026\/02\/23\/paulo-battista-comenta-aceitacao-familiar-de-luiza-na-relacao-com-moura-caetano\/#breadcrumb\"},\"inLanguage\":\"pt-PT\",\"potentialAction\":[{\"@type\":\"ReadAction\",\"target\":[\"https:\/\/portaltela.pt\/noticias\/2026\/02\/23\/paulo-battista-comenta-aceitacao-familiar-de-luiza-na-relacao-com-moura-caetano\/\"]}]},{\"@type\":\"ImageObject\",\"inLanguage\":\"pt-PT\",\"@id\":\"https:\/\/portaltela.pt\/noticias\/2026\/02\/23\/paulo-battista-comenta-aceitacao-familiar-de-luiza-na-relacao-com-moura-caetano\/#primaryimage\",\"url\":\"https:\/\/portaltela.pt\/s.01k8rhncp4jt1\/2026\/02\/img_1280x722uu2026-02-23-18-57-32-2268586.jpg\",\"contentUrl\":\"https:\/\/portaltela.pt\/s.01k8rhncp4jt1\/2026\/02\/img_1280x722uu2026-02-23-18-57-32-2268586.jpg\",\"width\":796,\"height\":448,\"caption\":\"Photo\"},{\"@type\":\"BreadcrumbList\",\"@id\":\"https:\/\/portaltela.pt\/noticias\/2026\/02\/23\/paulo-battista-comenta-aceitacao-familiar-de-luiza-na-relacao-com-moura-caetano\/#breadcrumb\",\"itemListElement\":[{\"@type\":\"ListItem\",\"position\":1,\"name\":\"In\u00edcio\",\"item\":\"https:\/\/portaltela.pt\/\"},{\"@type\":\"ListItem\",\"position\":2,\"name\":\"Paulo Battista comenta aceita\u00e7\u00e3o familiar de Lu\u00edza na rela\u00e7\u00e3o com Moura Caetano\"}]},{\"@type\":\"WebSite\",\"@id\":\"https:\/\/portaltela.pt\/#website\",\"url\":\"https:\/\/portaltela.pt\/\",\"name\":\"Portal Tela Portugal\",\"description\":\"\",\"potentialAction\":[{\"@type\":\"SearchAction\",\"target\":{\"@type\":\"EntryPoint\",\"urlTemplate\":\"https:\/\/portaltela.pt\/?s={search_term_string}\"},\"query-input\":{\"@type\":\"PropertyValueSpecification\",\"valueRequired\":true,\"valueName\":\"search_term_string\"}}],\"inLanguage\":\"pt-PT\"},{\"@type\":\"Person\",\"@id\":\"https:\/\/portaltela.pt\/#\/schema\/person\/c4278d4a6028830caff9ee44b42d32ed\",\"name\":\"Telinha\",\"image\":{\"@type\":\"ImageObject\",\"inLanguage\":\"pt-PT\",\"@id\":\"https:\/\/portaltela.pt\/s.01k8rhncp4jt1\/2025\/11\/talking-bot-125x125.png\",\"url\":\"https:\/\/portaltela.pt\/s.01k8rhncp4jt1\/2025\/11\/talking-bot-125x125.png\",\"contentUrl\":\"https:\/\/portaltela.pt\/s.01k8rhncp4jt1\/2025\/11\/talking-bot-125x125.png\",\"caption\":\"Telinha\"},\"sameAs\":[\"https:\/\/portaltela.pt\/\"],\"url\":\"https:\/\/portaltela.pt\/por\/367410592786\/\"}]}<\/script>\n<!-- \/ Yoast SEO plugin. -->","yoast_head_json":{"title":"Paulo Battista comenta aceita\u00e7\u00e3o familiar de Lu\u00edza na rela\u00e7\u00e3o com Moura Caetano - Portal Tela Portugal","robots":{"index":"index","follow":"follow","max-snippet":"max-snippet:-1","max-image-preview":"max-image-preview:large","max-video-preview":"max-video-preview:-1"},"og_locale":"pt_PT","og_type":"article","og_title":"Paulo Battista comenta aceita\u00e7\u00e3o familiar de Lu\u00edza na rela\u00e7\u00e3o com Moura Caetano - Portal Tela Portugal","og_description":"Paulo Battista, comentador da Tarde das Estrelas, comenta sobre a rela\u00e7\u00e3o entre Moura Caetano e Lu\u00edza Abreu. Acredita que Lu\u00edza tenha sido aceite pela fam\u00edlia do cavaleiro. O comentador sugere que os pais de Moura Caetano tenham dado conselhos ao casal. A not\u00edcia n\u00e3o inclui detalhes adicionais ou datas espec\u00edficas.","og_url":"https:\/\/portaltela.pt\/noticias\/2026\/02\/23\/paulo-battista-comenta-aceitacao-familiar-de-luiza-na-relacao-com-moura-caetano\/","og_site_name":"Portal Tela Portugal","article_published_time":"2026-02-23T18:58:05+00:00","author":"Telinha","twitter_card":"summary_large_image","twitter_misc":{"Escrito por":"Telinha","Tempo estimado de leitura":"1 minuto"},"schema":{"@context":"https:\/\/schema.org","@graph":[{"@type":"Article","@id":"https:\/\/portaltela.pt\/noticias\/2026\/02\/23\/paulo-battista-comenta-aceitacao-familiar-de-luiza-na-relacao-com-moura-caetano\/#article","isPartOf":{"@id":"https:\/\/portaltela.pt\/noticias\/2026\/02\/23\/paulo-battista-comenta-aceitacao-familiar-de-luiza-na-relacao-com-moura-caetano\/"},"author":{"name":"Telinha","@id":"https:\/\/portaltela.pt\/#\/schema\/person\/c4278d4a6028830caff9ee44b42d32ed"},"headline":"Paulo Battista comenta aceita\u00e7\u00e3o familiar de Lu\u00edza na rela\u00e7\u00e3o com Moura Caetano","datePublished":"2026-02-23T18:58:05+00:00","mainEntityOfPage":{"@id":"https:\/\/portaltela.pt\/noticias\/2026\/02\/23\/paulo-battista-comenta-aceitacao-familiar-de-luiza-na-relacao-com-moura-caetano\/"},"wordCount":150,"image":{"@id":"https:\/\/portaltela.pt\/noticias\/2026\/02\/23\/paulo-battista-comenta-aceitacao-familiar-de-luiza-na-relacao-com-moura-caetano\/#primaryimage"},"thumbnailUrl":"https:\/\/portaltela.pt\/s.01k8rhncp4jt1\/2026\/02\/img_1280x722uu2026-02-23-18-57-32-2268586.jpg","keywords":["casais","celebridades","fam\u00edlia","informa\u00e7\u00e3o p\u00fablica","pessoas p\u00fablicas","sociedade"],"articleSection":["Entretenimento","Not\u00edcias"],"inLanguage":"pt-PT"},{"@type":"WebPage","@id":"https:\/\/portaltela.pt\/noticias\/2026\/02\/23\/paulo-battista-comenta-aceitacao-familiar-de-luiza-na-relacao-com-moura-caetano\/","url":"https:\/\/portaltela.pt\/noticias\/2026\/02\/23\/paulo-battista-comenta-aceitacao-familiar-de-luiza-na-relacao-com-moura-caetano\/","name":"Paulo Battista comenta aceita\u00e7\u00e3o familiar de Lu\u00edza na rela\u00e7\u00e3o com Moura Caetano - Portal Tela Portugal","isPartOf":{"@id":"https:\/\/portaltela.pt\/#website"},"primaryImageOfPage":{"@id":"https:\/\/portaltela.pt\/noticias\/2026\/02\/23\/paulo-battista-comenta-aceitacao-familiar-de-luiza-na-relacao-com-moura-caetano\/#primaryimage"},"image":{"@id":"https:\/\/portaltela.pt\/noticias\/2026\/02\/23\/paulo-battista-comenta-aceitacao-familiar-de-luiza-na-relacao-com-moura-caetano\/#primaryimage"},"thumbnailUrl":"https:\/\/portaltela.pt\/s.01k8rhncp4jt1\/2026\/02\/img_1280x722uu2026-02-23-18-57-32-2268586.jpg","datePublished":"2026-02-23T18:58:05+00:00","author":{"@id":"https:\/\/portaltela.pt\/#\/schema\/person\/c4278d4a6028830caff9ee44b42d32ed"},"breadcrumb":{"@id":"https:\/\/portaltela.pt\/noticias\/2026\/02\/23\/paulo-battista-comenta-aceitacao-familiar-de-luiza-na-relacao-com-moura-caetano\/#breadcrumb"},"inLanguage":"pt-PT","potentialAction":[{"@type":"ReadAction","target":["https:\/\/portaltela.pt\/noticias\/2026\/02\/23\/paulo-battista-comenta-aceitacao-familiar-de-luiza-na-relacao-com-moura-caetano\/"]}]},{"@type":"ImageObject","inLanguage":"pt-PT","@id":"https:\/\/portaltela.pt\/noticias\/2026\/02\/23\/paulo-battista-comenta-aceitacao-familiar-de-luiza-na-relacao-com-moura-caetano\/#primaryimage","url":"https:\/\/portaltela.pt\/s.01k8rhncp4jt1\/2026\/02\/img_1280x722uu2026-02-23-18-57-32-2268586.jpg","contentUrl":"https:\/\/portaltela.pt\/s.01k8rhncp4jt1\/2026\/02\/img_1280x722uu2026-02-23-18-57-32-2268586.jpg","width":796,"height":448,"caption":"Photo"},{"@type":"BreadcrumbList","@id":"https:\/\/portaltela.pt\/noticias\/2026\/02\/23\/paulo-battista-comenta-aceitacao-familiar-de-luiza-na-relacao-com-moura-caetano\/#breadcrumb","itemListElement":[{"@type":"ListItem","position":1,"name":"In\u00edcio","item":"https:\/\/portaltela.pt\/"},{"@type":"ListItem","position":2,"name":"Paulo Battista comenta aceita\u00e7\u00e3o familiar de Lu\u00edza na rela\u00e7\u00e3o com Moura Caetano"}]},{"@type":"WebSite","@id":"https:\/\/portaltela.pt\/#website","url":"https:\/\/portaltela.pt\/","name":"Portal Tela Portugal","description":"","potentialAction":[{"@type":"SearchAction","target":{"@type":"EntryPoint","urlTemplate":"https:\/\/portaltela.pt\/?s={search_term_string}"},"query-input":{"@type":"PropertyValueSpecification","valueRequired":true,"valueName":"search_term_string"}}],"inLanguage":"pt-PT"},{"@type":"Person","@id":"https:\/\/portaltela.pt\/#\/schema\/person\/c4278d4a6028830caff9ee44b42d32ed","name":"Telinha","image":{"@type":"ImageObject","inLanguage":"pt-PT","@id":"https:\/\/portaltela.pt\/s.01k8rhncp4jt1\/2025\/11\/talking-bot-125x125.png","url":"https:\/\/portaltela.pt\/s.01k8rhncp4jt1\/2025\/11\/talking-bot-125x125.png","contentUrl":"https:\/\/portaltela.pt\/s.01k8rhncp4jt1\/2025\/11\/talking-bot-125x125.png","caption":"Telinha"},"sameAs":["https:\/\/portaltela.pt\/"],"url":"https:\/\/portaltela.pt\/por\/367410592786\/"}]}},"_links":{"self":[{"href":"https:\/\/portaltela.pt\/api\/wp\/v2\/posts\/223249","targetHints":{"allow":["GET"]}}],"collection":[{"href":"https:\/\/portaltela.pt\/api\/wp\/v2\/posts"}],"about":[{"href":"https:\/\/portaltela.pt\/api\/wp\/v2\/types\/post"}],"author":[{"embeddable":true,"href":"https:\/\/portaltela.pt\/api\/wp\/v2\/users\/2"}],"replies":[{"embeddable":true,"href":"https:\/\/portaltela.pt\/api\/wp\/v2\/comments?post=223249"}],"version-history":[{"count":0,"href":"https:\/\/portaltela.pt\/api\/wp\/v2\/posts\/223249\/revisions"}],"wp:featuredmedia":[{"embeddable":true,"href":"https:\/\/portaltela.pt\/api\/wp\/v2\/media\/223253"}],"wp:attachment":[{"href":"https:\/\/portaltela.pt\/api\/wp\/v2\/media?parent=223249"}],"wp:term":[{"taxonomy":"category","embeddable":true,"href":"https:\/\/portaltela.pt\/api\/wp\/v2\/categories?post=223249"},{"taxonomy":"post_tag","embeddable":true,"href":"https:\/\/portaltela.pt\/api\/wp\/v2\/tags?post=223249"}],"curies":[{"name":"wp","href":"https:\/\/api.w.org\/{rel}","templated":true}]}}