{"id":223206,"date":"2026-02-23T15:03:00","date_gmt":"2026-02-23T18:03:00","guid":{"rendered":"https:\/\/portaltela.pt\/noticias\/2026\/02\/23\/suspeito-de-atropelamento-no-chiado-em-prisao-preventiva\/"},"modified":"2026-02-23T15:03:00","modified_gmt":"2026-02-23T18:03:00","slug":"suspeito-de-atropelamento-no-chiado-em-prisao-preventiva","status":"publish","type":"post","link":"https:\/\/portaltela.pt\/noticias\/2026\/02\/23\/suspeito-de-atropelamento-no-chiado-em-prisao-preventiva\/","title":{"rendered":"Suspeito de atropelamento no Chiado em pris\u00e3o preventiva"},"content":{"rendered":"<p>Um homem utilizou um carro roubado para atropelar cinco pessoas no Chiado, Lisboa, na noite de sexta-feira, na Rua Nova da Trindade. O incidente ocorreu de forma repentina e provocou ferimentos entre as v\u00edtimas.<\/p>\n<p>Das cinco pessoas atingidas, duas permanecem em estado grave, segundo fonte policial. N\u00e3o foi avan\u00e7ada a natureza exata dos ferimentos nem o tempo de evolu\u00e7\u00e3o do quadro cl\u00ednico.<\/p>\n<p>O verdadeiro propriet\u00e1rio do ve\u00edculo Ford encontrava-se no local no momento do atropelamento, de acordo com a PSP. A viatura foi furtada, o que motivou a r\u00e1pida atua\u00e7\u00e3o policial.<\/p>\n<p>O suspeito, de 27 anos, estava em fuga e foi detido no s\u00e1bado, pelas 14h40, no Martim Moniz, pela Divis\u00e3o de Investiga\u00e7\u00e3o Criminal da PSP de Lisboa.<\/p>\n<p>Na segunda-feira, o homem foi colocado em pris\u00e3o preventiva. O MP indicia-o por furto de viatura, ofensas \u00e0 integridade f\u00edsica qualificada e condu\u00e7\u00e3o sem habilita\u00e7\u00e3o legal.<\/p>\n","protected":false},"excerpt":{"rendered":"<ul>\n<li>Um homem robou um carro e atropelou cinco pessoas na rua Nova da Trindade, no Chiado, em Lisboa, na sexta-feira \u00e0 noite; duas das v\u00edtimas permaneciam em estado grave.<\/li>\n<li>O verdadeiro propriet\u00e1rio do ve\u00edculo da marca Ford estava no local no momento do incidente.<\/li>\n<li>O suspeito, de 27 anos, foi detido no s\u00e1bado, \u00e0s 14h40, no Martim Moniz pela Divis\u00e3o de Investiga\u00e7\u00e3o Criminal da Pol\u00edcia de Seguran\u00e7a P\u00fablica de Lisboa.<\/li>\n<li>O homem \u00e9 indiciado por furto de viatura, ofensas \u00e0 integridade f\u00edsica qualificada e condu\u00e7\u00e3o sem habilita\u00e7\u00e3o legal.<\/li>\n<\/ul>\n","protected":false},"author":2,"featured_media":223207,"comment_status":"closed","ping_status":"closed","sticky":false,"template":"","format":"standard","meta":{"footnotes":""},"categories":[1],"tags":[5487,160,147,6291,981,4343],"class_list":["post-223206","post","type-post","status-publish","format-standard","has-post-thumbnail","hentry","category-noticias","tag-acidente","tag-conducao-sem-habilitacao","tag-crime","tag-furto-de-viatura","tag-lisboa","tag-prisoes"],"yoast_head":"<!-- This site is optimized with the Yoast SEO plugin v27.2 - https:\/\/yoast.com\/product\/yoast-seo-wordpress\/ -->\n<title>Suspeito de atropelamento no Chiado em pris\u00e3o preventiva - Portal Tela Portugal<\/title>\n<meta name=\"robots\" content=\"index, follow, max-snippet:-1, max-image-preview:large, max-video-preview:-1\" \/>\n<meta property=\"og:locale\" content=\"pt_PT\" \/>\n<meta property=\"og:type\" content=\"article\" \/>\n<meta property=\"og:title\" content=\"Suspeito de atropelamento no Chiado em pris\u00e3o preventiva - Portal Tela Portugal\" \/>\n<meta property=\"og:description\" content=\"Um homem robou um carro e atropelou cinco pessoas na rua Nova da Trindade, no Chiado, em Lisboa, na sexta-feira \u00e0 noite; duas das v\u00edtimas permaneciam em estado grave. O verdadeiro propriet\u00e1rio do ve\u00edculo da marca Ford estava no local no momento do incidente. O suspeito, de 27 anos, foi detido no s\u00e1bado, \u00e0s 14h40, no Martim Moniz pela Divis\u00e3o de Investiga\u00e7\u00e3o Criminal da Pol\u00edcia de Seguran\u00e7a P\u00fablica de Lisboa. O homem \u00e9 indiciado por furto de viatura, ofensas \u00e0 integridade f\u00edsica qualificada e condu\u00e7\u00e3o sem habilita\u00e7\u00e3o legal.\" \/>\n<meta property=\"og:url\" content=\"https:\/\/portaltela.pt\/noticias\/2026\/02\/23\/suspeito-de-atropelamento-no-chiado-em-prisao-preventiva\/\" \/>\n<meta property=\"og:site_name\" content=\"Portal Tela Portugal\" \/>\n<meta property=\"article:published_time\" content=\"2026-02-23T18:03:00+00:00\" \/>\n<meta name=\"author\" content=\"Telinha\" \/>\n<meta name=\"twitter:card\" content=\"summary_large_image\" \/>\n<meta name=\"twitter:label1\" content=\"Escrito por\" \/>\n\t<meta name=\"twitter:data1\" content=\"Telinha\" \/>\n\t<meta name=\"twitter:label2\" content=\"Tempo estimado de leitura\" \/>\n\t<meta name=\"twitter:data2\" content=\"1 minuto\" \/>\n<script type=\"application\/ld+json\" class=\"yoast-schema-graph\">{\"@context\":\"https:\/\/schema.org\",\"@graph\":[{\"@type\":\"Article\",\"@id\":\"https:\/\/portaltela.pt\/noticias\/2026\/02\/23\/suspeito-de-atropelamento-no-chiado-em-prisao-preventiva\/#article\",\"isPartOf\":{\"@id\":\"https:\/\/portaltela.pt\/noticias\/2026\/02\/23\/suspeito-de-atropelamento-no-chiado-em-prisao-preventiva\/\"},\"author\":{\"name\":\"Telinha\",\"@id\":\"https:\/\/portaltela.pt\/#\/schema\/person\/c4278d4a6028830caff9ee44b42d32ed\"},\"headline\":\"Suspeito de atropelamento no Chiado em pris\u00e3o preventiva\",\"datePublished\":\"2026-02-23T18:03:00+00:00\",\"mainEntityOfPage\":{\"@id\":\"https:\/\/portaltela.pt\/noticias\/2026\/02\/23\/suspeito-de-atropelamento-no-chiado-em-prisao-preventiva\/\"},\"wordCount\":167,\"image\":{\"@id\":\"https:\/\/portaltela.pt\/noticias\/2026\/02\/23\/suspeito-de-atropelamento-no-chiado-em-prisao-preventiva\/#primaryimage\"},\"thumbnailUrl\":\"https:\/\/portaltela.pt\/s.01k8rhncp4jt1\/2026\/02\/img_1280x721uu2026-02-21-01-03-49-2268105.jpg\",\"keywords\":[\"acidente\",\"condu\u00e7\u00e3o sem habilita\u00e7\u00e3o\",\"crime\",\"furto de viatura\",\"Lisboa\",\"pris\u00f5es\"],\"articleSection\":[\"Not\u00edcias\"],\"inLanguage\":\"pt-PT\"},{\"@type\":\"WebPage\",\"@id\":\"https:\/\/portaltela.pt\/noticias\/2026\/02\/23\/suspeito-de-atropelamento-no-chiado-em-prisao-preventiva\/\",\"url\":\"https:\/\/portaltela.pt\/noticias\/2026\/02\/23\/suspeito-de-atropelamento-no-chiado-em-prisao-preventiva\/\",\"name\":\"Suspeito de atropelamento no Chiado em pris\u00e3o preventiva - Portal Tela Portugal\",\"isPartOf\":{\"@id\":\"https:\/\/portaltela.pt\/#website\"},\"primaryImageOfPage\":{\"@id\":\"https:\/\/portaltela.pt\/noticias\/2026\/02\/23\/suspeito-de-atropelamento-no-chiado-em-prisao-preventiva\/#primaryimage\"},\"image\":{\"@id\":\"https:\/\/portaltela.pt\/noticias\/2026\/02\/23\/suspeito-de-atropelamento-no-chiado-em-prisao-preventiva\/#primaryimage\"},\"thumbnailUrl\":\"https:\/\/portaltela.pt\/s.01k8rhncp4jt1\/2026\/02\/img_1280x721uu2026-02-21-01-03-49-2268105.jpg\",\"datePublished\":\"2026-02-23T18:03:00+00:00\",\"author\":{\"@id\":\"https:\/\/portaltela.pt\/#\/schema\/person\/c4278d4a6028830caff9ee44b42d32ed\"},\"breadcrumb\":{\"@id\":\"https:\/\/portaltela.pt\/noticias\/2026\/02\/23\/suspeito-de-atropelamento-no-chiado-em-prisao-preventiva\/#breadcrumb\"},\"inLanguage\":\"pt-PT\",\"potentialAction\":[{\"@type\":\"ReadAction\",\"target\":[\"https:\/\/portaltela.pt\/noticias\/2026\/02\/23\/suspeito-de-atropelamento-no-chiado-em-prisao-preventiva\/\"]}]},{\"@type\":\"ImageObject\",\"inLanguage\":\"pt-PT\",\"@id\":\"https:\/\/portaltela.pt\/noticias\/2026\/02\/23\/suspeito-de-atropelamento-no-chiado-em-prisao-preventiva\/#primaryimage\",\"url\":\"https:\/\/portaltela.pt\/s.01k8rhncp4jt1\/2026\/02\/img_1280x721uu2026-02-21-01-03-49-2268105.jpg\",\"contentUrl\":\"https:\/\/portaltela.pt\/s.01k8rhncp4jt1\/2026\/02\/img_1280x721uu2026-02-21-01-03-49-2268105.jpg\",\"width\":796,\"height\":448,\"caption\":\"Photo\"},{\"@type\":\"BreadcrumbList\",\"@id\":\"https:\/\/portaltela.pt\/noticias\/2026\/02\/23\/suspeito-de-atropelamento-no-chiado-em-prisao-preventiva\/#breadcrumb\",\"itemListElement\":[{\"@type\":\"ListItem\",\"position\":1,\"name\":\"In\u00edcio\",\"item\":\"https:\/\/portaltela.pt\/\"},{\"@type\":\"ListItem\",\"position\":2,\"name\":\"Suspeito de atropelamento no Chiado em pris\u00e3o preventiva\"}]},{\"@type\":\"WebSite\",\"@id\":\"https:\/\/portaltela.pt\/#website\",\"url\":\"https:\/\/portaltela.pt\/\",\"name\":\"Portal Tela Portugal\",\"description\":\"\",\"potentialAction\":[{\"@type\":\"SearchAction\",\"target\":{\"@type\":\"EntryPoint\",\"urlTemplate\":\"https:\/\/portaltela.pt\/?s={search_term_string}\"},\"query-input\":{\"@type\":\"PropertyValueSpecification\",\"valueRequired\":true,\"valueName\":\"search_term_string\"}}],\"inLanguage\":\"pt-PT\"},{\"@type\":\"Person\",\"@id\":\"https:\/\/portaltela.pt\/#\/schema\/person\/c4278d4a6028830caff9ee44b42d32ed\",\"name\":\"Telinha\",\"image\":{\"@type\":\"ImageObject\",\"inLanguage\":\"pt-PT\",\"@id\":\"https:\/\/portaltela.pt\/s.01k8rhncp4jt1\/2025\/11\/talking-bot-125x125.png\",\"url\":\"https:\/\/portaltela.pt\/s.01k8rhncp4jt1\/2025\/11\/talking-bot-125x125.png\",\"contentUrl\":\"https:\/\/portaltela.pt\/s.01k8rhncp4jt1\/2025\/11\/talking-bot-125x125.png\",\"caption\":\"Telinha\"},\"sameAs\":[\"https:\/\/portaltela.pt\/\"],\"url\":\"https:\/\/portaltela.pt\/por\/367410592786\/\"}]}<\/script>\n<!-- \/ Yoast SEO plugin. -->","yoast_head_json":{"title":"Suspeito de atropelamento no Chiado em pris\u00e3o preventiva - Portal Tela Portugal","robots":{"index":"index","follow":"follow","max-snippet":"max-snippet:-1","max-image-preview":"max-image-preview:large","max-video-preview":"max-video-preview:-1"},"og_locale":"pt_PT","og_type":"article","og_title":"Suspeito de atropelamento no Chiado em pris\u00e3o preventiva - Portal Tela Portugal","og_description":"Um homem robou um carro e atropelou cinco pessoas na rua Nova da Trindade, no Chiado, em Lisboa, na sexta-feira \u00e0 noite; duas das v\u00edtimas permaneciam em estado grave. O verdadeiro propriet\u00e1rio do ve\u00edculo da marca Ford estava no local no momento do incidente. O suspeito, de 27 anos, foi detido no s\u00e1bado, \u00e0s 14h40, no Martim Moniz pela Divis\u00e3o de Investiga\u00e7\u00e3o Criminal da Pol\u00edcia de Seguran\u00e7a P\u00fablica de Lisboa. O homem \u00e9 indiciado por furto de viatura, ofensas \u00e0 integridade f\u00edsica qualificada e condu\u00e7\u00e3o sem habilita\u00e7\u00e3o legal.","og_url":"https:\/\/portaltela.pt\/noticias\/2026\/02\/23\/suspeito-de-atropelamento-no-chiado-em-prisao-preventiva\/","og_site_name":"Portal Tela Portugal","article_published_time":"2026-02-23T18:03:00+00:00","author":"Telinha","twitter_card":"summary_large_image","twitter_misc":{"Escrito por":"Telinha","Tempo estimado de leitura":"1 minuto"},"schema":{"@context":"https:\/\/schema.org","@graph":[{"@type":"Article","@id":"https:\/\/portaltela.pt\/noticias\/2026\/02\/23\/suspeito-de-atropelamento-no-chiado-em-prisao-preventiva\/#article","isPartOf":{"@id":"https:\/\/portaltela.pt\/noticias\/2026\/02\/23\/suspeito-de-atropelamento-no-chiado-em-prisao-preventiva\/"},"author":{"name":"Telinha","@id":"https:\/\/portaltela.pt\/#\/schema\/person\/c4278d4a6028830caff9ee44b42d32ed"},"headline":"Suspeito de atropelamento no Chiado em pris\u00e3o preventiva","datePublished":"2026-02-23T18:03:00+00:00","mainEntityOfPage":{"@id":"https:\/\/portaltela.pt\/noticias\/2026\/02\/23\/suspeito-de-atropelamento-no-chiado-em-prisao-preventiva\/"},"wordCount":167,"image":{"@id":"https:\/\/portaltela.pt\/noticias\/2026\/02\/23\/suspeito-de-atropelamento-no-chiado-em-prisao-preventiva\/#primaryimage"},"thumbnailUrl":"https:\/\/portaltela.pt\/s.01k8rhncp4jt1\/2026\/02\/img_1280x721uu2026-02-21-01-03-49-2268105.jpg","keywords":["acidente","condu\u00e7\u00e3o sem habilita\u00e7\u00e3o","crime","furto de viatura","Lisboa","pris\u00f5es"],"articleSection":["Not\u00edcias"],"inLanguage":"pt-PT"},{"@type":"WebPage","@id":"https:\/\/portaltela.pt\/noticias\/2026\/02\/23\/suspeito-de-atropelamento-no-chiado-em-prisao-preventiva\/","url":"https:\/\/portaltela.pt\/noticias\/2026\/02\/23\/suspeito-de-atropelamento-no-chiado-em-prisao-preventiva\/","name":"Suspeito de atropelamento no Chiado em pris\u00e3o preventiva - Portal Tela Portugal","isPartOf":{"@id":"https:\/\/portaltela.pt\/#website"},"primaryImageOfPage":{"@id":"https:\/\/portaltela.pt\/noticias\/2026\/02\/23\/suspeito-de-atropelamento-no-chiado-em-prisao-preventiva\/#primaryimage"},"image":{"@id":"https:\/\/portaltela.pt\/noticias\/2026\/02\/23\/suspeito-de-atropelamento-no-chiado-em-prisao-preventiva\/#primaryimage"},"thumbnailUrl":"https:\/\/portaltela.pt\/s.01k8rhncp4jt1\/2026\/02\/img_1280x721uu2026-02-21-01-03-49-2268105.jpg","datePublished":"2026-02-23T18:03:00+00:00","author":{"@id":"https:\/\/portaltela.pt\/#\/schema\/person\/c4278d4a6028830caff9ee44b42d32ed"},"breadcrumb":{"@id":"https:\/\/portaltela.pt\/noticias\/2026\/02\/23\/suspeito-de-atropelamento-no-chiado-em-prisao-preventiva\/#breadcrumb"},"inLanguage":"pt-PT","potentialAction":[{"@type":"ReadAction","target":["https:\/\/portaltela.pt\/noticias\/2026\/02\/23\/suspeito-de-atropelamento-no-chiado-em-prisao-preventiva\/"]}]},{"@type":"ImageObject","inLanguage":"pt-PT","@id":"https:\/\/portaltela.pt\/noticias\/2026\/02\/23\/suspeito-de-atropelamento-no-chiado-em-prisao-preventiva\/#primaryimage","url":"https:\/\/portaltela.pt\/s.01k8rhncp4jt1\/2026\/02\/img_1280x721uu2026-02-21-01-03-49-2268105.jpg","contentUrl":"https:\/\/portaltela.pt\/s.01k8rhncp4jt1\/2026\/02\/img_1280x721uu2026-02-21-01-03-49-2268105.jpg","width":796,"height":448,"caption":"Photo"},{"@type":"BreadcrumbList","@id":"https:\/\/portaltela.pt\/noticias\/2026\/02\/23\/suspeito-de-atropelamento-no-chiado-em-prisao-preventiva\/#breadcrumb","itemListElement":[{"@type":"ListItem","position":1,"name":"In\u00edcio","item":"https:\/\/portaltela.pt\/"},{"@type":"ListItem","position":2,"name":"Suspeito de atropelamento no Chiado em pris\u00e3o preventiva"}]},{"@type":"WebSite","@id":"https:\/\/portaltela.pt\/#website","url":"https:\/\/portaltela.pt\/","name":"Portal Tela Portugal","description":"","potentialAction":[{"@type":"SearchAction","target":{"@type":"EntryPoint","urlTemplate":"https:\/\/portaltela.pt\/?s={search_term_string}"},"query-input":{"@type":"PropertyValueSpecification","valueRequired":true,"valueName":"search_term_string"}}],"inLanguage":"pt-PT"},{"@type":"Person","@id":"https:\/\/portaltela.pt\/#\/schema\/person\/c4278d4a6028830caff9ee44b42d32ed","name":"Telinha","image":{"@type":"ImageObject","inLanguage":"pt-PT","@id":"https:\/\/portaltela.pt\/s.01k8rhncp4jt1\/2025\/11\/talking-bot-125x125.png","url":"https:\/\/portaltela.pt\/s.01k8rhncp4jt1\/2025\/11\/talking-bot-125x125.png","contentUrl":"https:\/\/portaltela.pt\/s.01k8rhncp4jt1\/2025\/11\/talking-bot-125x125.png","caption":"Telinha"},"sameAs":["https:\/\/portaltela.pt\/"],"url":"https:\/\/portaltela.pt\/por\/367410592786\/"}]}},"_links":{"self":[{"href":"https:\/\/portaltela.pt\/api\/wp\/v2\/posts\/223206","targetHints":{"allow":["GET"]}}],"collection":[{"href":"https:\/\/portaltela.pt\/api\/wp\/v2\/posts"}],"about":[{"href":"https:\/\/portaltela.pt\/api\/wp\/v2\/types\/post"}],"author":[{"embeddable":true,"href":"https:\/\/portaltela.pt\/api\/wp\/v2\/users\/2"}],"replies":[{"embeddable":true,"href":"https:\/\/portaltela.pt\/api\/wp\/v2\/comments?post=223206"}],"version-history":[{"count":0,"href":"https:\/\/portaltela.pt\/api\/wp\/v2\/posts\/223206\/revisions"}],"wp:featuredmedia":[{"embeddable":true,"href":"https:\/\/portaltela.pt\/api\/wp\/v2\/media\/223207"}],"wp:attachment":[{"href":"https:\/\/portaltela.pt\/api\/wp\/v2\/media?parent=223206"}],"wp:term":[{"taxonomy":"category","embeddable":true,"href":"https:\/\/portaltela.pt\/api\/wp\/v2\/categories?post=223206"},{"taxonomy":"post_tag","embeddable":true,"href":"https:\/\/portaltela.pt\/api\/wp\/v2\/tags?post=223206"}],"curies":[{"name":"wp","href":"https:\/\/api.w.org\/{rel}","templated":true}]}}