{"id":223200,"date":"2026-02-23T14:51:27","date_gmt":"2026-02-23T17:51:27","guid":{"rendered":"https:\/\/portaltela.pt\/noticias\/2026\/02\/23\/julgamento-de-24-acusados-por-subsidio-de-mobilidade-nos-acores-inicia-hoje\/"},"modified":"2026-02-23T14:51:27","modified_gmt":"2026-02-23T17:51:27","slug":"julgamento-de-24-acusados-por-subsidio-de-mobilidade-nos-acores-inicia-hoje","status":"publish","type":"post","link":"https:\/\/portaltela.pt\/noticias\/2026\/02\/23\/julgamento-de-24-acusados-por-subsidio-de-mobilidade-nos-acores-inicia-hoje\/","title":{"rendered":"Julgamento de 24 acusados por subs\u00eddio de mobilidade nos A\u00e7ores inicia hoje"},"content":{"rendered":"<p>Durante o julgamento que arrancou hoje em Angra do Hero\u00edsmo, nos A\u00e7ores, 24 arguidos s\u00e3o acusados de lesar o Estado com o subs\u00eddio social de mobilidade. O montante alegadamente envolvido supera os 9,5 milh\u00f5es de euros, fruto da opera\u00e7\u00e3o Mayday.<\/p>\n<p>Os arguidos incluem 13 homens, 9 mulheres e duas empresas com sede na ilha Terceira. Os propriet\u00e1rios das empresas encontram-se em pris\u00e3o preventiva desde mar\u00e7o de 2024. As acusa\u00e7\u00f5es abrangem especula\u00e7\u00e3o, falsifica\u00e7\u00e3o de documentos, burla, branqueamento e associa\u00e7\u00e3o criminosa.<\/p>\n<p>O julgamento realiza-se no audit\u00f3rio da Santa Casa da Miseric\u00f3rdia de Angra do Hero\u00edsmo, devido ao elevado n\u00famero de intervenientes. A primeira audi\u00eancia sofreu atraso de cerca de 45 minutos com 23 arguidos identificados.<\/p>\n<p>A acusa\u00e7\u00e3o detalha dois departamentos de viagens na Terceira, Dias Estridentes e Fly Dreams, que vendiam bilhetes abaixo do pre\u00e7o de mercado e emitirem segundas faturas superiores para obter reembolsos. Os reembolsos eram criados nos CTT.<\/p>\n<p>Entre junho de 2023 e mar\u00e7o de 2024, a Dias Estridentes ter\u00e1 vendido 2.199 bilhetes abaixo do pre\u00e7o e emitido 2.417 segundas faturas, causando preju\u00edzo superior a 7,2 milh\u00f5es de euros. Um dos arguidos levantou cerca de 2,6 milh\u00f5es de euros em reembolsos.<\/p>\n<p>A Fly Dreams vendeu 1.025 bilhetes abaixo do valor de mercado e emitiu 1.149 segundas faturas, correspondendo a mais de 2,3 milh\u00f5es de euros lesados. Os propriet\u00e1rios teriam adquirido bens como ve\u00edculos de alta cilindrada, embarca\u00e7\u00f5es e im\u00f3veis com o dinheiro obtido.<\/p>\n<p>O propriet\u00e1rio da Dias Estridentes foi detido quando se deslocava para Boston, com cheques no valor de 288 mil euros. Apesar de haverem bens apreendidos, ainda quase 6,22 milh\u00f5es de euros permanecem por recuperar.<\/p>\n<p>O Minist\u00e9rio P\u00fablico solicita indemniza\u00e7\u00f5es civis de 7,23 milh\u00f5es de euros para a Dias Estridentes e 2,35 milh\u00f5es para a Fly Dreams, respetivamente. O julgamento prossegue com a leitura de documentos e testemunhos.<\/p>\n","protected":false},"excerpt":{"rendered":"<ul>\n<li>Vinte e quatro arguidos s\u00e3o acusados de lesar o Estado com o subs\u00eddio social de mobilidade, num montante superior a 9,5 milh\u00f5es de euros, nos A\u00e7ores.<\/li>\n<li>O julgamento arrancou esta segunda-feira em Angra do Hero\u00edsmo, no audit\u00f3rio da Santa Casa da Miseric\u00f3rdia, entre testemunhas e arguidos devido ao grande n\u00famero de intervenientes.<\/li>\n<li>As duas empresas envolvidas s\u00e3o Dias Estridentes e Fly Dreams, ambas da ilha Terceira; os propriet\u00e1rios t\u00eam estado em pris\u00e3o preventiva desde mar\u00e7o de dois mil e vinte e quatro.<\/li>\n<li>A acusa\u00e7\u00e3o aponta para uma fraude: vendiam bilhetes abaixo do pre\u00e7o de mercado e emitiram segundas faturas por valores mais elevados para solicitar reembolsos do subs\u00eddio, com levantamentos nos CTT.<\/li>\n<li>Segundo o Minist\u00e9rio P\u00fablico, entre junho de dois mil e vinte e tr\u00eas e mar\u00e7o de dois mil e vinte e quatro a Dias Estridentes vendeu dois mil duzentos e curso bilhetes e emitira duas mil quatrocentas dezessete segundas faturas, lesando o Estado em mais de sete milh\u00f5es e duzentos mil euros; a Fly Dreams vendeu mil vinte e cinco bilhetes e emitiu mil cento e quarenta e nove segundas faturas, prejudicando o Estado em mais de dois milh\u00f5es de euros.<\/li>\n<\/ul>\n","protected":false},"author":2,"featured_media":223201,"comment_status":"closed","ping_status":"closed","sticky":false,"template":"","format":"standard","meta":{"footnotes":""},"categories":[1],"tags":[822,1151,6254,3450,3775,215],"class_list":["post-223200","post","type-post","status-publish","format-standard","has-post-thumbnail","hentry","category-noticias","tag-acores","tag-associacao-criminosa","tag-burla","tag-delinquencia","tag-fraudes","tag-investigacao"],"yoast_head":"<!-- This site is optimized with the Yoast SEO plugin v27.2 - https:\/\/yoast.com\/product\/yoast-seo-wordpress\/ -->\n<title>Julgamento de 24 acusados por subs\u00eddio de mobilidade nos A\u00e7ores inicia hoje - Portal Tela Portugal<\/title>\n<meta name=\"robots\" content=\"index, follow, max-snippet:-1, max-image-preview:large, max-video-preview:-1\" \/>\n<meta property=\"og:locale\" content=\"pt_PT\" \/>\n<meta property=\"og:type\" content=\"article\" \/>\n<meta property=\"og:title\" content=\"Julgamento de 24 acusados por subs\u00eddio de mobilidade nos A\u00e7ores inicia hoje - Portal Tela Portugal\" \/>\n<meta property=\"og:description\" content=\"Vinte e quatro arguidos s\u00e3o acusados de lesar o Estado com o subs\u00eddio social de mobilidade, num montante superior a 9,5 milh\u00f5es de euros, nos A\u00e7ores. O julgamento arrancou esta segunda-feira em Angra do Hero\u00edsmo, no audit\u00f3rio da Santa Casa da Miseric\u00f3rdia, entre testemunhas e arguidos devido ao grande n\u00famero de intervenientes. As duas empresas envolvidas s\u00e3o Dias Estridentes e Fly Dreams, ambas da ilha Terceira; os propriet\u00e1rios t\u00eam estado em pris\u00e3o preventiva desde mar\u00e7o de dois mil e vinte e quatro. A acusa\u00e7\u00e3o aponta para uma fraude: vendiam bilhetes abaixo do pre\u00e7o de mercado e emitiram segundas faturas por valores mais elevados para solicitar reembolsos do subs\u00eddio, com levantamentos nos CTT. Segundo o Minist\u00e9rio P\u00fablico, entre junho de dois mil e vinte e tr\u00eas e mar\u00e7o de dois mil e vinte e quatro a Dias Estridentes vendeu dois mil duzentos e curso bilhetes e emitira duas mil quatrocentas dezessete segundas faturas, lesando o Estado em mais de sete milh\u00f5es e duzentos mil euros; a Fly Dreams vendeu mil vinte e cinco bilhetes e emitiu mil cento e quarenta e nove segundas faturas, prejudicando o Estado em mais de dois milh\u00f5es de euros.\" \/>\n<meta property=\"og:url\" content=\"https:\/\/portaltela.pt\/noticias\/2026\/02\/23\/julgamento-de-24-acusados-por-subsidio-de-mobilidade-nos-acores-inicia-hoje\/\" \/>\n<meta property=\"og:site_name\" content=\"Portal Tela Portugal\" \/>\n<meta property=\"article:published_time\" content=\"2026-02-23T17:51:27+00:00\" \/>\n<meta name=\"author\" content=\"Telinha\" \/>\n<meta name=\"twitter:card\" content=\"summary_large_image\" \/>\n<meta name=\"twitter:label1\" content=\"Escrito por\" \/>\n\t<meta name=\"twitter:data1\" content=\"Telinha\" \/>\n\t<meta name=\"twitter:label2\" content=\"Tempo estimado de leitura\" \/>\n\t<meta name=\"twitter:data2\" content=\"2 minutos\" \/>\n<script type=\"application\/ld+json\" class=\"yoast-schema-graph\">{\"@context\":\"https:\/\/schema.org\",\"@graph\":[{\"@type\":\"Article\",\"@id\":\"https:\/\/portaltela.pt\/noticias\/2026\/02\/23\/julgamento-de-24-acusados-por-subsidio-de-mobilidade-nos-acores-inicia-hoje\/#article\",\"isPartOf\":{\"@id\":\"https:\/\/portaltela.pt\/noticias\/2026\/02\/23\/julgamento-de-24-acusados-por-subsidio-de-mobilidade-nos-acores-inicia-hoje\/\"},\"author\":{\"name\":\"Telinha\",\"@id\":\"https:\/\/portaltela.pt\/#\/schema\/person\/c4278d4a6028830caff9ee44b42d32ed\"},\"headline\":\"Julgamento de 24 acusados por subs\u00eddio de mobilidade nos A\u00e7ores inicia hoje\",\"datePublished\":\"2026-02-23T17:51:27+00:00\",\"mainEntityOfPage\":{\"@id\":\"https:\/\/portaltela.pt\/noticias\/2026\/02\/23\/julgamento-de-24-acusados-por-subsidio-de-mobilidade-nos-acores-inicia-hoje\/\"},\"wordCount\":331,\"image\":{\"@id\":\"https:\/\/portaltela.pt\/noticias\/2026\/02\/23\/julgamento-de-24-acusados-por-subsidio-de-mobilidade-nos-acores-inicia-hoje\/#primaryimage\"},\"thumbnailUrl\":\"https:\/\/portaltela.pt\/s.01k8rhncp4jt1\/2026\/02\/img_1280x721uu2021-04-26-22-47-24-1033205.jpg\",\"keywords\":[\"A\u00e7ores\",\"associa\u00e7\u00e3o criminosa\",\"burla\",\"delinqu\u00eancia\",\"fraudes\",\"investiga\u00e7\u00e3o\"],\"articleSection\":[\"Not\u00edcias\"],\"inLanguage\":\"pt-PT\"},{\"@type\":\"WebPage\",\"@id\":\"https:\/\/portaltela.pt\/noticias\/2026\/02\/23\/julgamento-de-24-acusados-por-subsidio-de-mobilidade-nos-acores-inicia-hoje\/\",\"url\":\"https:\/\/portaltela.pt\/noticias\/2026\/02\/23\/julgamento-de-24-acusados-por-subsidio-de-mobilidade-nos-acores-inicia-hoje\/\",\"name\":\"Julgamento de 24 acusados por subs\u00eddio de mobilidade nos A\u00e7ores inicia hoje - Portal Tela Portugal\",\"isPartOf\":{\"@id\":\"https:\/\/portaltela.pt\/#website\"},\"primaryImageOfPage\":{\"@id\":\"https:\/\/portaltela.pt\/noticias\/2026\/02\/23\/julgamento-de-24-acusados-por-subsidio-de-mobilidade-nos-acores-inicia-hoje\/#primaryimage\"},\"image\":{\"@id\":\"https:\/\/portaltela.pt\/noticias\/2026\/02\/23\/julgamento-de-24-acusados-por-subsidio-de-mobilidade-nos-acores-inicia-hoje\/#primaryimage\"},\"thumbnailUrl\":\"https:\/\/portaltela.pt\/s.01k8rhncp4jt1\/2026\/02\/img_1280x721uu2021-04-26-22-47-24-1033205.jpg\",\"datePublished\":\"2026-02-23T17:51:27+00:00\",\"author\":{\"@id\":\"https:\/\/portaltela.pt\/#\/schema\/person\/c4278d4a6028830caff9ee44b42d32ed\"},\"breadcrumb\":{\"@id\":\"https:\/\/portaltela.pt\/noticias\/2026\/02\/23\/julgamento-de-24-acusados-por-subsidio-de-mobilidade-nos-acores-inicia-hoje\/#breadcrumb\"},\"inLanguage\":\"pt-PT\",\"potentialAction\":[{\"@type\":\"ReadAction\",\"target\":[\"https:\/\/portaltela.pt\/noticias\/2026\/02\/23\/julgamento-de-24-acusados-por-subsidio-de-mobilidade-nos-acores-inicia-hoje\/\"]}]},{\"@type\":\"ImageObject\",\"inLanguage\":\"pt-PT\",\"@id\":\"https:\/\/portaltela.pt\/noticias\/2026\/02\/23\/julgamento-de-24-acusados-por-subsidio-de-mobilidade-nos-acores-inicia-hoje\/#primaryimage\",\"url\":\"https:\/\/portaltela.pt\/s.01k8rhncp4jt1\/2026\/02\/img_1280x721uu2021-04-26-22-47-24-1033205.jpg\",\"contentUrl\":\"https:\/\/portaltela.pt\/s.01k8rhncp4jt1\/2026\/02\/img_1280x721uu2021-04-26-22-47-24-1033205.jpg\",\"width\":796,\"height\":448,\"caption\":\"Caso est\u00e1 a ser julgado em Angra do Hero\u00edsmo, na ilha Terceira, A\u00e7ores\"},{\"@type\":\"BreadcrumbList\",\"@id\":\"https:\/\/portaltela.pt\/noticias\/2026\/02\/23\/julgamento-de-24-acusados-por-subsidio-de-mobilidade-nos-acores-inicia-hoje\/#breadcrumb\",\"itemListElement\":[{\"@type\":\"ListItem\",\"position\":1,\"name\":\"In\u00edcio\",\"item\":\"https:\/\/portaltela.pt\/\"},{\"@type\":\"ListItem\",\"position\":2,\"name\":\"Julgamento de 24 acusados por subs\u00eddio de mobilidade nos A\u00e7ores inicia hoje\"}]},{\"@type\":\"WebSite\",\"@id\":\"https:\/\/portaltela.pt\/#website\",\"url\":\"https:\/\/portaltela.pt\/\",\"name\":\"Portal Tela Portugal\",\"description\":\"\",\"potentialAction\":[{\"@type\":\"SearchAction\",\"target\":{\"@type\":\"EntryPoint\",\"urlTemplate\":\"https:\/\/portaltela.pt\/?s={search_term_string}\"},\"query-input\":{\"@type\":\"PropertyValueSpecification\",\"valueRequired\":true,\"valueName\":\"search_term_string\"}}],\"inLanguage\":\"pt-PT\"},{\"@type\":\"Person\",\"@id\":\"https:\/\/portaltela.pt\/#\/schema\/person\/c4278d4a6028830caff9ee44b42d32ed\",\"name\":\"Telinha\",\"image\":{\"@type\":\"ImageObject\",\"inLanguage\":\"pt-PT\",\"@id\":\"https:\/\/portaltela.pt\/s.01k8rhncp4jt1\/2025\/11\/talking-bot-125x125.png\",\"url\":\"https:\/\/portaltela.pt\/s.01k8rhncp4jt1\/2025\/11\/talking-bot-125x125.png\",\"contentUrl\":\"https:\/\/portaltela.pt\/s.01k8rhncp4jt1\/2025\/11\/talking-bot-125x125.png\",\"caption\":\"Telinha\"},\"sameAs\":[\"https:\/\/portaltela.pt\/\"],\"url\":\"https:\/\/portaltela.pt\/por\/367410592786\/\"}]}<\/script>\n<!-- \/ Yoast SEO plugin. -->","yoast_head_json":{"title":"Julgamento de 24 acusados por subs\u00eddio de mobilidade nos A\u00e7ores inicia hoje - Portal Tela Portugal","robots":{"index":"index","follow":"follow","max-snippet":"max-snippet:-1","max-image-preview":"max-image-preview:large","max-video-preview":"max-video-preview:-1"},"og_locale":"pt_PT","og_type":"article","og_title":"Julgamento de 24 acusados por subs\u00eddio de mobilidade nos A\u00e7ores inicia hoje - Portal Tela Portugal","og_description":"Vinte e quatro arguidos s\u00e3o acusados de lesar o Estado com o subs\u00eddio social de mobilidade, num montante superior a 9,5 milh\u00f5es de euros, nos A\u00e7ores. O julgamento arrancou esta segunda-feira em Angra do Hero\u00edsmo, no audit\u00f3rio da Santa Casa da Miseric\u00f3rdia, entre testemunhas e arguidos devido ao grande n\u00famero de intervenientes. As duas empresas envolvidas s\u00e3o Dias Estridentes e Fly Dreams, ambas da ilha Terceira; os propriet\u00e1rios t\u00eam estado em pris\u00e3o preventiva desde mar\u00e7o de dois mil e vinte e quatro. A acusa\u00e7\u00e3o aponta para uma fraude: vendiam bilhetes abaixo do pre\u00e7o de mercado e emitiram segundas faturas por valores mais elevados para solicitar reembolsos do subs\u00eddio, com levantamentos nos CTT. Segundo o Minist\u00e9rio P\u00fablico, entre junho de dois mil e vinte e tr\u00eas e mar\u00e7o de dois mil e vinte e quatro a Dias Estridentes vendeu dois mil duzentos e curso bilhetes e emitira duas mil quatrocentas dezessete segundas faturas, lesando o Estado em mais de sete milh\u00f5es e duzentos mil euros; a Fly Dreams vendeu mil vinte e cinco bilhetes e emitiu mil cento e quarenta e nove segundas faturas, prejudicando o Estado em mais de dois milh\u00f5es de euros.","og_url":"https:\/\/portaltela.pt\/noticias\/2026\/02\/23\/julgamento-de-24-acusados-por-subsidio-de-mobilidade-nos-acores-inicia-hoje\/","og_site_name":"Portal Tela Portugal","article_published_time":"2026-02-23T17:51:27+00:00","author":"Telinha","twitter_card":"summary_large_image","twitter_misc":{"Escrito por":"Telinha","Tempo estimado de leitura":"2 minutos"},"schema":{"@context":"https:\/\/schema.org","@graph":[{"@type":"Article","@id":"https:\/\/portaltela.pt\/noticias\/2026\/02\/23\/julgamento-de-24-acusados-por-subsidio-de-mobilidade-nos-acores-inicia-hoje\/#article","isPartOf":{"@id":"https:\/\/portaltela.pt\/noticias\/2026\/02\/23\/julgamento-de-24-acusados-por-subsidio-de-mobilidade-nos-acores-inicia-hoje\/"},"author":{"name":"Telinha","@id":"https:\/\/portaltela.pt\/#\/schema\/person\/c4278d4a6028830caff9ee44b42d32ed"},"headline":"Julgamento de 24 acusados por subs\u00eddio de mobilidade nos A\u00e7ores inicia hoje","datePublished":"2026-02-23T17:51:27+00:00","mainEntityOfPage":{"@id":"https:\/\/portaltela.pt\/noticias\/2026\/02\/23\/julgamento-de-24-acusados-por-subsidio-de-mobilidade-nos-acores-inicia-hoje\/"},"wordCount":331,"image":{"@id":"https:\/\/portaltela.pt\/noticias\/2026\/02\/23\/julgamento-de-24-acusados-por-subsidio-de-mobilidade-nos-acores-inicia-hoje\/#primaryimage"},"thumbnailUrl":"https:\/\/portaltela.pt\/s.01k8rhncp4jt1\/2026\/02\/img_1280x721uu2021-04-26-22-47-24-1033205.jpg","keywords":["A\u00e7ores","associa\u00e7\u00e3o criminosa","burla","delinqu\u00eancia","fraudes","investiga\u00e7\u00e3o"],"articleSection":["Not\u00edcias"],"inLanguage":"pt-PT"},{"@type":"WebPage","@id":"https:\/\/portaltela.pt\/noticias\/2026\/02\/23\/julgamento-de-24-acusados-por-subsidio-de-mobilidade-nos-acores-inicia-hoje\/","url":"https:\/\/portaltela.pt\/noticias\/2026\/02\/23\/julgamento-de-24-acusados-por-subsidio-de-mobilidade-nos-acores-inicia-hoje\/","name":"Julgamento de 24 acusados por subs\u00eddio de mobilidade nos A\u00e7ores inicia hoje - Portal Tela Portugal","isPartOf":{"@id":"https:\/\/portaltela.pt\/#website"},"primaryImageOfPage":{"@id":"https:\/\/portaltela.pt\/noticias\/2026\/02\/23\/julgamento-de-24-acusados-por-subsidio-de-mobilidade-nos-acores-inicia-hoje\/#primaryimage"},"image":{"@id":"https:\/\/portaltela.pt\/noticias\/2026\/02\/23\/julgamento-de-24-acusados-por-subsidio-de-mobilidade-nos-acores-inicia-hoje\/#primaryimage"},"thumbnailUrl":"https:\/\/portaltela.pt\/s.01k8rhncp4jt1\/2026\/02\/img_1280x721uu2021-04-26-22-47-24-1033205.jpg","datePublished":"2026-02-23T17:51:27+00:00","author":{"@id":"https:\/\/portaltela.pt\/#\/schema\/person\/c4278d4a6028830caff9ee44b42d32ed"},"breadcrumb":{"@id":"https:\/\/portaltela.pt\/noticias\/2026\/02\/23\/julgamento-de-24-acusados-por-subsidio-de-mobilidade-nos-acores-inicia-hoje\/#breadcrumb"},"inLanguage":"pt-PT","potentialAction":[{"@type":"ReadAction","target":["https:\/\/portaltela.pt\/noticias\/2026\/02\/23\/julgamento-de-24-acusados-por-subsidio-de-mobilidade-nos-acores-inicia-hoje\/"]}]},{"@type":"ImageObject","inLanguage":"pt-PT","@id":"https:\/\/portaltela.pt\/noticias\/2026\/02\/23\/julgamento-de-24-acusados-por-subsidio-de-mobilidade-nos-acores-inicia-hoje\/#primaryimage","url":"https:\/\/portaltela.pt\/s.01k8rhncp4jt1\/2026\/02\/img_1280x721uu2021-04-26-22-47-24-1033205.jpg","contentUrl":"https:\/\/portaltela.pt\/s.01k8rhncp4jt1\/2026\/02\/img_1280x721uu2021-04-26-22-47-24-1033205.jpg","width":796,"height":448,"caption":"Caso est\u00e1 a ser julgado em Angra do Hero\u00edsmo, na ilha Terceira, A\u00e7ores"},{"@type":"BreadcrumbList","@id":"https:\/\/portaltela.pt\/noticias\/2026\/02\/23\/julgamento-de-24-acusados-por-subsidio-de-mobilidade-nos-acores-inicia-hoje\/#breadcrumb","itemListElement":[{"@type":"ListItem","position":1,"name":"In\u00edcio","item":"https:\/\/portaltela.pt\/"},{"@type":"ListItem","position":2,"name":"Julgamento de 24 acusados por subs\u00eddio de mobilidade nos A\u00e7ores inicia hoje"}]},{"@type":"WebSite","@id":"https:\/\/portaltela.pt\/#website","url":"https:\/\/portaltela.pt\/","name":"Portal Tela Portugal","description":"","potentialAction":[{"@type":"SearchAction","target":{"@type":"EntryPoint","urlTemplate":"https:\/\/portaltela.pt\/?s={search_term_string}"},"query-input":{"@type":"PropertyValueSpecification","valueRequired":true,"valueName":"search_term_string"}}],"inLanguage":"pt-PT"},{"@type":"Person","@id":"https:\/\/portaltela.pt\/#\/schema\/person\/c4278d4a6028830caff9ee44b42d32ed","name":"Telinha","image":{"@type":"ImageObject","inLanguage":"pt-PT","@id":"https:\/\/portaltela.pt\/s.01k8rhncp4jt1\/2025\/11\/talking-bot-125x125.png","url":"https:\/\/portaltela.pt\/s.01k8rhncp4jt1\/2025\/11\/talking-bot-125x125.png","contentUrl":"https:\/\/portaltela.pt\/s.01k8rhncp4jt1\/2025\/11\/talking-bot-125x125.png","caption":"Telinha"},"sameAs":["https:\/\/portaltela.pt\/"],"url":"https:\/\/portaltela.pt\/por\/367410592786\/"}]}},"_links":{"self":[{"href":"https:\/\/portaltela.pt\/api\/wp\/v2\/posts\/223200","targetHints":{"allow":["GET"]}}],"collection":[{"href":"https:\/\/portaltela.pt\/api\/wp\/v2\/posts"}],"about":[{"href":"https:\/\/portaltela.pt\/api\/wp\/v2\/types\/post"}],"author":[{"embeddable":true,"href":"https:\/\/portaltela.pt\/api\/wp\/v2\/users\/2"}],"replies":[{"embeddable":true,"href":"https:\/\/portaltela.pt\/api\/wp\/v2\/comments?post=223200"}],"version-history":[{"count":0,"href":"https:\/\/portaltela.pt\/api\/wp\/v2\/posts\/223200\/revisions"}],"wp:featuredmedia":[{"embeddable":true,"href":"https:\/\/portaltela.pt\/api\/wp\/v2\/media\/223201"}],"wp:attachment":[{"href":"https:\/\/portaltela.pt\/api\/wp\/v2\/media?parent=223200"}],"wp:term":[{"taxonomy":"category","embeddable":true,"href":"https:\/\/portaltela.pt\/api\/wp\/v2\/categories?post=223200"},{"taxonomy":"post_tag","embeddable":true,"href":"https:\/\/portaltela.pt\/api\/wp\/v2\/tags?post=223200"}],"curies":[{"name":"wp","href":"https:\/\/api.w.org\/{rel}","templated":true}]}}