{"id":223190,"date":"2026-02-23T14:54:06","date_gmt":"2026-02-23T17:54:06","guid":{"rendered":"https:\/\/portaltela.pt\/noticias\/2026\/02\/23\/educacao-vai-rever-rede-escolar-nos-concelhos-mais-afetados-pelo-mau-tempo\/"},"modified":"2026-02-23T14:54:06","modified_gmt":"2026-02-23T17:54:06","slug":"educacao-vai-rever-rede-escolar-nos-concelhos-mais-afetados-pelo-mau-tempo","status":"publish","type":"post","link":"https:\/\/portaltela.pt\/noticias\/2026\/02\/23\/educacao-vai-rever-rede-escolar-nos-concelhos-mais-afetados-pelo-mau-tempo\/","title":{"rendered":"Educa\u00e7\u00e3o vai rever rede escolar nos concelhos mais afetados pelo mau tempo"},"content":{"rendered":"<p>O Minist\u00e9rio da Educa\u00e7\u00e3o anunciou que vai rever a rede escolar nas zonas mais afetadas pela tempestade Kristin. A meta \u00e9 revisar a oferta educativa em parceria com as autarquias, em vez de recorrer a solu\u00e7\u00f5es tempor\u00e1rias. A medida visa um planeamento estruturante no \u00e2mbito do Plano de Recupera\u00e7\u00e3o, de Resili\u00eancia e Transforma\u00e7\u00e3o.<\/p>\n<p>O ministro Fernando Alexandre destacou que o financiamento j\u00e1 previsto poder\u00e1 ser revisto com as autarquias, de modo a acelerar obras e adaptar as escolas \u00e0s demogra\ufb02ias locais. A ideia \u00e9 assegurar uma rede escolar mais resiliente nos concelhos afetados.<\/p>\n<p>A visita foi a Vieira de Leiria, na Marinha Grande, distrito de Leiria. O objetivo foi acompanhar a recupera\u00e7\u00e3o de estabelecimentos que resultaram de danos significativos, com foco na retoma r\u00e1pida do funcionamento.<\/p>\n<h3>Atores e a\u00e7\u00f5es em Vieira de Leiria<\/h3>\n<p>Na desloca\u00e7\u00e3o foi poss\u00edvel acompanhar a situa\u00e7\u00e3o da Escola B\u00e1sica N.\u00ba2 Padre Franklin, que ficou sem telhado, e da Escola Secund\u00e1ria Jos\u00e9 Botas, usadas para acolher turmas que anteriormente estavam em espa\u00e7os diversas. Alunos transferidos para a escola mais afetada.<\/p>\n<p>Foi implementada uma solu\u00e7\u00e3o de monoblocos com cinco turmas j\u00e1 instaladas e mais quatro a entrar na ter\u00e7a-feira. Os alunos que antes estudavam em bibliotecas, na junta de Freguesia e na igreja matriz passariam, assim, a ter espa\u00e7o pr\u00f3prio.<\/p>\n<p>O ministro destacou a import\u00e2ncia da articula\u00e7\u00e3o entre agrupamento, C\u00e2mara Municipal da Marinha Grande e demais entidades locais. A equipa de docentes e o pessoal n\u00e3o docente foram elogiados pela prontid\u00e3o na reorganiza\u00e7\u00e3o.<\/p>\n<h3>Sobre o contexto e metas futuras<\/h3>\n<p>Fernando Alexandre afirmou que \u00e9 poss\u00edvel regressar \u00e0 normalidade com um investimento estruturante. O Governo compromete-se a investir para recuperar as escolas de Vieira de Leiria, da Marinha Grande e de Leiria, em conjunto com as autarquias.<\/p>\n<p>A tempestade Kristin, associada aos sistemas Leonardo e Marta, causou dezenas de mortes e centenas de feridos. As regi\u00f5es Centro, Lisboa e Vale do Tejo e Alentejo foram as mais atingidas, com danos generalizados e interrup\u00e7\u00f5es de servi\u00e7os.<\/p>\n","protected":false},"excerpt":{"rendered":"<ul>\n<li>O Minist\u00e9rio da Educa\u00e7\u00e3o vai rever a rede escolar nas zonas mais afetadas pela tempestade Kristin, em articula\u00e7\u00e3o com as autarquias, para refor\u00e7ar a oferta educativa de forma estrutural e n\u00e3o apenas tempor\u00e1ria.<\/li>\n<li>O plano inclui reconvers\u00e3o da rede escolar com base no Plano de Recupera\u00e7\u00e3o, de Resili\u00eancia e Transforma\u00e7\u00e3o, revendo o financiamento j\u00e1 previsto para obras nas escolas afetadas.<\/li>\n<li>A medida visa iniciar obras rapidamente e tornar as escolas mais resilientes, considerando as mudan\u00e7as demogr\u00e1ficas na regi\u00e3o.<\/li>\n<li>Em Vieira de Leiria, a poucos dias de terem ocorrido fortes estragos, o ministro destacou o uso de estruturas de monoblocos para acolher turmas e facilitar o regresso dos alunos \u00e0s escolas.<\/li>\n<li>O Governo compromete-se a trabalhar com as autarquias para recuperar as escolas de Vieira de Leiria, da Marinha Grande e de Leiria, entre outras zonas fortemente atingidas, mantendo foco na normaliza\u00e7\u00e3o da educa\u00e7\u00e3o.<\/li>\n<\/ul>\n","protected":false},"author":2,"featured_media":223192,"comment_status":"closed","ping_status":"closed","sticky":false,"template":"","format":"standard","meta":{"footnotes":""},"categories":[1],"tags":[5215,373,163,1615,1385,4643],"class_list":["post-223190","post","type-post","status-publish","format-standard","has-post-thumbnail","hentry","category-noticias","tag-catastrofes-naturais","tag-concelhos","tag-educacao","tag-infraestrutura","tag-leiria","tag-marinha-grande"],"yoast_head":"<!-- This site is optimized with the Yoast SEO plugin v27.2 - https:\/\/yoast.com\/product\/yoast-seo-wordpress\/ -->\n<title>Educa\u00e7\u00e3o vai rever rede escolar nos concelhos mais afetados pelo mau tempo - Portal Tela Portugal<\/title>\n<meta name=\"robots\" content=\"index, follow, max-snippet:-1, max-image-preview:large, max-video-preview:-1\" \/>\n<meta property=\"og:locale\" content=\"pt_PT\" \/>\n<meta property=\"og:type\" content=\"article\" \/>\n<meta property=\"og:title\" content=\"Educa\u00e7\u00e3o vai rever rede escolar nos concelhos mais afetados pelo mau tempo - Portal Tela Portugal\" \/>\n<meta property=\"og:description\" content=\"O Minist\u00e9rio da Educa\u00e7\u00e3o vai rever a rede escolar nas zonas mais afetadas pela tempestade Kristin, em articula\u00e7\u00e3o com as autarquias, para refor\u00e7ar a oferta educativa de forma estrutural e n\u00e3o apenas tempor\u00e1ria. O plano inclui reconvers\u00e3o da rede escolar com base no Plano de Recupera\u00e7\u00e3o, de Resili\u00eancia e Transforma\u00e7\u00e3o, revendo o financiamento j\u00e1 previsto para obras nas escolas afetadas. A medida visa iniciar obras rapidamente e tornar as escolas mais resilientes, considerando as mudan\u00e7as demogr\u00e1ficas na regi\u00e3o. Em Vieira de Leiria, a poucos dias de terem ocorrido fortes estragos, o ministro destacou o uso de estruturas de monoblocos para acolher turmas e facilitar o regresso dos alunos \u00e0s escolas. O Governo compromete-se a trabalhar com as autarquias para recuperar as escolas de Vieira de Leiria, da Marinha Grande e de Leiria, entre outras zonas fortemente atingidas, mantendo foco na normaliza\u00e7\u00e3o da educa\u00e7\u00e3o.\" \/>\n<meta property=\"og:url\" content=\"https:\/\/portaltela.pt\/noticias\/2026\/02\/23\/educacao-vai-rever-rede-escolar-nos-concelhos-mais-afetados-pelo-mau-tempo\/\" \/>\n<meta property=\"og:site_name\" content=\"Portal Tela Portugal\" \/>\n<meta property=\"article:published_time\" content=\"2026-02-23T17:54:06+00:00\" \/>\n<meta name=\"author\" content=\"Telinha\" \/>\n<meta name=\"twitter:card\" content=\"summary_large_image\" \/>\n<meta name=\"twitter:label1\" content=\"Escrito por\" \/>\n\t<meta name=\"twitter:data1\" content=\"Telinha\" \/>\n\t<meta name=\"twitter:label2\" content=\"Tempo estimado de leitura\" \/>\n\t<meta name=\"twitter:data2\" content=\"2 minutos\" \/>\n<script type=\"application\/ld+json\" class=\"yoast-schema-graph\">{\"@context\":\"https:\/\/schema.org\",\"@graph\":[{\"@type\":\"Article\",\"@id\":\"https:\/\/portaltela.pt\/noticias\/2026\/02\/23\/educacao-vai-rever-rede-escolar-nos-concelhos-mais-afetados-pelo-mau-tempo\/#article\",\"isPartOf\":{\"@id\":\"https:\/\/portaltela.pt\/noticias\/2026\/02\/23\/educacao-vai-rever-rede-escolar-nos-concelhos-mais-afetados-pelo-mau-tempo\/\"},\"author\":{\"name\":\"Telinha\",\"@id\":\"https:\/\/portaltela.pt\/#\/schema\/person\/c4278d4a6028830caff9ee44b42d32ed\"},\"headline\":\"Educa\u00e7\u00e3o vai rever rede escolar nos concelhos mais afetados pelo mau tempo\",\"datePublished\":\"2026-02-23T17:54:06+00:00\",\"mainEntityOfPage\":{\"@id\":\"https:\/\/portaltela.pt\/noticias\/2026\/02\/23\/educacao-vai-rever-rede-escolar-nos-concelhos-mais-afetados-pelo-mau-tempo\/\"},\"wordCount\":366,\"image\":{\"@id\":\"https:\/\/portaltela.pt\/noticias\/2026\/02\/23\/educacao-vai-rever-rede-escolar-nos-concelhos-mais-afetados-pelo-mau-tempo\/#primaryimage\"},\"thumbnailUrl\":\"https:\/\/portaltela.pt\/s.01k8rhncp4jt1\/2026\/02\/img_1500x1000uu2024-06-14-14-53-52-1680434.jpg\",\"keywords\":[\"cat\u00e1strofes naturais\",\"concelhos\",\"educa\u00e7\u00e3o\",\"infraestrutura\",\"Leiria\",\"Marinha Grande\"],\"articleSection\":[\"Not\u00edcias\"],\"inLanguage\":\"pt-PT\"},{\"@type\":\"WebPage\",\"@id\":\"https:\/\/portaltela.pt\/noticias\/2026\/02\/23\/educacao-vai-rever-rede-escolar-nos-concelhos-mais-afetados-pelo-mau-tempo\/\",\"url\":\"https:\/\/portaltela.pt\/noticias\/2026\/02\/23\/educacao-vai-rever-rede-escolar-nos-concelhos-mais-afetados-pelo-mau-tempo\/\",\"name\":\"Educa\u00e7\u00e3o vai rever rede escolar nos concelhos mais afetados pelo mau tempo - Portal Tela Portugal\",\"isPartOf\":{\"@id\":\"https:\/\/portaltela.pt\/#website\"},\"primaryImageOfPage\":{\"@id\":\"https:\/\/portaltela.pt\/noticias\/2026\/02\/23\/educacao-vai-rever-rede-escolar-nos-concelhos-mais-afetados-pelo-mau-tempo\/#primaryimage\"},\"image\":{\"@id\":\"https:\/\/portaltela.pt\/noticias\/2026\/02\/23\/educacao-vai-rever-rede-escolar-nos-concelhos-mais-afetados-pelo-mau-tempo\/#primaryimage\"},\"thumbnailUrl\":\"https:\/\/portaltela.pt\/s.01k8rhncp4jt1\/2026\/02\/img_1500x1000uu2024-06-14-14-53-52-1680434.jpg\",\"datePublished\":\"2026-02-23T17:54:06+00:00\",\"author\":{\"@id\":\"https:\/\/portaltela.pt\/#\/schema\/person\/c4278d4a6028830caff9ee44b42d32ed\"},\"breadcrumb\":{\"@id\":\"https:\/\/portaltela.pt\/noticias\/2026\/02\/23\/educacao-vai-rever-rede-escolar-nos-concelhos-mais-afetados-pelo-mau-tempo\/#breadcrumb\"},\"inLanguage\":\"pt-PT\",\"potentialAction\":[{\"@type\":\"ReadAction\",\"target\":[\"https:\/\/portaltela.pt\/noticias\/2026\/02\/23\/educacao-vai-rever-rede-escolar-nos-concelhos-mais-afetados-pelo-mau-tempo\/\"]}]},{\"@type\":\"ImageObject\",\"inLanguage\":\"pt-PT\",\"@id\":\"https:\/\/portaltela.pt\/noticias\/2026\/02\/23\/educacao-vai-rever-rede-escolar-nos-concelhos-mais-afetados-pelo-mau-tempo\/#primaryimage\",\"url\":\"https:\/\/portaltela.pt\/s.01k8rhncp4jt1\/2026\/02\/img_1500x1000uu2024-06-14-14-53-52-1680434.jpg\",\"contentUrl\":\"https:\/\/portaltela.pt\/s.01k8rhncp4jt1\/2026\/02\/img_1500x1000uu2024-06-14-14-53-52-1680434.jpg\",\"width\":796,\"height\":448,\"caption\":\"Ministro da Educa\u00e7\u00e3o, Fernando Alexandre\"},{\"@type\":\"BreadcrumbList\",\"@id\":\"https:\/\/portaltela.pt\/noticias\/2026\/02\/23\/educacao-vai-rever-rede-escolar-nos-concelhos-mais-afetados-pelo-mau-tempo\/#breadcrumb\",\"itemListElement\":[{\"@type\":\"ListItem\",\"position\":1,\"name\":\"In\u00edcio\",\"item\":\"https:\/\/portaltela.pt\/\"},{\"@type\":\"ListItem\",\"position\":2,\"name\":\"Educa\u00e7\u00e3o vai rever rede escolar nos concelhos mais afetados pelo mau tempo\"}]},{\"@type\":\"WebSite\",\"@id\":\"https:\/\/portaltela.pt\/#website\",\"url\":\"https:\/\/portaltela.pt\/\",\"name\":\"Portal Tela Portugal\",\"description\":\"\",\"potentialAction\":[{\"@type\":\"SearchAction\",\"target\":{\"@type\":\"EntryPoint\",\"urlTemplate\":\"https:\/\/portaltela.pt\/?s={search_term_string}\"},\"query-input\":{\"@type\":\"PropertyValueSpecification\",\"valueRequired\":true,\"valueName\":\"search_term_string\"}}],\"inLanguage\":\"pt-PT\"},{\"@type\":\"Person\",\"@id\":\"https:\/\/portaltela.pt\/#\/schema\/person\/c4278d4a6028830caff9ee44b42d32ed\",\"name\":\"Telinha\",\"image\":{\"@type\":\"ImageObject\",\"inLanguage\":\"pt-PT\",\"@id\":\"https:\/\/portaltela.pt\/s.01k8rhncp4jt1\/2025\/11\/talking-bot-125x125.png\",\"url\":\"https:\/\/portaltela.pt\/s.01k8rhncp4jt1\/2025\/11\/talking-bot-125x125.png\",\"contentUrl\":\"https:\/\/portaltela.pt\/s.01k8rhncp4jt1\/2025\/11\/talking-bot-125x125.png\",\"caption\":\"Telinha\"},\"sameAs\":[\"https:\/\/portaltela.pt\/\"],\"url\":\"https:\/\/portaltela.pt\/por\/367410592786\/\"}]}<\/script>\n<!-- \/ Yoast SEO plugin. -->","yoast_head_json":{"title":"Educa\u00e7\u00e3o vai rever rede escolar nos concelhos mais afetados pelo mau tempo - Portal Tela Portugal","robots":{"index":"index","follow":"follow","max-snippet":"max-snippet:-1","max-image-preview":"max-image-preview:large","max-video-preview":"max-video-preview:-1"},"og_locale":"pt_PT","og_type":"article","og_title":"Educa\u00e7\u00e3o vai rever rede escolar nos concelhos mais afetados pelo mau tempo - Portal Tela Portugal","og_description":"O Minist\u00e9rio da Educa\u00e7\u00e3o vai rever a rede escolar nas zonas mais afetadas pela tempestade Kristin, em articula\u00e7\u00e3o com as autarquias, para refor\u00e7ar a oferta educativa de forma estrutural e n\u00e3o apenas tempor\u00e1ria. O plano inclui reconvers\u00e3o da rede escolar com base no Plano de Recupera\u00e7\u00e3o, de Resili\u00eancia e Transforma\u00e7\u00e3o, revendo o financiamento j\u00e1 previsto para obras nas escolas afetadas. A medida visa iniciar obras rapidamente e tornar as escolas mais resilientes, considerando as mudan\u00e7as demogr\u00e1ficas na regi\u00e3o. Em Vieira de Leiria, a poucos dias de terem ocorrido fortes estragos, o ministro destacou o uso de estruturas de monoblocos para acolher turmas e facilitar o regresso dos alunos \u00e0s escolas. O Governo compromete-se a trabalhar com as autarquias para recuperar as escolas de Vieira de Leiria, da Marinha Grande e de Leiria, entre outras zonas fortemente atingidas, mantendo foco na normaliza\u00e7\u00e3o da educa\u00e7\u00e3o.","og_url":"https:\/\/portaltela.pt\/noticias\/2026\/02\/23\/educacao-vai-rever-rede-escolar-nos-concelhos-mais-afetados-pelo-mau-tempo\/","og_site_name":"Portal Tela Portugal","article_published_time":"2026-02-23T17:54:06+00:00","author":"Telinha","twitter_card":"summary_large_image","twitter_misc":{"Escrito por":"Telinha","Tempo estimado de leitura":"2 minutos"},"schema":{"@context":"https:\/\/schema.org","@graph":[{"@type":"Article","@id":"https:\/\/portaltela.pt\/noticias\/2026\/02\/23\/educacao-vai-rever-rede-escolar-nos-concelhos-mais-afetados-pelo-mau-tempo\/#article","isPartOf":{"@id":"https:\/\/portaltela.pt\/noticias\/2026\/02\/23\/educacao-vai-rever-rede-escolar-nos-concelhos-mais-afetados-pelo-mau-tempo\/"},"author":{"name":"Telinha","@id":"https:\/\/portaltela.pt\/#\/schema\/person\/c4278d4a6028830caff9ee44b42d32ed"},"headline":"Educa\u00e7\u00e3o vai rever rede escolar nos concelhos mais afetados pelo mau tempo","datePublished":"2026-02-23T17:54:06+00:00","mainEntityOfPage":{"@id":"https:\/\/portaltela.pt\/noticias\/2026\/02\/23\/educacao-vai-rever-rede-escolar-nos-concelhos-mais-afetados-pelo-mau-tempo\/"},"wordCount":366,"image":{"@id":"https:\/\/portaltela.pt\/noticias\/2026\/02\/23\/educacao-vai-rever-rede-escolar-nos-concelhos-mais-afetados-pelo-mau-tempo\/#primaryimage"},"thumbnailUrl":"https:\/\/portaltela.pt\/s.01k8rhncp4jt1\/2026\/02\/img_1500x1000uu2024-06-14-14-53-52-1680434.jpg","keywords":["cat\u00e1strofes naturais","concelhos","educa\u00e7\u00e3o","infraestrutura","Leiria","Marinha Grande"],"articleSection":["Not\u00edcias"],"inLanguage":"pt-PT"},{"@type":"WebPage","@id":"https:\/\/portaltela.pt\/noticias\/2026\/02\/23\/educacao-vai-rever-rede-escolar-nos-concelhos-mais-afetados-pelo-mau-tempo\/","url":"https:\/\/portaltela.pt\/noticias\/2026\/02\/23\/educacao-vai-rever-rede-escolar-nos-concelhos-mais-afetados-pelo-mau-tempo\/","name":"Educa\u00e7\u00e3o vai rever rede escolar nos concelhos mais afetados pelo mau tempo - Portal Tela Portugal","isPartOf":{"@id":"https:\/\/portaltela.pt\/#website"},"primaryImageOfPage":{"@id":"https:\/\/portaltela.pt\/noticias\/2026\/02\/23\/educacao-vai-rever-rede-escolar-nos-concelhos-mais-afetados-pelo-mau-tempo\/#primaryimage"},"image":{"@id":"https:\/\/portaltela.pt\/noticias\/2026\/02\/23\/educacao-vai-rever-rede-escolar-nos-concelhos-mais-afetados-pelo-mau-tempo\/#primaryimage"},"thumbnailUrl":"https:\/\/portaltela.pt\/s.01k8rhncp4jt1\/2026\/02\/img_1500x1000uu2024-06-14-14-53-52-1680434.jpg","datePublished":"2026-02-23T17:54:06+00:00","author":{"@id":"https:\/\/portaltela.pt\/#\/schema\/person\/c4278d4a6028830caff9ee44b42d32ed"},"breadcrumb":{"@id":"https:\/\/portaltela.pt\/noticias\/2026\/02\/23\/educacao-vai-rever-rede-escolar-nos-concelhos-mais-afetados-pelo-mau-tempo\/#breadcrumb"},"inLanguage":"pt-PT","potentialAction":[{"@type":"ReadAction","target":["https:\/\/portaltela.pt\/noticias\/2026\/02\/23\/educacao-vai-rever-rede-escolar-nos-concelhos-mais-afetados-pelo-mau-tempo\/"]}]},{"@type":"ImageObject","inLanguage":"pt-PT","@id":"https:\/\/portaltela.pt\/noticias\/2026\/02\/23\/educacao-vai-rever-rede-escolar-nos-concelhos-mais-afetados-pelo-mau-tempo\/#primaryimage","url":"https:\/\/portaltela.pt\/s.01k8rhncp4jt1\/2026\/02\/img_1500x1000uu2024-06-14-14-53-52-1680434.jpg","contentUrl":"https:\/\/portaltela.pt\/s.01k8rhncp4jt1\/2026\/02\/img_1500x1000uu2024-06-14-14-53-52-1680434.jpg","width":796,"height":448,"caption":"Ministro da Educa\u00e7\u00e3o, Fernando Alexandre"},{"@type":"BreadcrumbList","@id":"https:\/\/portaltela.pt\/noticias\/2026\/02\/23\/educacao-vai-rever-rede-escolar-nos-concelhos-mais-afetados-pelo-mau-tempo\/#breadcrumb","itemListElement":[{"@type":"ListItem","position":1,"name":"In\u00edcio","item":"https:\/\/portaltela.pt\/"},{"@type":"ListItem","position":2,"name":"Educa\u00e7\u00e3o vai rever rede escolar nos concelhos mais afetados pelo mau tempo"}]},{"@type":"WebSite","@id":"https:\/\/portaltela.pt\/#website","url":"https:\/\/portaltela.pt\/","name":"Portal Tela Portugal","description":"","potentialAction":[{"@type":"SearchAction","target":{"@type":"EntryPoint","urlTemplate":"https:\/\/portaltela.pt\/?s={search_term_string}"},"query-input":{"@type":"PropertyValueSpecification","valueRequired":true,"valueName":"search_term_string"}}],"inLanguage":"pt-PT"},{"@type":"Person","@id":"https:\/\/portaltela.pt\/#\/schema\/person\/c4278d4a6028830caff9ee44b42d32ed","name":"Telinha","image":{"@type":"ImageObject","inLanguage":"pt-PT","@id":"https:\/\/portaltela.pt\/s.01k8rhncp4jt1\/2025\/11\/talking-bot-125x125.png","url":"https:\/\/portaltela.pt\/s.01k8rhncp4jt1\/2025\/11\/talking-bot-125x125.png","contentUrl":"https:\/\/portaltela.pt\/s.01k8rhncp4jt1\/2025\/11\/talking-bot-125x125.png","caption":"Telinha"},"sameAs":["https:\/\/portaltela.pt\/"],"url":"https:\/\/portaltela.pt\/por\/367410592786\/"}]}},"_links":{"self":[{"href":"https:\/\/portaltela.pt\/api\/wp\/v2\/posts\/223190","targetHints":{"allow":["GET"]}}],"collection":[{"href":"https:\/\/portaltela.pt\/api\/wp\/v2\/posts"}],"about":[{"href":"https:\/\/portaltela.pt\/api\/wp\/v2\/types\/post"}],"author":[{"embeddable":true,"href":"https:\/\/portaltela.pt\/api\/wp\/v2\/users\/2"}],"replies":[{"embeddable":true,"href":"https:\/\/portaltela.pt\/api\/wp\/v2\/comments?post=223190"}],"version-history":[{"count":0,"href":"https:\/\/portaltela.pt\/api\/wp\/v2\/posts\/223190\/revisions"}],"wp:featuredmedia":[{"embeddable":true,"href":"https:\/\/portaltela.pt\/api\/wp\/v2\/media\/223192"}],"wp:attachment":[{"href":"https:\/\/portaltela.pt\/api\/wp\/v2\/media?parent=223190"}],"wp:term":[{"taxonomy":"category","embeddable":true,"href":"https:\/\/portaltela.pt\/api\/wp\/v2\/categories?post=223190"},{"taxonomy":"post_tag","embeddable":true,"href":"https:\/\/portaltela.pt\/api\/wp\/v2\/tags?post=223190"}],"curies":[{"name":"wp","href":"https:\/\/api.w.org\/{rel}","templated":true}]}}