{"id":223181,"date":"2026-02-23T14:54:00","date_gmt":"2026-02-23T17:54:00","guid":{"rendered":"https:\/\/portaltela.pt\/noticias\/2026\/02\/23\/duas-ruas-fechadas-na-vila-do-corvo-devido-ao-mau-tempo\/"},"modified":"2026-02-23T14:54:00","modified_gmt":"2026-02-23T17:54:00","slug":"duas-ruas-fechadas-na-vila-do-corvo-devido-ao-mau-tempo","status":"publish","type":"post","link":"https:\/\/portaltela.pt\/noticias\/2026\/02\/23\/duas-ruas-fechadas-na-vila-do-corvo-devido-ao-mau-tempo\/","title":{"rendered":"Duas ruas fechadas na vila do Corvo devido ao mau tempo"},"content":{"rendered":"<p>Duas ruas da vila do Corvo foram encerradas \u00e0 circula\u00e7\u00e3o rodovi\u00e1ria devido ao mau tempo. A decis\u00e3o foi anunciada pela C\u00e2mara Municipal do Corvo, ap\u00f3s o aviso meteorol\u00f3gico do IPMA. A medida abrange o tro\u00e7o entre o Caminho das Pedras Vermelhas e o Parque de Estacionamento, no sul da pista.<\/p>\n<p>O encerramento entrou em vigor \u00e0s 16h00 de segunda-feira e mant\u00e9m-se at\u00e9 \u00e0s 08h00 de ter\u00e7a-feira, conforme o comunicado assinado pelo vice-presidente \u00d3scar Rocha. A autarquia justifica a interven\u00e7\u00e3o pela gravidade prevista do tempo.<\/p>\n<p>O IPMA alerta para agita\u00e7\u00e3o mar\u00edtima e vento forte nos A\u00e7ores, com um front frio a intensificar-se a partir de segunda-feira. O arquip\u00e9lago est\u00e1 dividido em grupos para efeitos de avisos, com o Ocidental e o Central a receber os de maior severidade.<\/p>\n<h3>Avisos e previs\u00f5es do IPMA<\/h3>\n<p>Para o grupo Ocidental, o IPMA prev\u00ea ventos sudoeste a noroeste com rajadas at\u00e9 110 km\/h e ondas significativas de at\u00e9 10 metros, podendo atingir 19 metros. O grupo Central pode enfrentar ventos de at\u00e9 95 km\/h e ondas at\u00e9 8 metros.<\/p>\n<p>Precipita\u00e7\u00e3o moderada a forte \u00e9 prevista para os grupos Ocidental e Central, com eventual trovoada. A forma\u00e7\u00e3o de uma depress\u00e3o a norte do arquip\u00e9lago dever\u00e1 agravar o tempo a partir de hoje, refor\u00e7ando a agita\u00e7\u00e3o mar\u00edtima e as rajadas.<\/p>\n","protected":false},"excerpt":{"rendered":"<ul>\n<li>Duas ruas da vila do Corvo foram encerradas \u00e0 circula\u00e7\u00e3o entre 16h00 de segunda-feira e 08h00 de ter\u00e7a-feira, no tro\u00e7o entre o Caminho das Pedras Vermelhas e o Parque de Estacionamento a sul da pista, devido ao mau tempo.<\/li>\n<li>A medida foi anunciada pela C\u00e2mara Municipal do Corvo e assinada pelo vice-presidente \u00d3scar Rocha, na sequ\u00eancia de um aviso do IPMA.<\/li>\n<li>O IPMA emitiu avisos vermelho e laranja para o grupo Ocidental (Flores e Corvo) por agita\u00e7\u00e3o mar\u00edtima e vento, e laranja para o grupo Central; amarelos para o Oriental.<\/li>\n<li>A previs\u00edvel frente fria pode agravar o tempo a partir desta segunda, com vento de sudoeste a noroeste, rajadas at\u00e9 110 km\/h no Ocidental e 95 km\/h no Central, al\u00e9m de precipita\u00e7\u00e3o por vezes forte com trovoadas.<\/li>\n<li>Em rela\u00e7\u00e3o \u00e0 agita\u00e7\u00e3o mar\u00edtima, prev\u00eaem-se ondas de oeste com altura significativa at\u00e9 10 metros no Ocidental (podendo atingir 19 metros), 8 metros no Central e 7 metros no Oriental.<\/li>\n<\/ul>\n","protected":false},"author":2,"featured_media":223184,"comment_status":"closed","ping_status":"closed","sticky":false,"template":"","format":"standard","meta":{"footnotes":""},"categories":[1],"tags":[822,183,3658,3742,3968,2345],"class_list":["post-223181","post","type-post","status-publish","format-standard","has-post-thumbnail","hentry","category-noticias","tag-acores","tag-agitacao-maritima","tag-aviso-amarelo","tag-corvo","tag-ipma","tag-ventos"],"yoast_head":"<!-- This site is optimized with the Yoast SEO plugin v27.2 - https:\/\/yoast.com\/product\/yoast-seo-wordpress\/ -->\n<title>Duas ruas fechadas na vila do Corvo devido ao mau tempo - Portal Tela Portugal<\/title>\n<meta name=\"robots\" content=\"index, follow, max-snippet:-1, max-image-preview:large, max-video-preview:-1\" \/>\n<meta property=\"og:locale\" content=\"pt_PT\" \/>\n<meta property=\"og:type\" content=\"article\" \/>\n<meta property=\"og:title\" content=\"Duas ruas fechadas na vila do Corvo devido ao mau tempo - Portal Tela Portugal\" \/>\n<meta property=\"og:description\" content=\"Duas ruas da vila do Corvo foram encerradas \u00e0 circula\u00e7\u00e3o entre 16h00 de segunda-feira e 08h00 de ter\u00e7a-feira, no tro\u00e7o entre o Caminho das Pedras Vermelhas e o Parque de Estacionamento a sul da pista, devido ao mau tempo. A medida foi anunciada pela C\u00e2mara Municipal do Corvo e assinada pelo vice-presidente \u00d3scar Rocha, na sequ\u00eancia de um aviso do IPMA. O IPMA emitiu avisos vermelho e laranja para o grupo Ocidental (Flores e Corvo) por agita\u00e7\u00e3o mar\u00edtima e vento, e laranja para o grupo Central; amarelos para o Oriental. A previs\u00edvel frente fria pode agravar o tempo a partir desta segunda, com vento de sudoeste a noroeste, rajadas at\u00e9 110 km\/h no Ocidental e 95 km\/h no Central, al\u00e9m de precipita\u00e7\u00e3o por vezes forte com trovoadas. Em rela\u00e7\u00e3o \u00e0 agita\u00e7\u00e3o mar\u00edtima, prev\u00eaem-se ondas de oeste com altura significativa at\u00e9 10 metros no Ocidental (podendo atingir 19 metros), 8 metros no Central e 7 metros no Oriental.\" \/>\n<meta property=\"og:url\" content=\"https:\/\/portaltela.pt\/noticias\/2026\/02\/23\/duas-ruas-fechadas-na-vila-do-corvo-devido-ao-mau-tempo\/\" \/>\n<meta property=\"og:site_name\" content=\"Portal Tela Portugal\" \/>\n<meta property=\"article:published_time\" content=\"2026-02-23T17:54:00+00:00\" \/>\n<meta name=\"author\" content=\"Telinha\" \/>\n<meta name=\"twitter:card\" content=\"summary_large_image\" \/>\n<meta name=\"twitter:label1\" content=\"Escrito por\" \/>\n\t<meta name=\"twitter:data1\" content=\"Telinha\" \/>\n\t<meta name=\"twitter:label2\" content=\"Tempo estimado de leitura\" \/>\n\t<meta name=\"twitter:data2\" content=\"1 minuto\" \/>\n<script type=\"application\/ld+json\" class=\"yoast-schema-graph\">{\"@context\":\"https:\/\/schema.org\",\"@graph\":[{\"@type\":\"Article\",\"@id\":\"https:\/\/portaltela.pt\/noticias\/2026\/02\/23\/duas-ruas-fechadas-na-vila-do-corvo-devido-ao-mau-tempo\/#article\",\"isPartOf\":{\"@id\":\"https:\/\/portaltela.pt\/noticias\/2026\/02\/23\/duas-ruas-fechadas-na-vila-do-corvo-devido-ao-mau-tempo\/\"},\"author\":{\"name\":\"Telinha\",\"@id\":\"https:\/\/portaltela.pt\/#\/schema\/person\/c4278d4a6028830caff9ee44b42d32ed\"},\"headline\":\"Duas ruas fechadas na vila do Corvo devido ao mau tempo\",\"datePublished\":\"2026-02-23T17:54:00+00:00\",\"mainEntityOfPage\":{\"@id\":\"https:\/\/portaltela.pt\/noticias\/2026\/02\/23\/duas-ruas-fechadas-na-vila-do-corvo-devido-ao-mau-tempo\/\"},\"wordCount\":241,\"image\":{\"@id\":\"https:\/\/portaltela.pt\/noticias\/2026\/02\/23\/duas-ruas-fechadas-na-vila-do-corvo-devido-ao-mau-tempo\/#primaryimage\"},\"thumbnailUrl\":\"https:\/\/portaltela.pt\/s.01k8rhncp4jt1\/2026\/02\/img_1500x1000uu2026-02-11-15-28-17-2266282-5.jpg\",\"keywords\":[\"A\u00e7ores\",\"agita\u00e7\u00e3o mar\u00edtima\",\"aviso amarelo\",\"Corvo\",\"IPMA\",\"ventos\"],\"articleSection\":[\"Not\u00edcias\"],\"inLanguage\":\"pt-PT\"},{\"@type\":\"WebPage\",\"@id\":\"https:\/\/portaltela.pt\/noticias\/2026\/02\/23\/duas-ruas-fechadas-na-vila-do-corvo-devido-ao-mau-tempo\/\",\"url\":\"https:\/\/portaltela.pt\/noticias\/2026\/02\/23\/duas-ruas-fechadas-na-vila-do-corvo-devido-ao-mau-tempo\/\",\"name\":\"Duas ruas fechadas na vila do Corvo devido ao mau tempo - Portal Tela Portugal\",\"isPartOf\":{\"@id\":\"https:\/\/portaltela.pt\/#website\"},\"primaryImageOfPage\":{\"@id\":\"https:\/\/portaltela.pt\/noticias\/2026\/02\/23\/duas-ruas-fechadas-na-vila-do-corvo-devido-ao-mau-tempo\/#primaryimage\"},\"image\":{\"@id\":\"https:\/\/portaltela.pt\/noticias\/2026\/02\/23\/duas-ruas-fechadas-na-vila-do-corvo-devido-ao-mau-tempo\/#primaryimage\"},\"thumbnailUrl\":\"https:\/\/portaltela.pt\/s.01k8rhncp4jt1\/2026\/02\/img_1500x1000uu2026-02-11-15-28-17-2266282-5.jpg\",\"datePublished\":\"2026-02-23T17:54:00+00:00\",\"author\":{\"@id\":\"https:\/\/portaltela.pt\/#\/schema\/person\/c4278d4a6028830caff9ee44b42d32ed\"},\"breadcrumb\":{\"@id\":\"https:\/\/portaltela.pt\/noticias\/2026\/02\/23\/duas-ruas-fechadas-na-vila-do-corvo-devido-ao-mau-tempo\/#breadcrumb\"},\"inLanguage\":\"pt-PT\",\"potentialAction\":[{\"@type\":\"ReadAction\",\"target\":[\"https:\/\/portaltela.pt\/noticias\/2026\/02\/23\/duas-ruas-fechadas-na-vila-do-corvo-devido-ao-mau-tempo\/\"]}]},{\"@type\":\"ImageObject\",\"inLanguage\":\"pt-PT\",\"@id\":\"https:\/\/portaltela.pt\/noticias\/2026\/02\/23\/duas-ruas-fechadas-na-vila-do-corvo-devido-ao-mau-tempo\/#primaryimage\",\"url\":\"https:\/\/portaltela.pt\/s.01k8rhncp4jt1\/2026\/02\/img_1500x1000uu2026-02-11-15-28-17-2266282-5.jpg\",\"contentUrl\":\"https:\/\/portaltela.pt\/s.01k8rhncp4jt1\/2026\/02\/img_1500x1000uu2026-02-11-15-28-17-2266282-5.jpg\",\"width\":796,\"height\":448,\"caption\":\"Prote\u00e7\u00e3o Civil\"},{\"@type\":\"BreadcrumbList\",\"@id\":\"https:\/\/portaltela.pt\/noticias\/2026\/02\/23\/duas-ruas-fechadas-na-vila-do-corvo-devido-ao-mau-tempo\/#breadcrumb\",\"itemListElement\":[{\"@type\":\"ListItem\",\"position\":1,\"name\":\"In\u00edcio\",\"item\":\"https:\/\/portaltela.pt\/\"},{\"@type\":\"ListItem\",\"position\":2,\"name\":\"Duas ruas fechadas na vila do Corvo devido ao mau tempo\"}]},{\"@type\":\"WebSite\",\"@id\":\"https:\/\/portaltela.pt\/#website\",\"url\":\"https:\/\/portaltela.pt\/\",\"name\":\"Portal Tela Portugal\",\"description\":\"\",\"potentialAction\":[{\"@type\":\"SearchAction\",\"target\":{\"@type\":\"EntryPoint\",\"urlTemplate\":\"https:\/\/portaltela.pt\/?s={search_term_string}\"},\"query-input\":{\"@type\":\"PropertyValueSpecification\",\"valueRequired\":true,\"valueName\":\"search_term_string\"}}],\"inLanguage\":\"pt-PT\"},{\"@type\":\"Person\",\"@id\":\"https:\/\/portaltela.pt\/#\/schema\/person\/c4278d4a6028830caff9ee44b42d32ed\",\"name\":\"Telinha\",\"image\":{\"@type\":\"ImageObject\",\"inLanguage\":\"pt-PT\",\"@id\":\"https:\/\/portaltela.pt\/s.01k8rhncp4jt1\/2025\/11\/talking-bot-125x125.png\",\"url\":\"https:\/\/portaltela.pt\/s.01k8rhncp4jt1\/2025\/11\/talking-bot-125x125.png\",\"contentUrl\":\"https:\/\/portaltela.pt\/s.01k8rhncp4jt1\/2025\/11\/talking-bot-125x125.png\",\"caption\":\"Telinha\"},\"sameAs\":[\"https:\/\/portaltela.pt\/\"],\"url\":\"https:\/\/portaltela.pt\/por\/367410592786\/\"}]}<\/script>\n<!-- \/ Yoast SEO plugin. -->","yoast_head_json":{"title":"Duas ruas fechadas na vila do Corvo devido ao mau tempo - Portal Tela Portugal","robots":{"index":"index","follow":"follow","max-snippet":"max-snippet:-1","max-image-preview":"max-image-preview:large","max-video-preview":"max-video-preview:-1"},"og_locale":"pt_PT","og_type":"article","og_title":"Duas ruas fechadas na vila do Corvo devido ao mau tempo - Portal Tela Portugal","og_description":"Duas ruas da vila do Corvo foram encerradas \u00e0 circula\u00e7\u00e3o entre 16h00 de segunda-feira e 08h00 de ter\u00e7a-feira, no tro\u00e7o entre o Caminho das Pedras Vermelhas e o Parque de Estacionamento a sul da pista, devido ao mau tempo. A medida foi anunciada pela C\u00e2mara Municipal do Corvo e assinada pelo vice-presidente \u00d3scar Rocha, na sequ\u00eancia de um aviso do IPMA. O IPMA emitiu avisos vermelho e laranja para o grupo Ocidental (Flores e Corvo) por agita\u00e7\u00e3o mar\u00edtima e vento, e laranja para o grupo Central; amarelos para o Oriental. A previs\u00edvel frente fria pode agravar o tempo a partir desta segunda, com vento de sudoeste a noroeste, rajadas at\u00e9 110 km\/h no Ocidental e 95 km\/h no Central, al\u00e9m de precipita\u00e7\u00e3o por vezes forte com trovoadas. Em rela\u00e7\u00e3o \u00e0 agita\u00e7\u00e3o mar\u00edtima, prev\u00eaem-se ondas de oeste com altura significativa at\u00e9 10 metros no Ocidental (podendo atingir 19 metros), 8 metros no Central e 7 metros no Oriental.","og_url":"https:\/\/portaltela.pt\/noticias\/2026\/02\/23\/duas-ruas-fechadas-na-vila-do-corvo-devido-ao-mau-tempo\/","og_site_name":"Portal Tela Portugal","article_published_time":"2026-02-23T17:54:00+00:00","author":"Telinha","twitter_card":"summary_large_image","twitter_misc":{"Escrito por":"Telinha","Tempo estimado de leitura":"1 minuto"},"schema":{"@context":"https:\/\/schema.org","@graph":[{"@type":"Article","@id":"https:\/\/portaltela.pt\/noticias\/2026\/02\/23\/duas-ruas-fechadas-na-vila-do-corvo-devido-ao-mau-tempo\/#article","isPartOf":{"@id":"https:\/\/portaltela.pt\/noticias\/2026\/02\/23\/duas-ruas-fechadas-na-vila-do-corvo-devido-ao-mau-tempo\/"},"author":{"name":"Telinha","@id":"https:\/\/portaltela.pt\/#\/schema\/person\/c4278d4a6028830caff9ee44b42d32ed"},"headline":"Duas ruas fechadas na vila do Corvo devido ao mau tempo","datePublished":"2026-02-23T17:54:00+00:00","mainEntityOfPage":{"@id":"https:\/\/portaltela.pt\/noticias\/2026\/02\/23\/duas-ruas-fechadas-na-vila-do-corvo-devido-ao-mau-tempo\/"},"wordCount":241,"image":{"@id":"https:\/\/portaltela.pt\/noticias\/2026\/02\/23\/duas-ruas-fechadas-na-vila-do-corvo-devido-ao-mau-tempo\/#primaryimage"},"thumbnailUrl":"https:\/\/portaltela.pt\/s.01k8rhncp4jt1\/2026\/02\/img_1500x1000uu2026-02-11-15-28-17-2266282-5.jpg","keywords":["A\u00e7ores","agita\u00e7\u00e3o mar\u00edtima","aviso amarelo","Corvo","IPMA","ventos"],"articleSection":["Not\u00edcias"],"inLanguage":"pt-PT"},{"@type":"WebPage","@id":"https:\/\/portaltela.pt\/noticias\/2026\/02\/23\/duas-ruas-fechadas-na-vila-do-corvo-devido-ao-mau-tempo\/","url":"https:\/\/portaltela.pt\/noticias\/2026\/02\/23\/duas-ruas-fechadas-na-vila-do-corvo-devido-ao-mau-tempo\/","name":"Duas ruas fechadas na vila do Corvo devido ao mau tempo - Portal Tela Portugal","isPartOf":{"@id":"https:\/\/portaltela.pt\/#website"},"primaryImageOfPage":{"@id":"https:\/\/portaltela.pt\/noticias\/2026\/02\/23\/duas-ruas-fechadas-na-vila-do-corvo-devido-ao-mau-tempo\/#primaryimage"},"image":{"@id":"https:\/\/portaltela.pt\/noticias\/2026\/02\/23\/duas-ruas-fechadas-na-vila-do-corvo-devido-ao-mau-tempo\/#primaryimage"},"thumbnailUrl":"https:\/\/portaltela.pt\/s.01k8rhncp4jt1\/2026\/02\/img_1500x1000uu2026-02-11-15-28-17-2266282-5.jpg","datePublished":"2026-02-23T17:54:00+00:00","author":{"@id":"https:\/\/portaltela.pt\/#\/schema\/person\/c4278d4a6028830caff9ee44b42d32ed"},"breadcrumb":{"@id":"https:\/\/portaltela.pt\/noticias\/2026\/02\/23\/duas-ruas-fechadas-na-vila-do-corvo-devido-ao-mau-tempo\/#breadcrumb"},"inLanguage":"pt-PT","potentialAction":[{"@type":"ReadAction","target":["https:\/\/portaltela.pt\/noticias\/2026\/02\/23\/duas-ruas-fechadas-na-vila-do-corvo-devido-ao-mau-tempo\/"]}]},{"@type":"ImageObject","inLanguage":"pt-PT","@id":"https:\/\/portaltela.pt\/noticias\/2026\/02\/23\/duas-ruas-fechadas-na-vila-do-corvo-devido-ao-mau-tempo\/#primaryimage","url":"https:\/\/portaltela.pt\/s.01k8rhncp4jt1\/2026\/02\/img_1500x1000uu2026-02-11-15-28-17-2266282-5.jpg","contentUrl":"https:\/\/portaltela.pt\/s.01k8rhncp4jt1\/2026\/02\/img_1500x1000uu2026-02-11-15-28-17-2266282-5.jpg","width":796,"height":448,"caption":"Prote\u00e7\u00e3o Civil"},{"@type":"BreadcrumbList","@id":"https:\/\/portaltela.pt\/noticias\/2026\/02\/23\/duas-ruas-fechadas-na-vila-do-corvo-devido-ao-mau-tempo\/#breadcrumb","itemListElement":[{"@type":"ListItem","position":1,"name":"In\u00edcio","item":"https:\/\/portaltela.pt\/"},{"@type":"ListItem","position":2,"name":"Duas ruas fechadas na vila do Corvo devido ao mau tempo"}]},{"@type":"WebSite","@id":"https:\/\/portaltela.pt\/#website","url":"https:\/\/portaltela.pt\/","name":"Portal Tela Portugal","description":"","potentialAction":[{"@type":"SearchAction","target":{"@type":"EntryPoint","urlTemplate":"https:\/\/portaltela.pt\/?s={search_term_string}"},"query-input":{"@type":"PropertyValueSpecification","valueRequired":true,"valueName":"search_term_string"}}],"inLanguage":"pt-PT"},{"@type":"Person","@id":"https:\/\/portaltela.pt\/#\/schema\/person\/c4278d4a6028830caff9ee44b42d32ed","name":"Telinha","image":{"@type":"ImageObject","inLanguage":"pt-PT","@id":"https:\/\/portaltela.pt\/s.01k8rhncp4jt1\/2025\/11\/talking-bot-125x125.png","url":"https:\/\/portaltela.pt\/s.01k8rhncp4jt1\/2025\/11\/talking-bot-125x125.png","contentUrl":"https:\/\/portaltela.pt\/s.01k8rhncp4jt1\/2025\/11\/talking-bot-125x125.png","caption":"Telinha"},"sameAs":["https:\/\/portaltela.pt\/"],"url":"https:\/\/portaltela.pt\/por\/367410592786\/"}]}},"_links":{"self":[{"href":"https:\/\/portaltela.pt\/api\/wp\/v2\/posts\/223181","targetHints":{"allow":["GET"]}}],"collection":[{"href":"https:\/\/portaltela.pt\/api\/wp\/v2\/posts"}],"about":[{"href":"https:\/\/portaltela.pt\/api\/wp\/v2\/types\/post"}],"author":[{"embeddable":true,"href":"https:\/\/portaltela.pt\/api\/wp\/v2\/users\/2"}],"replies":[{"embeddable":true,"href":"https:\/\/portaltela.pt\/api\/wp\/v2\/comments?post=223181"}],"version-history":[{"count":0,"href":"https:\/\/portaltela.pt\/api\/wp\/v2\/posts\/223181\/revisions"}],"wp:featuredmedia":[{"embeddable":true,"href":"https:\/\/portaltela.pt\/api\/wp\/v2\/media\/223184"}],"wp:attachment":[{"href":"https:\/\/portaltela.pt\/api\/wp\/v2\/media?parent=223181"}],"wp:term":[{"taxonomy":"category","embeddable":true,"href":"https:\/\/portaltela.pt\/api\/wp\/v2\/categories?post=223181"},{"taxonomy":"post_tag","embeddable":true,"href":"https:\/\/portaltela.pt\/api\/wp\/v2\/tags?post=223181"}],"curies":[{"name":"wp","href":"https:\/\/api.w.org\/{rel}","templated":true}]}}