{"id":223179,"date":"2026-02-23T14:50:00","date_gmt":"2026-02-23T17:50:00","guid":{"rendered":"https:\/\/portaltela.pt\/noticias\/2026\/02\/23\/tempestade-de-neve-paralisa-nova-iorque\/"},"modified":"2026-02-23T14:50:00","modified_gmt":"2026-02-23T17:50:00","slug":"tempestade-de-neve-paralisa-nova-iorque","status":"publish","type":"post","link":"https:\/\/portaltela.pt\/noticias\/2026\/02\/23\/tempestade-de-neve-paralisa-nova-iorque\/","title":{"rendered":"Tempestade de neve paralisa Nova Iorque"},"content":{"rendered":"<p>A tempestade de neve que atravessa Nova Iorque e o nordeste dos EUA pode vir a ser a mais intensa da \u00faltima d\u00e9cada. As autoridades temem impactos significativos ao tr\u00e1fego, ao transporte a\u00e9reo e \u00e0s atividades escolares.<\/p>\n<p>Numa moreleta de prepara\u00e7\u00e3o, servi\u00e7os de emerg\u00eancia monitorizam vias, avenidas e pontos de evacua\u00e7\u00e3o. Autoridades pedem aos cidad\u00e3os que evitem desloca\u00e7\u00f5es desnecess\u00e1rias e sigam instru\u00e7\u00f5es oficiais. O fen\u00f3meno mant\u00e9m-se em evolu\u00e7\u00e3o.<\/p>\n<p>Segundo informa\u00e7\u00f5es divulgadas, a not\u00edcia foi atualizada \u00e0s 17:50 de 23 de fevereiro de 2026, indicando agravamento da situa\u00e7\u00e3o. Equipes de kept-up est\u00e3o em alerta para responder a incidentes nas comunidades.<\/p>\n<h3>Impactos e respostas<\/h3>\n<p>As autoridades ordenaram restri\u00e7\u00f5es \u00e0 circula\u00e7\u00e3o rodovi\u00e1ria em zonas afectadas, com cortes de estradas e desvias para evitar acidentes. Mais de um financiamento de voos foi cancelado em v\u00e1rios aeroportos da regi\u00e3o.<\/p>\n<p>Escolas, universidades e escrit\u00f3rios p\u00fablicas encerraram-se, suspendendo atividades at\u00e9 novo aviso. Servi\u00e7os de transporte p\u00fablico enfrentam atrasos e redu\u00e7\u00f5es de hor\u00e1rios, dificultando desloca\u00e7\u00f5es di\u00e1rias.<\/p>\n<p>As condi\u00e7\u00f5es de neve reduzem a visibilidade e aumentam o risco de quedas de fios e quedas de \u00e1rvores. Equipes de emerg\u00eancia mant\u00eam vigil\u00e2ncia, preparadas para atender emerg\u00eancias na regi\u00e3o.<\/p>\n","protected":false},"excerpt":{"rendered":"<ul>\n<li>Milh\u00f5es de pessoas em Nova Iorque e no nordeste dos EUA s\u00e3o afetadas por uma tempestade de neve que pode ser a mais intensa da \u00faltima d\u00e9cada.<\/li>\n<li>A tempestade provocou restri\u00e7\u00f5es \u00e0 circula\u00e7\u00e3o rodovi\u00e1ria na regi\u00e3o.<\/li>\n<li>Voos foram cancelados e aeroportos registam atrasos devido ao mau tempo.<\/li>\n<li>Escolas foram encerradas em v\u00e1rias localidades por precau\u00e7\u00e3o.<\/li>\n<li>Informa\u00e7\u00e3o publicada a 23 de fevereiro de 2026 \u00e0s 17:50.<\/li>\n<\/ul>\n","protected":false},"author":2,"featured_media":223183,"comment_status":"closed","ping_status":"closed","sticky":false,"template":"","format":"standard","meta":{"footnotes":""},"categories":[1],"tags":[163,1600,4364,5632,4918,4535],"class_list":["post-223179","post","type-post","status-publish","format-standard","has-post-thumbnail","hentry","category-noticias","tag-educacao","tag-estados-unidos","tag-meteorologia","tag-nova-iorque","tag-queda-de-neve","tag-transporte-publico"],"yoast_head":"<!-- This site is optimized with the Yoast SEO plugin v27.2 - https:\/\/yoast.com\/product\/yoast-seo-wordpress\/ -->\n<title>Tempestade de neve paralisa Nova Iorque - Portal Tela Portugal<\/title>\n<meta name=\"robots\" content=\"index, follow, max-snippet:-1, max-image-preview:large, max-video-preview:-1\" \/>\n<meta property=\"og:locale\" content=\"pt_PT\" \/>\n<meta property=\"og:type\" content=\"article\" \/>\n<meta property=\"og:title\" content=\"Tempestade de neve paralisa Nova Iorque - Portal Tela Portugal\" \/>\n<meta property=\"og:description\" content=\"Milh\u00f5es de pessoas em Nova Iorque e no nordeste dos EUA s\u00e3o afetadas por uma tempestade de neve que pode ser a mais intensa da \u00faltima d\u00e9cada. A tempestade provocou restri\u00e7\u00f5es \u00e0 circula\u00e7\u00e3o rodovi\u00e1ria na regi\u00e3o. Voos foram cancelados e aeroportos registam atrasos devido ao mau tempo. Escolas foram encerradas em v\u00e1rias localidades por precau\u00e7\u00e3o. Informa\u00e7\u00e3o publicada a 23 de fevereiro de 2026 \u00e0s 17:50.\" \/>\n<meta property=\"og:url\" content=\"https:\/\/portaltela.pt\/noticias\/2026\/02\/23\/tempestade-de-neve-paralisa-nova-iorque\/\" \/>\n<meta property=\"og:site_name\" content=\"Portal Tela Portugal\" \/>\n<meta property=\"article:published_time\" content=\"2026-02-23T17:50:00+00:00\" \/>\n<meta name=\"author\" content=\"Telinha\" \/>\n<meta name=\"twitter:card\" content=\"summary_large_image\" \/>\n<meta name=\"twitter:label1\" content=\"Escrito por\" \/>\n\t<meta name=\"twitter:data1\" content=\"Telinha\" \/>\n\t<meta name=\"twitter:label2\" content=\"Tempo estimado de leitura\" \/>\n\t<meta name=\"twitter:data2\" content=\"1 minuto\" \/>\n<script type=\"application\/ld+json\" class=\"yoast-schema-graph\">{\"@context\":\"https:\/\/schema.org\",\"@graph\":[{\"@type\":\"Article\",\"@id\":\"https:\/\/portaltela.pt\/noticias\/2026\/02\/23\/tempestade-de-neve-paralisa-nova-iorque\/#article\",\"isPartOf\":{\"@id\":\"https:\/\/portaltela.pt\/noticias\/2026\/02\/23\/tempestade-de-neve-paralisa-nova-iorque\/\"},\"author\":{\"name\":\"Telinha\",\"@id\":\"https:\/\/portaltela.pt\/#\/schema\/person\/c4278d4a6028830caff9ee44b42d32ed\"},\"headline\":\"Tempestade de neve paralisa Nova Iorque\",\"datePublished\":\"2026-02-23T17:50:00+00:00\",\"mainEntityOfPage\":{\"@id\":\"https:\/\/portaltela.pt\/noticias\/2026\/02\/23\/tempestade-de-neve-paralisa-nova-iorque\/\"},\"wordCount\":227,\"image\":{\"@id\":\"https:\/\/portaltela.pt\/noticias\/2026\/02\/23\/tempestade-de-neve-paralisa-nova-iorque\/#primaryimage\"},\"thumbnailUrl\":\"https:\/\/portaltela.pt\/s.01k8rhncp4jt1\/2026\/02\/img_1280x722uu2026-02-23-17-49-02-2268569.jpg\",\"keywords\":[\"educa\u00e7\u00e3o\",\"Estados Unidos\",\"meteorologia\",\"Nova Iorque\",\"queda de neve\",\"transporte p\u00fablico\"],\"articleSection\":[\"Not\u00edcias\"],\"inLanguage\":\"pt-PT\"},{\"@type\":\"WebPage\",\"@id\":\"https:\/\/portaltela.pt\/noticias\/2026\/02\/23\/tempestade-de-neve-paralisa-nova-iorque\/\",\"url\":\"https:\/\/portaltela.pt\/noticias\/2026\/02\/23\/tempestade-de-neve-paralisa-nova-iorque\/\",\"name\":\"Tempestade de neve paralisa Nova Iorque - Portal Tela Portugal\",\"isPartOf\":{\"@id\":\"https:\/\/portaltela.pt\/#website\"},\"primaryImageOfPage\":{\"@id\":\"https:\/\/portaltela.pt\/noticias\/2026\/02\/23\/tempestade-de-neve-paralisa-nova-iorque\/#primaryimage\"},\"image\":{\"@id\":\"https:\/\/portaltela.pt\/noticias\/2026\/02\/23\/tempestade-de-neve-paralisa-nova-iorque\/#primaryimage\"},\"thumbnailUrl\":\"https:\/\/portaltela.pt\/s.01k8rhncp4jt1\/2026\/02\/img_1280x722uu2026-02-23-17-49-02-2268569.jpg\",\"datePublished\":\"2026-02-23T17:50:00+00:00\",\"author\":{\"@id\":\"https:\/\/portaltela.pt\/#\/schema\/person\/c4278d4a6028830caff9ee44b42d32ed\"},\"breadcrumb\":{\"@id\":\"https:\/\/portaltela.pt\/noticias\/2026\/02\/23\/tempestade-de-neve-paralisa-nova-iorque\/#breadcrumb\"},\"inLanguage\":\"pt-PT\",\"potentialAction\":[{\"@type\":\"ReadAction\",\"target\":[\"https:\/\/portaltela.pt\/noticias\/2026\/02\/23\/tempestade-de-neve-paralisa-nova-iorque\/\"]}]},{\"@type\":\"ImageObject\",\"inLanguage\":\"pt-PT\",\"@id\":\"https:\/\/portaltela.pt\/noticias\/2026\/02\/23\/tempestade-de-neve-paralisa-nova-iorque\/#primaryimage\",\"url\":\"https:\/\/portaltela.pt\/s.01k8rhncp4jt1\/2026\/02\/img_1280x722uu2026-02-23-17-49-02-2268569.jpg\",\"contentUrl\":\"https:\/\/portaltela.pt\/s.01k8rhncp4jt1\/2026\/02\/img_1280x722uu2026-02-23-17-49-02-2268569.jpg\",\"width\":796,\"height\":448,\"caption\":\"Photo\"},{\"@type\":\"BreadcrumbList\",\"@id\":\"https:\/\/portaltela.pt\/noticias\/2026\/02\/23\/tempestade-de-neve-paralisa-nova-iorque\/#breadcrumb\",\"itemListElement\":[{\"@type\":\"ListItem\",\"position\":1,\"name\":\"In\u00edcio\",\"item\":\"https:\/\/portaltela.pt\/\"},{\"@type\":\"ListItem\",\"position\":2,\"name\":\"Tempestade de neve paralisa Nova Iorque\"}]},{\"@type\":\"WebSite\",\"@id\":\"https:\/\/portaltela.pt\/#website\",\"url\":\"https:\/\/portaltela.pt\/\",\"name\":\"Portal Tela Portugal\",\"description\":\"\",\"potentialAction\":[{\"@type\":\"SearchAction\",\"target\":{\"@type\":\"EntryPoint\",\"urlTemplate\":\"https:\/\/portaltela.pt\/?s={search_term_string}\"},\"query-input\":{\"@type\":\"PropertyValueSpecification\",\"valueRequired\":true,\"valueName\":\"search_term_string\"}}],\"inLanguage\":\"pt-PT\"},{\"@type\":\"Person\",\"@id\":\"https:\/\/portaltela.pt\/#\/schema\/person\/c4278d4a6028830caff9ee44b42d32ed\",\"name\":\"Telinha\",\"image\":{\"@type\":\"ImageObject\",\"inLanguage\":\"pt-PT\",\"@id\":\"https:\/\/portaltela.pt\/s.01k8rhncp4jt1\/2025\/11\/talking-bot-125x125.png\",\"url\":\"https:\/\/portaltela.pt\/s.01k8rhncp4jt1\/2025\/11\/talking-bot-125x125.png\",\"contentUrl\":\"https:\/\/portaltela.pt\/s.01k8rhncp4jt1\/2025\/11\/talking-bot-125x125.png\",\"caption\":\"Telinha\"},\"sameAs\":[\"https:\/\/portaltela.pt\/\"],\"url\":\"https:\/\/portaltela.pt\/por\/367410592786\/\"}]}<\/script>\n<!-- \/ Yoast SEO plugin. -->","yoast_head_json":{"title":"Tempestade de neve paralisa Nova Iorque - Portal Tela Portugal","robots":{"index":"index","follow":"follow","max-snippet":"max-snippet:-1","max-image-preview":"max-image-preview:large","max-video-preview":"max-video-preview:-1"},"og_locale":"pt_PT","og_type":"article","og_title":"Tempestade de neve paralisa Nova Iorque - Portal Tela Portugal","og_description":"Milh\u00f5es de pessoas em Nova Iorque e no nordeste dos EUA s\u00e3o afetadas por uma tempestade de neve que pode ser a mais intensa da \u00faltima d\u00e9cada. A tempestade provocou restri\u00e7\u00f5es \u00e0 circula\u00e7\u00e3o rodovi\u00e1ria na regi\u00e3o. Voos foram cancelados e aeroportos registam atrasos devido ao mau tempo. Escolas foram encerradas em v\u00e1rias localidades por precau\u00e7\u00e3o. Informa\u00e7\u00e3o publicada a 23 de fevereiro de 2026 \u00e0s 17:50.","og_url":"https:\/\/portaltela.pt\/noticias\/2026\/02\/23\/tempestade-de-neve-paralisa-nova-iorque\/","og_site_name":"Portal Tela Portugal","article_published_time":"2026-02-23T17:50:00+00:00","author":"Telinha","twitter_card":"summary_large_image","twitter_misc":{"Escrito por":"Telinha","Tempo estimado de leitura":"1 minuto"},"schema":{"@context":"https:\/\/schema.org","@graph":[{"@type":"Article","@id":"https:\/\/portaltela.pt\/noticias\/2026\/02\/23\/tempestade-de-neve-paralisa-nova-iorque\/#article","isPartOf":{"@id":"https:\/\/portaltela.pt\/noticias\/2026\/02\/23\/tempestade-de-neve-paralisa-nova-iorque\/"},"author":{"name":"Telinha","@id":"https:\/\/portaltela.pt\/#\/schema\/person\/c4278d4a6028830caff9ee44b42d32ed"},"headline":"Tempestade de neve paralisa Nova Iorque","datePublished":"2026-02-23T17:50:00+00:00","mainEntityOfPage":{"@id":"https:\/\/portaltela.pt\/noticias\/2026\/02\/23\/tempestade-de-neve-paralisa-nova-iorque\/"},"wordCount":227,"image":{"@id":"https:\/\/portaltela.pt\/noticias\/2026\/02\/23\/tempestade-de-neve-paralisa-nova-iorque\/#primaryimage"},"thumbnailUrl":"https:\/\/portaltela.pt\/s.01k8rhncp4jt1\/2026\/02\/img_1280x722uu2026-02-23-17-49-02-2268569.jpg","keywords":["educa\u00e7\u00e3o","Estados Unidos","meteorologia","Nova Iorque","queda de neve","transporte p\u00fablico"],"articleSection":["Not\u00edcias"],"inLanguage":"pt-PT"},{"@type":"WebPage","@id":"https:\/\/portaltela.pt\/noticias\/2026\/02\/23\/tempestade-de-neve-paralisa-nova-iorque\/","url":"https:\/\/portaltela.pt\/noticias\/2026\/02\/23\/tempestade-de-neve-paralisa-nova-iorque\/","name":"Tempestade de neve paralisa Nova Iorque - Portal Tela Portugal","isPartOf":{"@id":"https:\/\/portaltela.pt\/#website"},"primaryImageOfPage":{"@id":"https:\/\/portaltela.pt\/noticias\/2026\/02\/23\/tempestade-de-neve-paralisa-nova-iorque\/#primaryimage"},"image":{"@id":"https:\/\/portaltela.pt\/noticias\/2026\/02\/23\/tempestade-de-neve-paralisa-nova-iorque\/#primaryimage"},"thumbnailUrl":"https:\/\/portaltela.pt\/s.01k8rhncp4jt1\/2026\/02\/img_1280x722uu2026-02-23-17-49-02-2268569.jpg","datePublished":"2026-02-23T17:50:00+00:00","author":{"@id":"https:\/\/portaltela.pt\/#\/schema\/person\/c4278d4a6028830caff9ee44b42d32ed"},"breadcrumb":{"@id":"https:\/\/portaltela.pt\/noticias\/2026\/02\/23\/tempestade-de-neve-paralisa-nova-iorque\/#breadcrumb"},"inLanguage":"pt-PT","potentialAction":[{"@type":"ReadAction","target":["https:\/\/portaltela.pt\/noticias\/2026\/02\/23\/tempestade-de-neve-paralisa-nova-iorque\/"]}]},{"@type":"ImageObject","inLanguage":"pt-PT","@id":"https:\/\/portaltela.pt\/noticias\/2026\/02\/23\/tempestade-de-neve-paralisa-nova-iorque\/#primaryimage","url":"https:\/\/portaltela.pt\/s.01k8rhncp4jt1\/2026\/02\/img_1280x722uu2026-02-23-17-49-02-2268569.jpg","contentUrl":"https:\/\/portaltela.pt\/s.01k8rhncp4jt1\/2026\/02\/img_1280x722uu2026-02-23-17-49-02-2268569.jpg","width":796,"height":448,"caption":"Photo"},{"@type":"BreadcrumbList","@id":"https:\/\/portaltela.pt\/noticias\/2026\/02\/23\/tempestade-de-neve-paralisa-nova-iorque\/#breadcrumb","itemListElement":[{"@type":"ListItem","position":1,"name":"In\u00edcio","item":"https:\/\/portaltela.pt\/"},{"@type":"ListItem","position":2,"name":"Tempestade de neve paralisa Nova Iorque"}]},{"@type":"WebSite","@id":"https:\/\/portaltela.pt\/#website","url":"https:\/\/portaltela.pt\/","name":"Portal Tela Portugal","description":"","potentialAction":[{"@type":"SearchAction","target":{"@type":"EntryPoint","urlTemplate":"https:\/\/portaltela.pt\/?s={search_term_string}"},"query-input":{"@type":"PropertyValueSpecification","valueRequired":true,"valueName":"search_term_string"}}],"inLanguage":"pt-PT"},{"@type":"Person","@id":"https:\/\/portaltela.pt\/#\/schema\/person\/c4278d4a6028830caff9ee44b42d32ed","name":"Telinha","image":{"@type":"ImageObject","inLanguage":"pt-PT","@id":"https:\/\/portaltela.pt\/s.01k8rhncp4jt1\/2025\/11\/talking-bot-125x125.png","url":"https:\/\/portaltela.pt\/s.01k8rhncp4jt1\/2025\/11\/talking-bot-125x125.png","contentUrl":"https:\/\/portaltela.pt\/s.01k8rhncp4jt1\/2025\/11\/talking-bot-125x125.png","caption":"Telinha"},"sameAs":["https:\/\/portaltela.pt\/"],"url":"https:\/\/portaltela.pt\/por\/367410592786\/"}]}},"_links":{"self":[{"href":"https:\/\/portaltela.pt\/api\/wp\/v2\/posts\/223179","targetHints":{"allow":["GET"]}}],"collection":[{"href":"https:\/\/portaltela.pt\/api\/wp\/v2\/posts"}],"about":[{"href":"https:\/\/portaltela.pt\/api\/wp\/v2\/types\/post"}],"author":[{"embeddable":true,"href":"https:\/\/portaltela.pt\/api\/wp\/v2\/users\/2"}],"replies":[{"embeddable":true,"href":"https:\/\/portaltela.pt\/api\/wp\/v2\/comments?post=223179"}],"version-history":[{"count":0,"href":"https:\/\/portaltela.pt\/api\/wp\/v2\/posts\/223179\/revisions"}],"wp:featuredmedia":[{"embeddable":true,"href":"https:\/\/portaltela.pt\/api\/wp\/v2\/media\/223183"}],"wp:attachment":[{"href":"https:\/\/portaltela.pt\/api\/wp\/v2\/media?parent=223179"}],"wp:term":[{"taxonomy":"category","embeddable":true,"href":"https:\/\/portaltela.pt\/api\/wp\/v2\/categories?post=223179"},{"taxonomy":"post_tag","embeddable":true,"href":"https:\/\/portaltela.pt\/api\/wp\/v2\/tags?post=223179"}],"curies":[{"name":"wp","href":"https:\/\/api.w.org\/{rel}","templated":true}]}}