{"id":223138,"date":"2026-02-23T14:15:00","date_gmt":"2026-02-23T17:15:00","guid":{"rendered":"https:\/\/portaltela.pt\/noticias\/2026\/02\/23\/procuradores-do-tpi-pedem-julgamento-de-duterte-por-crimes-contra-a-humanidade\/"},"modified":"2026-02-23T14:15:00","modified_gmt":"2026-02-23T17:15:00","slug":"procuradores-do-tpi-pedem-julgamento-de-duterte-por-crimes-contra-a-humanidade","status":"publish","type":"post","link":"https:\/\/portaltela.pt\/noticias\/politica\/2026\/02\/23\/procuradores-do-tpi-pedem-julgamento-de-duterte-por-crimes-contra-a-humanidade\/","title":{"rendered":"Procuradores do TPI pedem julgamento de Duterte por crimes contra a humanidade"},"content":{"rendered":"<p>Procuradores do Tribunal Penal Internacional (TPI) pediram que avance o julgamento do ex-Presidente das Filipinas, Rodrigo Duterte, por crimes contra a humanidade. O pedido aconteceu na primeira sess\u00e3o de quatro dias dedicada \u00e0 confirma\u00e7\u00e3o das acusa\u00e7\u00f5es. A audi\u00eancia decorre em Haia, Pa\u00edses Baixos, onde Duterte est\u00e1 detido desde mar\u00e7o de 2025.<\/p>\n<p>Os procuradores sustentam que a \u201cguerra contra as drogas\u201d de Duterte provocou milhares de mortes e que o ex&#8211;chefe de Estado teria autorizado atos violentos contra alegados traficantes e consumidores. A acusa\u00e7\u00e3o cita, entre outros casos, 76 mortes associadas ao seu governo, com foco em homic\u00eddios e tentativas de homic\u00eddio.<\/p>\n<p>Duterte, de 80 anos, j\u00e1 ocupou cargos de destaque, incluindo presidente entre 2016 e 2022 e presidente da c\u00e2mara de Davao entre 2013 e 2016. O tribunal avan\u00e7a com o processo apesar de Duterte ter retirado o pa\u00eds do Estatuto de Roma em 2019 e ter contestado a jurisdi\u00e7\u00e3o do TPI.<\/p>\n<h3>Audi\u00eancia de confirma\u00e7\u00e3o<\/h3>\n<p>A procuradora Mame Niang afirmou que as mortes, muitas civis e crian\u00e7as, resultaram da pol\u00edtica governamental de repress\u00e3o \u00e0s drogas. Os advogados do Estado pedem que o caso siga para julgamento, mesmo que o n\u00famero total de v\u00edtimas possa ser superior ao que as acusa\u00e7\u00f5es enumeram.<\/p>\n<p>Antes do julgamento, passam-se quatro dias de audi\u00eancias para confirmar as acusa\u00e7\u00f5es, seguidos de um espa\u00e7o de 60 dias para a emiss\u00e3o de decis\u00e3o pelos ju\u00edzes. Duterte permanece detido, com a defesa a contestar a fundamenta\u00e7\u00e3o das acusa\u00e7\u00f5es.<\/p>\n<h3>Contexto pol\u00edtico<\/h3>\n<p>Duterte mant\u00e9m elevada popularidade em Filipinas, mesmo com o processo em curso. Em 2023 e 2024, surgiram not\u00edcias sobre a oposi\u00e7\u00e3o a Duterte e o papel da sua filha, Sara Duterte, na pol\u00edtica nacional. A executiva atual do pa\u00eds n\u00e3o altera a posi\u00e7\u00e3o do TPI em rela\u00e7\u00e3o ao caso.<\/p>\n","protected":false},"excerpt":{"rendered":"<ul>\n<li>Procuradores do Tribunal Penal Internacional pedem o avan\u00e7o do julgamento de Rodrigo Duterte por crimes contra a humanidade.<\/li>\n<li>Duterte est\u00e1 detido em Haia desde mar\u00e7o de 2025, ap\u00f3s o TPI emitir mandado de captura por crimes entre 2011 e 2019.<\/li>\n<li>As acusa\u00e7\u00f5es distinguem tr\u00eas conjuntos de mortes: 19, 14 e 43 pessoas associadas a opera\u00e7\u00f5es de limpeza e \u00e0 \u201cguerra contra as drogas\u201d.<\/li>\n<li>A procuradora Mame Niang afirma que a guerra contra as drogas resultou na morte de milhares de civis, incluindo crian\u00e7as, e que o n\u00famero real pode ser maior.<\/li>\n<li>O processo come\u00e7a com quatro dias de audi\u00eancias para confirma\u00e7\u00e3o das acusa\u00e7\u00f5es, seguidos de sessenta dias para que os ju\u00edzes emitam a decis\u00e3o.<\/li>\n<\/ul>\n","protected":false},"author":2,"featured_media":223142,"comment_status":"closed","ping_status":"closed","sticky":false,"template":"","format":"standard","meta":{"footnotes":""},"categories":[1,5],"tags":[2820,3081,803,5698,5384],"class_list":["post-223138","post","type-post","status-publish","format-standard","has-post-thumbnail","hentry","category-noticias","category-politica","tag-crimes-contra-a-humanidade","tag-crimes-internacionais","tag-justica","tag-politica-internacional","tag-tribunal-penal-internacional"],"yoast_head":"<!-- This site is optimized with the Yoast SEO plugin v27.2 - https:\/\/yoast.com\/product\/yoast-seo-wordpress\/ -->\n<title>Procuradores do TPI pedem julgamento de Duterte por crimes contra a humanidade - Portal Tela Portugal<\/title>\n<meta name=\"robots\" content=\"index, follow, max-snippet:-1, max-image-preview:large, max-video-preview:-1\" \/>\n<meta property=\"og:locale\" content=\"pt_PT\" \/>\n<meta property=\"og:type\" content=\"article\" \/>\n<meta property=\"og:title\" content=\"Procuradores do TPI pedem julgamento de Duterte por crimes contra a humanidade - Portal Tela Portugal\" \/>\n<meta property=\"og:description\" content=\"Procuradores do Tribunal Penal Internacional pedem o avan\u00e7o do julgamento de Rodrigo Duterte por crimes contra a humanidade. Duterte est\u00e1 detido em Haia desde mar\u00e7o de 2025, ap\u00f3s o TPI emitir mandado de captura por crimes entre 2011 e 2019. As acusa\u00e7\u00f5es distinguem tr\u00eas conjuntos de mortes: 19, 14 e 43 pessoas associadas a opera\u00e7\u00f5es de limpeza e \u00e0 \u201cguerra contra as drogas\u201d. A procuradora Mame Niang afirma que a guerra contra as drogas resultou na morte de milhares de civis, incluindo crian\u00e7as, e que o n\u00famero real pode ser maior. O processo come\u00e7a com quatro dias de audi\u00eancias para confirma\u00e7\u00e3o das acusa\u00e7\u00f5es, seguidos de sessenta dias para que os ju\u00edzes emitam a decis\u00e3o.\" \/>\n<meta property=\"og:url\" content=\"https:\/\/portaltela.pt\/noticias\/2026\/02\/23\/procuradores-do-tpi-pedem-julgamento-de-duterte-por-crimes-contra-a-humanidade\/\" \/>\n<meta property=\"og:site_name\" content=\"Portal Tela Portugal\" \/>\n<meta property=\"article:published_time\" content=\"2026-02-23T17:15:00+00:00\" \/>\n<meta name=\"author\" content=\"Telinha\" \/>\n<meta name=\"twitter:card\" content=\"summary_large_image\" \/>\n<meta name=\"twitter:label1\" content=\"Escrito por\" \/>\n\t<meta name=\"twitter:data1\" content=\"Telinha\" \/>\n\t<meta name=\"twitter:label2\" content=\"Tempo estimado de leitura\" \/>\n\t<meta name=\"twitter:data2\" content=\"2 minutos\" \/>\n<script type=\"application\/ld+json\" class=\"yoast-schema-graph\">{\"@context\":\"https:\/\/schema.org\",\"@graph\":[{\"@type\":\"Article\",\"@id\":\"https:\/\/portaltela.pt\/noticias\/2026\/02\/23\/procuradores-do-tpi-pedem-julgamento-de-duterte-por-crimes-contra-a-humanidade\/#article\",\"isPartOf\":{\"@id\":\"https:\/\/portaltela.pt\/noticias\/2026\/02\/23\/procuradores-do-tpi-pedem-julgamento-de-duterte-por-crimes-contra-a-humanidade\/\"},\"author\":{\"name\":\"Telinha\",\"@id\":\"https:\/\/portaltela.pt\/#\/schema\/person\/c4278d4a6028830caff9ee44b42d32ed\"},\"headline\":\"Procuradores do TPI pedem julgamento de Duterte por crimes contra a humanidade\",\"datePublished\":\"2026-02-23T17:15:00+00:00\",\"mainEntityOfPage\":{\"@id\":\"https:\/\/portaltela.pt\/noticias\/2026\/02\/23\/procuradores-do-tpi-pedem-julgamento-de-duterte-por-crimes-contra-a-humanidade\/\"},\"wordCount\":328,\"image\":{\"@id\":\"https:\/\/portaltela.pt\/noticias\/2026\/02\/23\/procuradores-do-tpi-pedem-julgamento-de-duterte-por-crimes-contra-a-humanidade\/#primaryimage\"},\"thumbnailUrl\":\"https:\/\/portaltela.pt\/s.01k8rhncp4jt1\/2026\/02\/2069193.jpg\",\"keywords\":[\"crimes contra a humanidade\",\"crimes internacionais\",\"justi\u00e7a\",\"pol\u00edtica internacional\",\"Tribunal Penal Internacional\"],\"articleSection\":[\"Not\u00edcias\",\"Pol\u00edtica\"],\"inLanguage\":\"pt-PT\"},{\"@type\":\"WebPage\",\"@id\":\"https:\/\/portaltela.pt\/noticias\/2026\/02\/23\/procuradores-do-tpi-pedem-julgamento-de-duterte-por-crimes-contra-a-humanidade\/\",\"url\":\"https:\/\/portaltela.pt\/noticias\/2026\/02\/23\/procuradores-do-tpi-pedem-julgamento-de-duterte-por-crimes-contra-a-humanidade\/\",\"name\":\"Procuradores do TPI pedem julgamento de Duterte por crimes contra a humanidade - Portal Tela Portugal\",\"isPartOf\":{\"@id\":\"https:\/\/portaltela.pt\/#website\"},\"primaryImageOfPage\":{\"@id\":\"https:\/\/portaltela.pt\/noticias\/2026\/02\/23\/procuradores-do-tpi-pedem-julgamento-de-duterte-por-crimes-contra-a-humanidade\/#primaryimage\"},\"image\":{\"@id\":\"https:\/\/portaltela.pt\/noticias\/2026\/02\/23\/procuradores-do-tpi-pedem-julgamento-de-duterte-por-crimes-contra-a-humanidade\/#primaryimage\"},\"thumbnailUrl\":\"https:\/\/portaltela.pt\/s.01k8rhncp4jt1\/2026\/02\/2069193.jpg\",\"datePublished\":\"2026-02-23T17:15:00+00:00\",\"author\":{\"@id\":\"https:\/\/portaltela.pt\/#\/schema\/person\/c4278d4a6028830caff9ee44b42d32ed\"},\"breadcrumb\":{\"@id\":\"https:\/\/portaltela.pt\/noticias\/2026\/02\/23\/procuradores-do-tpi-pedem-julgamento-de-duterte-por-crimes-contra-a-humanidade\/#breadcrumb\"},\"inLanguage\":\"pt-PT\",\"potentialAction\":[{\"@type\":\"ReadAction\",\"target\":[\"https:\/\/portaltela.pt\/noticias\/2026\/02\/23\/procuradores-do-tpi-pedem-julgamento-de-duterte-por-crimes-contra-a-humanidade\/\"]}]},{\"@type\":\"ImageObject\",\"inLanguage\":\"pt-PT\",\"@id\":\"https:\/\/portaltela.pt\/noticias\/2026\/02\/23\/procuradores-do-tpi-pedem-julgamento-de-duterte-por-crimes-contra-a-humanidade\/#primaryimage\",\"url\":\"https:\/\/portaltela.pt\/s.01k8rhncp4jt1\/2026\/02\/2069193.jpg\",\"contentUrl\":\"https:\/\/portaltela.pt\/s.01k8rhncp4jt1\/2026\/02\/2069193.jpg\",\"width\":796,\"height\":448,\"caption\":\"Fam\u00edlias das v\u00edtimas da \\\"guerra contra as drogas\\\" de Rodrigo Duterte mostram fotografias dos familiares assassinados e pedem a condena\u00e7\u00e3o do ex-Presidente.\"},{\"@type\":\"BreadcrumbList\",\"@id\":\"https:\/\/portaltela.pt\/noticias\/2026\/02\/23\/procuradores-do-tpi-pedem-julgamento-de-duterte-por-crimes-contra-a-humanidade\/#breadcrumb\",\"itemListElement\":[{\"@type\":\"ListItem\",\"position\":1,\"name\":\"In\u00edcio\",\"item\":\"https:\/\/portaltela.pt\/\"},{\"@type\":\"ListItem\",\"position\":2,\"name\":\"Procuradores do TPI pedem julgamento de Duterte por crimes contra a humanidade\"}]},{\"@type\":\"WebSite\",\"@id\":\"https:\/\/portaltela.pt\/#website\",\"url\":\"https:\/\/portaltela.pt\/\",\"name\":\"Portal Tela Portugal\",\"description\":\"\",\"potentialAction\":[{\"@type\":\"SearchAction\",\"target\":{\"@type\":\"EntryPoint\",\"urlTemplate\":\"https:\/\/portaltela.pt\/?s={search_term_string}\"},\"query-input\":{\"@type\":\"PropertyValueSpecification\",\"valueRequired\":true,\"valueName\":\"search_term_string\"}}],\"inLanguage\":\"pt-PT\"},{\"@type\":\"Person\",\"@id\":\"https:\/\/portaltela.pt\/#\/schema\/person\/c4278d4a6028830caff9ee44b42d32ed\",\"name\":\"Telinha\",\"image\":{\"@type\":\"ImageObject\",\"inLanguage\":\"pt-PT\",\"@id\":\"https:\/\/portaltela.pt\/s.01k8rhncp4jt1\/2025\/11\/talking-bot-125x125.png\",\"url\":\"https:\/\/portaltela.pt\/s.01k8rhncp4jt1\/2025\/11\/talking-bot-125x125.png\",\"contentUrl\":\"https:\/\/portaltela.pt\/s.01k8rhncp4jt1\/2025\/11\/talking-bot-125x125.png\",\"caption\":\"Telinha\"},\"sameAs\":[\"https:\/\/portaltela.pt\/\"],\"url\":\"https:\/\/portaltela.pt\/por\/367410592786\/\"}]}<\/script>\n<!-- \/ Yoast SEO plugin. -->","yoast_head_json":{"title":"Procuradores do TPI pedem julgamento de Duterte por crimes contra a humanidade - Portal Tela Portugal","robots":{"index":"index","follow":"follow","max-snippet":"max-snippet:-1","max-image-preview":"max-image-preview:large","max-video-preview":"max-video-preview:-1"},"og_locale":"pt_PT","og_type":"article","og_title":"Procuradores do TPI pedem julgamento de Duterte por crimes contra a humanidade - Portal Tela Portugal","og_description":"Procuradores do Tribunal Penal Internacional pedem o avan\u00e7o do julgamento de Rodrigo Duterte por crimes contra a humanidade. Duterte est\u00e1 detido em Haia desde mar\u00e7o de 2025, ap\u00f3s o TPI emitir mandado de captura por crimes entre 2011 e 2019. As acusa\u00e7\u00f5es distinguem tr\u00eas conjuntos de mortes: 19, 14 e 43 pessoas associadas a opera\u00e7\u00f5es de limpeza e \u00e0 \u201cguerra contra as drogas\u201d. A procuradora Mame Niang afirma que a guerra contra as drogas resultou na morte de milhares de civis, incluindo crian\u00e7as, e que o n\u00famero real pode ser maior. O processo come\u00e7a com quatro dias de audi\u00eancias para confirma\u00e7\u00e3o das acusa\u00e7\u00f5es, seguidos de sessenta dias para que os ju\u00edzes emitam a decis\u00e3o.","og_url":"https:\/\/portaltela.pt\/noticias\/2026\/02\/23\/procuradores-do-tpi-pedem-julgamento-de-duterte-por-crimes-contra-a-humanidade\/","og_site_name":"Portal Tela Portugal","article_published_time":"2026-02-23T17:15:00+00:00","author":"Telinha","twitter_card":"summary_large_image","twitter_misc":{"Escrito por":"Telinha","Tempo estimado de leitura":"2 minutos"},"schema":{"@context":"https:\/\/schema.org","@graph":[{"@type":"Article","@id":"https:\/\/portaltela.pt\/noticias\/2026\/02\/23\/procuradores-do-tpi-pedem-julgamento-de-duterte-por-crimes-contra-a-humanidade\/#article","isPartOf":{"@id":"https:\/\/portaltela.pt\/noticias\/2026\/02\/23\/procuradores-do-tpi-pedem-julgamento-de-duterte-por-crimes-contra-a-humanidade\/"},"author":{"name":"Telinha","@id":"https:\/\/portaltela.pt\/#\/schema\/person\/c4278d4a6028830caff9ee44b42d32ed"},"headline":"Procuradores do TPI pedem julgamento de Duterte por crimes contra a humanidade","datePublished":"2026-02-23T17:15:00+00:00","mainEntityOfPage":{"@id":"https:\/\/portaltela.pt\/noticias\/2026\/02\/23\/procuradores-do-tpi-pedem-julgamento-de-duterte-por-crimes-contra-a-humanidade\/"},"wordCount":328,"image":{"@id":"https:\/\/portaltela.pt\/noticias\/2026\/02\/23\/procuradores-do-tpi-pedem-julgamento-de-duterte-por-crimes-contra-a-humanidade\/#primaryimage"},"thumbnailUrl":"https:\/\/portaltela.pt\/s.01k8rhncp4jt1\/2026\/02\/2069193.jpg","keywords":["crimes contra a humanidade","crimes internacionais","justi\u00e7a","pol\u00edtica internacional","Tribunal Penal Internacional"],"articleSection":["Not\u00edcias","Pol\u00edtica"],"inLanguage":"pt-PT"},{"@type":"WebPage","@id":"https:\/\/portaltela.pt\/noticias\/2026\/02\/23\/procuradores-do-tpi-pedem-julgamento-de-duterte-por-crimes-contra-a-humanidade\/","url":"https:\/\/portaltela.pt\/noticias\/2026\/02\/23\/procuradores-do-tpi-pedem-julgamento-de-duterte-por-crimes-contra-a-humanidade\/","name":"Procuradores do TPI pedem julgamento de Duterte por crimes contra a humanidade - Portal Tela Portugal","isPartOf":{"@id":"https:\/\/portaltela.pt\/#website"},"primaryImageOfPage":{"@id":"https:\/\/portaltela.pt\/noticias\/2026\/02\/23\/procuradores-do-tpi-pedem-julgamento-de-duterte-por-crimes-contra-a-humanidade\/#primaryimage"},"image":{"@id":"https:\/\/portaltela.pt\/noticias\/2026\/02\/23\/procuradores-do-tpi-pedem-julgamento-de-duterte-por-crimes-contra-a-humanidade\/#primaryimage"},"thumbnailUrl":"https:\/\/portaltela.pt\/s.01k8rhncp4jt1\/2026\/02\/2069193.jpg","datePublished":"2026-02-23T17:15:00+00:00","author":{"@id":"https:\/\/portaltela.pt\/#\/schema\/person\/c4278d4a6028830caff9ee44b42d32ed"},"breadcrumb":{"@id":"https:\/\/portaltela.pt\/noticias\/2026\/02\/23\/procuradores-do-tpi-pedem-julgamento-de-duterte-por-crimes-contra-a-humanidade\/#breadcrumb"},"inLanguage":"pt-PT","potentialAction":[{"@type":"ReadAction","target":["https:\/\/portaltela.pt\/noticias\/2026\/02\/23\/procuradores-do-tpi-pedem-julgamento-de-duterte-por-crimes-contra-a-humanidade\/"]}]},{"@type":"ImageObject","inLanguage":"pt-PT","@id":"https:\/\/portaltela.pt\/noticias\/2026\/02\/23\/procuradores-do-tpi-pedem-julgamento-de-duterte-por-crimes-contra-a-humanidade\/#primaryimage","url":"https:\/\/portaltela.pt\/s.01k8rhncp4jt1\/2026\/02\/2069193.jpg","contentUrl":"https:\/\/portaltela.pt\/s.01k8rhncp4jt1\/2026\/02\/2069193.jpg","width":796,"height":448,"caption":"Fam\u00edlias das v\u00edtimas da \"guerra contra as drogas\" de Rodrigo Duterte mostram fotografias dos familiares assassinados e pedem a condena\u00e7\u00e3o do ex-Presidente."},{"@type":"BreadcrumbList","@id":"https:\/\/portaltela.pt\/noticias\/2026\/02\/23\/procuradores-do-tpi-pedem-julgamento-de-duterte-por-crimes-contra-a-humanidade\/#breadcrumb","itemListElement":[{"@type":"ListItem","position":1,"name":"In\u00edcio","item":"https:\/\/portaltela.pt\/"},{"@type":"ListItem","position":2,"name":"Procuradores do TPI pedem julgamento de Duterte por crimes contra a humanidade"}]},{"@type":"WebSite","@id":"https:\/\/portaltela.pt\/#website","url":"https:\/\/portaltela.pt\/","name":"Portal Tela Portugal","description":"","potentialAction":[{"@type":"SearchAction","target":{"@type":"EntryPoint","urlTemplate":"https:\/\/portaltela.pt\/?s={search_term_string}"},"query-input":{"@type":"PropertyValueSpecification","valueRequired":true,"valueName":"search_term_string"}}],"inLanguage":"pt-PT"},{"@type":"Person","@id":"https:\/\/portaltela.pt\/#\/schema\/person\/c4278d4a6028830caff9ee44b42d32ed","name":"Telinha","image":{"@type":"ImageObject","inLanguage":"pt-PT","@id":"https:\/\/portaltela.pt\/s.01k8rhncp4jt1\/2025\/11\/talking-bot-125x125.png","url":"https:\/\/portaltela.pt\/s.01k8rhncp4jt1\/2025\/11\/talking-bot-125x125.png","contentUrl":"https:\/\/portaltela.pt\/s.01k8rhncp4jt1\/2025\/11\/talking-bot-125x125.png","caption":"Telinha"},"sameAs":["https:\/\/portaltela.pt\/"],"url":"https:\/\/portaltela.pt\/por\/367410592786\/"}]}},"_links":{"self":[{"href":"https:\/\/portaltela.pt\/api\/wp\/v2\/posts\/223138","targetHints":{"allow":["GET"]}}],"collection":[{"href":"https:\/\/portaltela.pt\/api\/wp\/v2\/posts"}],"about":[{"href":"https:\/\/portaltela.pt\/api\/wp\/v2\/types\/post"}],"author":[{"embeddable":true,"href":"https:\/\/portaltela.pt\/api\/wp\/v2\/users\/2"}],"replies":[{"embeddable":true,"href":"https:\/\/portaltela.pt\/api\/wp\/v2\/comments?post=223138"}],"version-history":[{"count":0,"href":"https:\/\/portaltela.pt\/api\/wp\/v2\/posts\/223138\/revisions"}],"wp:featuredmedia":[{"embeddable":true,"href":"https:\/\/portaltela.pt\/api\/wp\/v2\/media\/223142"}],"wp:attachment":[{"href":"https:\/\/portaltela.pt\/api\/wp\/v2\/media?parent=223138"}],"wp:term":[{"taxonomy":"category","embeddable":true,"href":"https:\/\/portaltela.pt\/api\/wp\/v2\/categories?post=223138"},{"taxonomy":"post_tag","embeddable":true,"href":"https:\/\/portaltela.pt\/api\/wp\/v2\/tags?post=223138"}],"curies":[{"name":"wp","href":"https:\/\/api.w.org\/{rel}","templated":true}]}}