{"id":223136,"date":"2026-02-23T14:09:00","date_gmt":"2026-02-23T17:09:00","guid":{"rendered":"https:\/\/portaltela.pt\/noticias\/2026\/02\/23\/cim-alto-alentejo-reforca-videovigilancia-com-seis-novas-torres\/"},"modified":"2026-02-23T14:09:00","modified_gmt":"2026-02-23T17:09:00","slug":"cim-alto-alentejo-reforca-videovigilancia-com-seis-novas-torres","status":"publish","type":"post","link":"https:\/\/portaltela.pt\/noticias\/2026\/02\/23\/cim-alto-alentejo-reforca-videovigilancia-com-seis-novas-torres\/","title":{"rendered":"CIM Alto Alentejo refor\u00e7a videovigil\u00e2ncia com seis novas torres"},"content":{"rendered":"<p>O sistema de videovigil\u00e2ncia contra inc\u00eandios rurais no distrito de Portalegre vai ganhar seis novas torres, num investimento superior a 685 mil euros, anunciou hoje a CIM Alto Alentejo (CIMAA). A iniciativa visa refor\u00e7ar a dete\u00e7\u00e3o de focos de inc\u00eandio, assegurando resposta mais r\u00e1pida.<\/p>\n<p>Em comunicado, a CIMAA explica que as torres v\u00e3o ficar nos munic\u00edpios de Ponte de Sor, Crato, Alter do Ch\u00e3o, Gavi\u00e3o e Nisa, selecionadas com base num estudo t\u00e9cnico do POSEUR. O objetivo \u00e9 melhorar a coordena\u00e7\u00e3o entre entidades e servi\u00e7os de prote\u00e7\u00e3o civil.<\/p>\n<p>A CIMAA recorda que j\u00e1 existem duas torres e centros de controlo operacionais interligados com a GNR e a ANEPC. Os dois sistemas instalados situam-se na Serra de S\u00e3o Mamede, nos concelhos de Portalegre e Marv\u00e3o.<\/p>\n<h3>Expans\u00e3o do sistema<\/h3>\n<p>O sistema utiliza c\u00e2maras t\u00e9rmicas e de espetro vis\u00edvel para identificar rapidamente fumo ou igni\u00e7\u00f5es, reduzindo o tempo de resposta. O refor\u00e7o contribui para a gest\u00e3o integrada de riscos no Alto Alentejo.<\/p>\n<p>Al\u00e9m disso, o projeto refor\u00e7a a preven\u00e7\u00e3o e a coordena\u00e7\u00e3o entre munic\u00edpios, for\u00e7as de seguran\u00e7a e servi\u00e7os de prote\u00e7\u00e3o civil, mantendo a popula\u00e7\u00e3o informada de forma eficaz. Fonte da CIMAA confirmou os detalhes \u00e0 ag\u00eancia Lusa.<\/p>\n","protected":false},"excerpt":{"rendered":"<ul>\n<li>A Comunidade Intermunicipal do Alto Alentejo (CIMAA) anunciou a instala\u00e7\u00e3o de seis novas torres de videovigil\u00e2ncia contra inc\u00eandios rurais no distrito de Portalegre, num investimento acima de 685 mil euros.<\/li>\n<li>As torres ficar\u00e3o nos concelhos de Ponte de Sor, Crato, Alter do Ch\u00e3o, Gavi\u00e3o e Nisa, escolhidos com base num estudo t\u00e9cnico no \u00e2mbito do Programa Operacional Sustentabilidade e Efici\u00eancia no Uso do Recurso (POSEUR).<\/li>\n<li>O sistema j\u00e1 inclui duas torres e centros de controlo interligados com a Guarda Nacional Republicana (GNR) e a Autoridade Nacional de Emerg\u00eancia e Prote\u00e7\u00e3o Civil (ANEPC); as unidades existentes situam-se na Serra de S\u00e3o Mamede, em Portalegre e Marv\u00e3o.<\/li>\n<li>O sistema usa c\u00e2maras t\u00e9rmicas e de espectro vis\u00edvel para identificar rapidamente focos de igni\u00e7\u00e3o, reduzindo o tempo de resposta.<\/li>\n<li>A CIMAA afirma que o projeto refor\u00e7a a preven\u00e7\u00e3o, facilita a coordena\u00e7\u00e3o entre munic\u00edpios, for\u00e7as de seguran\u00e7a e servi\u00e7os de prote\u00e7\u00e3o civil, contribuindo para a gest\u00e3o integrada de riscos no Alto Alentejo.<\/li>\n<\/ul>\n","protected":false},"author":2,"featured_media":223137,"comment_status":"closed","ping_status":"closed","sticky":false,"template":"","format":"standard","meta":{"footnotes":""},"categories":[1],"tags":[4340,1380,2617,1075,320,2234],"class_list":["post-223136","post","type-post","status-publish","format-standard","has-post-thumbnail","hentry","category-noticias","tag-anepc","tag-gnr","tag-incendios","tag-portalegre","tag-protecao-civil","tag-videovigilancia"],"yoast_head":"<!-- This site is optimized with the Yoast SEO plugin v27.2 - https:\/\/yoast.com\/product\/yoast-seo-wordpress\/ -->\n<title>CIM Alto Alentejo refor\u00e7a videovigil\u00e2ncia com seis novas torres - Portal Tela Portugal<\/title>\n<meta name=\"robots\" content=\"index, follow, max-snippet:-1, max-image-preview:large, max-video-preview:-1\" \/>\n<meta property=\"og:locale\" content=\"pt_PT\" \/>\n<meta property=\"og:type\" content=\"article\" \/>\n<meta property=\"og:title\" content=\"CIM Alto Alentejo refor\u00e7a videovigil\u00e2ncia com seis novas torres - Portal Tela Portugal\" \/>\n<meta property=\"og:description\" content=\"A Comunidade Intermunicipal do Alto Alentejo (CIMAA) anunciou a instala\u00e7\u00e3o de seis novas torres de videovigil\u00e2ncia contra inc\u00eandios rurais no distrito de Portalegre, num investimento acima de 685 mil euros. As torres ficar\u00e3o nos concelhos de Ponte de Sor, Crato, Alter do Ch\u00e3o, Gavi\u00e3o e Nisa, escolhidos com base num estudo t\u00e9cnico no \u00e2mbito do Programa Operacional Sustentabilidade e Efici\u00eancia no Uso do Recurso (POSEUR). O sistema j\u00e1 inclui duas torres e centros de controlo interligados com a Guarda Nacional Republicana (GNR) e a Autoridade Nacional de Emerg\u00eancia e Prote\u00e7\u00e3o Civil (ANEPC); as unidades existentes situam-se na Serra de S\u00e3o Mamede, em Portalegre e Marv\u00e3o. O sistema usa c\u00e2maras t\u00e9rmicas e de espectro vis\u00edvel para identificar rapidamente focos de igni\u00e7\u00e3o, reduzindo o tempo de resposta. A CIMAA afirma que o projeto refor\u00e7a a preven\u00e7\u00e3o, facilita a coordena\u00e7\u00e3o entre munic\u00edpios, for\u00e7as de seguran\u00e7a e servi\u00e7os de prote\u00e7\u00e3o civil, contribuindo para a gest\u00e3o integrada de riscos no Alto Alentejo.\" \/>\n<meta property=\"og:url\" content=\"https:\/\/portaltela.pt\/noticias\/2026\/02\/23\/cim-alto-alentejo-reforca-videovigilancia-com-seis-novas-torres\/\" \/>\n<meta property=\"og:site_name\" content=\"Portal Tela Portugal\" \/>\n<meta property=\"article:published_time\" content=\"2026-02-23T17:09:00+00:00\" \/>\n<meta name=\"author\" content=\"Telinha\" \/>\n<meta name=\"twitter:card\" content=\"summary_large_image\" \/>\n<meta name=\"twitter:label1\" content=\"Escrito por\" \/>\n\t<meta name=\"twitter:data1\" content=\"Telinha\" \/>\n\t<meta name=\"twitter:label2\" content=\"Tempo estimado de leitura\" \/>\n\t<meta name=\"twitter:data2\" content=\"1 minuto\" \/>\n<script type=\"application\/ld+json\" class=\"yoast-schema-graph\">{\"@context\":\"https:\/\/schema.org\",\"@graph\":[{\"@type\":\"Article\",\"@id\":\"https:\/\/portaltela.pt\/noticias\/2026\/02\/23\/cim-alto-alentejo-reforca-videovigilancia-com-seis-novas-torres\/#article\",\"isPartOf\":{\"@id\":\"https:\/\/portaltela.pt\/noticias\/2026\/02\/23\/cim-alto-alentejo-reforca-videovigilancia-com-seis-novas-torres\/\"},\"author\":{\"name\":\"Telinha\",\"@id\":\"https:\/\/portaltela.pt\/#\/schema\/person\/c4278d4a6028830caff9ee44b42d32ed\"},\"headline\":\"CIM Alto Alentejo refor\u00e7a videovigil\u00e2ncia com seis novas torres\",\"datePublished\":\"2026-02-23T17:09:00+00:00\",\"mainEntityOfPage\":{\"@id\":\"https:\/\/portaltela.pt\/noticias\/2026\/02\/23\/cim-alto-alentejo-reforca-videovigilancia-com-seis-novas-torres\/\"},\"wordCount\":237,\"image\":{\"@id\":\"https:\/\/portaltela.pt\/noticias\/2026\/02\/23\/cim-alto-alentejo-reforca-videovigilancia-com-seis-novas-torres\/#primaryimage\"},\"thumbnailUrl\":\"https:\/\/portaltela.pt\/s.01k8rhncp4jt1\/2026\/02\/img_1500x1000uu2025-08-20-22-48-49-2230400-im-639074633754799476.jpg\",\"keywords\":[\"ANEPC\",\"GNR\",\"inc\u00eandios\",\"Portalegre\",\"prote\u00e7\u00e3o civil\",\"videovigil\u00e2ncia\"],\"articleSection\":[\"Not\u00edcias\"],\"inLanguage\":\"pt-PT\"},{\"@type\":\"WebPage\",\"@id\":\"https:\/\/portaltela.pt\/noticias\/2026\/02\/23\/cim-alto-alentejo-reforca-videovigilancia-com-seis-novas-torres\/\",\"url\":\"https:\/\/portaltela.pt\/noticias\/2026\/02\/23\/cim-alto-alentejo-reforca-videovigilancia-com-seis-novas-torres\/\",\"name\":\"CIM Alto Alentejo refor\u00e7a videovigil\u00e2ncia com seis novas torres - Portal Tela Portugal\",\"isPartOf\":{\"@id\":\"https:\/\/portaltela.pt\/#website\"},\"primaryImageOfPage\":{\"@id\":\"https:\/\/portaltela.pt\/noticias\/2026\/02\/23\/cim-alto-alentejo-reforca-videovigilancia-com-seis-novas-torres\/#primaryimage\"},\"image\":{\"@id\":\"https:\/\/portaltela.pt\/noticias\/2026\/02\/23\/cim-alto-alentejo-reforca-videovigilancia-com-seis-novas-torres\/#primaryimage\"},\"thumbnailUrl\":\"https:\/\/portaltela.pt\/s.01k8rhncp4jt1\/2026\/02\/img_1500x1000uu2025-08-20-22-48-49-2230400-im-639074633754799476.jpg\",\"datePublished\":\"2026-02-23T17:09:00+00:00\",\"author\":{\"@id\":\"https:\/\/portaltela.pt\/#\/schema\/person\/c4278d4a6028830caff9ee44b42d32ed\"},\"breadcrumb\":{\"@id\":\"https:\/\/portaltela.pt\/noticias\/2026\/02\/23\/cim-alto-alentejo-reforca-videovigilancia-com-seis-novas-torres\/#breadcrumb\"},\"inLanguage\":\"pt-PT\",\"potentialAction\":[{\"@type\":\"ReadAction\",\"target\":[\"https:\/\/portaltela.pt\/noticias\/2026\/02\/23\/cim-alto-alentejo-reforca-videovigilancia-com-seis-novas-torres\/\"]}]},{\"@type\":\"ImageObject\",\"inLanguage\":\"pt-PT\",\"@id\":\"https:\/\/portaltela.pt\/noticias\/2026\/02\/23\/cim-alto-alentejo-reforca-videovigilancia-com-seis-novas-torres\/#primaryimage\",\"url\":\"https:\/\/portaltela.pt\/s.01k8rhncp4jt1\/2026\/02\/img_1500x1000uu2025-08-20-22-48-49-2230400-im-639074633754799476.jpg\",\"contentUrl\":\"https:\/\/portaltela.pt\/s.01k8rhncp4jt1\/2026\/02\/img_1500x1000uu2025-08-20-22-48-49-2230400-im-639074633754799476.jpg\",\"width\":796,\"height\":448,\"caption\":\"Os bombeiros t\u00eam sido incans\u00e1veis no combate \u00e0s chamas\"},{\"@type\":\"BreadcrumbList\",\"@id\":\"https:\/\/portaltela.pt\/noticias\/2026\/02\/23\/cim-alto-alentejo-reforca-videovigilancia-com-seis-novas-torres\/#breadcrumb\",\"itemListElement\":[{\"@type\":\"ListItem\",\"position\":1,\"name\":\"In\u00edcio\",\"item\":\"https:\/\/portaltela.pt\/\"},{\"@type\":\"ListItem\",\"position\":2,\"name\":\"CIM Alto Alentejo refor\u00e7a videovigil\u00e2ncia com seis novas torres\"}]},{\"@type\":\"WebSite\",\"@id\":\"https:\/\/portaltela.pt\/#website\",\"url\":\"https:\/\/portaltela.pt\/\",\"name\":\"Portal Tela Portugal\",\"description\":\"\",\"potentialAction\":[{\"@type\":\"SearchAction\",\"target\":{\"@type\":\"EntryPoint\",\"urlTemplate\":\"https:\/\/portaltela.pt\/?s={search_term_string}\"},\"query-input\":{\"@type\":\"PropertyValueSpecification\",\"valueRequired\":true,\"valueName\":\"search_term_string\"}}],\"inLanguage\":\"pt-PT\"},{\"@type\":\"Person\",\"@id\":\"https:\/\/portaltela.pt\/#\/schema\/person\/c4278d4a6028830caff9ee44b42d32ed\",\"name\":\"Telinha\",\"image\":{\"@type\":\"ImageObject\",\"inLanguage\":\"pt-PT\",\"@id\":\"https:\/\/portaltela.pt\/s.01k8rhncp4jt1\/2025\/11\/talking-bot-125x125.png\",\"url\":\"https:\/\/portaltela.pt\/s.01k8rhncp4jt1\/2025\/11\/talking-bot-125x125.png\",\"contentUrl\":\"https:\/\/portaltela.pt\/s.01k8rhncp4jt1\/2025\/11\/talking-bot-125x125.png\",\"caption\":\"Telinha\"},\"sameAs\":[\"https:\/\/portaltela.pt\/\"],\"url\":\"https:\/\/portaltela.pt\/por\/367410592786\/\"}]}<\/script>\n<!-- \/ Yoast SEO plugin. -->","yoast_head_json":{"title":"CIM Alto Alentejo refor\u00e7a videovigil\u00e2ncia com seis novas torres - Portal Tela Portugal","robots":{"index":"index","follow":"follow","max-snippet":"max-snippet:-1","max-image-preview":"max-image-preview:large","max-video-preview":"max-video-preview:-1"},"og_locale":"pt_PT","og_type":"article","og_title":"CIM Alto Alentejo refor\u00e7a videovigil\u00e2ncia com seis novas torres - Portal Tela Portugal","og_description":"A Comunidade Intermunicipal do Alto Alentejo (CIMAA) anunciou a instala\u00e7\u00e3o de seis novas torres de videovigil\u00e2ncia contra inc\u00eandios rurais no distrito de Portalegre, num investimento acima de 685 mil euros. As torres ficar\u00e3o nos concelhos de Ponte de Sor, Crato, Alter do Ch\u00e3o, Gavi\u00e3o e Nisa, escolhidos com base num estudo t\u00e9cnico no \u00e2mbito do Programa Operacional Sustentabilidade e Efici\u00eancia no Uso do Recurso (POSEUR). O sistema j\u00e1 inclui duas torres e centros de controlo interligados com a Guarda Nacional Republicana (GNR) e a Autoridade Nacional de Emerg\u00eancia e Prote\u00e7\u00e3o Civil (ANEPC); as unidades existentes situam-se na Serra de S\u00e3o Mamede, em Portalegre e Marv\u00e3o. O sistema usa c\u00e2maras t\u00e9rmicas e de espectro vis\u00edvel para identificar rapidamente focos de igni\u00e7\u00e3o, reduzindo o tempo de resposta. A CIMAA afirma que o projeto refor\u00e7a a preven\u00e7\u00e3o, facilita a coordena\u00e7\u00e3o entre munic\u00edpios, for\u00e7as de seguran\u00e7a e servi\u00e7os de prote\u00e7\u00e3o civil, contribuindo para a gest\u00e3o integrada de riscos no Alto Alentejo.","og_url":"https:\/\/portaltela.pt\/noticias\/2026\/02\/23\/cim-alto-alentejo-reforca-videovigilancia-com-seis-novas-torres\/","og_site_name":"Portal Tela Portugal","article_published_time":"2026-02-23T17:09:00+00:00","author":"Telinha","twitter_card":"summary_large_image","twitter_misc":{"Escrito por":"Telinha","Tempo estimado de leitura":"1 minuto"},"schema":{"@context":"https:\/\/schema.org","@graph":[{"@type":"Article","@id":"https:\/\/portaltela.pt\/noticias\/2026\/02\/23\/cim-alto-alentejo-reforca-videovigilancia-com-seis-novas-torres\/#article","isPartOf":{"@id":"https:\/\/portaltela.pt\/noticias\/2026\/02\/23\/cim-alto-alentejo-reforca-videovigilancia-com-seis-novas-torres\/"},"author":{"name":"Telinha","@id":"https:\/\/portaltela.pt\/#\/schema\/person\/c4278d4a6028830caff9ee44b42d32ed"},"headline":"CIM Alto Alentejo refor\u00e7a videovigil\u00e2ncia com seis novas torres","datePublished":"2026-02-23T17:09:00+00:00","mainEntityOfPage":{"@id":"https:\/\/portaltela.pt\/noticias\/2026\/02\/23\/cim-alto-alentejo-reforca-videovigilancia-com-seis-novas-torres\/"},"wordCount":237,"image":{"@id":"https:\/\/portaltela.pt\/noticias\/2026\/02\/23\/cim-alto-alentejo-reforca-videovigilancia-com-seis-novas-torres\/#primaryimage"},"thumbnailUrl":"https:\/\/portaltela.pt\/s.01k8rhncp4jt1\/2026\/02\/img_1500x1000uu2025-08-20-22-48-49-2230400-im-639074633754799476.jpg","keywords":["ANEPC","GNR","inc\u00eandios","Portalegre","prote\u00e7\u00e3o civil","videovigil\u00e2ncia"],"articleSection":["Not\u00edcias"],"inLanguage":"pt-PT"},{"@type":"WebPage","@id":"https:\/\/portaltela.pt\/noticias\/2026\/02\/23\/cim-alto-alentejo-reforca-videovigilancia-com-seis-novas-torres\/","url":"https:\/\/portaltela.pt\/noticias\/2026\/02\/23\/cim-alto-alentejo-reforca-videovigilancia-com-seis-novas-torres\/","name":"CIM Alto Alentejo refor\u00e7a videovigil\u00e2ncia com seis novas torres - Portal Tela Portugal","isPartOf":{"@id":"https:\/\/portaltela.pt\/#website"},"primaryImageOfPage":{"@id":"https:\/\/portaltela.pt\/noticias\/2026\/02\/23\/cim-alto-alentejo-reforca-videovigilancia-com-seis-novas-torres\/#primaryimage"},"image":{"@id":"https:\/\/portaltela.pt\/noticias\/2026\/02\/23\/cim-alto-alentejo-reforca-videovigilancia-com-seis-novas-torres\/#primaryimage"},"thumbnailUrl":"https:\/\/portaltela.pt\/s.01k8rhncp4jt1\/2026\/02\/img_1500x1000uu2025-08-20-22-48-49-2230400-im-639074633754799476.jpg","datePublished":"2026-02-23T17:09:00+00:00","author":{"@id":"https:\/\/portaltela.pt\/#\/schema\/person\/c4278d4a6028830caff9ee44b42d32ed"},"breadcrumb":{"@id":"https:\/\/portaltela.pt\/noticias\/2026\/02\/23\/cim-alto-alentejo-reforca-videovigilancia-com-seis-novas-torres\/#breadcrumb"},"inLanguage":"pt-PT","potentialAction":[{"@type":"ReadAction","target":["https:\/\/portaltela.pt\/noticias\/2026\/02\/23\/cim-alto-alentejo-reforca-videovigilancia-com-seis-novas-torres\/"]}]},{"@type":"ImageObject","inLanguage":"pt-PT","@id":"https:\/\/portaltela.pt\/noticias\/2026\/02\/23\/cim-alto-alentejo-reforca-videovigilancia-com-seis-novas-torres\/#primaryimage","url":"https:\/\/portaltela.pt\/s.01k8rhncp4jt1\/2026\/02\/img_1500x1000uu2025-08-20-22-48-49-2230400-im-639074633754799476.jpg","contentUrl":"https:\/\/portaltela.pt\/s.01k8rhncp4jt1\/2026\/02\/img_1500x1000uu2025-08-20-22-48-49-2230400-im-639074633754799476.jpg","width":796,"height":448,"caption":"Os bombeiros t\u00eam sido incans\u00e1veis no combate \u00e0s chamas"},{"@type":"BreadcrumbList","@id":"https:\/\/portaltela.pt\/noticias\/2026\/02\/23\/cim-alto-alentejo-reforca-videovigilancia-com-seis-novas-torres\/#breadcrumb","itemListElement":[{"@type":"ListItem","position":1,"name":"In\u00edcio","item":"https:\/\/portaltela.pt\/"},{"@type":"ListItem","position":2,"name":"CIM Alto Alentejo refor\u00e7a videovigil\u00e2ncia com seis novas torres"}]},{"@type":"WebSite","@id":"https:\/\/portaltela.pt\/#website","url":"https:\/\/portaltela.pt\/","name":"Portal Tela Portugal","description":"","potentialAction":[{"@type":"SearchAction","target":{"@type":"EntryPoint","urlTemplate":"https:\/\/portaltela.pt\/?s={search_term_string}"},"query-input":{"@type":"PropertyValueSpecification","valueRequired":true,"valueName":"search_term_string"}}],"inLanguage":"pt-PT"},{"@type":"Person","@id":"https:\/\/portaltela.pt\/#\/schema\/person\/c4278d4a6028830caff9ee44b42d32ed","name":"Telinha","image":{"@type":"ImageObject","inLanguage":"pt-PT","@id":"https:\/\/portaltela.pt\/s.01k8rhncp4jt1\/2025\/11\/talking-bot-125x125.png","url":"https:\/\/portaltela.pt\/s.01k8rhncp4jt1\/2025\/11\/talking-bot-125x125.png","contentUrl":"https:\/\/portaltela.pt\/s.01k8rhncp4jt1\/2025\/11\/talking-bot-125x125.png","caption":"Telinha"},"sameAs":["https:\/\/portaltela.pt\/"],"url":"https:\/\/portaltela.pt\/por\/367410592786\/"}]}},"_links":{"self":[{"href":"https:\/\/portaltela.pt\/api\/wp\/v2\/posts\/223136","targetHints":{"allow":["GET"]}}],"collection":[{"href":"https:\/\/portaltela.pt\/api\/wp\/v2\/posts"}],"about":[{"href":"https:\/\/portaltela.pt\/api\/wp\/v2\/types\/post"}],"author":[{"embeddable":true,"href":"https:\/\/portaltela.pt\/api\/wp\/v2\/users\/2"}],"replies":[{"embeddable":true,"href":"https:\/\/portaltela.pt\/api\/wp\/v2\/comments?post=223136"}],"version-history":[{"count":0,"href":"https:\/\/portaltela.pt\/api\/wp\/v2\/posts\/223136\/revisions"}],"wp:featuredmedia":[{"embeddable":true,"href":"https:\/\/portaltela.pt\/api\/wp\/v2\/media\/223137"}],"wp:attachment":[{"href":"https:\/\/portaltela.pt\/api\/wp\/v2\/media?parent=223136"}],"wp:term":[{"taxonomy":"category","embeddable":true,"href":"https:\/\/portaltela.pt\/api\/wp\/v2\/categories?post=223136"},{"taxonomy":"post_tag","embeddable":true,"href":"https:\/\/portaltela.pt\/api\/wp\/v2\/tags?post=223136"}],"curies":[{"name":"wp","href":"https:\/\/api.w.org\/{rel}","templated":true}]}}