{"id":223121,"date":"2026-02-23T14:05:00","date_gmt":"2026-02-23T17:05:00","guid":{"rendered":"https:\/\/portaltela.pt\/noticias\/2026\/02\/23\/jonas-vingegaard-inicia-epoca-no-paris-nice-e-encontra-joao-almeida\/"},"modified":"2026-02-23T14:05:00","modified_gmt":"2026-02-23T17:05:00","slug":"jonas-vingegaard-inicia-epoca-no-paris-nice-e-encontra-joao-almeida","status":"publish","type":"post","link":"https:\/\/portaltela.pt\/desporto\/2026\/02\/23\/jonas-vingegaard-inicia-epoca-no-paris-nice-e-encontra-joao-almeida\/","title":{"rendered":"Jonas Vingegaard inicia \u00e9poca no Paris-Nice e encontra Jo\u00e3o Almeida"},"content":{"rendered":"<p>O campe\u00e3o da Vuelta 2025, Jonas Vingegaard, inicia a \u00e9poca no Paris-Nice e j\u00e1 sabe que enfrentar\u00e1 Jo\u00e3o Almeida na edi\u00e7\u00e3o francesa. A equipa neerlandesa confirmou o objetivo de defender o t\u00edtulo conquistado no ano passado.<\/p>\n<p>Vingegaard tinha mostrado vontade de voltar \u00e0 competi\u00e7\u00e3o, ap\u00f3s uma temporada marcada por uma queda e doen\u00e7a que afastaram o ciclista durante a Volta aos Emirados. O regresso, agora, j\u00e1 est\u00e1 confirmado para o Paris-Nice, entre 8 e 15 de mar\u00e7o.<\/p>\n<p>O dinamarqu\u00eas, de 29 anos, n\u00e3o disputou a prova de fundo dos Europeus desde outubro. A estreia prevista na Volta \u00e0 It\u00e1lia fica para depois de Paris-Nice, com o objetivo de medir for\u00e7as com Almeida, vencedor da \u00faltima Vuelta, e com o espanhol Juan Ayuso.<\/p>\n<h3>Primeiro duelo com Almeida<\/h3>\n<p>A prova francesa servir\u00e1 de primeiro confronto entre Vingegaard e Almeida nesta temporada, num pelot\u00e3o que tamb\u00e9m conta com Ayuso. O Paris-Nice ser\u00e1 a primeira oportunidade de avaliar a forma de cada um antes de eventos posteriores, incluindo a continuidade para a Volta a It\u00e1lia.<\/p>\n","protected":false},"excerpt":{"rendered":"<ul>\n<li>Jonas Vingegaard inicia a \u00e9poca no Paris-Nice, onde defende o t\u00edtulo da equipa e ter\u00e1 pela frente Jo\u00e3o Almeida.<\/li>\n<li>O ciclista dinamarqu\u00eas, de 29 anos, \u00e9 campe\u00e3o da Vuelta de 2025 e n\u00e3o compete desde os Europeus de 5 de outubro.<\/li>\n<li>Uma queda num treino no final de janeiro atrasou o regresso \u00e0 estrada, mantendo-o fora da Volta aos Emirados Unidos.<\/li>\n<li>No ano passado, Vingegaard desistiu do Paris-Nice na quinta etapa ap\u00f3s queda e contratempos de sa\u00fade.<\/li>\n<li>O primeiro grande objetivo \u00e9 a Volta a It\u00e1lia; o duelo com Almeida ocorre j\u00e1 no Paris-Nice, de 8 a 15 de mar\u00e7o, com Ayuso na corrida tamb\u00e9m.<\/li>\n<\/ul>\n","protected":false},"author":2,"featured_media":223125,"comment_status":"closed","ping_status":"closed","sticky":false,"template":"","format":"standard","meta":{"footnotes":""},"categories":[21],"tags":[923,2463,3504,152,81,6148],"class_list":["post-223121","post","type-post","status-publish","format-standard","has-post-thumbnail","hentry","category-desporto","tag-ciclismo","tag-competicao-internacional","tag-corridas","tag-desporto","tag-internacionais","tag-joao-almeida"],"yoast_head":"<!-- This site is optimized with the Yoast SEO plugin v27.2 - https:\/\/yoast.com\/product\/yoast-seo-wordpress\/ -->\n<title>Jonas Vingegaard inicia \u00e9poca no Paris-Nice e encontra Jo\u00e3o Almeida - Portal Tela Portugal<\/title>\n<meta name=\"robots\" content=\"index, follow, max-snippet:-1, max-image-preview:large, max-video-preview:-1\" \/>\n<meta property=\"og:locale\" content=\"pt_PT\" \/>\n<meta property=\"og:type\" content=\"article\" \/>\n<meta property=\"og:title\" content=\"Jonas Vingegaard inicia \u00e9poca no Paris-Nice e encontra Jo\u00e3o Almeida - Portal Tela Portugal\" \/>\n<meta property=\"og:description\" content=\"Jonas Vingegaard inicia a \u00e9poca no Paris-Nice, onde defende o t\u00edtulo da equipa e ter\u00e1 pela frente Jo\u00e3o Almeida. O ciclista dinamarqu\u00eas, de 29 anos, \u00e9 campe\u00e3o da Vuelta de 2025 e n\u00e3o compete desde os Europeus de 5 de outubro. Uma queda num treino no final de janeiro atrasou o regresso \u00e0 estrada, mantendo-o fora da Volta aos Emirados Unidos. No ano passado, Vingegaard desistiu do Paris-Nice na quinta etapa ap\u00f3s queda e contratempos de sa\u00fade. O primeiro grande objetivo \u00e9 a Volta a It\u00e1lia; o duelo com Almeida ocorre j\u00e1 no Paris-Nice, de 8 a 15 de mar\u00e7o, com Ayuso na corrida tamb\u00e9m.\" \/>\n<meta property=\"og:url\" content=\"https:\/\/portaltela.pt\/noticias\/2026\/02\/23\/jonas-vingegaard-inicia-epoca-no-paris-nice-e-encontra-joao-almeida\/\" \/>\n<meta property=\"og:site_name\" content=\"Portal Tela Portugal\" \/>\n<meta property=\"article:published_time\" content=\"2026-02-23T17:05:00+00:00\" \/>\n<meta name=\"author\" content=\"Telinha\" \/>\n<meta name=\"twitter:card\" content=\"summary_large_image\" \/>\n<meta name=\"twitter:label1\" content=\"Escrito por\" \/>\n\t<meta name=\"twitter:data1\" content=\"Telinha\" \/>\n\t<meta name=\"twitter:label2\" content=\"Tempo estimado de leitura\" \/>\n\t<meta name=\"twitter:data2\" content=\"1 minuto\" \/>\n<script type=\"application\/ld+json\" class=\"yoast-schema-graph\">{\"@context\":\"https:\/\/schema.org\",\"@graph\":[{\"@type\":\"Article\",\"@id\":\"https:\/\/portaltela.pt\/noticias\/2026\/02\/23\/jonas-vingegaard-inicia-epoca-no-paris-nice-e-encontra-joao-almeida\/#article\",\"isPartOf\":{\"@id\":\"https:\/\/portaltela.pt\/noticias\/2026\/02\/23\/jonas-vingegaard-inicia-epoca-no-paris-nice-e-encontra-joao-almeida\/\"},\"author\":{\"name\":\"Telinha\",\"@id\":\"https:\/\/portaltela.pt\/#\/schema\/person\/c4278d4a6028830caff9ee44b42d32ed\"},\"headline\":\"Jonas Vingegaard inicia \u00e9poca no Paris-Nice e encontra Jo\u00e3o Almeida\",\"datePublished\":\"2026-02-23T17:05:00+00:00\",\"mainEntityOfPage\":{\"@id\":\"https:\/\/portaltela.pt\/noticias\/2026\/02\/23\/jonas-vingegaard-inicia-epoca-no-paris-nice-e-encontra-joao-almeida\/\"},\"wordCount\":191,\"image\":{\"@id\":\"https:\/\/portaltela.pt\/noticias\/2026\/02\/23\/jonas-vingegaard-inicia-epoca-no-paris-nice-e-encontra-joao-almeida\/#primaryimage\"},\"thumbnailUrl\":\"https:\/\/portaltela.pt\/s.01k8rhncp4jt1\/2026\/02\/image-1714.jpg\",\"keywords\":[\"ciclismo\",\"competi\u00e7\u00e3o internacional\",\"corridas\",\"desporto\",\"internacionais\",\"Jo\u00e3o Almeida\"],\"articleSection\":[\"Desporto\"],\"inLanguage\":\"pt-PT\"},{\"@type\":\"WebPage\",\"@id\":\"https:\/\/portaltela.pt\/noticias\/2026\/02\/23\/jonas-vingegaard-inicia-epoca-no-paris-nice-e-encontra-joao-almeida\/\",\"url\":\"https:\/\/portaltela.pt\/noticias\/2026\/02\/23\/jonas-vingegaard-inicia-epoca-no-paris-nice-e-encontra-joao-almeida\/\",\"name\":\"Jonas Vingegaard inicia \u00e9poca no Paris-Nice e encontra Jo\u00e3o Almeida - Portal Tela Portugal\",\"isPartOf\":{\"@id\":\"https:\/\/portaltela.pt\/#website\"},\"primaryImageOfPage\":{\"@id\":\"https:\/\/portaltela.pt\/noticias\/2026\/02\/23\/jonas-vingegaard-inicia-epoca-no-paris-nice-e-encontra-joao-almeida\/#primaryimage\"},\"image\":{\"@id\":\"https:\/\/portaltela.pt\/noticias\/2026\/02\/23\/jonas-vingegaard-inicia-epoca-no-paris-nice-e-encontra-joao-almeida\/#primaryimage\"},\"thumbnailUrl\":\"https:\/\/portaltela.pt\/s.01k8rhncp4jt1\/2026\/02\/image-1714.jpg\",\"datePublished\":\"2026-02-23T17:05:00+00:00\",\"author\":{\"@id\":\"https:\/\/portaltela.pt\/#\/schema\/person\/c4278d4a6028830caff9ee44b42d32ed\"},\"breadcrumb\":{\"@id\":\"https:\/\/portaltela.pt\/noticias\/2026\/02\/23\/jonas-vingegaard-inicia-epoca-no-paris-nice-e-encontra-joao-almeida\/#breadcrumb\"},\"inLanguage\":\"pt-PT\",\"potentialAction\":[{\"@type\":\"ReadAction\",\"target\":[\"https:\/\/portaltela.pt\/noticias\/2026\/02\/23\/jonas-vingegaard-inicia-epoca-no-paris-nice-e-encontra-joao-almeida\/\"]}]},{\"@type\":\"ImageObject\",\"inLanguage\":\"pt-PT\",\"@id\":\"https:\/\/portaltela.pt\/noticias\/2026\/02\/23\/jonas-vingegaard-inicia-epoca-no-paris-nice-e-encontra-joao-almeida\/#primaryimage\",\"url\":\"https:\/\/portaltela.pt\/s.01k8rhncp4jt1\/2026\/02\/image-1714.jpg\",\"contentUrl\":\"https:\/\/portaltela.pt\/s.01k8rhncp4jt1\/2026\/02\/image-1714.jpg\",\"width\":796,\"height\":448,\"caption\":\"Vingegaard venceu a \u00faltima edi\u00e7\u00e3o da Vuelta \u00e0 frente de Jo\u00e3o Almeida\"},{\"@type\":\"BreadcrumbList\",\"@id\":\"https:\/\/portaltela.pt\/noticias\/2026\/02\/23\/jonas-vingegaard-inicia-epoca-no-paris-nice-e-encontra-joao-almeida\/#breadcrumb\",\"itemListElement\":[{\"@type\":\"ListItem\",\"position\":1,\"name\":\"In\u00edcio\",\"item\":\"https:\/\/portaltela.pt\/\"},{\"@type\":\"ListItem\",\"position\":2,\"name\":\"Jonas Vingegaard inicia \u00e9poca no Paris-Nice e encontra Jo\u00e3o Almeida\"}]},{\"@type\":\"WebSite\",\"@id\":\"https:\/\/portaltela.pt\/#website\",\"url\":\"https:\/\/portaltela.pt\/\",\"name\":\"Portal Tela Portugal\",\"description\":\"\",\"potentialAction\":[{\"@type\":\"SearchAction\",\"target\":{\"@type\":\"EntryPoint\",\"urlTemplate\":\"https:\/\/portaltela.pt\/?s={search_term_string}\"},\"query-input\":{\"@type\":\"PropertyValueSpecification\",\"valueRequired\":true,\"valueName\":\"search_term_string\"}}],\"inLanguage\":\"pt-PT\"},{\"@type\":\"Person\",\"@id\":\"https:\/\/portaltela.pt\/#\/schema\/person\/c4278d4a6028830caff9ee44b42d32ed\",\"name\":\"Telinha\",\"image\":{\"@type\":\"ImageObject\",\"inLanguage\":\"pt-PT\",\"@id\":\"https:\/\/portaltela.pt\/s.01k8rhncp4jt1\/2025\/11\/talking-bot-125x125.png\",\"url\":\"https:\/\/portaltela.pt\/s.01k8rhncp4jt1\/2025\/11\/talking-bot-125x125.png\",\"contentUrl\":\"https:\/\/portaltela.pt\/s.01k8rhncp4jt1\/2025\/11\/talking-bot-125x125.png\",\"caption\":\"Telinha\"},\"sameAs\":[\"https:\/\/portaltela.pt\/\"],\"url\":\"https:\/\/portaltela.pt\/por\/367410592786\/\"}]}<\/script>\n<!-- \/ Yoast SEO plugin. -->","yoast_head_json":{"title":"Jonas Vingegaard inicia \u00e9poca no Paris-Nice e encontra Jo\u00e3o Almeida - Portal Tela Portugal","robots":{"index":"index","follow":"follow","max-snippet":"max-snippet:-1","max-image-preview":"max-image-preview:large","max-video-preview":"max-video-preview:-1"},"og_locale":"pt_PT","og_type":"article","og_title":"Jonas Vingegaard inicia \u00e9poca no Paris-Nice e encontra Jo\u00e3o Almeida - Portal Tela Portugal","og_description":"Jonas Vingegaard inicia a \u00e9poca no Paris-Nice, onde defende o t\u00edtulo da equipa e ter\u00e1 pela frente Jo\u00e3o Almeida. O ciclista dinamarqu\u00eas, de 29 anos, \u00e9 campe\u00e3o da Vuelta de 2025 e n\u00e3o compete desde os Europeus de 5 de outubro. Uma queda num treino no final de janeiro atrasou o regresso \u00e0 estrada, mantendo-o fora da Volta aos Emirados Unidos. No ano passado, Vingegaard desistiu do Paris-Nice na quinta etapa ap\u00f3s queda e contratempos de sa\u00fade. O primeiro grande objetivo \u00e9 a Volta a It\u00e1lia; o duelo com Almeida ocorre j\u00e1 no Paris-Nice, de 8 a 15 de mar\u00e7o, com Ayuso na corrida tamb\u00e9m.","og_url":"https:\/\/portaltela.pt\/noticias\/2026\/02\/23\/jonas-vingegaard-inicia-epoca-no-paris-nice-e-encontra-joao-almeida\/","og_site_name":"Portal Tela Portugal","article_published_time":"2026-02-23T17:05:00+00:00","author":"Telinha","twitter_card":"summary_large_image","twitter_misc":{"Escrito por":"Telinha","Tempo estimado de leitura":"1 minuto"},"schema":{"@context":"https:\/\/schema.org","@graph":[{"@type":"Article","@id":"https:\/\/portaltela.pt\/noticias\/2026\/02\/23\/jonas-vingegaard-inicia-epoca-no-paris-nice-e-encontra-joao-almeida\/#article","isPartOf":{"@id":"https:\/\/portaltela.pt\/noticias\/2026\/02\/23\/jonas-vingegaard-inicia-epoca-no-paris-nice-e-encontra-joao-almeida\/"},"author":{"name":"Telinha","@id":"https:\/\/portaltela.pt\/#\/schema\/person\/c4278d4a6028830caff9ee44b42d32ed"},"headline":"Jonas Vingegaard inicia \u00e9poca no Paris-Nice e encontra Jo\u00e3o Almeida","datePublished":"2026-02-23T17:05:00+00:00","mainEntityOfPage":{"@id":"https:\/\/portaltela.pt\/noticias\/2026\/02\/23\/jonas-vingegaard-inicia-epoca-no-paris-nice-e-encontra-joao-almeida\/"},"wordCount":191,"image":{"@id":"https:\/\/portaltela.pt\/noticias\/2026\/02\/23\/jonas-vingegaard-inicia-epoca-no-paris-nice-e-encontra-joao-almeida\/#primaryimage"},"thumbnailUrl":"https:\/\/portaltela.pt\/s.01k8rhncp4jt1\/2026\/02\/image-1714.jpg","keywords":["ciclismo","competi\u00e7\u00e3o internacional","corridas","desporto","internacionais","Jo\u00e3o Almeida"],"articleSection":["Desporto"],"inLanguage":"pt-PT"},{"@type":"WebPage","@id":"https:\/\/portaltela.pt\/noticias\/2026\/02\/23\/jonas-vingegaard-inicia-epoca-no-paris-nice-e-encontra-joao-almeida\/","url":"https:\/\/portaltela.pt\/noticias\/2026\/02\/23\/jonas-vingegaard-inicia-epoca-no-paris-nice-e-encontra-joao-almeida\/","name":"Jonas Vingegaard inicia \u00e9poca no Paris-Nice e encontra Jo\u00e3o Almeida - Portal Tela Portugal","isPartOf":{"@id":"https:\/\/portaltela.pt\/#website"},"primaryImageOfPage":{"@id":"https:\/\/portaltela.pt\/noticias\/2026\/02\/23\/jonas-vingegaard-inicia-epoca-no-paris-nice-e-encontra-joao-almeida\/#primaryimage"},"image":{"@id":"https:\/\/portaltela.pt\/noticias\/2026\/02\/23\/jonas-vingegaard-inicia-epoca-no-paris-nice-e-encontra-joao-almeida\/#primaryimage"},"thumbnailUrl":"https:\/\/portaltela.pt\/s.01k8rhncp4jt1\/2026\/02\/image-1714.jpg","datePublished":"2026-02-23T17:05:00+00:00","author":{"@id":"https:\/\/portaltela.pt\/#\/schema\/person\/c4278d4a6028830caff9ee44b42d32ed"},"breadcrumb":{"@id":"https:\/\/portaltela.pt\/noticias\/2026\/02\/23\/jonas-vingegaard-inicia-epoca-no-paris-nice-e-encontra-joao-almeida\/#breadcrumb"},"inLanguage":"pt-PT","potentialAction":[{"@type":"ReadAction","target":["https:\/\/portaltela.pt\/noticias\/2026\/02\/23\/jonas-vingegaard-inicia-epoca-no-paris-nice-e-encontra-joao-almeida\/"]}]},{"@type":"ImageObject","inLanguage":"pt-PT","@id":"https:\/\/portaltela.pt\/noticias\/2026\/02\/23\/jonas-vingegaard-inicia-epoca-no-paris-nice-e-encontra-joao-almeida\/#primaryimage","url":"https:\/\/portaltela.pt\/s.01k8rhncp4jt1\/2026\/02\/image-1714.jpg","contentUrl":"https:\/\/portaltela.pt\/s.01k8rhncp4jt1\/2026\/02\/image-1714.jpg","width":796,"height":448,"caption":"Vingegaard venceu a \u00faltima edi\u00e7\u00e3o da Vuelta \u00e0 frente de Jo\u00e3o Almeida"},{"@type":"BreadcrumbList","@id":"https:\/\/portaltela.pt\/noticias\/2026\/02\/23\/jonas-vingegaard-inicia-epoca-no-paris-nice-e-encontra-joao-almeida\/#breadcrumb","itemListElement":[{"@type":"ListItem","position":1,"name":"In\u00edcio","item":"https:\/\/portaltela.pt\/"},{"@type":"ListItem","position":2,"name":"Jonas Vingegaard inicia \u00e9poca no Paris-Nice e encontra Jo\u00e3o Almeida"}]},{"@type":"WebSite","@id":"https:\/\/portaltela.pt\/#website","url":"https:\/\/portaltela.pt\/","name":"Portal Tela Portugal","description":"","potentialAction":[{"@type":"SearchAction","target":{"@type":"EntryPoint","urlTemplate":"https:\/\/portaltela.pt\/?s={search_term_string}"},"query-input":{"@type":"PropertyValueSpecification","valueRequired":true,"valueName":"search_term_string"}}],"inLanguage":"pt-PT"},{"@type":"Person","@id":"https:\/\/portaltela.pt\/#\/schema\/person\/c4278d4a6028830caff9ee44b42d32ed","name":"Telinha","image":{"@type":"ImageObject","inLanguage":"pt-PT","@id":"https:\/\/portaltela.pt\/s.01k8rhncp4jt1\/2025\/11\/talking-bot-125x125.png","url":"https:\/\/portaltela.pt\/s.01k8rhncp4jt1\/2025\/11\/talking-bot-125x125.png","contentUrl":"https:\/\/portaltela.pt\/s.01k8rhncp4jt1\/2025\/11\/talking-bot-125x125.png","caption":"Telinha"},"sameAs":["https:\/\/portaltela.pt\/"],"url":"https:\/\/portaltela.pt\/por\/367410592786\/"}]}},"_links":{"self":[{"href":"https:\/\/portaltela.pt\/api\/wp\/v2\/posts\/223121","targetHints":{"allow":["GET"]}}],"collection":[{"href":"https:\/\/portaltela.pt\/api\/wp\/v2\/posts"}],"about":[{"href":"https:\/\/portaltela.pt\/api\/wp\/v2\/types\/post"}],"author":[{"embeddable":true,"href":"https:\/\/portaltela.pt\/api\/wp\/v2\/users\/2"}],"replies":[{"embeddable":true,"href":"https:\/\/portaltela.pt\/api\/wp\/v2\/comments?post=223121"}],"version-history":[{"count":0,"href":"https:\/\/portaltela.pt\/api\/wp\/v2\/posts\/223121\/revisions"}],"wp:featuredmedia":[{"embeddable":true,"href":"https:\/\/portaltela.pt\/api\/wp\/v2\/media\/223125"}],"wp:attachment":[{"href":"https:\/\/portaltela.pt\/api\/wp\/v2\/media?parent=223121"}],"wp:term":[{"taxonomy":"category","embeddable":true,"href":"https:\/\/portaltela.pt\/api\/wp\/v2\/categories?post=223121"},{"taxonomy":"post_tag","embeddable":true,"href":"https:\/\/portaltela.pt\/api\/wp\/v2\/tags?post=223121"}],"curies":[{"name":"wp","href":"https:\/\/api.w.org\/{rel}","templated":true}]}}