{"id":223054,"date":"2026-02-23T13:20:58","date_gmt":"2026-02-23T16:20:58","guid":{"rendered":"https:\/\/portaltela.pt\/noticias\/2026\/02\/23\/armazem-incendiado-em-obidos-sera-demolido\/"},"modified":"2026-02-23T13:20:58","modified_gmt":"2026-02-23T16:20:58","slug":"armazem-incendiado-em-obidos-sera-demolido","status":"publish","type":"post","link":"https:\/\/portaltela.pt\/noticias\/2026\/02\/23\/armazem-incendiado-em-obidos-sera-demolido\/","title":{"rendered":"Armaz\u00e9m incendiado em \u00d3bidos ser\u00e1 demolido"},"content":{"rendered":"<p>Um inc\u00eandio destruiu na passada segunda-feira o armaz\u00e9m da empresa de comercializa\u00e7\u00e3o de frutas em \u00d3bidos. Tr\u00eas m\u00e1quinas pesadas e 17 operacionais dos bombeiros iniciaram a demoli\u00e7\u00e3o do edif\u00edcio, j\u00e1 sem condi\u00e7\u00f5es de recupera\u00e7\u00e3o.<\/p>\n<p>O fogo atingiu principalmente cerca de mil toneladas de p\u00eara rocha e v\u00e1rias variedades de ma\u00e7\u00e3, fruto da campanha deste ano. Dois bombeiros ficaram feridos de forma ligeira; cinco profissionais e dois civis sofreram exaust\u00e3o e inala\u00e7\u00e3o de fumos.<\/p>\n<h3>Demoli\u00e7\u00e3o em curso<\/h3>\n<p>Ao final do dia, os operacionais avaliavam a evolu\u00e7\u00e3o do fumo t\u00f3xico para decidir se a demoli\u00e7\u00e3o seguiria sem restri\u00e7\u00f5es. A fam\u00edlia de cinco pessoas, evacuada no domingo, poder\u00e1 regressar a casa caso os n\u00edveis de fumo se mantenham baixos.<\/p>\n<h3>Impacto humano e operacional<\/h3>\n<p>N\u00e3o houve mais registros de ferimentos graves, e a Prote\u00e7\u00e3o Civil municipal acompanha a situa\u00e7\u00e3o. O objetivo \u00e9 libertar o espa\u00e7o e evitar riscos adicionais, mantendo a comunica\u00e7\u00e3o com as autoridades competentes.<\/p>\n","protected":false},"excerpt":{"rendered":"<ul>\n<li>Tr\u00eas m\u00e1quinas pesadas e 17 operacionais dos bombeiros iniciaram a demoli\u00e7\u00e3o do edif\u00edcio da empresa de comercializa\u00e7\u00e3o de fruta em \u00d3bidos.<\/li>\n<li>O inc\u00eandio destruiu cerca de mil toneladas de p\u00eara rocha e de v\u00e1rias variedades de ma\u00e7\u00e3.<\/li>\n<li>Dois bombeiros sofreram ferimentos ligeiros durante o combate; cinco bombeiros e dois civis foram assistidos no local por exaust\u00e3o e inala\u00e7\u00e3o de fumos.<\/li>\n<li>Ao final do dia, se o fumo t\u00f3xico reduzir a n\u00edveis aceit\u00e1veis, a fam\u00edlia de cinco pessoas deslocada pode regressar \u00e0 sua habita\u00e7\u00e3o.<\/li>\n<li>O incidente ocorreu na sequ\u00eancia do fogo que deixou o armaz\u00e9m totalmente destru\u00eddo.<\/li>\n<\/ul>\n","protected":false},"author":2,"featured_media":223055,"comment_status":"closed","ping_status":"closed","sticky":false,"template":"","format":"standard","meta":{"footnotes":""},"categories":[1],"tags":[971,3542,4519,1438,1280,320],"class_list":["post-223054","post","type-post","status-publish","format-standard","has-post-thumbnail","hentry","category-noticias","tag-bombeiros","tag-demolicoes","tag-evacuacoes","tag-incendio","tag-obidos","tag-protecao-civil"],"yoast_head":"<!-- This site is optimized with the Yoast SEO plugin v27.2 - https:\/\/yoast.com\/product\/yoast-seo-wordpress\/ -->\n<title>Armaz\u00e9m incendiado em \u00d3bidos ser\u00e1 demolido - Portal Tela Portugal<\/title>\n<meta name=\"robots\" content=\"index, follow, max-snippet:-1, max-image-preview:large, max-video-preview:-1\" \/>\n<meta property=\"og:locale\" content=\"pt_PT\" \/>\n<meta property=\"og:type\" content=\"article\" \/>\n<meta property=\"og:title\" content=\"Armaz\u00e9m incendiado em \u00d3bidos ser\u00e1 demolido - Portal Tela Portugal\" \/>\n<meta property=\"og:description\" content=\"Tr\u00eas m\u00e1quinas pesadas e 17 operacionais dos bombeiros iniciaram a demoli\u00e7\u00e3o do edif\u00edcio da empresa de comercializa\u00e7\u00e3o de fruta em \u00d3bidos. O inc\u00eandio destruiu cerca de mil toneladas de p\u00eara rocha e de v\u00e1rias variedades de ma\u00e7\u00e3. Dois bombeiros sofreram ferimentos ligeiros durante o combate; cinco bombeiros e dois civis foram assistidos no local por exaust\u00e3o e inala\u00e7\u00e3o de fumos. Ao final do dia, se o fumo t\u00f3xico reduzir a n\u00edveis aceit\u00e1veis, a fam\u00edlia de cinco pessoas deslocada pode regressar \u00e0 sua habita\u00e7\u00e3o. O incidente ocorreu na sequ\u00eancia do fogo que deixou o armaz\u00e9m totalmente destru\u00eddo.\" \/>\n<meta property=\"og:url\" content=\"https:\/\/portaltela.pt\/noticias\/2026\/02\/23\/armazem-incendiado-em-obidos-sera-demolido\/\" \/>\n<meta property=\"og:site_name\" content=\"Portal Tela Portugal\" \/>\n<meta property=\"article:published_time\" content=\"2026-02-23T16:20:58+00:00\" \/>\n<meta name=\"author\" content=\"Telinha\" \/>\n<meta name=\"twitter:card\" content=\"summary_large_image\" \/>\n<meta name=\"twitter:label1\" content=\"Escrito por\" \/>\n\t<meta name=\"twitter:data1\" content=\"Telinha\" \/>\n\t<meta name=\"twitter:label2\" content=\"Tempo estimado de leitura\" \/>\n\t<meta name=\"twitter:data2\" content=\"1 minuto\" \/>\n<script type=\"application\/ld+json\" class=\"yoast-schema-graph\">{\"@context\":\"https:\/\/schema.org\",\"@graph\":[{\"@type\":\"Article\",\"@id\":\"https:\/\/portaltela.pt\/noticias\/2026\/02\/23\/armazem-incendiado-em-obidos-sera-demolido\/#article\",\"isPartOf\":{\"@id\":\"https:\/\/portaltela.pt\/noticias\/2026\/02\/23\/armazem-incendiado-em-obidos-sera-demolido\/\"},\"author\":{\"name\":\"Telinha\",\"@id\":\"https:\/\/portaltela.pt\/#\/schema\/person\/c4278d4a6028830caff9ee44b42d32ed\"},\"headline\":\"Armaz\u00e9m incendiado em \u00d3bidos ser\u00e1 demolido\",\"datePublished\":\"2026-02-23T16:20:58+00:00\",\"mainEntityOfPage\":{\"@id\":\"https:\/\/portaltela.pt\/noticias\/2026\/02\/23\/armazem-incendiado-em-obidos-sera-demolido\/\"},\"wordCount\":182,\"image\":{\"@id\":\"https:\/\/portaltela.pt\/noticias\/2026\/02\/23\/armazem-incendiado-em-obidos-sera-demolido\/#primaryimage\"},\"thumbnailUrl\":\"https:\/\/portaltela.pt\/s.01k8rhncp4jt1\/2026\/02\/img_1500x1000uu2026-02-23-09-29-49-2268424.jpg\",\"keywords\":[\"bombeiros\",\"demoli\u00e7\u00f5es\",\"evacua\u00e7\u00f5es\",\"inc\u00eandio\",\"\u00d3bidos\",\"prote\u00e7\u00e3o civil\"],\"articleSection\":[\"Not\u00edcias\"],\"inLanguage\":\"pt-PT\"},{\"@type\":\"WebPage\",\"@id\":\"https:\/\/portaltela.pt\/noticias\/2026\/02\/23\/armazem-incendiado-em-obidos-sera-demolido\/\",\"url\":\"https:\/\/portaltela.pt\/noticias\/2026\/02\/23\/armazem-incendiado-em-obidos-sera-demolido\/\",\"name\":\"Armaz\u00e9m incendiado em \u00d3bidos ser\u00e1 demolido - Portal Tela Portugal\",\"isPartOf\":{\"@id\":\"https:\/\/portaltela.pt\/#website\"},\"primaryImageOfPage\":{\"@id\":\"https:\/\/portaltela.pt\/noticias\/2026\/02\/23\/armazem-incendiado-em-obidos-sera-demolido\/#primaryimage\"},\"image\":{\"@id\":\"https:\/\/portaltela.pt\/noticias\/2026\/02\/23\/armazem-incendiado-em-obidos-sera-demolido\/#primaryimage\"},\"thumbnailUrl\":\"https:\/\/portaltela.pt\/s.01k8rhncp4jt1\/2026\/02\/img_1500x1000uu2026-02-23-09-29-49-2268424.jpg\",\"datePublished\":\"2026-02-23T16:20:58+00:00\",\"author\":{\"@id\":\"https:\/\/portaltela.pt\/#\/schema\/person\/c4278d4a6028830caff9ee44b42d32ed\"},\"breadcrumb\":{\"@id\":\"https:\/\/portaltela.pt\/noticias\/2026\/02\/23\/armazem-incendiado-em-obidos-sera-demolido\/#breadcrumb\"},\"inLanguage\":\"pt-PT\",\"potentialAction\":[{\"@type\":\"ReadAction\",\"target\":[\"https:\/\/portaltela.pt\/noticias\/2026\/02\/23\/armazem-incendiado-em-obidos-sera-demolido\/\"]}]},{\"@type\":\"ImageObject\",\"inLanguage\":\"pt-PT\",\"@id\":\"https:\/\/portaltela.pt\/noticias\/2026\/02\/23\/armazem-incendiado-em-obidos-sera-demolido\/#primaryimage\",\"url\":\"https:\/\/portaltela.pt\/s.01k8rhncp4jt1\/2026\/02\/img_1500x1000uu2026-02-23-09-29-49-2268424.jpg\",\"contentUrl\":\"https:\/\/portaltela.pt\/s.01k8rhncp4jt1\/2026\/02\/img_1500x1000uu2026-02-23-09-29-49-2268424.jpg\",\"width\":796,\"height\":448,\"caption\":\"Cinco bombeiros feridos no combate \u00e0s chamas num armaz\u00e9m de frutas em \u00d3bidos. 10 pessoas obrigadas a sair de casa\"},{\"@type\":\"BreadcrumbList\",\"@id\":\"https:\/\/portaltela.pt\/noticias\/2026\/02\/23\/armazem-incendiado-em-obidos-sera-demolido\/#breadcrumb\",\"itemListElement\":[{\"@type\":\"ListItem\",\"position\":1,\"name\":\"In\u00edcio\",\"item\":\"https:\/\/portaltela.pt\/\"},{\"@type\":\"ListItem\",\"position\":2,\"name\":\"Armaz\u00e9m incendiado em \u00d3bidos ser\u00e1 demolido\"}]},{\"@type\":\"WebSite\",\"@id\":\"https:\/\/portaltela.pt\/#website\",\"url\":\"https:\/\/portaltela.pt\/\",\"name\":\"Portal Tela Portugal\",\"description\":\"\",\"potentialAction\":[{\"@type\":\"SearchAction\",\"target\":{\"@type\":\"EntryPoint\",\"urlTemplate\":\"https:\/\/portaltela.pt\/?s={search_term_string}\"},\"query-input\":{\"@type\":\"PropertyValueSpecification\",\"valueRequired\":true,\"valueName\":\"search_term_string\"}}],\"inLanguage\":\"pt-PT\"},{\"@type\":\"Person\",\"@id\":\"https:\/\/portaltela.pt\/#\/schema\/person\/c4278d4a6028830caff9ee44b42d32ed\",\"name\":\"Telinha\",\"image\":{\"@type\":\"ImageObject\",\"inLanguage\":\"pt-PT\",\"@id\":\"https:\/\/portaltela.pt\/s.01k8rhncp4jt1\/2025\/11\/talking-bot-125x125.png\",\"url\":\"https:\/\/portaltela.pt\/s.01k8rhncp4jt1\/2025\/11\/talking-bot-125x125.png\",\"contentUrl\":\"https:\/\/portaltela.pt\/s.01k8rhncp4jt1\/2025\/11\/talking-bot-125x125.png\",\"caption\":\"Telinha\"},\"sameAs\":[\"https:\/\/portaltela.pt\/\"],\"url\":\"https:\/\/portaltela.pt\/por\/367410592786\/\"}]}<\/script>\n<!-- \/ Yoast SEO plugin. -->","yoast_head_json":{"title":"Armaz\u00e9m incendiado em \u00d3bidos ser\u00e1 demolido - Portal Tela Portugal","robots":{"index":"index","follow":"follow","max-snippet":"max-snippet:-1","max-image-preview":"max-image-preview:large","max-video-preview":"max-video-preview:-1"},"og_locale":"pt_PT","og_type":"article","og_title":"Armaz\u00e9m incendiado em \u00d3bidos ser\u00e1 demolido - Portal Tela Portugal","og_description":"Tr\u00eas m\u00e1quinas pesadas e 17 operacionais dos bombeiros iniciaram a demoli\u00e7\u00e3o do edif\u00edcio da empresa de comercializa\u00e7\u00e3o de fruta em \u00d3bidos. O inc\u00eandio destruiu cerca de mil toneladas de p\u00eara rocha e de v\u00e1rias variedades de ma\u00e7\u00e3. Dois bombeiros sofreram ferimentos ligeiros durante o combate; cinco bombeiros e dois civis foram assistidos no local por exaust\u00e3o e inala\u00e7\u00e3o de fumos. Ao final do dia, se o fumo t\u00f3xico reduzir a n\u00edveis aceit\u00e1veis, a fam\u00edlia de cinco pessoas deslocada pode regressar \u00e0 sua habita\u00e7\u00e3o. O incidente ocorreu na sequ\u00eancia do fogo que deixou o armaz\u00e9m totalmente destru\u00eddo.","og_url":"https:\/\/portaltela.pt\/noticias\/2026\/02\/23\/armazem-incendiado-em-obidos-sera-demolido\/","og_site_name":"Portal Tela Portugal","article_published_time":"2026-02-23T16:20:58+00:00","author":"Telinha","twitter_card":"summary_large_image","twitter_misc":{"Escrito por":"Telinha","Tempo estimado de leitura":"1 minuto"},"schema":{"@context":"https:\/\/schema.org","@graph":[{"@type":"Article","@id":"https:\/\/portaltela.pt\/noticias\/2026\/02\/23\/armazem-incendiado-em-obidos-sera-demolido\/#article","isPartOf":{"@id":"https:\/\/portaltela.pt\/noticias\/2026\/02\/23\/armazem-incendiado-em-obidos-sera-demolido\/"},"author":{"name":"Telinha","@id":"https:\/\/portaltela.pt\/#\/schema\/person\/c4278d4a6028830caff9ee44b42d32ed"},"headline":"Armaz\u00e9m incendiado em \u00d3bidos ser\u00e1 demolido","datePublished":"2026-02-23T16:20:58+00:00","mainEntityOfPage":{"@id":"https:\/\/portaltela.pt\/noticias\/2026\/02\/23\/armazem-incendiado-em-obidos-sera-demolido\/"},"wordCount":182,"image":{"@id":"https:\/\/portaltela.pt\/noticias\/2026\/02\/23\/armazem-incendiado-em-obidos-sera-demolido\/#primaryimage"},"thumbnailUrl":"https:\/\/portaltela.pt\/s.01k8rhncp4jt1\/2026\/02\/img_1500x1000uu2026-02-23-09-29-49-2268424.jpg","keywords":["bombeiros","demoli\u00e7\u00f5es","evacua\u00e7\u00f5es","inc\u00eandio","\u00d3bidos","prote\u00e7\u00e3o civil"],"articleSection":["Not\u00edcias"],"inLanguage":"pt-PT"},{"@type":"WebPage","@id":"https:\/\/portaltela.pt\/noticias\/2026\/02\/23\/armazem-incendiado-em-obidos-sera-demolido\/","url":"https:\/\/portaltela.pt\/noticias\/2026\/02\/23\/armazem-incendiado-em-obidos-sera-demolido\/","name":"Armaz\u00e9m incendiado em \u00d3bidos ser\u00e1 demolido - Portal Tela Portugal","isPartOf":{"@id":"https:\/\/portaltela.pt\/#website"},"primaryImageOfPage":{"@id":"https:\/\/portaltela.pt\/noticias\/2026\/02\/23\/armazem-incendiado-em-obidos-sera-demolido\/#primaryimage"},"image":{"@id":"https:\/\/portaltela.pt\/noticias\/2026\/02\/23\/armazem-incendiado-em-obidos-sera-demolido\/#primaryimage"},"thumbnailUrl":"https:\/\/portaltela.pt\/s.01k8rhncp4jt1\/2026\/02\/img_1500x1000uu2026-02-23-09-29-49-2268424.jpg","datePublished":"2026-02-23T16:20:58+00:00","author":{"@id":"https:\/\/portaltela.pt\/#\/schema\/person\/c4278d4a6028830caff9ee44b42d32ed"},"breadcrumb":{"@id":"https:\/\/portaltela.pt\/noticias\/2026\/02\/23\/armazem-incendiado-em-obidos-sera-demolido\/#breadcrumb"},"inLanguage":"pt-PT","potentialAction":[{"@type":"ReadAction","target":["https:\/\/portaltela.pt\/noticias\/2026\/02\/23\/armazem-incendiado-em-obidos-sera-demolido\/"]}]},{"@type":"ImageObject","inLanguage":"pt-PT","@id":"https:\/\/portaltela.pt\/noticias\/2026\/02\/23\/armazem-incendiado-em-obidos-sera-demolido\/#primaryimage","url":"https:\/\/portaltela.pt\/s.01k8rhncp4jt1\/2026\/02\/img_1500x1000uu2026-02-23-09-29-49-2268424.jpg","contentUrl":"https:\/\/portaltela.pt\/s.01k8rhncp4jt1\/2026\/02\/img_1500x1000uu2026-02-23-09-29-49-2268424.jpg","width":796,"height":448,"caption":"Cinco bombeiros feridos no combate \u00e0s chamas num armaz\u00e9m de frutas em \u00d3bidos. 10 pessoas obrigadas a sair de casa"},{"@type":"BreadcrumbList","@id":"https:\/\/portaltela.pt\/noticias\/2026\/02\/23\/armazem-incendiado-em-obidos-sera-demolido\/#breadcrumb","itemListElement":[{"@type":"ListItem","position":1,"name":"In\u00edcio","item":"https:\/\/portaltela.pt\/"},{"@type":"ListItem","position":2,"name":"Armaz\u00e9m incendiado em \u00d3bidos ser\u00e1 demolido"}]},{"@type":"WebSite","@id":"https:\/\/portaltela.pt\/#website","url":"https:\/\/portaltela.pt\/","name":"Portal Tela Portugal","description":"","potentialAction":[{"@type":"SearchAction","target":{"@type":"EntryPoint","urlTemplate":"https:\/\/portaltela.pt\/?s={search_term_string}"},"query-input":{"@type":"PropertyValueSpecification","valueRequired":true,"valueName":"search_term_string"}}],"inLanguage":"pt-PT"},{"@type":"Person","@id":"https:\/\/portaltela.pt\/#\/schema\/person\/c4278d4a6028830caff9ee44b42d32ed","name":"Telinha","image":{"@type":"ImageObject","inLanguage":"pt-PT","@id":"https:\/\/portaltela.pt\/s.01k8rhncp4jt1\/2025\/11\/talking-bot-125x125.png","url":"https:\/\/portaltela.pt\/s.01k8rhncp4jt1\/2025\/11\/talking-bot-125x125.png","contentUrl":"https:\/\/portaltela.pt\/s.01k8rhncp4jt1\/2025\/11\/talking-bot-125x125.png","caption":"Telinha"},"sameAs":["https:\/\/portaltela.pt\/"],"url":"https:\/\/portaltela.pt\/por\/367410592786\/"}]}},"_links":{"self":[{"href":"https:\/\/portaltela.pt\/api\/wp\/v2\/posts\/223054","targetHints":{"allow":["GET"]}}],"collection":[{"href":"https:\/\/portaltela.pt\/api\/wp\/v2\/posts"}],"about":[{"href":"https:\/\/portaltela.pt\/api\/wp\/v2\/types\/post"}],"author":[{"embeddable":true,"href":"https:\/\/portaltela.pt\/api\/wp\/v2\/users\/2"}],"replies":[{"embeddable":true,"href":"https:\/\/portaltela.pt\/api\/wp\/v2\/comments?post=223054"}],"version-history":[{"count":0,"href":"https:\/\/portaltela.pt\/api\/wp\/v2\/posts\/223054\/revisions"}],"wp:featuredmedia":[{"embeddable":true,"href":"https:\/\/portaltela.pt\/api\/wp\/v2\/media\/223055"}],"wp:attachment":[{"href":"https:\/\/portaltela.pt\/api\/wp\/v2\/media?parent=223054"}],"wp:term":[{"taxonomy":"category","embeddable":true,"href":"https:\/\/portaltela.pt\/api\/wp\/v2\/categories?post=223054"},{"taxonomy":"post_tag","embeddable":true,"href":"https:\/\/portaltela.pt\/api\/wp\/v2\/tags?post=223054"}],"curies":[{"name":"wp","href":"https:\/\/api.w.org\/{rel}","templated":true}]}}