{"id":223041,"date":"2026-02-23T12:54:00","date_gmt":"2026-02-23T15:54:00","guid":{"rendered":"https:\/\/portaltela.pt\/noticias\/2026\/02\/23\/ferreira-do-zezere-resiliencia-no-festival-do-lagostim-e-peixe-do-rio\/"},"modified":"2026-02-23T12:54:00","modified_gmt":"2026-02-23T15:54:00","slug":"ferreira-do-zezere-resiliencia-no-festival-do-lagostim-e-peixe-do-rio","status":"publish","type":"post","link":"https:\/\/portaltela.pt\/noticias\/2026\/02\/23\/ferreira-do-zezere-resiliencia-no-festival-do-lagostim-e-peixe-do-rio\/","title":{"rendered":"Ferreira do Z\u00eazere: resili\u00eancia no Festival do Lagostim e Peixe do Rio"},"content":{"rendered":"<p>Ap\u00f3s a tempestade Kristin, Ferreira do Z\u00eazere mant\u00e9m o Festival Gastron\u00f3mico do Lagostim e Peixe do Rio, entre os dias 6 e 29 de mar\u00e7o, com foco na resist\u00eancia e apoio ao com\u00e9rcio local. O evento decorre na vila e mant\u00e9m a tradi\u00e7\u00e3o, adaptando-se \u00e0s dificuldades recentes sem cancelar a programa\u00e7\u00e3o.<\/p>\n<p>A autarquia explica que, apesar dos danos causados pela tempestade, a organiza\u00e7\u00e3o decidiu manter o festival para apoiar os restaurantes locais e promover produtos end\u00f3genos. O objetivo \u00e9 dinamizar economicamente o concelho, ainda fustigado pelos estragos.<\/p>\n<p>Doze estabelecimentos integram a iniciativa, entre restaurantes e caf\u00e9s\/pastelarias, apresentando pratos que valorizam o lagostim e o peixe do rio. Entre as propostas destacam-se receitas tradicionais e criativas, com uso de mat\u00e9ria-prima local e saber-fazer regional.<\/p>\n<h3>Participa\u00e7\u00e3o e propostas<\/h3>\n<p>Ao longo do festival, oito restaurantes e quatro estabelecimentos de alimenta\u00e7\u00e3o preenchem os menus com combina\u00e7\u00f5es regionais, desde lombo de peixe at\u00e9 ensopados e risottos com lagostim. A variedade de pratos aponta para uma aposta forte na identidade gastron\u00f3mica local.<\/p>\n<p>A organiza\u00e7\u00e3o sublinha que o festival, al\u00e9m de celebrar sabores, funciona como convite \u00e0 solidariedade e \u00e0 descoberta do patrim\u00f3nio de Ferreira do Z\u00eazere. O objetivo \u00e9 manter a hospitalidade e a tradi\u00e7\u00e3o vivas, em meio a dificuldades recentes.<\/p>\n","protected":false},"excerpt":{"rendered":"<ul>\n<li>Ferreira do Z\u00eazere realiza o Festival Gastron\u00f3mico do Lagostim e Peixe do Rio entre 6 e 29 de mar\u00e7o, para apoiar o com\u00e9rcio local e promover produtos end\u00f3genos.<\/li>\n<li>O festival nasceu em 2008 com o slogan \u201cSe n\u00e3o podemos venc\u00ea-los\u2026 Vamos com\u00ea-los\u201d e, este ano, mant\u00e9m-se apesar das dificuldades.<\/li>\n<li>Ap\u00f3s a tempestade Kristin, as atividades paralelas ficam sem condi\u00e7\u00f5es, mas a edi\u00e7\u00e3o continua como s\u00edmbolo de resist\u00eancia e uni\u00e3o.<\/li>\n<li>S\u00e3o doze estabelecimentos envolvidos \u2014 oito restaurantes e quatro caf\u00e9s\/pastelarias \u2014 que apresentam pratos tradicionais e criativos com lagostim e peixe do rio.<\/li>\n<li>Exemplos de propostas incluem lagostim em v\u00e1rias prepara\u00e7\u00f5es, ensopado, a\u00e7orda, lombinhos, risotto ou crust\u00e1ceo em broa, destacando a mat\u00e9ria-prima local.<\/li>\n<\/ul>\n","protected":false},"author":2,"featured_media":223045,"comment_status":"closed","ping_status":"closed","sticky":false,"template":"","format":"standard","meta":{"footnotes":""},"categories":[1],"tags":[244,778,28,5038,3674,219],"class_list":["post-223041","post","type-post","status-publish","format-standard","has-post-thumbnail","hentry","category-noticias","tag-comercio","tag-comida","tag-economia","tag-ferreira-do-zezere","tag-festival","tag-gastronomia"],"yoast_head":"<!-- This site is optimized with the Yoast SEO plugin v27.2 - https:\/\/yoast.com\/product\/yoast-seo-wordpress\/ -->\n<title>Ferreira do Z\u00eazere: resili\u00eancia no Festival do Lagostim e Peixe do Rio - Portal Tela Portugal<\/title>\n<meta name=\"robots\" content=\"index, follow, max-snippet:-1, max-image-preview:large, max-video-preview:-1\" \/>\n<meta property=\"og:locale\" content=\"pt_PT\" \/>\n<meta property=\"og:type\" content=\"article\" \/>\n<meta property=\"og:title\" content=\"Ferreira do Z\u00eazere: resili\u00eancia no Festival do Lagostim e Peixe do Rio - Portal Tela Portugal\" \/>\n<meta property=\"og:description\" content=\"Ferreira do Z\u00eazere realiza o Festival Gastron\u00f3mico do Lagostim e Peixe do Rio entre 6 e 29 de mar\u00e7o, para apoiar o com\u00e9rcio local e promover produtos end\u00f3genos. O festival nasceu em 2008 com o slogan \u201cSe n\u00e3o podemos venc\u00ea-los\u2026 Vamos com\u00ea-los\u201d e, este ano, mant\u00e9m-se apesar das dificuldades. Ap\u00f3s a tempestade Kristin, as atividades paralelas ficam sem condi\u00e7\u00f5es, mas a edi\u00e7\u00e3o continua como s\u00edmbolo de resist\u00eancia e uni\u00e3o. S\u00e3o doze estabelecimentos envolvidos \u2014 oito restaurantes e quatro caf\u00e9s\/pastelarias \u2014 que apresentam pratos tradicionais e criativos com lagostim e peixe do rio. Exemplos de propostas incluem lagostim em v\u00e1rias prepara\u00e7\u00f5es, ensopado, a\u00e7orda, lombinhos, risotto ou crust\u00e1ceo em broa, destacando a mat\u00e9ria-prima local.\" \/>\n<meta property=\"og:url\" content=\"https:\/\/portaltela.pt\/noticias\/2026\/02\/23\/ferreira-do-zezere-resiliencia-no-festival-do-lagostim-e-peixe-do-rio\/\" \/>\n<meta property=\"og:site_name\" content=\"Portal Tela Portugal\" \/>\n<meta property=\"article:published_time\" content=\"2026-02-23T15:54:00+00:00\" \/>\n<meta name=\"author\" content=\"Telinha\" \/>\n<meta name=\"twitter:card\" content=\"summary_large_image\" \/>\n<meta name=\"twitter:label1\" content=\"Escrito por\" \/>\n\t<meta name=\"twitter:data1\" content=\"Telinha\" \/>\n\t<meta name=\"twitter:label2\" content=\"Tempo estimado de leitura\" \/>\n\t<meta name=\"twitter:data2\" content=\"1 minuto\" \/>\n<script type=\"application\/ld+json\" class=\"yoast-schema-graph\">{\"@context\":\"https:\/\/schema.org\",\"@graph\":[{\"@type\":\"Article\",\"@id\":\"https:\/\/portaltela.pt\/noticias\/2026\/02\/23\/ferreira-do-zezere-resiliencia-no-festival-do-lagostim-e-peixe-do-rio\/#article\",\"isPartOf\":{\"@id\":\"https:\/\/portaltela.pt\/noticias\/2026\/02\/23\/ferreira-do-zezere-resiliencia-no-festival-do-lagostim-e-peixe-do-rio\/\"},\"author\":{\"name\":\"Telinha\",\"@id\":\"https:\/\/portaltela.pt\/#\/schema\/person\/c4278d4a6028830caff9ee44b42d32ed\"},\"headline\":\"Ferreira do Z\u00eazere: resili\u00eancia no Festival do Lagostim e Peixe do Rio\",\"datePublished\":\"2026-02-23T15:54:00+00:00\",\"mainEntityOfPage\":{\"@id\":\"https:\/\/portaltela.pt\/noticias\/2026\/02\/23\/ferreira-do-zezere-resiliencia-no-festival-do-lagostim-e-peixe-do-rio\/\"},\"wordCount\":237,\"image\":{\"@id\":\"https:\/\/portaltela.pt\/noticias\/2026\/02\/23\/ferreira-do-zezere-resiliencia-no-festival-do-lagostim-e-peixe-do-rio\/#primaryimage\"},\"thumbnailUrl\":\"https:\/\/portaltela.pt\/s.01k8rhncp4jt1\/2026\/02\/2069117.jpg\",\"keywords\":[\"com\u00e9rcio\",\"comida\",\"economia\",\"Ferreira do Z\u00eazere\",\"festival\",\"gastronomia\"],\"articleSection\":[\"Not\u00edcias\"],\"inLanguage\":\"pt-PT\"},{\"@type\":\"WebPage\",\"@id\":\"https:\/\/portaltela.pt\/noticias\/2026\/02\/23\/ferreira-do-zezere-resiliencia-no-festival-do-lagostim-e-peixe-do-rio\/\",\"url\":\"https:\/\/portaltela.pt\/noticias\/2026\/02\/23\/ferreira-do-zezere-resiliencia-no-festival-do-lagostim-e-peixe-do-rio\/\",\"name\":\"Ferreira do Z\u00eazere: resili\u00eancia no Festival do Lagostim e Peixe do Rio - Portal Tela Portugal\",\"isPartOf\":{\"@id\":\"https:\/\/portaltela.pt\/#website\"},\"primaryImageOfPage\":{\"@id\":\"https:\/\/portaltela.pt\/noticias\/2026\/02\/23\/ferreira-do-zezere-resiliencia-no-festival-do-lagostim-e-peixe-do-rio\/#primaryimage\"},\"image\":{\"@id\":\"https:\/\/portaltela.pt\/noticias\/2026\/02\/23\/ferreira-do-zezere-resiliencia-no-festival-do-lagostim-e-peixe-do-rio\/#primaryimage\"},\"thumbnailUrl\":\"https:\/\/portaltela.pt\/s.01k8rhncp4jt1\/2026\/02\/2069117.jpg\",\"datePublished\":\"2026-02-23T15:54:00+00:00\",\"author\":{\"@id\":\"https:\/\/portaltela.pt\/#\/schema\/person\/c4278d4a6028830caff9ee44b42d32ed\"},\"breadcrumb\":{\"@id\":\"https:\/\/portaltela.pt\/noticias\/2026\/02\/23\/ferreira-do-zezere-resiliencia-no-festival-do-lagostim-e-peixe-do-rio\/#breadcrumb\"},\"inLanguage\":\"pt-PT\",\"potentialAction\":[{\"@type\":\"ReadAction\",\"target\":[\"https:\/\/portaltela.pt\/noticias\/2026\/02\/23\/ferreira-do-zezere-resiliencia-no-festival-do-lagostim-e-peixe-do-rio\/\"]}]},{\"@type\":\"ImageObject\",\"inLanguage\":\"pt-PT\",\"@id\":\"https:\/\/portaltela.pt\/noticias\/2026\/02\/23\/ferreira-do-zezere-resiliencia-no-festival-do-lagostim-e-peixe-do-rio\/#primaryimage\",\"url\":\"https:\/\/portaltela.pt\/s.01k8rhncp4jt1\/2026\/02\/2069117.jpg\",\"contentUrl\":\"https:\/\/portaltela.pt\/s.01k8rhncp4jt1\/2026\/02\/2069117.jpg\",\"width\":796,\"height\":448,\"caption\":\"Este ano, o festival faz-se exclusivamente \u00e0 mesa\"},{\"@type\":\"BreadcrumbList\",\"@id\":\"https:\/\/portaltela.pt\/noticias\/2026\/02\/23\/ferreira-do-zezere-resiliencia-no-festival-do-lagostim-e-peixe-do-rio\/#breadcrumb\",\"itemListElement\":[{\"@type\":\"ListItem\",\"position\":1,\"name\":\"In\u00edcio\",\"item\":\"https:\/\/portaltela.pt\/\"},{\"@type\":\"ListItem\",\"position\":2,\"name\":\"Ferreira do Z\u00eazere: resili\u00eancia no Festival do Lagostim e Peixe do Rio\"}]},{\"@type\":\"WebSite\",\"@id\":\"https:\/\/portaltela.pt\/#website\",\"url\":\"https:\/\/portaltela.pt\/\",\"name\":\"Portal Tela Portugal\",\"description\":\"\",\"potentialAction\":[{\"@type\":\"SearchAction\",\"target\":{\"@type\":\"EntryPoint\",\"urlTemplate\":\"https:\/\/portaltela.pt\/?s={search_term_string}\"},\"query-input\":{\"@type\":\"PropertyValueSpecification\",\"valueRequired\":true,\"valueName\":\"search_term_string\"}}],\"inLanguage\":\"pt-PT\"},{\"@type\":\"Person\",\"@id\":\"https:\/\/portaltela.pt\/#\/schema\/person\/c4278d4a6028830caff9ee44b42d32ed\",\"name\":\"Telinha\",\"image\":{\"@type\":\"ImageObject\",\"inLanguage\":\"pt-PT\",\"@id\":\"https:\/\/portaltela.pt\/s.01k8rhncp4jt1\/2025\/11\/talking-bot-125x125.png\",\"url\":\"https:\/\/portaltela.pt\/s.01k8rhncp4jt1\/2025\/11\/talking-bot-125x125.png\",\"contentUrl\":\"https:\/\/portaltela.pt\/s.01k8rhncp4jt1\/2025\/11\/talking-bot-125x125.png\",\"caption\":\"Telinha\"},\"sameAs\":[\"https:\/\/portaltela.pt\/\"],\"url\":\"https:\/\/portaltela.pt\/por\/367410592786\/\"}]}<\/script>\n<!-- \/ Yoast SEO plugin. -->","yoast_head_json":{"title":"Ferreira do Z\u00eazere: resili\u00eancia no Festival do Lagostim e Peixe do Rio - Portal Tela Portugal","robots":{"index":"index","follow":"follow","max-snippet":"max-snippet:-1","max-image-preview":"max-image-preview:large","max-video-preview":"max-video-preview:-1"},"og_locale":"pt_PT","og_type":"article","og_title":"Ferreira do Z\u00eazere: resili\u00eancia no Festival do Lagostim e Peixe do Rio - Portal Tela Portugal","og_description":"Ferreira do Z\u00eazere realiza o Festival Gastron\u00f3mico do Lagostim e Peixe do Rio entre 6 e 29 de mar\u00e7o, para apoiar o com\u00e9rcio local e promover produtos end\u00f3genos. O festival nasceu em 2008 com o slogan \u201cSe n\u00e3o podemos venc\u00ea-los\u2026 Vamos com\u00ea-los\u201d e, este ano, mant\u00e9m-se apesar das dificuldades. Ap\u00f3s a tempestade Kristin, as atividades paralelas ficam sem condi\u00e7\u00f5es, mas a edi\u00e7\u00e3o continua como s\u00edmbolo de resist\u00eancia e uni\u00e3o. S\u00e3o doze estabelecimentos envolvidos \u2014 oito restaurantes e quatro caf\u00e9s\/pastelarias \u2014 que apresentam pratos tradicionais e criativos com lagostim e peixe do rio. Exemplos de propostas incluem lagostim em v\u00e1rias prepara\u00e7\u00f5es, ensopado, a\u00e7orda, lombinhos, risotto ou crust\u00e1ceo em broa, destacando a mat\u00e9ria-prima local.","og_url":"https:\/\/portaltela.pt\/noticias\/2026\/02\/23\/ferreira-do-zezere-resiliencia-no-festival-do-lagostim-e-peixe-do-rio\/","og_site_name":"Portal Tela Portugal","article_published_time":"2026-02-23T15:54:00+00:00","author":"Telinha","twitter_card":"summary_large_image","twitter_misc":{"Escrito por":"Telinha","Tempo estimado de leitura":"1 minuto"},"schema":{"@context":"https:\/\/schema.org","@graph":[{"@type":"Article","@id":"https:\/\/portaltela.pt\/noticias\/2026\/02\/23\/ferreira-do-zezere-resiliencia-no-festival-do-lagostim-e-peixe-do-rio\/#article","isPartOf":{"@id":"https:\/\/portaltela.pt\/noticias\/2026\/02\/23\/ferreira-do-zezere-resiliencia-no-festival-do-lagostim-e-peixe-do-rio\/"},"author":{"name":"Telinha","@id":"https:\/\/portaltela.pt\/#\/schema\/person\/c4278d4a6028830caff9ee44b42d32ed"},"headline":"Ferreira do Z\u00eazere: resili\u00eancia no Festival do Lagostim e Peixe do Rio","datePublished":"2026-02-23T15:54:00+00:00","mainEntityOfPage":{"@id":"https:\/\/portaltela.pt\/noticias\/2026\/02\/23\/ferreira-do-zezere-resiliencia-no-festival-do-lagostim-e-peixe-do-rio\/"},"wordCount":237,"image":{"@id":"https:\/\/portaltela.pt\/noticias\/2026\/02\/23\/ferreira-do-zezere-resiliencia-no-festival-do-lagostim-e-peixe-do-rio\/#primaryimage"},"thumbnailUrl":"https:\/\/portaltela.pt\/s.01k8rhncp4jt1\/2026\/02\/2069117.jpg","keywords":["com\u00e9rcio","comida","economia","Ferreira do Z\u00eazere","festival","gastronomia"],"articleSection":["Not\u00edcias"],"inLanguage":"pt-PT"},{"@type":"WebPage","@id":"https:\/\/portaltela.pt\/noticias\/2026\/02\/23\/ferreira-do-zezere-resiliencia-no-festival-do-lagostim-e-peixe-do-rio\/","url":"https:\/\/portaltela.pt\/noticias\/2026\/02\/23\/ferreira-do-zezere-resiliencia-no-festival-do-lagostim-e-peixe-do-rio\/","name":"Ferreira do Z\u00eazere: resili\u00eancia no Festival do Lagostim e Peixe do Rio - Portal Tela Portugal","isPartOf":{"@id":"https:\/\/portaltela.pt\/#website"},"primaryImageOfPage":{"@id":"https:\/\/portaltela.pt\/noticias\/2026\/02\/23\/ferreira-do-zezere-resiliencia-no-festival-do-lagostim-e-peixe-do-rio\/#primaryimage"},"image":{"@id":"https:\/\/portaltela.pt\/noticias\/2026\/02\/23\/ferreira-do-zezere-resiliencia-no-festival-do-lagostim-e-peixe-do-rio\/#primaryimage"},"thumbnailUrl":"https:\/\/portaltela.pt\/s.01k8rhncp4jt1\/2026\/02\/2069117.jpg","datePublished":"2026-02-23T15:54:00+00:00","author":{"@id":"https:\/\/portaltela.pt\/#\/schema\/person\/c4278d4a6028830caff9ee44b42d32ed"},"breadcrumb":{"@id":"https:\/\/portaltela.pt\/noticias\/2026\/02\/23\/ferreira-do-zezere-resiliencia-no-festival-do-lagostim-e-peixe-do-rio\/#breadcrumb"},"inLanguage":"pt-PT","potentialAction":[{"@type":"ReadAction","target":["https:\/\/portaltela.pt\/noticias\/2026\/02\/23\/ferreira-do-zezere-resiliencia-no-festival-do-lagostim-e-peixe-do-rio\/"]}]},{"@type":"ImageObject","inLanguage":"pt-PT","@id":"https:\/\/portaltela.pt\/noticias\/2026\/02\/23\/ferreira-do-zezere-resiliencia-no-festival-do-lagostim-e-peixe-do-rio\/#primaryimage","url":"https:\/\/portaltela.pt\/s.01k8rhncp4jt1\/2026\/02\/2069117.jpg","contentUrl":"https:\/\/portaltela.pt\/s.01k8rhncp4jt1\/2026\/02\/2069117.jpg","width":796,"height":448,"caption":"Este ano, o festival faz-se exclusivamente \u00e0 mesa"},{"@type":"BreadcrumbList","@id":"https:\/\/portaltela.pt\/noticias\/2026\/02\/23\/ferreira-do-zezere-resiliencia-no-festival-do-lagostim-e-peixe-do-rio\/#breadcrumb","itemListElement":[{"@type":"ListItem","position":1,"name":"In\u00edcio","item":"https:\/\/portaltela.pt\/"},{"@type":"ListItem","position":2,"name":"Ferreira do Z\u00eazere: resili\u00eancia no Festival do Lagostim e Peixe do Rio"}]},{"@type":"WebSite","@id":"https:\/\/portaltela.pt\/#website","url":"https:\/\/portaltela.pt\/","name":"Portal Tela Portugal","description":"","potentialAction":[{"@type":"SearchAction","target":{"@type":"EntryPoint","urlTemplate":"https:\/\/portaltela.pt\/?s={search_term_string}"},"query-input":{"@type":"PropertyValueSpecification","valueRequired":true,"valueName":"search_term_string"}}],"inLanguage":"pt-PT"},{"@type":"Person","@id":"https:\/\/portaltela.pt\/#\/schema\/person\/c4278d4a6028830caff9ee44b42d32ed","name":"Telinha","image":{"@type":"ImageObject","inLanguage":"pt-PT","@id":"https:\/\/portaltela.pt\/s.01k8rhncp4jt1\/2025\/11\/talking-bot-125x125.png","url":"https:\/\/portaltela.pt\/s.01k8rhncp4jt1\/2025\/11\/talking-bot-125x125.png","contentUrl":"https:\/\/portaltela.pt\/s.01k8rhncp4jt1\/2025\/11\/talking-bot-125x125.png","caption":"Telinha"},"sameAs":["https:\/\/portaltela.pt\/"],"url":"https:\/\/portaltela.pt\/por\/367410592786\/"}]}},"_links":{"self":[{"href":"https:\/\/portaltela.pt\/api\/wp\/v2\/posts\/223041","targetHints":{"allow":["GET"]}}],"collection":[{"href":"https:\/\/portaltela.pt\/api\/wp\/v2\/posts"}],"about":[{"href":"https:\/\/portaltela.pt\/api\/wp\/v2\/types\/post"}],"author":[{"embeddable":true,"href":"https:\/\/portaltela.pt\/api\/wp\/v2\/users\/2"}],"replies":[{"embeddable":true,"href":"https:\/\/portaltela.pt\/api\/wp\/v2\/comments?post=223041"}],"version-history":[{"count":0,"href":"https:\/\/portaltela.pt\/api\/wp\/v2\/posts\/223041\/revisions"}],"wp:featuredmedia":[{"embeddable":true,"href":"https:\/\/portaltela.pt\/api\/wp\/v2\/media\/223045"}],"wp:attachment":[{"href":"https:\/\/portaltela.pt\/api\/wp\/v2\/media?parent=223041"}],"wp:term":[{"taxonomy":"category","embeddable":true,"href":"https:\/\/portaltela.pt\/api\/wp\/v2\/categories?post=223041"},{"taxonomy":"post_tag","embeddable":true,"href":"https:\/\/portaltela.pt\/api\/wp\/v2\/tags?post=223041"}],"curies":[{"name":"wp","href":"https:\/\/api.w.org\/{rel}","templated":true}]}}