{"id":223024,"date":"2026-02-23T12:52:00","date_gmt":"2026-02-23T15:52:00","guid":{"rendered":"https:\/\/portaltela.pt\/noticias\/2026\/02\/23\/sarah-ferguson-prepara-mudanca-para-portugal-apos-clinica-de-luxo-na-suica\/"},"modified":"2026-02-23T12:52:00","modified_gmt":"2026-02-23T15:52:00","slug":"sarah-ferguson-prepara-mudanca-para-portugal-apos-clinica-de-luxo-na-suica","status":"publish","type":"post","link":"https:\/\/portaltela.pt\/noticias\/2026\/02\/23\/sarah-ferguson-prepara-mudanca-para-portugal-apos-clinica-de-luxo-na-suica\/","title":{"rendered":"Sarah Ferguson prepara mudan\u00e7a para Portugal ap\u00f3s cl\u00ednica de luxo na Su\u00ed\u00e7a"},"content":{"rendered":"<p>Sarah Ferguson, conhecida como Fergie, prepara-se para uma mudan\u00e7a de vida para Portugal, ap\u00f3s um per\u00edodo de isolamento. O foco p\u00fablico recai sobre a sua rela\u00e7\u00e3o com o ex-pr\u00edncipe Andr\u00e9 e com os alegados ficheiros Epstein.<\/p>\n<p>A ideia de transferir-se surge na sequ\u00eancia de novas revela\u00e7\u00f5es sobre o caso Epstein, que envolve o seu c\u00edrculo. A ex-duquesa afastou-se de Windsor e manteve sil\u00eancio desde o batizado da neta, em dezembro.<\/p>\n<h3>Mudan\u00e7a para Portugal?<\/h3>\n<p>Segundo o Daily Mail, Ferguson refugia-se numa cl\u00ednica de reabilita\u00e7\u00e3o em Zurique, a Paracelsus, depois do Natal. A estadia prolongou-se at\u00e9 ao final de janeiro, com custo di\u00e1rio elevado e servi\u00e7os sob medida.<\/p>\n<p>A cl\u00ednica foi descrita pela pr\u00f3pria Fergie em tempos como centro de excel\u00eancia cl\u00ednica com apoio humano. O objetivo \u00e9 obter tratamento m\u00e9dico especializado e conforto emocional, num ambiente luxuoso.<\/p>\n<p>A paragem seguinte ainda n\u00e3o \u00e9 oficial. A pr\u00f3pria Ferguson n\u00e3o est\u00e1 acompanhando Andr\u00e9 para Sandringham, conforme fontes pr\u00f3ximas. H\u00e1 hip\u00f3teses de resid\u00eancia tempor\u00e1ria em Portugal, com a Comporta entre as possibilidades.<\/p>\n","protected":false},"excerpt":{"rendered":"<ul>\n<li>Sarah Ferguson, conhecida como Fergie, prepara mudan\u00e7a para Portugal ap\u00f3s ter passado por uma cl\u00ednica de reabilita\u00e7\u00e3o de luxo na Su\u00ed\u00e7a, a Paracelsus em Zurique.<\/li>\n<li>A situa\u00e7\u00e3o surge ap\u00f3s a deten\u00e7\u00e3o do ex-pr\u00edncipe Andr\u00e9, associada a Jeffrey Epstein, levando Ferguson a manter sil\u00eancio e afastar-se publicamente.<\/li>\n<li>A cl\u00ednica Paracelsus \u00e9 conhecida pela exclusividade e poder\u00e1 custar mais de 15 mil euros por dia, com estadia entre o Natal e o final de janeiro.<\/li>\n<li>Uma fonte su\u00ed\u00e7a cita que Ferguson sente-se \u00e0 vontade no Paracelsus e j\u00e1 tinha elogiado a institui\u00e7\u00e3o publicamente no passado.<\/li>\n<li>O destino em Portugal poder\u00e1 ser a Comporta; n\u00e3o ir\u00e1 morar com Andr\u00e9 na nova casa de Sandringham, mantendo a procura de um novo local para morar.<\/li>\n<\/ul>\n","protected":false},"author":2,"featured_media":223026,"comment_status":"closed","ping_status":"closed","sticky":false,"template":"","format":"standard","meta":{"footnotes":""},"categories":[12,1],"tags":[76,4929,6288,5661,1014,172],"class_list":["post-223024","post","type-post","status-publish","format-standard","has-post-thumbnail","hentry","category-entretenimento","category-noticias","tag-celebridades","tag-clinicas","tag-comporta","tag-pessoas-publicas","tag-portugal","tag-saude"],"yoast_head":"<!-- This site is optimized with the Yoast SEO plugin v27.2 - https:\/\/yoast.com\/product\/yoast-seo-wordpress\/ -->\n<title>Sarah Ferguson prepara mudan\u00e7a para Portugal ap\u00f3s cl\u00ednica de luxo na Su\u00ed\u00e7a - Portal Tela Portugal<\/title>\n<meta name=\"robots\" content=\"index, follow, max-snippet:-1, max-image-preview:large, max-video-preview:-1\" \/>\n<meta property=\"og:locale\" content=\"pt_PT\" \/>\n<meta property=\"og:type\" content=\"article\" \/>\n<meta property=\"og:title\" content=\"Sarah Ferguson prepara mudan\u00e7a para Portugal ap\u00f3s cl\u00ednica de luxo na Su\u00ed\u00e7a - Portal Tela Portugal\" \/>\n<meta property=\"og:description\" content=\"Sarah Ferguson, conhecida como Fergie, prepara mudan\u00e7a para Portugal ap\u00f3s ter passado por uma cl\u00ednica de reabilita\u00e7\u00e3o de luxo na Su\u00ed\u00e7a, a Paracelsus em Zurique. A situa\u00e7\u00e3o surge ap\u00f3s a deten\u00e7\u00e3o do ex-pr\u00edncipe Andr\u00e9, associada a Jeffrey Epstein, levando Ferguson a manter sil\u00eancio e afastar-se publicamente. A cl\u00ednica Paracelsus \u00e9 conhecida pela exclusividade e poder\u00e1 custar mais de 15 mil euros por dia, com estadia entre o Natal e o final de janeiro. Uma fonte su\u00ed\u00e7a cita que Ferguson sente-se \u00e0 vontade no Paracelsus e j\u00e1 tinha elogiado a institui\u00e7\u00e3o publicamente no passado. O destino em Portugal poder\u00e1 ser a Comporta; n\u00e3o ir\u00e1 morar com Andr\u00e9 na nova casa de Sandringham, mantendo a procura de um novo local para morar.\" \/>\n<meta property=\"og:url\" content=\"https:\/\/portaltela.pt\/noticias\/2026\/02\/23\/sarah-ferguson-prepara-mudanca-para-portugal-apos-clinica-de-luxo-na-suica\/\" \/>\n<meta property=\"og:site_name\" content=\"Portal Tela Portugal\" \/>\n<meta property=\"article:published_time\" content=\"2026-02-23T15:52:00+00:00\" \/>\n<meta name=\"author\" content=\"Telinha\" \/>\n<meta name=\"twitter:card\" content=\"summary_large_image\" \/>\n<meta name=\"twitter:label1\" content=\"Escrito por\" \/>\n\t<meta name=\"twitter:data1\" content=\"Telinha\" \/>\n\t<meta name=\"twitter:label2\" content=\"Tempo estimado de leitura\" \/>\n\t<meta name=\"twitter:data2\" content=\"1 minuto\" \/>\n<script type=\"application\/ld+json\" class=\"yoast-schema-graph\">{\"@context\":\"https:\/\/schema.org\",\"@graph\":[{\"@type\":\"Article\",\"@id\":\"https:\/\/portaltela.pt\/noticias\/2026\/02\/23\/sarah-ferguson-prepara-mudanca-para-portugal-apos-clinica-de-luxo-na-suica\/#article\",\"isPartOf\":{\"@id\":\"https:\/\/portaltela.pt\/noticias\/2026\/02\/23\/sarah-ferguson-prepara-mudanca-para-portugal-apos-clinica-de-luxo-na-suica\/\"},\"author\":{\"name\":\"Telinha\",\"@id\":\"https:\/\/portaltela.pt\/#\/schema\/person\/c4278d4a6028830caff9ee44b42d32ed\"},\"headline\":\"Sarah Ferguson prepara mudan\u00e7a para Portugal ap\u00f3s cl\u00ednica de luxo na Su\u00ed\u00e7a\",\"datePublished\":\"2026-02-23T15:52:00+00:00\",\"mainEntityOfPage\":{\"@id\":\"https:\/\/portaltela.pt\/noticias\/2026\/02\/23\/sarah-ferguson-prepara-mudanca-para-portugal-apos-clinica-de-luxo-na-suica\/\"},\"wordCount\":209,\"image\":{\"@id\":\"https:\/\/portaltela.pt\/noticias\/2026\/02\/23\/sarah-ferguson-prepara-mudanca-para-portugal-apos-clinica-de-luxo-na-suica\/#primaryimage\"},\"thumbnailUrl\":\"https:\/\/portaltela.pt\/s.01k8rhncp4jt1\/2026\/02\/img_1280x718uu2026-02-23-10-45-29-2268436-im-639074403460379706.jpg\",\"keywords\":[\"celebridades\",\"cl\u00ednicas\",\"Comporta\",\"pessoas p\u00fablicas\",\"Portugal\",\"sa\u00fade\"],\"articleSection\":[\"Entretenimento\",\"Not\u00edcias\"],\"inLanguage\":\"pt-PT\"},{\"@type\":\"WebPage\",\"@id\":\"https:\/\/portaltela.pt\/noticias\/2026\/02\/23\/sarah-ferguson-prepara-mudanca-para-portugal-apos-clinica-de-luxo-na-suica\/\",\"url\":\"https:\/\/portaltela.pt\/noticias\/2026\/02\/23\/sarah-ferguson-prepara-mudanca-para-portugal-apos-clinica-de-luxo-na-suica\/\",\"name\":\"Sarah Ferguson prepara mudan\u00e7a para Portugal ap\u00f3s cl\u00ednica de luxo na Su\u00ed\u00e7a - Portal Tela Portugal\",\"isPartOf\":{\"@id\":\"https:\/\/portaltela.pt\/#website\"},\"primaryImageOfPage\":{\"@id\":\"https:\/\/portaltela.pt\/noticias\/2026\/02\/23\/sarah-ferguson-prepara-mudanca-para-portugal-apos-clinica-de-luxo-na-suica\/#primaryimage\"},\"image\":{\"@id\":\"https:\/\/portaltela.pt\/noticias\/2026\/02\/23\/sarah-ferguson-prepara-mudanca-para-portugal-apos-clinica-de-luxo-na-suica\/#primaryimage\"},\"thumbnailUrl\":\"https:\/\/portaltela.pt\/s.01k8rhncp4jt1\/2026\/02\/img_1280x718uu2026-02-23-10-45-29-2268436-im-639074403460379706.jpg\",\"datePublished\":\"2026-02-23T15:52:00+00:00\",\"author\":{\"@id\":\"https:\/\/portaltela.pt\/#\/schema\/person\/c4278d4a6028830caff9ee44b42d32ed\"},\"breadcrumb\":{\"@id\":\"https:\/\/portaltela.pt\/noticias\/2026\/02\/23\/sarah-ferguson-prepara-mudanca-para-portugal-apos-clinica-de-luxo-na-suica\/#breadcrumb\"},\"inLanguage\":\"pt-PT\",\"potentialAction\":[{\"@type\":\"ReadAction\",\"target\":[\"https:\/\/portaltela.pt\/noticias\/2026\/02\/23\/sarah-ferguson-prepara-mudanca-para-portugal-apos-clinica-de-luxo-na-suica\/\"]}]},{\"@type\":\"ImageObject\",\"inLanguage\":\"pt-PT\",\"@id\":\"https:\/\/portaltela.pt\/noticias\/2026\/02\/23\/sarah-ferguson-prepara-mudanca-para-portugal-apos-clinica-de-luxo-na-suica\/#primaryimage\",\"url\":\"https:\/\/portaltela.pt\/s.01k8rhncp4jt1\/2026\/02\/img_1280x718uu2026-02-23-10-45-29-2268436-im-639074403460379706.jpg\",\"contentUrl\":\"https:\/\/portaltela.pt\/s.01k8rhncp4jt1\/2026\/02\/img_1280x718uu2026-02-23-10-45-29-2268436-im-639074403460379706.jpg\",\"width\":1280,\"height\":718,\"caption\":\"Sarah Ferguson\"},{\"@type\":\"BreadcrumbList\",\"@id\":\"https:\/\/portaltela.pt\/noticias\/2026\/02\/23\/sarah-ferguson-prepara-mudanca-para-portugal-apos-clinica-de-luxo-na-suica\/#breadcrumb\",\"itemListElement\":[{\"@type\":\"ListItem\",\"position\":1,\"name\":\"In\u00edcio\",\"item\":\"https:\/\/portaltela.pt\/\"},{\"@type\":\"ListItem\",\"position\":2,\"name\":\"Sarah Ferguson prepara mudan\u00e7a para Portugal ap\u00f3s cl\u00ednica de luxo na Su\u00ed\u00e7a\"}]},{\"@type\":\"WebSite\",\"@id\":\"https:\/\/portaltela.pt\/#website\",\"url\":\"https:\/\/portaltela.pt\/\",\"name\":\"Portal Tela Portugal\",\"description\":\"\",\"potentialAction\":[{\"@type\":\"SearchAction\",\"target\":{\"@type\":\"EntryPoint\",\"urlTemplate\":\"https:\/\/portaltela.pt\/?s={search_term_string}\"},\"query-input\":{\"@type\":\"PropertyValueSpecification\",\"valueRequired\":true,\"valueName\":\"search_term_string\"}}],\"inLanguage\":\"pt-PT\"},{\"@type\":\"Person\",\"@id\":\"https:\/\/portaltela.pt\/#\/schema\/person\/c4278d4a6028830caff9ee44b42d32ed\",\"name\":\"Telinha\",\"image\":{\"@type\":\"ImageObject\",\"inLanguage\":\"pt-PT\",\"@id\":\"https:\/\/portaltela.pt\/s.01k8rhncp4jt1\/2025\/11\/talking-bot-125x125.png\",\"url\":\"https:\/\/portaltela.pt\/s.01k8rhncp4jt1\/2025\/11\/talking-bot-125x125.png\",\"contentUrl\":\"https:\/\/portaltela.pt\/s.01k8rhncp4jt1\/2025\/11\/talking-bot-125x125.png\",\"caption\":\"Telinha\"},\"sameAs\":[\"https:\/\/portaltela.pt\/\"],\"url\":\"https:\/\/portaltela.pt\/por\/367410592786\/\"}]}<\/script>\n<!-- \/ Yoast SEO plugin. -->","yoast_head_json":{"title":"Sarah Ferguson prepara mudan\u00e7a para Portugal ap\u00f3s cl\u00ednica de luxo na Su\u00ed\u00e7a - Portal Tela Portugal","robots":{"index":"index","follow":"follow","max-snippet":"max-snippet:-1","max-image-preview":"max-image-preview:large","max-video-preview":"max-video-preview:-1"},"og_locale":"pt_PT","og_type":"article","og_title":"Sarah Ferguson prepara mudan\u00e7a para Portugal ap\u00f3s cl\u00ednica de luxo na Su\u00ed\u00e7a - Portal Tela Portugal","og_description":"Sarah Ferguson, conhecida como Fergie, prepara mudan\u00e7a para Portugal ap\u00f3s ter passado por uma cl\u00ednica de reabilita\u00e7\u00e3o de luxo na Su\u00ed\u00e7a, a Paracelsus em Zurique. A situa\u00e7\u00e3o surge ap\u00f3s a deten\u00e7\u00e3o do ex-pr\u00edncipe Andr\u00e9, associada a Jeffrey Epstein, levando Ferguson a manter sil\u00eancio e afastar-se publicamente. A cl\u00ednica Paracelsus \u00e9 conhecida pela exclusividade e poder\u00e1 custar mais de 15 mil euros por dia, com estadia entre o Natal e o final de janeiro. Uma fonte su\u00ed\u00e7a cita que Ferguson sente-se \u00e0 vontade no Paracelsus e j\u00e1 tinha elogiado a institui\u00e7\u00e3o publicamente no passado. O destino em Portugal poder\u00e1 ser a Comporta; n\u00e3o ir\u00e1 morar com Andr\u00e9 na nova casa de Sandringham, mantendo a procura de um novo local para morar.","og_url":"https:\/\/portaltela.pt\/noticias\/2026\/02\/23\/sarah-ferguson-prepara-mudanca-para-portugal-apos-clinica-de-luxo-na-suica\/","og_site_name":"Portal Tela Portugal","article_published_time":"2026-02-23T15:52:00+00:00","author":"Telinha","twitter_card":"summary_large_image","twitter_misc":{"Escrito por":"Telinha","Tempo estimado de leitura":"1 minuto"},"schema":{"@context":"https:\/\/schema.org","@graph":[{"@type":"Article","@id":"https:\/\/portaltela.pt\/noticias\/2026\/02\/23\/sarah-ferguson-prepara-mudanca-para-portugal-apos-clinica-de-luxo-na-suica\/#article","isPartOf":{"@id":"https:\/\/portaltela.pt\/noticias\/2026\/02\/23\/sarah-ferguson-prepara-mudanca-para-portugal-apos-clinica-de-luxo-na-suica\/"},"author":{"name":"Telinha","@id":"https:\/\/portaltela.pt\/#\/schema\/person\/c4278d4a6028830caff9ee44b42d32ed"},"headline":"Sarah Ferguson prepara mudan\u00e7a para Portugal ap\u00f3s cl\u00ednica de luxo na Su\u00ed\u00e7a","datePublished":"2026-02-23T15:52:00+00:00","mainEntityOfPage":{"@id":"https:\/\/portaltela.pt\/noticias\/2026\/02\/23\/sarah-ferguson-prepara-mudanca-para-portugal-apos-clinica-de-luxo-na-suica\/"},"wordCount":209,"image":{"@id":"https:\/\/portaltela.pt\/noticias\/2026\/02\/23\/sarah-ferguson-prepara-mudanca-para-portugal-apos-clinica-de-luxo-na-suica\/#primaryimage"},"thumbnailUrl":"https:\/\/portaltela.pt\/s.01k8rhncp4jt1\/2026\/02\/img_1280x718uu2026-02-23-10-45-29-2268436-im-639074403460379706.jpg","keywords":["celebridades","cl\u00ednicas","Comporta","pessoas p\u00fablicas","Portugal","sa\u00fade"],"articleSection":["Entretenimento","Not\u00edcias"],"inLanguage":"pt-PT"},{"@type":"WebPage","@id":"https:\/\/portaltela.pt\/noticias\/2026\/02\/23\/sarah-ferguson-prepara-mudanca-para-portugal-apos-clinica-de-luxo-na-suica\/","url":"https:\/\/portaltela.pt\/noticias\/2026\/02\/23\/sarah-ferguson-prepara-mudanca-para-portugal-apos-clinica-de-luxo-na-suica\/","name":"Sarah Ferguson prepara mudan\u00e7a para Portugal ap\u00f3s cl\u00ednica de luxo na Su\u00ed\u00e7a - Portal Tela Portugal","isPartOf":{"@id":"https:\/\/portaltela.pt\/#website"},"primaryImageOfPage":{"@id":"https:\/\/portaltela.pt\/noticias\/2026\/02\/23\/sarah-ferguson-prepara-mudanca-para-portugal-apos-clinica-de-luxo-na-suica\/#primaryimage"},"image":{"@id":"https:\/\/portaltela.pt\/noticias\/2026\/02\/23\/sarah-ferguson-prepara-mudanca-para-portugal-apos-clinica-de-luxo-na-suica\/#primaryimage"},"thumbnailUrl":"https:\/\/portaltela.pt\/s.01k8rhncp4jt1\/2026\/02\/img_1280x718uu2026-02-23-10-45-29-2268436-im-639074403460379706.jpg","datePublished":"2026-02-23T15:52:00+00:00","author":{"@id":"https:\/\/portaltela.pt\/#\/schema\/person\/c4278d4a6028830caff9ee44b42d32ed"},"breadcrumb":{"@id":"https:\/\/portaltela.pt\/noticias\/2026\/02\/23\/sarah-ferguson-prepara-mudanca-para-portugal-apos-clinica-de-luxo-na-suica\/#breadcrumb"},"inLanguage":"pt-PT","potentialAction":[{"@type":"ReadAction","target":["https:\/\/portaltela.pt\/noticias\/2026\/02\/23\/sarah-ferguson-prepara-mudanca-para-portugal-apos-clinica-de-luxo-na-suica\/"]}]},{"@type":"ImageObject","inLanguage":"pt-PT","@id":"https:\/\/portaltela.pt\/noticias\/2026\/02\/23\/sarah-ferguson-prepara-mudanca-para-portugal-apos-clinica-de-luxo-na-suica\/#primaryimage","url":"https:\/\/portaltela.pt\/s.01k8rhncp4jt1\/2026\/02\/img_1280x718uu2026-02-23-10-45-29-2268436-im-639074403460379706.jpg","contentUrl":"https:\/\/portaltela.pt\/s.01k8rhncp4jt1\/2026\/02\/img_1280x718uu2026-02-23-10-45-29-2268436-im-639074403460379706.jpg","width":1280,"height":718,"caption":"Sarah Ferguson"},{"@type":"BreadcrumbList","@id":"https:\/\/portaltela.pt\/noticias\/2026\/02\/23\/sarah-ferguson-prepara-mudanca-para-portugal-apos-clinica-de-luxo-na-suica\/#breadcrumb","itemListElement":[{"@type":"ListItem","position":1,"name":"In\u00edcio","item":"https:\/\/portaltela.pt\/"},{"@type":"ListItem","position":2,"name":"Sarah Ferguson prepara mudan\u00e7a para Portugal ap\u00f3s cl\u00ednica de luxo na Su\u00ed\u00e7a"}]},{"@type":"WebSite","@id":"https:\/\/portaltela.pt\/#website","url":"https:\/\/portaltela.pt\/","name":"Portal Tela Portugal","description":"","potentialAction":[{"@type":"SearchAction","target":{"@type":"EntryPoint","urlTemplate":"https:\/\/portaltela.pt\/?s={search_term_string}"},"query-input":{"@type":"PropertyValueSpecification","valueRequired":true,"valueName":"search_term_string"}}],"inLanguage":"pt-PT"},{"@type":"Person","@id":"https:\/\/portaltela.pt\/#\/schema\/person\/c4278d4a6028830caff9ee44b42d32ed","name":"Telinha","image":{"@type":"ImageObject","inLanguage":"pt-PT","@id":"https:\/\/portaltela.pt\/s.01k8rhncp4jt1\/2025\/11\/talking-bot-125x125.png","url":"https:\/\/portaltela.pt\/s.01k8rhncp4jt1\/2025\/11\/talking-bot-125x125.png","contentUrl":"https:\/\/portaltela.pt\/s.01k8rhncp4jt1\/2025\/11\/talking-bot-125x125.png","caption":"Telinha"},"sameAs":["https:\/\/portaltela.pt\/"],"url":"https:\/\/portaltela.pt\/por\/367410592786\/"}]}},"_links":{"self":[{"href":"https:\/\/portaltela.pt\/api\/wp\/v2\/posts\/223024","targetHints":{"allow":["GET"]}}],"collection":[{"href":"https:\/\/portaltela.pt\/api\/wp\/v2\/posts"}],"about":[{"href":"https:\/\/portaltela.pt\/api\/wp\/v2\/types\/post"}],"author":[{"embeddable":true,"href":"https:\/\/portaltela.pt\/api\/wp\/v2\/users\/2"}],"replies":[{"embeddable":true,"href":"https:\/\/portaltela.pt\/api\/wp\/v2\/comments?post=223024"}],"version-history":[{"count":0,"href":"https:\/\/portaltela.pt\/api\/wp\/v2\/posts\/223024\/revisions"}],"wp:featuredmedia":[{"embeddable":true,"href":"https:\/\/portaltela.pt\/api\/wp\/v2\/media\/223026"}],"wp:attachment":[{"href":"https:\/\/portaltela.pt\/api\/wp\/v2\/media?parent=223024"}],"wp:term":[{"taxonomy":"category","embeddable":true,"href":"https:\/\/portaltela.pt\/api\/wp\/v2\/categories?post=223024"},{"taxonomy":"post_tag","embeddable":true,"href":"https:\/\/portaltela.pt\/api\/wp\/v2\/tags?post=223024"}],"curies":[{"name":"wp","href":"https:\/\/api.w.org\/{rel}","templated":true}]}}