{"id":223018,"date":"2026-02-23T13:00:18","date_gmt":"2026-02-23T16:00:18","guid":{"rendered":"https:\/\/portaltela.pt\/noticias\/2026\/02\/23\/paulinho-boia-ambiciona-vitoria-na-rececao-ao-sp-braga\/"},"modified":"2026-02-23T13:00:18","modified_gmt":"2026-02-23T16:00:18","slug":"paulinho-boia-ambiciona-vitoria-na-rececao-ao-sp-braga","status":"publish","type":"post","link":"https:\/\/portaltela.pt\/desporto\/futebol\/2026\/02\/23\/paulinho-boia-ambiciona-vitoria-na-rececao-ao-sp-braga\/","title":{"rendered":"Paulinho B\u00f3ia ambiciona vit\u00f3ria na rece\u00e7\u00e3o ao Sp. Braga"},"content":{"rendered":"<p>O Nacional foi derrotado por 3-0 em Arouca, no regresso aos jogos da Liga. A derrota complicou a recupera\u00e7\u00e3o no campeonato, com Laabidi e Z\u00e9 V\u00edtor impedidos por castigo para a pr\u00f3xima ronda. O advers\u00e1rio seguinte \u00e9 o Sp. Braga, numa visita \u00e0 Madeira que promete. A equipa trabalha para reagir ao rev\u00e9s.<\/p>\n<p>Paulinho B\u00f3ia, avan\u00e7ado utilizado na titularidade, destacou a determina\u00e7\u00e3o do grupo em regressar aos triunfos ainda antes do intervalo para enfrentar o Braga. O jogador de 27 anos apelou \u00e0 concentra\u00e7\u00e3o, ao trabalho semanal e \u00e0 ambi\u00e7\u00e3o de somar tr\u00eas pontos.<\/p>\n<p>O madeirense referiu que o clube sentiu a derrota em Arouca, especialmente na segunda parte, quando houve menos concentra\u00e7\u00e3o e uma expuls\u00e3o complicou o jogo. Apesar disso, sublinhou que ainda faltam 11 jornadas e \u00e9 necess\u00e1rio manter a resili\u00eancia e o foco.<\/p>\n<h3>Desfecho e pr\u00f3ximos passos<\/h3>\n<p>O ponta-de-lan\u00e7a ressaltou que a equipa tem jogado bem, mas os resultados t\u00eam estado abaixo do desejado. Aconselhou paci\u00eancia, mais treino e aten\u00e7\u00e3o aos pormenores para inverter a tend\u00eancia positiva. O objetivo \u00e9 somar pontos j\u00e1 frente ao Braga.<\/p>\n<p>Quanto ao apoio, B\u00f3ia agradeceu aos adeptos, que considerou parte importante do rendimento do Nacional. Espera-se casa cheia no Est\u00e1dio da Madeira, com o objetivo de fechar o \u00faltimo ter\u00e7o da temporada com um bom resultado.<\/p>\n","protected":false},"excerpt":{"rendered":"<ul>\n<li>O Nacional perdeu por 3-0 em Arouca, com Laabidi e Z\u00e9 V\u00edtor expulsos.<\/li>\n<li>Na pr\u00f3xima jornada, recebe o Sp. Braga, que chega motivado ap\u00f3s vencer o d\u00e9rbi minhoto.<\/li>\n<li>Paulinho B\u00f3ia disse que o objetivo \u00e9 apenas vencer e que o jogo com o Braga pode devolver a confian\u00e7a.<\/li>\n<li>O avan\u00e7ado tem 27 anos, soma 24 jogos pela equipa, com 2.029 minutos disputados, 2 golos e 2 assist\u00eancias.<\/li>\n<li>O plantel vai trabalhar a semana para manter a concentra\u00e7\u00e3o e a resili\u00eancia, contando com o apoio dos adeptos no Est\u00e1dio da Madeira.<\/li>\n<\/ul>\n","protected":false},"author":2,"featured_media":223020,"comment_status":"closed","ping_status":"closed","sticky":false,"template":"","format":"standard","meta":{"footnotes":""},"categories":[21,24],"tags":[4143,1207,32,859,3011,2070],"class_list":["post-223018","post","type-post","status-publish","format-standard","has-post-thumbnail","hentry","category-desporto","category-futebol","tag-1-liga","tag-braga","tag-futebol","tag-madeira","tag-madeira-sad","tag-sp-braga"],"yoast_head":"<!-- This site is optimized with the Yoast SEO plugin v27.2 - https:\/\/yoast.com\/product\/yoast-seo-wordpress\/ -->\n<title>Paulinho B\u00f3ia ambiciona vit\u00f3ria na rece\u00e7\u00e3o ao Sp. Braga - Portal Tela Portugal<\/title>\n<meta name=\"robots\" content=\"index, follow, max-snippet:-1, max-image-preview:large, max-video-preview:-1\" \/>\n<meta property=\"og:locale\" content=\"pt_PT\" \/>\n<meta property=\"og:type\" content=\"article\" \/>\n<meta property=\"og:title\" content=\"Paulinho B\u00f3ia ambiciona vit\u00f3ria na rece\u00e7\u00e3o ao Sp. Braga - Portal Tela Portugal\" \/>\n<meta property=\"og:description\" content=\"O Nacional perdeu por 3-0 em Arouca, com Laabidi e Z\u00e9 V\u00edtor expulsos. Na pr\u00f3xima jornada, recebe o Sp. Braga, que chega motivado ap\u00f3s vencer o d\u00e9rbi minhoto. Paulinho B\u00f3ia disse que o objetivo \u00e9 apenas vencer e que o jogo com o Braga pode devolver a confian\u00e7a. O avan\u00e7ado tem 27 anos, soma 24 jogos pela equipa, com 2.029 minutos disputados, 2 golos e 2 assist\u00eancias. O plantel vai trabalhar a semana para manter a concentra\u00e7\u00e3o e a resili\u00eancia, contando com o apoio dos adeptos no Est\u00e1dio da Madeira.\" \/>\n<meta property=\"og:url\" content=\"https:\/\/portaltela.pt\/noticias\/2026\/02\/23\/paulinho-boia-ambiciona-vitoria-na-rececao-ao-sp-braga\/\" \/>\n<meta property=\"og:site_name\" content=\"Portal Tela Portugal\" \/>\n<meta property=\"article:published_time\" content=\"2026-02-23T16:00:18+00:00\" \/>\n<meta name=\"author\" content=\"Telinha\" \/>\n<meta name=\"twitter:card\" content=\"summary_large_image\" \/>\n<meta name=\"twitter:label1\" content=\"Escrito por\" \/>\n\t<meta name=\"twitter:data1\" content=\"Telinha\" \/>\n\t<meta name=\"twitter:label2\" content=\"Tempo estimado de leitura\" \/>\n\t<meta name=\"twitter:data2\" content=\"1 minuto\" \/>\n<script type=\"application\/ld+json\" class=\"yoast-schema-graph\">{\"@context\":\"https:\/\/schema.org\",\"@graph\":[{\"@type\":\"Article\",\"@id\":\"https:\/\/portaltela.pt\/noticias\/2026\/02\/23\/paulinho-boia-ambiciona-vitoria-na-rececao-ao-sp-braga\/#article\",\"isPartOf\":{\"@id\":\"https:\/\/portaltela.pt\/noticias\/2026\/02\/23\/paulinho-boia-ambiciona-vitoria-na-rececao-ao-sp-braga\/\"},\"author\":{\"name\":\"Telinha\",\"@id\":\"https:\/\/portaltela.pt\/#\/schema\/person\/c4278d4a6028830caff9ee44b42d32ed\"},\"headline\":\"Paulinho B\u00f3ia ambiciona vit\u00f3ria na rece\u00e7\u00e3o ao Sp. Braga\",\"datePublished\":\"2026-02-23T16:00:18+00:00\",\"mainEntityOfPage\":{\"@id\":\"https:\/\/portaltela.pt\/noticias\/2026\/02\/23\/paulinho-boia-ambiciona-vitoria-na-rececao-ao-sp-braga\/\"},\"wordCount\":243,\"image\":{\"@id\":\"https:\/\/portaltela.pt\/noticias\/2026\/02\/23\/paulinho-boia-ambiciona-vitoria-na-rececao-ao-sp-braga\/#primaryimage\"},\"thumbnailUrl\":\"https:\/\/portaltela.pt\/s.01k8rhncp4jt1\/2026\/02\/img_920x518uu2025-05-25-00-26-08-2365131.jpg\",\"keywords\":[\"1. Liga\",\"Braga\",\"futebol\",\"Madeira\",\"Madeira SAD\",\"Sp. Braga\"],\"articleSection\":[\"Desporto\",\"Futebol\"],\"inLanguage\":\"pt-PT\"},{\"@type\":\"WebPage\",\"@id\":\"https:\/\/portaltela.pt\/noticias\/2026\/02\/23\/paulinho-boia-ambiciona-vitoria-na-rececao-ao-sp-braga\/\",\"url\":\"https:\/\/portaltela.pt\/noticias\/2026\/02\/23\/paulinho-boia-ambiciona-vitoria-na-rececao-ao-sp-braga\/\",\"name\":\"Paulinho B\u00f3ia ambiciona vit\u00f3ria na rece\u00e7\u00e3o ao Sp. Braga - Portal Tela Portugal\",\"isPartOf\":{\"@id\":\"https:\/\/portaltela.pt\/#website\"},\"primaryImageOfPage\":{\"@id\":\"https:\/\/portaltela.pt\/noticias\/2026\/02\/23\/paulinho-boia-ambiciona-vitoria-na-rececao-ao-sp-braga\/#primaryimage\"},\"image\":{\"@id\":\"https:\/\/portaltela.pt\/noticias\/2026\/02\/23\/paulinho-boia-ambiciona-vitoria-na-rececao-ao-sp-braga\/#primaryimage\"},\"thumbnailUrl\":\"https:\/\/portaltela.pt\/s.01k8rhncp4jt1\/2026\/02\/img_920x518uu2025-05-25-00-26-08-2365131.jpg\",\"datePublished\":\"2026-02-23T16:00:18+00:00\",\"author\":{\"@id\":\"https:\/\/portaltela.pt\/#\/schema\/person\/c4278d4a6028830caff9ee44b42d32ed\"},\"breadcrumb\":{\"@id\":\"https:\/\/portaltela.pt\/noticias\/2026\/02\/23\/paulinho-boia-ambiciona-vitoria-na-rececao-ao-sp-braga\/#breadcrumb\"},\"inLanguage\":\"pt-PT\",\"potentialAction\":[{\"@type\":\"ReadAction\",\"target\":[\"https:\/\/portaltela.pt\/noticias\/2026\/02\/23\/paulinho-boia-ambiciona-vitoria-na-rececao-ao-sp-braga\/\"]}]},{\"@type\":\"ImageObject\",\"inLanguage\":\"pt-PT\",\"@id\":\"https:\/\/portaltela.pt\/noticias\/2026\/02\/23\/paulinho-boia-ambiciona-vitoria-na-rececao-ao-sp-braga\/#primaryimage\",\"url\":\"https:\/\/portaltela.pt\/s.01k8rhncp4jt1\/2026\/02\/img_920x518uu2025-05-25-00-26-08-2365131.jpg\",\"contentUrl\":\"https:\/\/portaltela.pt\/s.01k8rhncp4jt1\/2026\/02\/img_920x518uu2025-05-25-00-26-08-2365131.jpg\",\"width\":796,\"height\":448,\"caption\":\"Paulinho B\u00f3ia, avan\u00e7ado do Nacional\"},{\"@type\":\"BreadcrumbList\",\"@id\":\"https:\/\/portaltela.pt\/noticias\/2026\/02\/23\/paulinho-boia-ambiciona-vitoria-na-rececao-ao-sp-braga\/#breadcrumb\",\"itemListElement\":[{\"@type\":\"ListItem\",\"position\":1,\"name\":\"In\u00edcio\",\"item\":\"https:\/\/portaltela.pt\/\"},{\"@type\":\"ListItem\",\"position\":2,\"name\":\"Paulinho B\u00f3ia ambiciona vit\u00f3ria na rece\u00e7\u00e3o ao Sp. Braga\"}]},{\"@type\":\"WebSite\",\"@id\":\"https:\/\/portaltela.pt\/#website\",\"url\":\"https:\/\/portaltela.pt\/\",\"name\":\"Portal Tela Portugal\",\"description\":\"\",\"potentialAction\":[{\"@type\":\"SearchAction\",\"target\":{\"@type\":\"EntryPoint\",\"urlTemplate\":\"https:\/\/portaltela.pt\/?s={search_term_string}\"},\"query-input\":{\"@type\":\"PropertyValueSpecification\",\"valueRequired\":true,\"valueName\":\"search_term_string\"}}],\"inLanguage\":\"pt-PT\"},{\"@type\":\"Person\",\"@id\":\"https:\/\/portaltela.pt\/#\/schema\/person\/c4278d4a6028830caff9ee44b42d32ed\",\"name\":\"Telinha\",\"image\":{\"@type\":\"ImageObject\",\"inLanguage\":\"pt-PT\",\"@id\":\"https:\/\/portaltela.pt\/s.01k8rhncp4jt1\/2025\/11\/talking-bot-125x125.png\",\"url\":\"https:\/\/portaltela.pt\/s.01k8rhncp4jt1\/2025\/11\/talking-bot-125x125.png\",\"contentUrl\":\"https:\/\/portaltela.pt\/s.01k8rhncp4jt1\/2025\/11\/talking-bot-125x125.png\",\"caption\":\"Telinha\"},\"sameAs\":[\"https:\/\/portaltela.pt\/\"],\"url\":\"https:\/\/portaltela.pt\/por\/367410592786\/\"}]}<\/script>\n<!-- \/ Yoast SEO plugin. -->","yoast_head_json":{"title":"Paulinho B\u00f3ia ambiciona vit\u00f3ria na rece\u00e7\u00e3o ao Sp. Braga - Portal Tela Portugal","robots":{"index":"index","follow":"follow","max-snippet":"max-snippet:-1","max-image-preview":"max-image-preview:large","max-video-preview":"max-video-preview:-1"},"og_locale":"pt_PT","og_type":"article","og_title":"Paulinho B\u00f3ia ambiciona vit\u00f3ria na rece\u00e7\u00e3o ao Sp. Braga - Portal Tela Portugal","og_description":"O Nacional perdeu por 3-0 em Arouca, com Laabidi e Z\u00e9 V\u00edtor expulsos. Na pr\u00f3xima jornada, recebe o Sp. Braga, que chega motivado ap\u00f3s vencer o d\u00e9rbi minhoto. Paulinho B\u00f3ia disse que o objetivo \u00e9 apenas vencer e que o jogo com o Braga pode devolver a confian\u00e7a. O avan\u00e7ado tem 27 anos, soma 24 jogos pela equipa, com 2.029 minutos disputados, 2 golos e 2 assist\u00eancias. O plantel vai trabalhar a semana para manter a concentra\u00e7\u00e3o e a resili\u00eancia, contando com o apoio dos adeptos no Est\u00e1dio da Madeira.","og_url":"https:\/\/portaltela.pt\/noticias\/2026\/02\/23\/paulinho-boia-ambiciona-vitoria-na-rececao-ao-sp-braga\/","og_site_name":"Portal Tela Portugal","article_published_time":"2026-02-23T16:00:18+00:00","author":"Telinha","twitter_card":"summary_large_image","twitter_misc":{"Escrito por":"Telinha","Tempo estimado de leitura":"1 minuto"},"schema":{"@context":"https:\/\/schema.org","@graph":[{"@type":"Article","@id":"https:\/\/portaltela.pt\/noticias\/2026\/02\/23\/paulinho-boia-ambiciona-vitoria-na-rececao-ao-sp-braga\/#article","isPartOf":{"@id":"https:\/\/portaltela.pt\/noticias\/2026\/02\/23\/paulinho-boia-ambiciona-vitoria-na-rececao-ao-sp-braga\/"},"author":{"name":"Telinha","@id":"https:\/\/portaltela.pt\/#\/schema\/person\/c4278d4a6028830caff9ee44b42d32ed"},"headline":"Paulinho B\u00f3ia ambiciona vit\u00f3ria na rece\u00e7\u00e3o ao Sp. Braga","datePublished":"2026-02-23T16:00:18+00:00","mainEntityOfPage":{"@id":"https:\/\/portaltela.pt\/noticias\/2026\/02\/23\/paulinho-boia-ambiciona-vitoria-na-rececao-ao-sp-braga\/"},"wordCount":243,"image":{"@id":"https:\/\/portaltela.pt\/noticias\/2026\/02\/23\/paulinho-boia-ambiciona-vitoria-na-rececao-ao-sp-braga\/#primaryimage"},"thumbnailUrl":"https:\/\/portaltela.pt\/s.01k8rhncp4jt1\/2026\/02\/img_920x518uu2025-05-25-00-26-08-2365131.jpg","keywords":["1. Liga","Braga","futebol","Madeira","Madeira SAD","Sp. Braga"],"articleSection":["Desporto","Futebol"],"inLanguage":"pt-PT"},{"@type":"WebPage","@id":"https:\/\/portaltela.pt\/noticias\/2026\/02\/23\/paulinho-boia-ambiciona-vitoria-na-rececao-ao-sp-braga\/","url":"https:\/\/portaltela.pt\/noticias\/2026\/02\/23\/paulinho-boia-ambiciona-vitoria-na-rececao-ao-sp-braga\/","name":"Paulinho B\u00f3ia ambiciona vit\u00f3ria na rece\u00e7\u00e3o ao Sp. Braga - Portal Tela Portugal","isPartOf":{"@id":"https:\/\/portaltela.pt\/#website"},"primaryImageOfPage":{"@id":"https:\/\/portaltela.pt\/noticias\/2026\/02\/23\/paulinho-boia-ambiciona-vitoria-na-rececao-ao-sp-braga\/#primaryimage"},"image":{"@id":"https:\/\/portaltela.pt\/noticias\/2026\/02\/23\/paulinho-boia-ambiciona-vitoria-na-rececao-ao-sp-braga\/#primaryimage"},"thumbnailUrl":"https:\/\/portaltela.pt\/s.01k8rhncp4jt1\/2026\/02\/img_920x518uu2025-05-25-00-26-08-2365131.jpg","datePublished":"2026-02-23T16:00:18+00:00","author":{"@id":"https:\/\/portaltela.pt\/#\/schema\/person\/c4278d4a6028830caff9ee44b42d32ed"},"breadcrumb":{"@id":"https:\/\/portaltela.pt\/noticias\/2026\/02\/23\/paulinho-boia-ambiciona-vitoria-na-rececao-ao-sp-braga\/#breadcrumb"},"inLanguage":"pt-PT","potentialAction":[{"@type":"ReadAction","target":["https:\/\/portaltela.pt\/noticias\/2026\/02\/23\/paulinho-boia-ambiciona-vitoria-na-rececao-ao-sp-braga\/"]}]},{"@type":"ImageObject","inLanguage":"pt-PT","@id":"https:\/\/portaltela.pt\/noticias\/2026\/02\/23\/paulinho-boia-ambiciona-vitoria-na-rececao-ao-sp-braga\/#primaryimage","url":"https:\/\/portaltela.pt\/s.01k8rhncp4jt1\/2026\/02\/img_920x518uu2025-05-25-00-26-08-2365131.jpg","contentUrl":"https:\/\/portaltela.pt\/s.01k8rhncp4jt1\/2026\/02\/img_920x518uu2025-05-25-00-26-08-2365131.jpg","width":796,"height":448,"caption":"Paulinho B\u00f3ia, avan\u00e7ado do Nacional"},{"@type":"BreadcrumbList","@id":"https:\/\/portaltela.pt\/noticias\/2026\/02\/23\/paulinho-boia-ambiciona-vitoria-na-rececao-ao-sp-braga\/#breadcrumb","itemListElement":[{"@type":"ListItem","position":1,"name":"In\u00edcio","item":"https:\/\/portaltela.pt\/"},{"@type":"ListItem","position":2,"name":"Paulinho B\u00f3ia ambiciona vit\u00f3ria na rece\u00e7\u00e3o ao Sp. Braga"}]},{"@type":"WebSite","@id":"https:\/\/portaltela.pt\/#website","url":"https:\/\/portaltela.pt\/","name":"Portal Tela Portugal","description":"","potentialAction":[{"@type":"SearchAction","target":{"@type":"EntryPoint","urlTemplate":"https:\/\/portaltela.pt\/?s={search_term_string}"},"query-input":{"@type":"PropertyValueSpecification","valueRequired":true,"valueName":"search_term_string"}}],"inLanguage":"pt-PT"},{"@type":"Person","@id":"https:\/\/portaltela.pt\/#\/schema\/person\/c4278d4a6028830caff9ee44b42d32ed","name":"Telinha","image":{"@type":"ImageObject","inLanguage":"pt-PT","@id":"https:\/\/portaltela.pt\/s.01k8rhncp4jt1\/2025\/11\/talking-bot-125x125.png","url":"https:\/\/portaltela.pt\/s.01k8rhncp4jt1\/2025\/11\/talking-bot-125x125.png","contentUrl":"https:\/\/portaltela.pt\/s.01k8rhncp4jt1\/2025\/11\/talking-bot-125x125.png","caption":"Telinha"},"sameAs":["https:\/\/portaltela.pt\/"],"url":"https:\/\/portaltela.pt\/por\/367410592786\/"}]}},"_links":{"self":[{"href":"https:\/\/portaltela.pt\/api\/wp\/v2\/posts\/223018","targetHints":{"allow":["GET"]}}],"collection":[{"href":"https:\/\/portaltela.pt\/api\/wp\/v2\/posts"}],"about":[{"href":"https:\/\/portaltela.pt\/api\/wp\/v2\/types\/post"}],"author":[{"embeddable":true,"href":"https:\/\/portaltela.pt\/api\/wp\/v2\/users\/2"}],"replies":[{"embeddable":true,"href":"https:\/\/portaltela.pt\/api\/wp\/v2\/comments?post=223018"}],"version-history":[{"count":0,"href":"https:\/\/portaltela.pt\/api\/wp\/v2\/posts\/223018\/revisions"}],"wp:featuredmedia":[{"embeddable":true,"href":"https:\/\/portaltela.pt\/api\/wp\/v2\/media\/223020"}],"wp:attachment":[{"href":"https:\/\/portaltela.pt\/api\/wp\/v2\/media?parent=223018"}],"wp:term":[{"taxonomy":"category","embeddable":true,"href":"https:\/\/portaltela.pt\/api\/wp\/v2\/categories?post=223018"},{"taxonomy":"post_tag","embeddable":true,"href":"https:\/\/portaltela.pt\/api\/wp\/v2\/tags?post=223018"}],"curies":[{"name":"wp","href":"https:\/\/api.w.org\/{rel}","templated":true}]}}