{"id":223016,"date":"2026-02-23T12:55:22","date_gmt":"2026-02-23T15:55:22","guid":{"rendered":"https:\/\/portaltela.pt\/noticias\/2026\/02\/23\/entrevista-exclusiva-ao-eurodeputado-joao-cotrim-de-figueiredo\/"},"modified":"2026-02-23T12:55:22","modified_gmt":"2026-02-23T15:55:22","slug":"entrevista-exclusiva-ao-eurodeputado-joao-cotrim-de-figueiredo","status":"publish","type":"post","link":"https:\/\/portaltela.pt\/noticias\/internacional\/2026\/02\/23\/entrevista-exclusiva-ao-eurodeputado-joao-cotrim-de-figueiredo\/","title":{"rendered":"Entrevista exclusiva ao eurodeputado Jo\u00e3o Cotrim de Figueiredo"},"content":{"rendered":"<p>Foi em Estrasburgo que o eurodeputado Jo\u00e3o Cotrim de Figueiredo partilhou, numa entrevista exclusiva ao Europa Viva, o caminho que o levou ao Parlamento Europeu. O objetivo foi explicar as etapas da sua entrada na institui\u00e7\u00e3o.<\/p>\n<p>O pol\u00edtico explicou, em detalhe, o processo de candidatura e os crit\u00e9rios que considerou relevantes para a sua elei\u00e7\u00e3o. A entrevista incidiu ainda sobre os momentos-chave da sua trajet\u00f3ria no \u00e2mbito europeu.<\/p>\n<p>Segundo informa\u00e7\u00f5es partilhadas durante a conversa, o foco da sua atua\u00e7\u00e3o passa pela representa\u00e7\u00e3o dos interesses dos cidad\u00e3os e pela participa\u00e7\u00e3o em comiss\u00f5es relevantes no \u00f3rg\u00e3o legislativo. O relato ocorreu no contexto de uma sess\u00e3o de Estrasburgo.<\/p>\n<p>A entrevista apoia-se na informa\u00e7\u00e3o divulgada pelo Europa Viva, que descreve o di\u00e1logo como uma oportunidade de esclarecer o percurso at\u00e9 o Parlamento Europeu. A publica\u00e7\u00e3o refor\u00e7a a import\u00e2ncia de entender os caminhos pol\u00edticos que levam a assentos no \u00f3rg\u00e3o europeu.<\/p>\n","protected":false},"excerpt":{"rendered":"<ul>\n<li>Em Estrasburgo, Jo\u00e3o Cotrim de Figueiredo revelou ao Europa Viva como chegou ao Parlamento Europeu.<\/li>\n<li>A entrevista foi apresentada como exclusiva pelo Europa Viva.<\/li>\n<li>O depoimento aborda o percurso que levou o pol\u00edtico ao cargo de eurodeputado.<\/li>\n<li>O conte\u00fado foca apenas a trajet\u00f3ria para o Parlamento Europeu, sem abordar outros temas.<\/li>\n<\/ul>\n","protected":false},"author":2,"featured_media":223017,"comment_status":"closed","ping_status":"closed","sticky":false,"template":"","format":"standard","meta":{"footnotes":""},"categories":[4,1],"tags":[1041,1157,2487,3145,2832,2055],"class_list":["post-223016","post","type-post","status-publish","format-standard","has-post-thumbnail","hentry","category-internacional","category-noticias","tag-comissoes","tag-estrasburgo","tag-europa","tag-joao-cotrim-de-figueiredo","tag-politica","tag-uniao-europeia"],"yoast_head":"<!-- This site is optimized with the Yoast SEO plugin v27.2 - https:\/\/yoast.com\/product\/yoast-seo-wordpress\/ -->\n<title>Entrevista exclusiva ao eurodeputado Jo\u00e3o Cotrim de Figueiredo - Portal Tela Portugal<\/title>\n<meta name=\"robots\" content=\"index, follow, max-snippet:-1, max-image-preview:large, max-video-preview:-1\" \/>\n<meta property=\"og:locale\" content=\"pt_PT\" \/>\n<meta property=\"og:type\" content=\"article\" \/>\n<meta property=\"og:title\" content=\"Entrevista exclusiva ao eurodeputado Jo\u00e3o Cotrim de Figueiredo - Portal Tela Portugal\" \/>\n<meta property=\"og:description\" content=\"Em Estrasburgo, Jo\u00e3o Cotrim de Figueiredo revelou ao Europa Viva como chegou ao Parlamento Europeu. A entrevista foi apresentada como exclusiva pelo Europa Viva. O depoimento aborda o percurso que levou o pol\u00edtico ao cargo de eurodeputado. O conte\u00fado foca apenas a trajet\u00f3ria para o Parlamento Europeu, sem abordar outros temas.\" \/>\n<meta property=\"og:url\" content=\"https:\/\/portaltela.pt\/noticias\/2026\/02\/23\/entrevista-exclusiva-ao-eurodeputado-joao-cotrim-de-figueiredo\/\" \/>\n<meta property=\"og:site_name\" content=\"Portal Tela Portugal\" \/>\n<meta property=\"article:published_time\" content=\"2026-02-23T15:55:22+00:00\" \/>\n<meta name=\"author\" content=\"Telinha\" \/>\n<meta name=\"twitter:card\" content=\"summary_large_image\" \/>\n<meta name=\"twitter:label1\" content=\"Escrito por\" \/>\n\t<meta name=\"twitter:data1\" content=\"Telinha\" \/>\n\t<meta name=\"twitter:label2\" content=\"Tempo estimado de leitura\" \/>\n\t<meta name=\"twitter:data2\" content=\"1 minuto\" \/>\n<script type=\"application\/ld+json\" class=\"yoast-schema-graph\">{\"@context\":\"https:\/\/schema.org\",\"@graph\":[{\"@type\":\"Article\",\"@id\":\"https:\/\/portaltela.pt\/noticias\/2026\/02\/23\/entrevista-exclusiva-ao-eurodeputado-joao-cotrim-de-figueiredo\/#article\",\"isPartOf\":{\"@id\":\"https:\/\/portaltela.pt\/noticias\/2026\/02\/23\/entrevista-exclusiva-ao-eurodeputado-joao-cotrim-de-figueiredo\/\"},\"author\":{\"name\":\"Telinha\",\"@id\":\"https:\/\/portaltela.pt\/#\/schema\/person\/c4278d4a6028830caff9ee44b42d32ed\"},\"headline\":\"Entrevista exclusiva ao eurodeputado Jo\u00e3o Cotrim de Figueiredo\",\"datePublished\":\"2026-02-23T15:55:22+00:00\",\"mainEntityOfPage\":{\"@id\":\"https:\/\/portaltela.pt\/noticias\/2026\/02\/23\/entrevista-exclusiva-ao-eurodeputado-joao-cotrim-de-figueiredo\/\"},\"wordCount\":176,\"image\":{\"@id\":\"https:\/\/portaltela.pt\/noticias\/2026\/02\/23\/entrevista-exclusiva-ao-eurodeputado-joao-cotrim-de-figueiredo\/#primaryimage\"},\"thumbnailUrl\":\"https:\/\/portaltela.pt\/s.01k8rhncp4jt1\/2026\/02\/img_1280x722uu2026-02-23-15-54-57-2268528.jpg\",\"keywords\":[\"comiss\u00f5es\",\"Estrasburgo\",\"Europa\",\"Jo\u00e3o Cotrim de Figueiredo\",\"pol\u00edtica\",\"Uni\u00e3o Europeia\"],\"articleSection\":[\"Internacional\",\"Not\u00edcias\"],\"inLanguage\":\"pt-PT\"},{\"@type\":\"WebPage\",\"@id\":\"https:\/\/portaltela.pt\/noticias\/2026\/02\/23\/entrevista-exclusiva-ao-eurodeputado-joao-cotrim-de-figueiredo\/\",\"url\":\"https:\/\/portaltela.pt\/noticias\/2026\/02\/23\/entrevista-exclusiva-ao-eurodeputado-joao-cotrim-de-figueiredo\/\",\"name\":\"Entrevista exclusiva ao eurodeputado Jo\u00e3o Cotrim de Figueiredo - Portal Tela Portugal\",\"isPartOf\":{\"@id\":\"https:\/\/portaltela.pt\/#website\"},\"primaryImageOfPage\":{\"@id\":\"https:\/\/portaltela.pt\/noticias\/2026\/02\/23\/entrevista-exclusiva-ao-eurodeputado-joao-cotrim-de-figueiredo\/#primaryimage\"},\"image\":{\"@id\":\"https:\/\/portaltela.pt\/noticias\/2026\/02\/23\/entrevista-exclusiva-ao-eurodeputado-joao-cotrim-de-figueiredo\/#primaryimage\"},\"thumbnailUrl\":\"https:\/\/portaltela.pt\/s.01k8rhncp4jt1\/2026\/02\/img_1280x722uu2026-02-23-15-54-57-2268528.jpg\",\"datePublished\":\"2026-02-23T15:55:22+00:00\",\"author\":{\"@id\":\"https:\/\/portaltela.pt\/#\/schema\/person\/c4278d4a6028830caff9ee44b42d32ed\"},\"breadcrumb\":{\"@id\":\"https:\/\/portaltela.pt\/noticias\/2026\/02\/23\/entrevista-exclusiva-ao-eurodeputado-joao-cotrim-de-figueiredo\/#breadcrumb\"},\"inLanguage\":\"pt-PT\",\"potentialAction\":[{\"@type\":\"ReadAction\",\"target\":[\"https:\/\/portaltela.pt\/noticias\/2026\/02\/23\/entrevista-exclusiva-ao-eurodeputado-joao-cotrim-de-figueiredo\/\"]}]},{\"@type\":\"ImageObject\",\"inLanguage\":\"pt-PT\",\"@id\":\"https:\/\/portaltela.pt\/noticias\/2026\/02\/23\/entrevista-exclusiva-ao-eurodeputado-joao-cotrim-de-figueiredo\/#primaryimage\",\"url\":\"https:\/\/portaltela.pt\/s.01k8rhncp4jt1\/2026\/02\/img_1280x722uu2026-02-23-15-54-57-2268528.jpg\",\"contentUrl\":\"https:\/\/portaltela.pt\/s.01k8rhncp4jt1\/2026\/02\/img_1280x722uu2026-02-23-15-54-57-2268528.jpg\",\"width\":796,\"height\":448,\"caption\":\"Photo\"},{\"@type\":\"BreadcrumbList\",\"@id\":\"https:\/\/portaltela.pt\/noticias\/2026\/02\/23\/entrevista-exclusiva-ao-eurodeputado-joao-cotrim-de-figueiredo\/#breadcrumb\",\"itemListElement\":[{\"@type\":\"ListItem\",\"position\":1,\"name\":\"In\u00edcio\",\"item\":\"https:\/\/portaltela.pt\/\"},{\"@type\":\"ListItem\",\"position\":2,\"name\":\"Entrevista exclusiva ao eurodeputado Jo\u00e3o Cotrim de Figueiredo\"}]},{\"@type\":\"WebSite\",\"@id\":\"https:\/\/portaltela.pt\/#website\",\"url\":\"https:\/\/portaltela.pt\/\",\"name\":\"Portal Tela Portugal\",\"description\":\"\",\"potentialAction\":[{\"@type\":\"SearchAction\",\"target\":{\"@type\":\"EntryPoint\",\"urlTemplate\":\"https:\/\/portaltela.pt\/?s={search_term_string}\"},\"query-input\":{\"@type\":\"PropertyValueSpecification\",\"valueRequired\":true,\"valueName\":\"search_term_string\"}}],\"inLanguage\":\"pt-PT\"},{\"@type\":\"Person\",\"@id\":\"https:\/\/portaltela.pt\/#\/schema\/person\/c4278d4a6028830caff9ee44b42d32ed\",\"name\":\"Telinha\",\"image\":{\"@type\":\"ImageObject\",\"inLanguage\":\"pt-PT\",\"@id\":\"https:\/\/portaltela.pt\/s.01k8rhncp4jt1\/2025\/11\/talking-bot-125x125.png\",\"url\":\"https:\/\/portaltela.pt\/s.01k8rhncp4jt1\/2025\/11\/talking-bot-125x125.png\",\"contentUrl\":\"https:\/\/portaltela.pt\/s.01k8rhncp4jt1\/2025\/11\/talking-bot-125x125.png\",\"caption\":\"Telinha\"},\"sameAs\":[\"https:\/\/portaltela.pt\/\"],\"url\":\"https:\/\/portaltela.pt\/por\/367410592786\/\"}]}<\/script>\n<!-- \/ Yoast SEO plugin. -->","yoast_head_json":{"title":"Entrevista exclusiva ao eurodeputado Jo\u00e3o Cotrim de Figueiredo - Portal Tela Portugal","robots":{"index":"index","follow":"follow","max-snippet":"max-snippet:-1","max-image-preview":"max-image-preview:large","max-video-preview":"max-video-preview:-1"},"og_locale":"pt_PT","og_type":"article","og_title":"Entrevista exclusiva ao eurodeputado Jo\u00e3o Cotrim de Figueiredo - Portal Tela Portugal","og_description":"Em Estrasburgo, Jo\u00e3o Cotrim de Figueiredo revelou ao Europa Viva como chegou ao Parlamento Europeu. A entrevista foi apresentada como exclusiva pelo Europa Viva. O depoimento aborda o percurso que levou o pol\u00edtico ao cargo de eurodeputado. O conte\u00fado foca apenas a trajet\u00f3ria para o Parlamento Europeu, sem abordar outros temas.","og_url":"https:\/\/portaltela.pt\/noticias\/2026\/02\/23\/entrevista-exclusiva-ao-eurodeputado-joao-cotrim-de-figueiredo\/","og_site_name":"Portal Tela Portugal","article_published_time":"2026-02-23T15:55:22+00:00","author":"Telinha","twitter_card":"summary_large_image","twitter_misc":{"Escrito por":"Telinha","Tempo estimado de leitura":"1 minuto"},"schema":{"@context":"https:\/\/schema.org","@graph":[{"@type":"Article","@id":"https:\/\/portaltela.pt\/noticias\/2026\/02\/23\/entrevista-exclusiva-ao-eurodeputado-joao-cotrim-de-figueiredo\/#article","isPartOf":{"@id":"https:\/\/portaltela.pt\/noticias\/2026\/02\/23\/entrevista-exclusiva-ao-eurodeputado-joao-cotrim-de-figueiredo\/"},"author":{"name":"Telinha","@id":"https:\/\/portaltela.pt\/#\/schema\/person\/c4278d4a6028830caff9ee44b42d32ed"},"headline":"Entrevista exclusiva ao eurodeputado Jo\u00e3o Cotrim de Figueiredo","datePublished":"2026-02-23T15:55:22+00:00","mainEntityOfPage":{"@id":"https:\/\/portaltela.pt\/noticias\/2026\/02\/23\/entrevista-exclusiva-ao-eurodeputado-joao-cotrim-de-figueiredo\/"},"wordCount":176,"image":{"@id":"https:\/\/portaltela.pt\/noticias\/2026\/02\/23\/entrevista-exclusiva-ao-eurodeputado-joao-cotrim-de-figueiredo\/#primaryimage"},"thumbnailUrl":"https:\/\/portaltela.pt\/s.01k8rhncp4jt1\/2026\/02\/img_1280x722uu2026-02-23-15-54-57-2268528.jpg","keywords":["comiss\u00f5es","Estrasburgo","Europa","Jo\u00e3o Cotrim de Figueiredo","pol\u00edtica","Uni\u00e3o Europeia"],"articleSection":["Internacional","Not\u00edcias"],"inLanguage":"pt-PT"},{"@type":"WebPage","@id":"https:\/\/portaltela.pt\/noticias\/2026\/02\/23\/entrevista-exclusiva-ao-eurodeputado-joao-cotrim-de-figueiredo\/","url":"https:\/\/portaltela.pt\/noticias\/2026\/02\/23\/entrevista-exclusiva-ao-eurodeputado-joao-cotrim-de-figueiredo\/","name":"Entrevista exclusiva ao eurodeputado Jo\u00e3o Cotrim de Figueiredo - Portal Tela Portugal","isPartOf":{"@id":"https:\/\/portaltela.pt\/#website"},"primaryImageOfPage":{"@id":"https:\/\/portaltela.pt\/noticias\/2026\/02\/23\/entrevista-exclusiva-ao-eurodeputado-joao-cotrim-de-figueiredo\/#primaryimage"},"image":{"@id":"https:\/\/portaltela.pt\/noticias\/2026\/02\/23\/entrevista-exclusiva-ao-eurodeputado-joao-cotrim-de-figueiredo\/#primaryimage"},"thumbnailUrl":"https:\/\/portaltela.pt\/s.01k8rhncp4jt1\/2026\/02\/img_1280x722uu2026-02-23-15-54-57-2268528.jpg","datePublished":"2026-02-23T15:55:22+00:00","author":{"@id":"https:\/\/portaltela.pt\/#\/schema\/person\/c4278d4a6028830caff9ee44b42d32ed"},"breadcrumb":{"@id":"https:\/\/portaltela.pt\/noticias\/2026\/02\/23\/entrevista-exclusiva-ao-eurodeputado-joao-cotrim-de-figueiredo\/#breadcrumb"},"inLanguage":"pt-PT","potentialAction":[{"@type":"ReadAction","target":["https:\/\/portaltela.pt\/noticias\/2026\/02\/23\/entrevista-exclusiva-ao-eurodeputado-joao-cotrim-de-figueiredo\/"]}]},{"@type":"ImageObject","inLanguage":"pt-PT","@id":"https:\/\/portaltela.pt\/noticias\/2026\/02\/23\/entrevista-exclusiva-ao-eurodeputado-joao-cotrim-de-figueiredo\/#primaryimage","url":"https:\/\/portaltela.pt\/s.01k8rhncp4jt1\/2026\/02\/img_1280x722uu2026-02-23-15-54-57-2268528.jpg","contentUrl":"https:\/\/portaltela.pt\/s.01k8rhncp4jt1\/2026\/02\/img_1280x722uu2026-02-23-15-54-57-2268528.jpg","width":796,"height":448,"caption":"Photo"},{"@type":"BreadcrumbList","@id":"https:\/\/portaltela.pt\/noticias\/2026\/02\/23\/entrevista-exclusiva-ao-eurodeputado-joao-cotrim-de-figueiredo\/#breadcrumb","itemListElement":[{"@type":"ListItem","position":1,"name":"In\u00edcio","item":"https:\/\/portaltela.pt\/"},{"@type":"ListItem","position":2,"name":"Entrevista exclusiva ao eurodeputado Jo\u00e3o Cotrim de Figueiredo"}]},{"@type":"WebSite","@id":"https:\/\/portaltela.pt\/#website","url":"https:\/\/portaltela.pt\/","name":"Portal Tela Portugal","description":"","potentialAction":[{"@type":"SearchAction","target":{"@type":"EntryPoint","urlTemplate":"https:\/\/portaltela.pt\/?s={search_term_string}"},"query-input":{"@type":"PropertyValueSpecification","valueRequired":true,"valueName":"search_term_string"}}],"inLanguage":"pt-PT"},{"@type":"Person","@id":"https:\/\/portaltela.pt\/#\/schema\/person\/c4278d4a6028830caff9ee44b42d32ed","name":"Telinha","image":{"@type":"ImageObject","inLanguage":"pt-PT","@id":"https:\/\/portaltela.pt\/s.01k8rhncp4jt1\/2025\/11\/talking-bot-125x125.png","url":"https:\/\/portaltela.pt\/s.01k8rhncp4jt1\/2025\/11\/talking-bot-125x125.png","contentUrl":"https:\/\/portaltela.pt\/s.01k8rhncp4jt1\/2025\/11\/talking-bot-125x125.png","caption":"Telinha"},"sameAs":["https:\/\/portaltela.pt\/"],"url":"https:\/\/portaltela.pt\/por\/367410592786\/"}]}},"_links":{"self":[{"href":"https:\/\/portaltela.pt\/api\/wp\/v2\/posts\/223016","targetHints":{"allow":["GET"]}}],"collection":[{"href":"https:\/\/portaltela.pt\/api\/wp\/v2\/posts"}],"about":[{"href":"https:\/\/portaltela.pt\/api\/wp\/v2\/types\/post"}],"author":[{"embeddable":true,"href":"https:\/\/portaltela.pt\/api\/wp\/v2\/users\/2"}],"replies":[{"embeddable":true,"href":"https:\/\/portaltela.pt\/api\/wp\/v2\/comments?post=223016"}],"version-history":[{"count":0,"href":"https:\/\/portaltela.pt\/api\/wp\/v2\/posts\/223016\/revisions"}],"wp:featuredmedia":[{"embeddable":true,"href":"https:\/\/portaltela.pt\/api\/wp\/v2\/media\/223017"}],"wp:attachment":[{"href":"https:\/\/portaltela.pt\/api\/wp\/v2\/media?parent=223016"}],"wp:term":[{"taxonomy":"category","embeddable":true,"href":"https:\/\/portaltela.pt\/api\/wp\/v2\/categories?post=223016"},{"taxonomy":"post_tag","embeddable":true,"href":"https:\/\/portaltela.pt\/api\/wp\/v2\/tags?post=223016"}],"curies":[{"name":"wp","href":"https:\/\/api.w.org\/{rel}","templated":true}]}}