{"id":223002,"date":"2026-02-23T12:38:18","date_gmt":"2026-02-23T15:38:18","guid":{"rendered":"https:\/\/portaltela.pt\/noticias\/2026\/02\/23\/ferreira-do-zezere-tem-99-das-casas-com-luz-27-dias-apos-tempestade\/"},"modified":"2026-02-23T12:38:18","modified_gmt":"2026-02-23T15:38:18","slug":"ferreira-do-zezere-tem-99-das-casas-com-luz-27-dias-apos-tempestade","status":"publish","type":"post","link":"https:\/\/portaltela.pt\/noticias\/2026\/02\/23\/ferreira-do-zezere-tem-99-das-casas-com-luz-27-dias-apos-tempestade\/","title":{"rendered":"Ferreira do Z\u00eazere tem 99% das casas com luz 27 dias ap\u00f3s tempestade"},"content":{"rendered":"<p>Ferreira do Z\u00eazere aproxima-se de normalidade el\u00e9trica 27 dias ap\u00f3s a depress\u00e3o Kristin, com 99% das habita\u00e7\u00f5es j\u00e1 com energia e redu\u00e7\u00e3o significativa do atendimento. O objetivo \u00e9 alcan\u00e7ar o restabelecimento total ainda hoje, em articula\u00e7\u00e3o com a E-Redes e juntas de freguesia.<\/p>\n<p>No entanto, ainda h\u00e1 20 a 30 habita\u00e7\u00f5es, cerca de 50 pessoas, sem fornecimento el\u00e9trico, principalmente em zonas rurais. O presidente da C\u00e2mara, Bruno Gomes, sublinha que a normaliza\u00e7\u00e3o avan\u00e7a, mas h\u00e1 trabalho cont\u00ednuo de limpeza, reposi\u00e7\u00e3o de coberturas e repara\u00e7\u00e3o de infraestruturas, com 60 a 70 operacionais no terreno.<\/p>\n<h3>Infraestruturas e telecomunica\u00e7\u00f5es<\/h3>\n<p>Persistem constrangimentos nas telecomunica\u00e7\u00f5es, com falhas de servi\u00e7o m\u00f3vel e de dados, sobretudo na rede MEO. A fibra \u00f3tica continua limitada \u00e0 vila, limitando o acesso em v\u00e1rias zonas do concelho.<\/p>\n<p>Em termos populacionais, cerca de 20% da popula\u00e7\u00e3o dependente da MEO enfrenta dificuldades de comunica\u00e7\u00e3o. O concelho regista perto de 8 mil habitantes e cerca de 85% das habita\u00e7\u00f5es sofreram danos, num total de aproximadamente 4 mil resid\u00eancias.<\/p>\n<h3>Danos, custos e recupera\u00e7\u00e3o<\/h3>\n<p>O presidente admite que milhares de casas ainda carecem de interven\u00e7\u00f5es profundas, prevendo um processo de requalifica\u00e7\u00e3o que pode prolongar-se por mais de um ano, devido \u00e0 escassez de m\u00e3o de obra e \u00e0 necessidade de apoios financeiros. Os danos totais devem situar-se entre 150 e 200 milh\u00f5es de euros.<\/p>\n<p>No que respeita a servi\u00e7os, escolas, centros de sa\u00fade e servi\u00e7os municipais funcionam, embora com danos a reparar. Entre os recursos de resposta, destaca-se a instala\u00e7\u00e3o de um equipamento com liga\u00e7\u00e3o Starlink na freguesia de Nossa Senhora do Pranto, assegurando internet de emerg\u00eancia, e o envolvimento do movimento Just a Change na reabilita\u00e7\u00e3o de habita\u00e7\u00f5es.<\/p>\n<h3>Reativa\u00e7\u00e3o de atividades e planeamento<\/h3>\n<p>O munic\u00edpio antecipa o retomar gradual de iniciativas p\u00fablicas, nomeadamente o Festival do Lagostim, para apoiar a hotelaria, restaura\u00e7\u00e3o e com\u00e9rcio local. Bruno Gomes sublinha a necessidade de refor\u00e7ar o planeamento, a robustez de infraestruturas cr\u00edticas e a articula\u00e7\u00e3o entre entidades.<\/p>\n<p>As autoridades nacionais registaram 18 mortes associadas \u00e0s depress\u00f5es Kristin, Leonardo e Marta, com centenas de feridos e desalojados. As \u00e1reas centrais afetadas incluem o Centro, Lisboa e Vale do Tejo, e o Alentejo, com destrui\u00e7\u00e3o de habita\u00e7\u00f5es, quedas de \u00e1rvores e cortes de servi\u00e7os.<\/p>\n","protected":false},"excerpt":{"rendered":"<ul>\n<li>99% das habita\u00e7\u00f5es de Ferreira do Z\u00eazere dever\u00e3o ficar com energia el\u00e9trica at\u00e9 ao final desta segunda-feira, 27 dias ap\u00f3s a depress\u00e3o Kristin.<\/li>\n<li>Entre 20 e 30 habita\u00e7\u00f5es, correspondentes a cerca de 50 pessoas, permanecem sem fornecimento; dever\u00e1 normalizar at\u00e9 ao fim do dia em articula\u00e7\u00e3o com a E-Redes e presidentes de junta.<\/li>\n<li>No terreno, entre 60 e 70 operacionais trabalham em trabalhos de limpeza, reposi\u00e7\u00e3o de coberturas e repara\u00e7\u00e3o de infraestruturas.<\/li>\n<li>No que respeita \u00e0s telecomunica\u00e7\u00f5es, persistem constrangimentos, sobretudo na rede MEO, com falhas no servi\u00e7o m\u00f3vel e de dados; a fibra \u00f3tica continua limitada \u00e0 vila. Cerca de 20% da popula\u00e7\u00e3o dependente da MEO tem dificuldades de acesso.<\/li>\n<li>O concelho, com quase 8.000 habitantes, registou danos em cerca de 85% das habita\u00e7\u00f5es (cerca de 4.000); preju\u00edzos estimados entre 150 e 200 milh\u00f5es de euros; 18 pessoas morreram no pa\u00eds devido \u00e0s depress\u00f5es Kristin, Leonardo e Marta; h\u00e1 a\u00e7\u00f5es de solidariedade com Starlink e a associa\u00e7\u00e3o Just a Change.<\/li>\n<\/ul>\n","protected":false},"author":2,"featured_media":223007,"comment_status":"closed","ping_status":"closed","sticky":false,"template":"","format":"standard","meta":{"footnotes":""},"categories":[1],"tags":[4729,174,3674,6287,5010,2171],"class_list":["post-223002","post","type-post","status-publish","format-standard","has-post-thumbnail","hentry","category-noticias","tag-abastecimento-de-energia","tag-energia","tag-festival","tag-just-a-change","tag-starlink","tag-telecomunicacoes"],"yoast_head":"<!-- This site is optimized with the Yoast SEO plugin v27.2 - https:\/\/yoast.com\/product\/yoast-seo-wordpress\/ -->\n<title>Ferreira do Z\u00eazere tem 99% das casas com luz 27 dias ap\u00f3s tempestade - Portal Tela Portugal<\/title>\n<meta name=\"robots\" content=\"index, follow, max-snippet:-1, max-image-preview:large, max-video-preview:-1\" \/>\n<meta property=\"og:locale\" content=\"pt_PT\" \/>\n<meta property=\"og:type\" content=\"article\" \/>\n<meta property=\"og:title\" content=\"Ferreira do Z\u00eazere tem 99% das casas com luz 27 dias ap\u00f3s tempestade - Portal Tela Portugal\" \/>\n<meta property=\"og:description\" content=\"99% das habita\u00e7\u00f5es de Ferreira do Z\u00eazere dever\u00e3o ficar com energia el\u00e9trica at\u00e9 ao final desta segunda-feira, 27 dias ap\u00f3s a depress\u00e3o Kristin. Entre 20 e 30 habita\u00e7\u00f5es, correspondentes a cerca de 50 pessoas, permanecem sem fornecimento; dever\u00e1 normalizar at\u00e9 ao fim do dia em articula\u00e7\u00e3o com a E-Redes e presidentes de junta. No terreno, entre 60 e 70 operacionais trabalham em trabalhos de limpeza, reposi\u00e7\u00e3o de coberturas e repara\u00e7\u00e3o de infraestruturas. No que respeita \u00e0s telecomunica\u00e7\u00f5es, persistem constrangimentos, sobretudo na rede MEO, com falhas no servi\u00e7o m\u00f3vel e de dados; a fibra \u00f3tica continua limitada \u00e0 vila. Cerca de 20% da popula\u00e7\u00e3o dependente da MEO tem dificuldades de acesso. O concelho, com quase 8.000 habitantes, registou danos em cerca de 85% das habita\u00e7\u00f5es (cerca de 4.000); preju\u00edzos estimados entre 150 e 200 milh\u00f5es de euros; 18 pessoas morreram no pa\u00eds devido \u00e0s depress\u00f5es Kristin, Leonardo e Marta; h\u00e1 a\u00e7\u00f5es de solidariedade com Starlink e a associa\u00e7\u00e3o Just a Change.\" \/>\n<meta property=\"og:url\" content=\"https:\/\/portaltela.pt\/noticias\/2026\/02\/23\/ferreira-do-zezere-tem-99-das-casas-com-luz-27-dias-apos-tempestade\/\" \/>\n<meta property=\"og:site_name\" content=\"Portal Tela Portugal\" \/>\n<meta property=\"article:published_time\" content=\"2026-02-23T15:38:18+00:00\" \/>\n<meta name=\"author\" content=\"Telinha\" \/>\n<meta name=\"twitter:card\" content=\"summary_large_image\" \/>\n<meta name=\"twitter:label1\" content=\"Escrito por\" \/>\n\t<meta name=\"twitter:data1\" content=\"Telinha\" \/>\n\t<meta name=\"twitter:label2\" content=\"Tempo estimado de leitura\" \/>\n\t<meta name=\"twitter:data2\" content=\"2 minutos\" \/>\n<script type=\"application\/ld+json\" class=\"yoast-schema-graph\">{\"@context\":\"https:\/\/schema.org\",\"@graph\":[{\"@type\":\"Article\",\"@id\":\"https:\/\/portaltela.pt\/noticias\/2026\/02\/23\/ferreira-do-zezere-tem-99-das-casas-com-luz-27-dias-apos-tempestade\/#article\",\"isPartOf\":{\"@id\":\"https:\/\/portaltela.pt\/noticias\/2026\/02\/23\/ferreira-do-zezere-tem-99-das-casas-com-luz-27-dias-apos-tempestade\/\"},\"author\":{\"name\":\"Telinha\",\"@id\":\"https:\/\/portaltela.pt\/#\/schema\/person\/c4278d4a6028830caff9ee44b42d32ed\"},\"headline\":\"Ferreira do Z\u00eazere tem 99% das casas com luz 27 dias ap\u00f3s tempestade\",\"datePublished\":\"2026-02-23T15:38:18+00:00\",\"mainEntityOfPage\":{\"@id\":\"https:\/\/portaltela.pt\/noticias\/2026\/02\/23\/ferreira-do-zezere-tem-99-das-casas-com-luz-27-dias-apos-tempestade\/\"},\"wordCount\":410,\"image\":{\"@id\":\"https:\/\/portaltela.pt\/noticias\/2026\/02\/23\/ferreira-do-zezere-tem-99-das-casas-com-luz-27-dias-apos-tempestade\/#primaryimage\"},\"thumbnailUrl\":\"https:\/\/portaltela.pt\/s.01k8rhncp4jt1\/2026\/02\/img_1280x721uu2026-02-01-19-02-18-2264034.jpg\",\"keywords\":[\"abastecimento de energia\",\"energia\",\"festival\",\"Just a Change\",\"Starlink\",\"telecomunica\u00e7\u00f5es\"],\"articleSection\":[\"Not\u00edcias\"],\"inLanguage\":\"pt-PT\"},{\"@type\":\"WebPage\",\"@id\":\"https:\/\/portaltela.pt\/noticias\/2026\/02\/23\/ferreira-do-zezere-tem-99-das-casas-com-luz-27-dias-apos-tempestade\/\",\"url\":\"https:\/\/portaltela.pt\/noticias\/2026\/02\/23\/ferreira-do-zezere-tem-99-das-casas-com-luz-27-dias-apos-tempestade\/\",\"name\":\"Ferreira do Z\u00eazere tem 99% das casas com luz 27 dias ap\u00f3s tempestade - Portal Tela Portugal\",\"isPartOf\":{\"@id\":\"https:\/\/portaltela.pt\/#website\"},\"primaryImageOfPage\":{\"@id\":\"https:\/\/portaltela.pt\/noticias\/2026\/02\/23\/ferreira-do-zezere-tem-99-das-casas-com-luz-27-dias-apos-tempestade\/#primaryimage\"},\"image\":{\"@id\":\"https:\/\/portaltela.pt\/noticias\/2026\/02\/23\/ferreira-do-zezere-tem-99-das-casas-com-luz-27-dias-apos-tempestade\/#primaryimage\"},\"thumbnailUrl\":\"https:\/\/portaltela.pt\/s.01k8rhncp4jt1\/2026\/02\/img_1280x721uu2026-02-01-19-02-18-2264034.jpg\",\"datePublished\":\"2026-02-23T15:38:18+00:00\",\"author\":{\"@id\":\"https:\/\/portaltela.pt\/#\/schema\/person\/c4278d4a6028830caff9ee44b42d32ed\"},\"breadcrumb\":{\"@id\":\"https:\/\/portaltela.pt\/noticias\/2026\/02\/23\/ferreira-do-zezere-tem-99-das-casas-com-luz-27-dias-apos-tempestade\/#breadcrumb\"},\"inLanguage\":\"pt-PT\",\"potentialAction\":[{\"@type\":\"ReadAction\",\"target\":[\"https:\/\/portaltela.pt\/noticias\/2026\/02\/23\/ferreira-do-zezere-tem-99-das-casas-com-luz-27-dias-apos-tempestade\/\"]}]},{\"@type\":\"ImageObject\",\"inLanguage\":\"pt-PT\",\"@id\":\"https:\/\/portaltela.pt\/noticias\/2026\/02\/23\/ferreira-do-zezere-tem-99-das-casas-com-luz-27-dias-apos-tempestade\/#primaryimage\",\"url\":\"https:\/\/portaltela.pt\/s.01k8rhncp4jt1\/2026\/02\/img_1280x721uu2026-02-01-19-02-18-2264034.jpg\",\"contentUrl\":\"https:\/\/portaltela.pt\/s.01k8rhncp4jt1\/2026\/02\/img_1280x721uu2026-02-01-19-02-18-2264034.jpg\",\"width\":796,\"height\":448,\"caption\":\"Tempestade Kristin causa estragos em Ferreira do Z\u00eazere, afeta terreno de Leonardo Francisco\"},{\"@type\":\"BreadcrumbList\",\"@id\":\"https:\/\/portaltela.pt\/noticias\/2026\/02\/23\/ferreira-do-zezere-tem-99-das-casas-com-luz-27-dias-apos-tempestade\/#breadcrumb\",\"itemListElement\":[{\"@type\":\"ListItem\",\"position\":1,\"name\":\"In\u00edcio\",\"item\":\"https:\/\/portaltela.pt\/\"},{\"@type\":\"ListItem\",\"position\":2,\"name\":\"Ferreira do Z\u00eazere tem 99% das casas com luz 27 dias ap\u00f3s tempestade\"}]},{\"@type\":\"WebSite\",\"@id\":\"https:\/\/portaltela.pt\/#website\",\"url\":\"https:\/\/portaltela.pt\/\",\"name\":\"Portal Tela Portugal\",\"description\":\"\",\"potentialAction\":[{\"@type\":\"SearchAction\",\"target\":{\"@type\":\"EntryPoint\",\"urlTemplate\":\"https:\/\/portaltela.pt\/?s={search_term_string}\"},\"query-input\":{\"@type\":\"PropertyValueSpecification\",\"valueRequired\":true,\"valueName\":\"search_term_string\"}}],\"inLanguage\":\"pt-PT\"},{\"@type\":\"Person\",\"@id\":\"https:\/\/portaltela.pt\/#\/schema\/person\/c4278d4a6028830caff9ee44b42d32ed\",\"name\":\"Telinha\",\"image\":{\"@type\":\"ImageObject\",\"inLanguage\":\"pt-PT\",\"@id\":\"https:\/\/portaltela.pt\/s.01k8rhncp4jt1\/2025\/11\/talking-bot-125x125.png\",\"url\":\"https:\/\/portaltela.pt\/s.01k8rhncp4jt1\/2025\/11\/talking-bot-125x125.png\",\"contentUrl\":\"https:\/\/portaltela.pt\/s.01k8rhncp4jt1\/2025\/11\/talking-bot-125x125.png\",\"caption\":\"Telinha\"},\"sameAs\":[\"https:\/\/portaltela.pt\/\"],\"url\":\"https:\/\/portaltela.pt\/por\/367410592786\/\"}]}<\/script>\n<!-- \/ Yoast SEO plugin. -->","yoast_head_json":{"title":"Ferreira do Z\u00eazere tem 99% das casas com luz 27 dias ap\u00f3s tempestade - Portal Tela Portugal","robots":{"index":"index","follow":"follow","max-snippet":"max-snippet:-1","max-image-preview":"max-image-preview:large","max-video-preview":"max-video-preview:-1"},"og_locale":"pt_PT","og_type":"article","og_title":"Ferreira do Z\u00eazere tem 99% das casas com luz 27 dias ap\u00f3s tempestade - Portal Tela Portugal","og_description":"99% das habita\u00e7\u00f5es de Ferreira do Z\u00eazere dever\u00e3o ficar com energia el\u00e9trica at\u00e9 ao final desta segunda-feira, 27 dias ap\u00f3s a depress\u00e3o Kristin. Entre 20 e 30 habita\u00e7\u00f5es, correspondentes a cerca de 50 pessoas, permanecem sem fornecimento; dever\u00e1 normalizar at\u00e9 ao fim do dia em articula\u00e7\u00e3o com a E-Redes e presidentes de junta. No terreno, entre 60 e 70 operacionais trabalham em trabalhos de limpeza, reposi\u00e7\u00e3o de coberturas e repara\u00e7\u00e3o de infraestruturas. No que respeita \u00e0s telecomunica\u00e7\u00f5es, persistem constrangimentos, sobretudo na rede MEO, com falhas no servi\u00e7o m\u00f3vel e de dados; a fibra \u00f3tica continua limitada \u00e0 vila. Cerca de 20% da popula\u00e7\u00e3o dependente da MEO tem dificuldades de acesso. O concelho, com quase 8.000 habitantes, registou danos em cerca de 85% das habita\u00e7\u00f5es (cerca de 4.000); preju\u00edzos estimados entre 150 e 200 milh\u00f5es de euros; 18 pessoas morreram no pa\u00eds devido \u00e0s depress\u00f5es Kristin, Leonardo e Marta; h\u00e1 a\u00e7\u00f5es de solidariedade com Starlink e a associa\u00e7\u00e3o Just a Change.","og_url":"https:\/\/portaltela.pt\/noticias\/2026\/02\/23\/ferreira-do-zezere-tem-99-das-casas-com-luz-27-dias-apos-tempestade\/","og_site_name":"Portal Tela Portugal","article_published_time":"2026-02-23T15:38:18+00:00","author":"Telinha","twitter_card":"summary_large_image","twitter_misc":{"Escrito por":"Telinha","Tempo estimado de leitura":"2 minutos"},"schema":{"@context":"https:\/\/schema.org","@graph":[{"@type":"Article","@id":"https:\/\/portaltela.pt\/noticias\/2026\/02\/23\/ferreira-do-zezere-tem-99-das-casas-com-luz-27-dias-apos-tempestade\/#article","isPartOf":{"@id":"https:\/\/portaltela.pt\/noticias\/2026\/02\/23\/ferreira-do-zezere-tem-99-das-casas-com-luz-27-dias-apos-tempestade\/"},"author":{"name":"Telinha","@id":"https:\/\/portaltela.pt\/#\/schema\/person\/c4278d4a6028830caff9ee44b42d32ed"},"headline":"Ferreira do Z\u00eazere tem 99% das casas com luz 27 dias ap\u00f3s tempestade","datePublished":"2026-02-23T15:38:18+00:00","mainEntityOfPage":{"@id":"https:\/\/portaltela.pt\/noticias\/2026\/02\/23\/ferreira-do-zezere-tem-99-das-casas-com-luz-27-dias-apos-tempestade\/"},"wordCount":410,"image":{"@id":"https:\/\/portaltela.pt\/noticias\/2026\/02\/23\/ferreira-do-zezere-tem-99-das-casas-com-luz-27-dias-apos-tempestade\/#primaryimage"},"thumbnailUrl":"https:\/\/portaltela.pt\/s.01k8rhncp4jt1\/2026\/02\/img_1280x721uu2026-02-01-19-02-18-2264034.jpg","keywords":["abastecimento de energia","energia","festival","Just a Change","Starlink","telecomunica\u00e7\u00f5es"],"articleSection":["Not\u00edcias"],"inLanguage":"pt-PT"},{"@type":"WebPage","@id":"https:\/\/portaltela.pt\/noticias\/2026\/02\/23\/ferreira-do-zezere-tem-99-das-casas-com-luz-27-dias-apos-tempestade\/","url":"https:\/\/portaltela.pt\/noticias\/2026\/02\/23\/ferreira-do-zezere-tem-99-das-casas-com-luz-27-dias-apos-tempestade\/","name":"Ferreira do Z\u00eazere tem 99% das casas com luz 27 dias ap\u00f3s tempestade - Portal Tela Portugal","isPartOf":{"@id":"https:\/\/portaltela.pt\/#website"},"primaryImageOfPage":{"@id":"https:\/\/portaltela.pt\/noticias\/2026\/02\/23\/ferreira-do-zezere-tem-99-das-casas-com-luz-27-dias-apos-tempestade\/#primaryimage"},"image":{"@id":"https:\/\/portaltela.pt\/noticias\/2026\/02\/23\/ferreira-do-zezere-tem-99-das-casas-com-luz-27-dias-apos-tempestade\/#primaryimage"},"thumbnailUrl":"https:\/\/portaltela.pt\/s.01k8rhncp4jt1\/2026\/02\/img_1280x721uu2026-02-01-19-02-18-2264034.jpg","datePublished":"2026-02-23T15:38:18+00:00","author":{"@id":"https:\/\/portaltela.pt\/#\/schema\/person\/c4278d4a6028830caff9ee44b42d32ed"},"breadcrumb":{"@id":"https:\/\/portaltela.pt\/noticias\/2026\/02\/23\/ferreira-do-zezere-tem-99-das-casas-com-luz-27-dias-apos-tempestade\/#breadcrumb"},"inLanguage":"pt-PT","potentialAction":[{"@type":"ReadAction","target":["https:\/\/portaltela.pt\/noticias\/2026\/02\/23\/ferreira-do-zezere-tem-99-das-casas-com-luz-27-dias-apos-tempestade\/"]}]},{"@type":"ImageObject","inLanguage":"pt-PT","@id":"https:\/\/portaltela.pt\/noticias\/2026\/02\/23\/ferreira-do-zezere-tem-99-das-casas-com-luz-27-dias-apos-tempestade\/#primaryimage","url":"https:\/\/portaltela.pt\/s.01k8rhncp4jt1\/2026\/02\/img_1280x721uu2026-02-01-19-02-18-2264034.jpg","contentUrl":"https:\/\/portaltela.pt\/s.01k8rhncp4jt1\/2026\/02\/img_1280x721uu2026-02-01-19-02-18-2264034.jpg","width":796,"height":448,"caption":"Tempestade Kristin causa estragos em Ferreira do Z\u00eazere, afeta terreno de Leonardo Francisco"},{"@type":"BreadcrumbList","@id":"https:\/\/portaltela.pt\/noticias\/2026\/02\/23\/ferreira-do-zezere-tem-99-das-casas-com-luz-27-dias-apos-tempestade\/#breadcrumb","itemListElement":[{"@type":"ListItem","position":1,"name":"In\u00edcio","item":"https:\/\/portaltela.pt\/"},{"@type":"ListItem","position":2,"name":"Ferreira do Z\u00eazere tem 99% das casas com luz 27 dias ap\u00f3s tempestade"}]},{"@type":"WebSite","@id":"https:\/\/portaltela.pt\/#website","url":"https:\/\/portaltela.pt\/","name":"Portal Tela Portugal","description":"","potentialAction":[{"@type":"SearchAction","target":{"@type":"EntryPoint","urlTemplate":"https:\/\/portaltela.pt\/?s={search_term_string}"},"query-input":{"@type":"PropertyValueSpecification","valueRequired":true,"valueName":"search_term_string"}}],"inLanguage":"pt-PT"},{"@type":"Person","@id":"https:\/\/portaltela.pt\/#\/schema\/person\/c4278d4a6028830caff9ee44b42d32ed","name":"Telinha","image":{"@type":"ImageObject","inLanguage":"pt-PT","@id":"https:\/\/portaltela.pt\/s.01k8rhncp4jt1\/2025\/11\/talking-bot-125x125.png","url":"https:\/\/portaltela.pt\/s.01k8rhncp4jt1\/2025\/11\/talking-bot-125x125.png","contentUrl":"https:\/\/portaltela.pt\/s.01k8rhncp4jt1\/2025\/11\/talking-bot-125x125.png","caption":"Telinha"},"sameAs":["https:\/\/portaltela.pt\/"],"url":"https:\/\/portaltela.pt\/por\/367410592786\/"}]}},"_links":{"self":[{"href":"https:\/\/portaltela.pt\/api\/wp\/v2\/posts\/223002","targetHints":{"allow":["GET"]}}],"collection":[{"href":"https:\/\/portaltela.pt\/api\/wp\/v2\/posts"}],"about":[{"href":"https:\/\/portaltela.pt\/api\/wp\/v2\/types\/post"}],"author":[{"embeddable":true,"href":"https:\/\/portaltela.pt\/api\/wp\/v2\/users\/2"}],"replies":[{"embeddable":true,"href":"https:\/\/portaltela.pt\/api\/wp\/v2\/comments?post=223002"}],"version-history":[{"count":0,"href":"https:\/\/portaltela.pt\/api\/wp\/v2\/posts\/223002\/revisions"}],"wp:featuredmedia":[{"embeddable":true,"href":"https:\/\/portaltela.pt\/api\/wp\/v2\/media\/223007"}],"wp:attachment":[{"href":"https:\/\/portaltela.pt\/api\/wp\/v2\/media?parent=223002"}],"wp:term":[{"taxonomy":"category","embeddable":true,"href":"https:\/\/portaltela.pt\/api\/wp\/v2\/categories?post=223002"},{"taxonomy":"post_tag","embeddable":true,"href":"https:\/\/portaltela.pt\/api\/wp\/v2\/tags?post=223002"}],"curies":[{"name":"wp","href":"https:\/\/api.w.org\/{rel}","templated":true}]}}