{"id":222972,"date":"2026-02-23T12:23:03","date_gmt":"2026-02-23T15:23:03","guid":{"rendered":"https:\/\/portaltela.pt\/noticias\/2026\/02\/23\/barcelona-rejeita-denuncia-contra-joan-laporta-como-falsa-e-manipulada\/"},"modified":"2026-02-23T12:23:03","modified_gmt":"2026-02-23T15:23:03","slug":"barcelona-rejeita-denuncia-contra-joan-laporta-como-falsa-e-manipulada","status":"publish","type":"post","link":"https:\/\/portaltela.pt\/desporto\/futebol\/2026\/02\/23\/barcelona-rejeita-denuncia-contra-joan-laporta-como-falsa-e-manipulada\/","title":{"rendered":"Barcelona rejeita den\u00fancia contra Joan Laporta como falsa e manipulada"},"content":{"rendered":"<p>O Barcelona classificou como completamente falsa a documenta\u00e7\u00e3o apresentada por um s\u00f3cio na Audi\u00eancia Nacional, que acusa Joan Laporta de branqueamento de capitais, fraude fiscal e outros crimes. A not\u00edcia foi divulgada nesta segunda-feira.<\/p>\n<p>O clube aponta que os documentos s\u00e3o falsos e\/ou manipulados e anunciou que iniciar\u00e1 a\u00e7\u00f5es legais contra o autor da den\u00fancia por falsa documenta\u00e7\u00e3o, cal\u00fania e outros crimes. Laporta v\u00ea a den\u00fancia como caluniosa e ligada \u00e0s elei\u00e7\u00f5es.<\/p>\n<p>O Bar\u00e7a tamb\u00e9m indicou que j\u00e1 foi contactado por dois \u00f3rg\u00e3os de comunica\u00e7\u00e3o e um cons\u00f3rcio de jornalistas para confirmar os alegados documentos, tendo respondido que a informa\u00e7\u00e3o era falsa e que o material n\u00e3o tinha veracidade.<\/p>\n<h3>Ac\u00e7\u00f5es previstas e linhas de defesa<\/h3>\n<p>O clube prepara a\u00e7\u00f5es legais contra o s\u00f3cio na Audi\u00eancia Nacional e um processo disciplinar para medidas mais severas. Estuda tamb\u00e9m medidas legais contra o \u00f3rg\u00e3o de comunica\u00e7\u00e3o pela divulga\u00e7\u00e3o de documentos falsos, sem ouvir a vers\u00e3o do clube.<\/p>\n<p>O Barcelona considera que a publica\u00e7\u00e3o, a menos de um m\u00eas das elei\u00e7\u00f5es, pode ter como objetivo perturbar o processo democr\u00e1tico interno, influenciando ou manipulando a soberania dos s\u00f3cios. O clube disponibilizar\u00e1 informa\u00e7\u00f5es \u00e0 Comiss\u00e3o Eleitoral.<\/p>\n<p>A institui\u00e7\u00e3o afirmou que fornecer\u00e1 dados \u00e0 Comiss\u00e3o Eleitoral para comprovar a veracidade dos factos e alertar os pr\u00e9-candidatos sobre riscos de not\u00edcias falsas durante o processo eleitoral.<\/p>\n","protected":false},"excerpt":{"rendered":"<ul>\n<li>O Barcelona qualificou de \u201ccompletamente falsa\u201d a documenta\u00e7\u00e3o apresentada por um s\u00f3cio na Audi\u00eancia Nacional, que acusa o presidente Joan Laporta de branqueamento de capitais, fraude fiscal e outras crimes.<\/li>\n<li>O clube afirma que os documentos s\u00e3o falsos e\/ou manipulados e anunciou a abertura de a\u00e7\u00f5es legais contra o autor da den\u00fancia por falsifica\u00e7\u00e3o, cal\u00fania e outros crimes.<\/li>\n<li>Laporta disse que a den\u00fancia \u00e9 falsa e caluniosa, associando-a \u00e0 proximidade das elei\u00e7\u00f5es de 15 de mar\u00e7o, nas quais se recandidatar\u00e1.<\/li>\n<li>O Barcelona tamb\u00e9m vai instaurar um processo disciplinar e pode avan\u00e7ar com a\u00e7\u00f5es legais contra o \u00f3rg\u00e3o de comunica\u00e7\u00e3o que publicou a not\u00edcia, por divulgar informa\u00e7\u00f5es falsas.<\/li>\n<li>O clube informou que vai entregar \u00e0 Comiss\u00e3o Eleitoral todos os dados de que disp\u00f5e para comprovar a veracidade das informa\u00e7\u00f5es e alertar para as consequ\u00eancias de not\u00edcias falsas durante o processo.<\/li>\n<\/ul>\n","protected":false},"author":2,"featured_media":222974,"comment_status":"closed","ping_status":"closed","sticky":false,"template":"","format":"standard","meta":{"footnotes":""},"categories":[21,24],"tags":[2587,6285,6228,2442,68,2832],"class_list":["post-222972","post","type-post","status-publish","format-standard","has-post-thumbnail","hentry","category-desporto","category-futebol","tag-barcelona","tag-calunia","tag-denuncias","tag-difamacao","tag-eleicoes","tag-politica"],"yoast_head":"<!-- This site is optimized with the Yoast SEO plugin v27.2 - https:\/\/yoast.com\/product\/yoast-seo-wordpress\/ -->\n<title>Barcelona rejeita den\u00fancia contra Joan Laporta como falsa e manipulada - Portal Tela Portugal<\/title>\n<meta name=\"robots\" content=\"index, follow, max-snippet:-1, max-image-preview:large, max-video-preview:-1\" \/>\n<meta property=\"og:locale\" content=\"pt_PT\" \/>\n<meta property=\"og:type\" content=\"article\" \/>\n<meta property=\"og:title\" content=\"Barcelona rejeita den\u00fancia contra Joan Laporta como falsa e manipulada - Portal Tela Portugal\" \/>\n<meta property=\"og:description\" content=\"O Barcelona qualificou de \u201ccompletamente falsa\u201d a documenta\u00e7\u00e3o apresentada por um s\u00f3cio na Audi\u00eancia Nacional, que acusa o presidente Joan Laporta de branqueamento de capitais, fraude fiscal e outras crimes. O clube afirma que os documentos s\u00e3o falsos e\/ou manipulados e anunciou a abertura de a\u00e7\u00f5es legais contra o autor da den\u00fancia por falsifica\u00e7\u00e3o, cal\u00fania e outros crimes. Laporta disse que a den\u00fancia \u00e9 falsa e caluniosa, associando-a \u00e0 proximidade das elei\u00e7\u00f5es de 15 de mar\u00e7o, nas quais se recandidatar\u00e1. O Barcelona tamb\u00e9m vai instaurar um processo disciplinar e pode avan\u00e7ar com a\u00e7\u00f5es legais contra o \u00f3rg\u00e3o de comunica\u00e7\u00e3o que publicou a not\u00edcia, por divulgar informa\u00e7\u00f5es falsas. O clube informou que vai entregar \u00e0 Comiss\u00e3o Eleitoral todos os dados de que disp\u00f5e para comprovar a veracidade das informa\u00e7\u00f5es e alertar para as consequ\u00eancias de not\u00edcias falsas durante o processo.\" \/>\n<meta property=\"og:url\" content=\"https:\/\/portaltela.pt\/noticias\/2026\/02\/23\/barcelona-rejeita-denuncia-contra-joan-laporta-como-falsa-e-manipulada\/\" \/>\n<meta property=\"og:site_name\" content=\"Portal Tela Portugal\" \/>\n<meta property=\"article:published_time\" content=\"2026-02-23T15:23:03+00:00\" \/>\n<meta name=\"author\" content=\"Telinha\" \/>\n<meta name=\"twitter:card\" content=\"summary_large_image\" \/>\n<meta name=\"twitter:label1\" content=\"Escrito por\" \/>\n\t<meta name=\"twitter:data1\" content=\"Telinha\" \/>\n\t<meta name=\"twitter:label2\" content=\"Tempo estimado de leitura\" \/>\n\t<meta name=\"twitter:data2\" content=\"1 minuto\" \/>\n<script type=\"application\/ld+json\" class=\"yoast-schema-graph\">{\"@context\":\"https:\/\/schema.org\",\"@graph\":[{\"@type\":\"Article\",\"@id\":\"https:\/\/portaltela.pt\/noticias\/2026\/02\/23\/barcelona-rejeita-denuncia-contra-joan-laporta-como-falsa-e-manipulada\/#article\",\"isPartOf\":{\"@id\":\"https:\/\/portaltela.pt\/noticias\/2026\/02\/23\/barcelona-rejeita-denuncia-contra-joan-laporta-como-falsa-e-manipulada\/\"},\"author\":{\"name\":\"Telinha\",\"@id\":\"https:\/\/portaltela.pt\/#\/schema\/person\/c4278d4a6028830caff9ee44b42d32ed\"},\"headline\":\"Barcelona rejeita den\u00fancia contra Joan Laporta como falsa e manipulada\",\"datePublished\":\"2026-02-23T15:23:03+00:00\",\"mainEntityOfPage\":{\"@id\":\"https:\/\/portaltela.pt\/noticias\/2026\/02\/23\/barcelona-rejeita-denuncia-contra-joan-laporta-como-falsa-e-manipulada\/\"},\"wordCount\":266,\"image\":{\"@id\":\"https:\/\/portaltela.pt\/noticias\/2026\/02\/23\/barcelona-rejeita-denuncia-contra-joan-laporta-como-falsa-e-manipulada\/#primaryimage\"},\"thumbnailUrl\":\"https:\/\/portaltela.pt\/s.01k8rhncp4jt1\/2026\/02\/img_920x518uu2025-12-16-16-42-11-2409508.jpg\",\"keywords\":[\"Barcelona\",\"cal\u00fania\",\"den\u00fancias\",\"difama\u00e7\u00e3o\",\"elei\u00e7\u00f5es\",\"pol\u00edtica\"],\"articleSection\":[\"Desporto\",\"Futebol\"],\"inLanguage\":\"pt-PT\"},{\"@type\":\"WebPage\",\"@id\":\"https:\/\/portaltela.pt\/noticias\/2026\/02\/23\/barcelona-rejeita-denuncia-contra-joan-laporta-como-falsa-e-manipulada\/\",\"url\":\"https:\/\/portaltela.pt\/noticias\/2026\/02\/23\/barcelona-rejeita-denuncia-contra-joan-laporta-como-falsa-e-manipulada\/\",\"name\":\"Barcelona rejeita den\u00fancia contra Joan Laporta como falsa e manipulada - Portal Tela Portugal\",\"isPartOf\":{\"@id\":\"https:\/\/portaltela.pt\/#website\"},\"primaryImageOfPage\":{\"@id\":\"https:\/\/portaltela.pt\/noticias\/2026\/02\/23\/barcelona-rejeita-denuncia-contra-joan-laporta-como-falsa-e-manipulada\/#primaryimage\"},\"image\":{\"@id\":\"https:\/\/portaltela.pt\/noticias\/2026\/02\/23\/barcelona-rejeita-denuncia-contra-joan-laporta-como-falsa-e-manipulada\/#primaryimage\"},\"thumbnailUrl\":\"https:\/\/portaltela.pt\/s.01k8rhncp4jt1\/2026\/02\/img_920x518uu2025-12-16-16-42-11-2409508.jpg\",\"datePublished\":\"2026-02-23T15:23:03+00:00\",\"author\":{\"@id\":\"https:\/\/portaltela.pt\/#\/schema\/person\/c4278d4a6028830caff9ee44b42d32ed\"},\"breadcrumb\":{\"@id\":\"https:\/\/portaltela.pt\/noticias\/2026\/02\/23\/barcelona-rejeita-denuncia-contra-joan-laporta-como-falsa-e-manipulada\/#breadcrumb\"},\"inLanguage\":\"pt-PT\",\"potentialAction\":[{\"@type\":\"ReadAction\",\"target\":[\"https:\/\/portaltela.pt\/noticias\/2026\/02\/23\/barcelona-rejeita-denuncia-contra-joan-laporta-como-falsa-e-manipulada\/\"]}]},{\"@type\":\"ImageObject\",\"inLanguage\":\"pt-PT\",\"@id\":\"https:\/\/portaltela.pt\/noticias\/2026\/02\/23\/barcelona-rejeita-denuncia-contra-joan-laporta-como-falsa-e-manipulada\/#primaryimage\",\"url\":\"https:\/\/portaltela.pt\/s.01k8rhncp4jt1\/2026\/02\/img_920x518uu2025-12-16-16-42-11-2409508.jpg\",\"contentUrl\":\"https:\/\/portaltela.pt\/s.01k8rhncp4jt1\/2026\/02\/img_920x518uu2025-12-16-16-42-11-2409508.jpg\",\"width\":796,\"height\":448,\"caption\":\"Barcelona defende Joan Laporta\"},{\"@type\":\"BreadcrumbList\",\"@id\":\"https:\/\/portaltela.pt\/noticias\/2026\/02\/23\/barcelona-rejeita-denuncia-contra-joan-laporta-como-falsa-e-manipulada\/#breadcrumb\",\"itemListElement\":[{\"@type\":\"ListItem\",\"position\":1,\"name\":\"In\u00edcio\",\"item\":\"https:\/\/portaltela.pt\/\"},{\"@type\":\"ListItem\",\"position\":2,\"name\":\"Barcelona rejeita den\u00fancia contra Joan Laporta como falsa e manipulada\"}]},{\"@type\":\"WebSite\",\"@id\":\"https:\/\/portaltela.pt\/#website\",\"url\":\"https:\/\/portaltela.pt\/\",\"name\":\"Portal Tela Portugal\",\"description\":\"\",\"potentialAction\":[{\"@type\":\"SearchAction\",\"target\":{\"@type\":\"EntryPoint\",\"urlTemplate\":\"https:\/\/portaltela.pt\/?s={search_term_string}\"},\"query-input\":{\"@type\":\"PropertyValueSpecification\",\"valueRequired\":true,\"valueName\":\"search_term_string\"}}],\"inLanguage\":\"pt-PT\"},{\"@type\":\"Person\",\"@id\":\"https:\/\/portaltela.pt\/#\/schema\/person\/c4278d4a6028830caff9ee44b42d32ed\",\"name\":\"Telinha\",\"image\":{\"@type\":\"ImageObject\",\"inLanguage\":\"pt-PT\",\"@id\":\"https:\/\/portaltela.pt\/s.01k8rhncp4jt1\/2025\/11\/talking-bot-125x125.png\",\"url\":\"https:\/\/portaltela.pt\/s.01k8rhncp4jt1\/2025\/11\/talking-bot-125x125.png\",\"contentUrl\":\"https:\/\/portaltela.pt\/s.01k8rhncp4jt1\/2025\/11\/talking-bot-125x125.png\",\"caption\":\"Telinha\"},\"sameAs\":[\"https:\/\/portaltela.pt\/\"],\"url\":\"https:\/\/portaltela.pt\/por\/367410592786\/\"}]}<\/script>\n<!-- \/ Yoast SEO plugin. -->","yoast_head_json":{"title":"Barcelona rejeita den\u00fancia contra Joan Laporta como falsa e manipulada - Portal Tela Portugal","robots":{"index":"index","follow":"follow","max-snippet":"max-snippet:-1","max-image-preview":"max-image-preview:large","max-video-preview":"max-video-preview:-1"},"og_locale":"pt_PT","og_type":"article","og_title":"Barcelona rejeita den\u00fancia contra Joan Laporta como falsa e manipulada - Portal Tela Portugal","og_description":"O Barcelona qualificou de \u201ccompletamente falsa\u201d a documenta\u00e7\u00e3o apresentada por um s\u00f3cio na Audi\u00eancia Nacional, que acusa o presidente Joan Laporta de branqueamento de capitais, fraude fiscal e outras crimes. O clube afirma que os documentos s\u00e3o falsos e\/ou manipulados e anunciou a abertura de a\u00e7\u00f5es legais contra o autor da den\u00fancia por falsifica\u00e7\u00e3o, cal\u00fania e outros crimes. Laporta disse que a den\u00fancia \u00e9 falsa e caluniosa, associando-a \u00e0 proximidade das elei\u00e7\u00f5es de 15 de mar\u00e7o, nas quais se recandidatar\u00e1. O Barcelona tamb\u00e9m vai instaurar um processo disciplinar e pode avan\u00e7ar com a\u00e7\u00f5es legais contra o \u00f3rg\u00e3o de comunica\u00e7\u00e3o que publicou a not\u00edcia, por divulgar informa\u00e7\u00f5es falsas. O clube informou que vai entregar \u00e0 Comiss\u00e3o Eleitoral todos os dados de que disp\u00f5e para comprovar a veracidade das informa\u00e7\u00f5es e alertar para as consequ\u00eancias de not\u00edcias falsas durante o processo.","og_url":"https:\/\/portaltela.pt\/noticias\/2026\/02\/23\/barcelona-rejeita-denuncia-contra-joan-laporta-como-falsa-e-manipulada\/","og_site_name":"Portal Tela Portugal","article_published_time":"2026-02-23T15:23:03+00:00","author":"Telinha","twitter_card":"summary_large_image","twitter_misc":{"Escrito por":"Telinha","Tempo estimado de leitura":"1 minuto"},"schema":{"@context":"https:\/\/schema.org","@graph":[{"@type":"Article","@id":"https:\/\/portaltela.pt\/noticias\/2026\/02\/23\/barcelona-rejeita-denuncia-contra-joan-laporta-como-falsa-e-manipulada\/#article","isPartOf":{"@id":"https:\/\/portaltela.pt\/noticias\/2026\/02\/23\/barcelona-rejeita-denuncia-contra-joan-laporta-como-falsa-e-manipulada\/"},"author":{"name":"Telinha","@id":"https:\/\/portaltela.pt\/#\/schema\/person\/c4278d4a6028830caff9ee44b42d32ed"},"headline":"Barcelona rejeita den\u00fancia contra Joan Laporta como falsa e manipulada","datePublished":"2026-02-23T15:23:03+00:00","mainEntityOfPage":{"@id":"https:\/\/portaltela.pt\/noticias\/2026\/02\/23\/barcelona-rejeita-denuncia-contra-joan-laporta-como-falsa-e-manipulada\/"},"wordCount":266,"image":{"@id":"https:\/\/portaltela.pt\/noticias\/2026\/02\/23\/barcelona-rejeita-denuncia-contra-joan-laporta-como-falsa-e-manipulada\/#primaryimage"},"thumbnailUrl":"https:\/\/portaltela.pt\/s.01k8rhncp4jt1\/2026\/02\/img_920x518uu2025-12-16-16-42-11-2409508.jpg","keywords":["Barcelona","cal\u00fania","den\u00fancias","difama\u00e7\u00e3o","elei\u00e7\u00f5es","pol\u00edtica"],"articleSection":["Desporto","Futebol"],"inLanguage":"pt-PT"},{"@type":"WebPage","@id":"https:\/\/portaltela.pt\/noticias\/2026\/02\/23\/barcelona-rejeita-denuncia-contra-joan-laporta-como-falsa-e-manipulada\/","url":"https:\/\/portaltela.pt\/noticias\/2026\/02\/23\/barcelona-rejeita-denuncia-contra-joan-laporta-como-falsa-e-manipulada\/","name":"Barcelona rejeita den\u00fancia contra Joan Laporta como falsa e manipulada - Portal Tela Portugal","isPartOf":{"@id":"https:\/\/portaltela.pt\/#website"},"primaryImageOfPage":{"@id":"https:\/\/portaltela.pt\/noticias\/2026\/02\/23\/barcelona-rejeita-denuncia-contra-joan-laporta-como-falsa-e-manipulada\/#primaryimage"},"image":{"@id":"https:\/\/portaltela.pt\/noticias\/2026\/02\/23\/barcelona-rejeita-denuncia-contra-joan-laporta-como-falsa-e-manipulada\/#primaryimage"},"thumbnailUrl":"https:\/\/portaltela.pt\/s.01k8rhncp4jt1\/2026\/02\/img_920x518uu2025-12-16-16-42-11-2409508.jpg","datePublished":"2026-02-23T15:23:03+00:00","author":{"@id":"https:\/\/portaltela.pt\/#\/schema\/person\/c4278d4a6028830caff9ee44b42d32ed"},"breadcrumb":{"@id":"https:\/\/portaltela.pt\/noticias\/2026\/02\/23\/barcelona-rejeita-denuncia-contra-joan-laporta-como-falsa-e-manipulada\/#breadcrumb"},"inLanguage":"pt-PT","potentialAction":[{"@type":"ReadAction","target":["https:\/\/portaltela.pt\/noticias\/2026\/02\/23\/barcelona-rejeita-denuncia-contra-joan-laporta-como-falsa-e-manipulada\/"]}]},{"@type":"ImageObject","inLanguage":"pt-PT","@id":"https:\/\/portaltela.pt\/noticias\/2026\/02\/23\/barcelona-rejeita-denuncia-contra-joan-laporta-como-falsa-e-manipulada\/#primaryimage","url":"https:\/\/portaltela.pt\/s.01k8rhncp4jt1\/2026\/02\/img_920x518uu2025-12-16-16-42-11-2409508.jpg","contentUrl":"https:\/\/portaltela.pt\/s.01k8rhncp4jt1\/2026\/02\/img_920x518uu2025-12-16-16-42-11-2409508.jpg","width":796,"height":448,"caption":"Barcelona defende Joan Laporta"},{"@type":"BreadcrumbList","@id":"https:\/\/portaltela.pt\/noticias\/2026\/02\/23\/barcelona-rejeita-denuncia-contra-joan-laporta-como-falsa-e-manipulada\/#breadcrumb","itemListElement":[{"@type":"ListItem","position":1,"name":"In\u00edcio","item":"https:\/\/portaltela.pt\/"},{"@type":"ListItem","position":2,"name":"Barcelona rejeita den\u00fancia contra Joan Laporta como falsa e manipulada"}]},{"@type":"WebSite","@id":"https:\/\/portaltela.pt\/#website","url":"https:\/\/portaltela.pt\/","name":"Portal Tela Portugal","description":"","potentialAction":[{"@type":"SearchAction","target":{"@type":"EntryPoint","urlTemplate":"https:\/\/portaltela.pt\/?s={search_term_string}"},"query-input":{"@type":"PropertyValueSpecification","valueRequired":true,"valueName":"search_term_string"}}],"inLanguage":"pt-PT"},{"@type":"Person","@id":"https:\/\/portaltela.pt\/#\/schema\/person\/c4278d4a6028830caff9ee44b42d32ed","name":"Telinha","image":{"@type":"ImageObject","inLanguage":"pt-PT","@id":"https:\/\/portaltela.pt\/s.01k8rhncp4jt1\/2025\/11\/talking-bot-125x125.png","url":"https:\/\/portaltela.pt\/s.01k8rhncp4jt1\/2025\/11\/talking-bot-125x125.png","contentUrl":"https:\/\/portaltela.pt\/s.01k8rhncp4jt1\/2025\/11\/talking-bot-125x125.png","caption":"Telinha"},"sameAs":["https:\/\/portaltela.pt\/"],"url":"https:\/\/portaltela.pt\/por\/367410592786\/"}]}},"_links":{"self":[{"href":"https:\/\/portaltela.pt\/api\/wp\/v2\/posts\/222972","targetHints":{"allow":["GET"]}}],"collection":[{"href":"https:\/\/portaltela.pt\/api\/wp\/v2\/posts"}],"about":[{"href":"https:\/\/portaltela.pt\/api\/wp\/v2\/types\/post"}],"author":[{"embeddable":true,"href":"https:\/\/portaltela.pt\/api\/wp\/v2\/users\/2"}],"replies":[{"embeddable":true,"href":"https:\/\/portaltela.pt\/api\/wp\/v2\/comments?post=222972"}],"version-history":[{"count":0,"href":"https:\/\/portaltela.pt\/api\/wp\/v2\/posts\/222972\/revisions"}],"wp:featuredmedia":[{"embeddable":true,"href":"https:\/\/portaltela.pt\/api\/wp\/v2\/media\/222974"}],"wp:attachment":[{"href":"https:\/\/portaltela.pt\/api\/wp\/v2\/media?parent=222972"}],"wp:term":[{"taxonomy":"category","embeddable":true,"href":"https:\/\/portaltela.pt\/api\/wp\/v2\/categories?post=222972"},{"taxonomy":"post_tag","embeddable":true,"href":"https:\/\/portaltela.pt\/api\/wp\/v2\/tags?post=222972"}],"curies":[{"name":"wp","href":"https:\/\/api.w.org\/{rel}","templated":true}]}}