{"id":222937,"date":"2026-02-23T11:46:07","date_gmt":"2026-02-23T14:46:07","guid":{"rendered":"https:\/\/portaltela.pt\/noticias\/2026\/02\/23\/ugt-e-patroes-mostram-vontade-de-evoluir-mas-ainda-longe-de-acordo\/"},"modified":"2026-02-23T11:46:07","modified_gmt":"2026-02-23T14:46:07","slug":"ugt-e-patroes-mostram-vontade-de-evoluir-mas-ainda-longe-de-acordo","status":"publish","type":"post","link":"https:\/\/portaltela.pt\/noticias\/2026\/02\/23\/ugt-e-patroes-mostram-vontade-de-evoluir-mas-ainda-longe-de-acordo\/","title":{"rendered":"UGT e patr\u00f5es mostram vontade de evoluir, mas ainda longe de acordo"},"content":{"rendered":"<p>O Minist\u00e9rio do Trabalho, Solidariedade e Seguran\u00e7a Social recebeu, esta segunda-feira, representantes de patr\u00f5es e de sindicatos para debaterem as altera\u00e7\u00f5es \u00e0 lei laboral. As confedera\u00e7\u00f5es empresariais, lideradas pela CIP, disseram existir vontade de evoluir, embora ainda estejam longe de um acordo. A UGT confirmou pontos de consenso, mas admitiu que s\u00e3o necess\u00e1rios avan\u00e7os substanciais a partir de ced\u00eancias de todos os lados.<\/p>\n<p>Armindo Monteiro, presidente da CIP, afirmou ter sentido uma vontade de evoluir e de procurar consensos na sess\u00e3o de hoje em Lisboa. Ainda assim, reconheceu que o encontro n\u00e3o aproximou suficientemente as posi\u00e7\u00f5es e que h\u00e1 muito trabalho pela frente. O anteprojecto do Governo foi apresentado a 24 de julho, lembrou o dirigente, que destacou a necessidade de ceder para chegar a um acordo.<\/p>\n<p>A ministra do Trabalho sublinhou que houve \u00e1reas de concilia\u00e7\u00e3o, nomeadamente em parentalidade, intelig\u00eancia artificial e novas tecnologias, mas salientou que se trata de consensos a n\u00edvel t\u00e9cnico e sem detalhar medidas concretas. O tom foi de cautela quanto a avan\u00e7os pr\u00e1ticos imediatos.<\/p>\n<p>Al\u00e9m da CIP, o presidente da CCP indicou abertura para o di\u00e1logo, desde que haja conte\u00fado com potencial de evolu\u00e7\u00e3o positiva na legisla\u00e7\u00e3o laboral. Jo\u00e3o Vieira Lopes referiu que acordos com origem na Concerta\u00e7\u00e3o Social tendem a ter maior probabilidade de passar sem altera\u00e7\u00f5es na Assembleia da Rep\u00fablica, mas frisou que s\u00f3 vale a pena avan\u00e7ar se houver massa cr\u00edtica suficiente.<\/p>\n<p>O presidente da Confedera\u00e7\u00e3o do Turismo de Portugal tamb\u00e9m apostou numa conclus\u00e3o ainda distante. Francisco Calheiros disse acreditar na vontade de todos em alcan\u00e7ar um acordo, mas admitiu que a dist\u00e2ncia entre posi\u00e7\u00f5es persiste. A CTP enfatizou a possibilidade de ced\u00eancias, nomeadamente sobre o prazo dos contratos, destacando a relev\u00e2ncia do regresso do banco de horas individual como ponto-chave.<\/p>\n<p>No lado sindical, o secret\u00e1rio-geral da UGT, M\u00e1rio Mour\u00e3o, reiterou disponibilidade para negociar, refor\u00e7ando que \u00e9 preciso que todos ceda. O respons\u00e1vel apontou que existem linhas vermelhas que limitam progressos significativos e evitou detalhar as \u00e1reas em que j\u00e1 houve consenso. A UGT espera usar a pr\u00f3xima reuni\u00e3o para avaliar o que foi discutido at\u00e9 agora no \u00e2mbito do C\u00f3digo do Trabalho.<\/p>\n","protected":false},"excerpt":{"rendered":"<ul>\n<li>As confedera\u00e7\u00f5es empresariais dizem admitir vontade de evoluir nas mudan\u00e7as \u00e0 lei laboral, mas ainda est\u00e3o muito longe de um acordo.<\/li>\n<li>Armindo Monteiro, presidente da CIP, afirmou que houve evolu\u00e7\u00e3o e procura de consensos, mas \u00e9 preciso ced\u00eancias de todos; se n\u00e3o houver acordo at\u00e9 3 de mar\u00e7o, n\u00e3o se deve continuar o processo.<\/li>\n<li>A Confedera\u00e7\u00e3o do Com\u00e9rcio e Servi\u00e7os de Portugal (CCP) aponta a Concerta\u00e7\u00e3o Social como decisiva para saber se h\u00e1 massa cr\u00edtica para um acordo, desde que o conte\u00fado represente uma evolu\u00e7\u00e3o positiva na legisla\u00e7\u00e3o laboral.<\/li>\n<li>A Confedera\u00e7\u00e3o do Turismo de Portugal (CTP) est\u00e1 muito longe de um acordo, admite ced\u00eancias em mat\u00e9ria de contratos e destaca o regresso ao banco de horas como ponto-chave; a pr\u00f3xima reuni\u00e3o de Concerta\u00e7\u00e3o Social n\u00e3o \u00e9 vista como definitiva.<\/li>\n<li>A Uni\u00e3o Geral de Trabalhadores (UGT) diz sentir disponibilidade para acordo e reconhece consentimentos, desde que haja ced\u00eancias de todos; o secret\u00e1rio-geral, M\u00e1rio Mour\u00e3o, alerta que n\u00e3o haver\u00e1 acordo no dia 3 de mar\u00e7o, apenas avalia\u00e7\u00e3o do processo.<\/li>\n<\/ul>\n","protected":false},"author":2,"featured_media":222941,"comment_status":"closed","ping_status":"closed","sticky":false,"template":"","format":"standard","meta":{"footnotes":""},"categories":[1],"tags":[2431,1004,2697,5426,133,2201],"class_list":["post-222937","post","type-post","status-publish","format-standard","has-post-thumbnail","hentry","category-noticias","tag-concertacao-social","tag-direitos-laborais","tag-empresas","tag-negociacao-coletiva","tag-politicas-publicas","tag-trabalho"],"yoast_head":"<!-- This site is optimized with the Yoast SEO plugin v27.2 - https:\/\/yoast.com\/product\/yoast-seo-wordpress\/ -->\n<title>UGT e patr\u00f5es mostram vontade de evoluir, mas ainda longe de acordo - Portal Tela Portugal<\/title>\n<meta name=\"robots\" content=\"index, follow, max-snippet:-1, max-image-preview:large, max-video-preview:-1\" \/>\n<meta property=\"og:locale\" content=\"pt_PT\" \/>\n<meta property=\"og:type\" content=\"article\" \/>\n<meta property=\"og:title\" content=\"UGT e patr\u00f5es mostram vontade de evoluir, mas ainda longe de acordo - Portal Tela Portugal\" \/>\n<meta property=\"og:description\" content=\"As confedera\u00e7\u00f5es empresariais dizem admitir vontade de evoluir nas mudan\u00e7as \u00e0 lei laboral, mas ainda est\u00e3o muito longe de um acordo. Armindo Monteiro, presidente da CIP, afirmou que houve evolu\u00e7\u00e3o e procura de consensos, mas \u00e9 preciso ced\u00eancias de todos; se n\u00e3o houver acordo at\u00e9 3 de mar\u00e7o, n\u00e3o se deve continuar o processo. A Confedera\u00e7\u00e3o do Com\u00e9rcio e Servi\u00e7os de Portugal (CCP) aponta a Concerta\u00e7\u00e3o Social como decisiva para saber se h\u00e1 massa cr\u00edtica para um acordo, desde que o conte\u00fado represente uma evolu\u00e7\u00e3o positiva na legisla\u00e7\u00e3o laboral. A Confedera\u00e7\u00e3o do Turismo de Portugal (CTP) est\u00e1 muito longe de um acordo, admite ced\u00eancias em mat\u00e9ria de contratos e destaca o regresso ao banco de horas como ponto-chave; a pr\u00f3xima reuni\u00e3o de Concerta\u00e7\u00e3o Social n\u00e3o \u00e9 vista como definitiva. A Uni\u00e3o Geral de Trabalhadores (UGT) diz sentir disponibilidade para acordo e reconhece consentimentos, desde que haja ced\u00eancias de todos; o secret\u00e1rio-geral, M\u00e1rio Mour\u00e3o, alerta que n\u00e3o haver\u00e1 acordo no dia 3 de mar\u00e7o, apenas avalia\u00e7\u00e3o do processo.\" \/>\n<meta property=\"og:url\" content=\"https:\/\/portaltela.pt\/noticias\/2026\/02\/23\/ugt-e-patroes-mostram-vontade-de-evoluir-mas-ainda-longe-de-acordo\/\" \/>\n<meta property=\"og:site_name\" content=\"Portal Tela Portugal\" \/>\n<meta property=\"article:published_time\" content=\"2026-02-23T14:46:07+00:00\" \/>\n<meta name=\"author\" content=\"Telinha\" \/>\n<meta name=\"twitter:card\" content=\"summary_large_image\" \/>\n<meta name=\"twitter:label1\" content=\"Escrito por\" \/>\n\t<meta name=\"twitter:data1\" content=\"Telinha\" \/>\n\t<meta name=\"twitter:label2\" content=\"Tempo estimado de leitura\" \/>\n\t<meta name=\"twitter:data2\" content=\"2 minutos\" \/>\n<script type=\"application\/ld+json\" class=\"yoast-schema-graph\">{\"@context\":\"https:\/\/schema.org\",\"@graph\":[{\"@type\":\"Article\",\"@id\":\"https:\/\/portaltela.pt\/noticias\/2026\/02\/23\/ugt-e-patroes-mostram-vontade-de-evoluir-mas-ainda-longe-de-acordo\/#article\",\"isPartOf\":{\"@id\":\"https:\/\/portaltela.pt\/noticias\/2026\/02\/23\/ugt-e-patroes-mostram-vontade-de-evoluir-mas-ainda-longe-de-acordo\/\"},\"author\":{\"name\":\"Telinha\",\"@id\":\"https:\/\/portaltela.pt\/#\/schema\/person\/c4278d4a6028830caff9ee44b42d32ed\"},\"headline\":\"UGT e patr\u00f5es mostram vontade de evoluir, mas ainda longe de acordo\",\"datePublished\":\"2026-02-23T14:46:07+00:00\",\"mainEntityOfPage\":{\"@id\":\"https:\/\/portaltela.pt\/noticias\/2026\/02\/23\/ugt-e-patroes-mostram-vontade-de-evoluir-mas-ainda-longe-de-acordo\/\"},\"wordCount\":407,\"image\":{\"@id\":\"https:\/\/portaltela.pt\/noticias\/2026\/02\/23\/ugt-e-patroes-mostram-vontade-de-evoluir-mas-ainda-longe-de-acordo\/#primaryimage\"},\"thumbnailUrl\":\"https:\/\/portaltela.pt\/s.01k8rhncp4jt1\/2026\/02\/img_1280x721uu2022-10-11-20-16-34-1191428.jpg\",\"keywords\":[\"Concerta\u00e7\u00e3o Social\",\"direitos laborais\",\"empresas\",\"negocia\u00e7\u00e3o coletiva\",\"pol\u00edticas p\u00fablicas\",\"trabalho\"],\"articleSection\":[\"Not\u00edcias\"],\"inLanguage\":\"pt-PT\"},{\"@type\":\"WebPage\",\"@id\":\"https:\/\/portaltela.pt\/noticias\/2026\/02\/23\/ugt-e-patroes-mostram-vontade-de-evoluir-mas-ainda-longe-de-acordo\/\",\"url\":\"https:\/\/portaltela.pt\/noticias\/2026\/02\/23\/ugt-e-patroes-mostram-vontade-de-evoluir-mas-ainda-longe-de-acordo\/\",\"name\":\"UGT e patr\u00f5es mostram vontade de evoluir, mas ainda longe de acordo - Portal Tela Portugal\",\"isPartOf\":{\"@id\":\"https:\/\/portaltela.pt\/#website\"},\"primaryImageOfPage\":{\"@id\":\"https:\/\/portaltela.pt\/noticias\/2026\/02\/23\/ugt-e-patroes-mostram-vontade-de-evoluir-mas-ainda-longe-de-acordo\/#primaryimage\"},\"image\":{\"@id\":\"https:\/\/portaltela.pt\/noticias\/2026\/02\/23\/ugt-e-patroes-mostram-vontade-de-evoluir-mas-ainda-longe-de-acordo\/#primaryimage\"},\"thumbnailUrl\":\"https:\/\/portaltela.pt\/s.01k8rhncp4jt1\/2026\/02\/img_1280x721uu2022-10-11-20-16-34-1191428.jpg\",\"datePublished\":\"2026-02-23T14:46:07+00:00\",\"author\":{\"@id\":\"https:\/\/portaltela.pt\/#\/schema\/person\/c4278d4a6028830caff9ee44b42d32ed\"},\"breadcrumb\":{\"@id\":\"https:\/\/portaltela.pt\/noticias\/2026\/02\/23\/ugt-e-patroes-mostram-vontade-de-evoluir-mas-ainda-longe-de-acordo\/#breadcrumb\"},\"inLanguage\":\"pt-PT\",\"potentialAction\":[{\"@type\":\"ReadAction\",\"target\":[\"https:\/\/portaltela.pt\/noticias\/2026\/02\/23\/ugt-e-patroes-mostram-vontade-de-evoluir-mas-ainda-longe-de-acordo\/\"]}]},{\"@type\":\"ImageObject\",\"inLanguage\":\"pt-PT\",\"@id\":\"https:\/\/portaltela.pt\/noticias\/2026\/02\/23\/ugt-e-patroes-mostram-vontade-de-evoluir-mas-ainda-longe-de-acordo\/#primaryimage\",\"url\":\"https:\/\/portaltela.pt\/s.01k8rhncp4jt1\/2026\/02\/img_1280x721uu2022-10-11-20-16-34-1191428.jpg\",\"contentUrl\":\"https:\/\/portaltela.pt\/s.01k8rhncp4jt1\/2026\/02\/img_1280x721uu2022-10-11-20-16-34-1191428.jpg\",\"width\":796,\"height\":448,\"caption\":\"M\u00e1rio Mour\u00e3o, UGT\"},{\"@type\":\"BreadcrumbList\",\"@id\":\"https:\/\/portaltela.pt\/noticias\/2026\/02\/23\/ugt-e-patroes-mostram-vontade-de-evoluir-mas-ainda-longe-de-acordo\/#breadcrumb\",\"itemListElement\":[{\"@type\":\"ListItem\",\"position\":1,\"name\":\"In\u00edcio\",\"item\":\"https:\/\/portaltela.pt\/\"},{\"@type\":\"ListItem\",\"position\":2,\"name\":\"UGT e patr\u00f5es mostram vontade de evoluir, mas ainda longe de acordo\"}]},{\"@type\":\"WebSite\",\"@id\":\"https:\/\/portaltela.pt\/#website\",\"url\":\"https:\/\/portaltela.pt\/\",\"name\":\"Portal Tela Portugal\",\"description\":\"\",\"potentialAction\":[{\"@type\":\"SearchAction\",\"target\":{\"@type\":\"EntryPoint\",\"urlTemplate\":\"https:\/\/portaltela.pt\/?s={search_term_string}\"},\"query-input\":{\"@type\":\"PropertyValueSpecification\",\"valueRequired\":true,\"valueName\":\"search_term_string\"}}],\"inLanguage\":\"pt-PT\"},{\"@type\":\"Person\",\"@id\":\"https:\/\/portaltela.pt\/#\/schema\/person\/c4278d4a6028830caff9ee44b42d32ed\",\"name\":\"Telinha\",\"image\":{\"@type\":\"ImageObject\",\"inLanguage\":\"pt-PT\",\"@id\":\"https:\/\/portaltela.pt\/s.01k8rhncp4jt1\/2025\/11\/talking-bot-125x125.png\",\"url\":\"https:\/\/portaltela.pt\/s.01k8rhncp4jt1\/2025\/11\/talking-bot-125x125.png\",\"contentUrl\":\"https:\/\/portaltela.pt\/s.01k8rhncp4jt1\/2025\/11\/talking-bot-125x125.png\",\"caption\":\"Telinha\"},\"sameAs\":[\"https:\/\/portaltela.pt\/\"],\"url\":\"https:\/\/portaltela.pt\/por\/367410592786\/\"}]}<\/script>\n<!-- \/ Yoast SEO plugin. -->","yoast_head_json":{"title":"UGT e patr\u00f5es mostram vontade de evoluir, mas ainda longe de acordo - Portal Tela Portugal","robots":{"index":"index","follow":"follow","max-snippet":"max-snippet:-1","max-image-preview":"max-image-preview:large","max-video-preview":"max-video-preview:-1"},"og_locale":"pt_PT","og_type":"article","og_title":"UGT e patr\u00f5es mostram vontade de evoluir, mas ainda longe de acordo - Portal Tela Portugal","og_description":"As confedera\u00e7\u00f5es empresariais dizem admitir vontade de evoluir nas mudan\u00e7as \u00e0 lei laboral, mas ainda est\u00e3o muito longe de um acordo. Armindo Monteiro, presidente da CIP, afirmou que houve evolu\u00e7\u00e3o e procura de consensos, mas \u00e9 preciso ced\u00eancias de todos; se n\u00e3o houver acordo at\u00e9 3 de mar\u00e7o, n\u00e3o se deve continuar o processo. A Confedera\u00e7\u00e3o do Com\u00e9rcio e Servi\u00e7os de Portugal (CCP) aponta a Concerta\u00e7\u00e3o Social como decisiva para saber se h\u00e1 massa cr\u00edtica para um acordo, desde que o conte\u00fado represente uma evolu\u00e7\u00e3o positiva na legisla\u00e7\u00e3o laboral. A Confedera\u00e7\u00e3o do Turismo de Portugal (CTP) est\u00e1 muito longe de um acordo, admite ced\u00eancias em mat\u00e9ria de contratos e destaca o regresso ao banco de horas como ponto-chave; a pr\u00f3xima reuni\u00e3o de Concerta\u00e7\u00e3o Social n\u00e3o \u00e9 vista como definitiva. A Uni\u00e3o Geral de Trabalhadores (UGT) diz sentir disponibilidade para acordo e reconhece consentimentos, desde que haja ced\u00eancias de todos; o secret\u00e1rio-geral, M\u00e1rio Mour\u00e3o, alerta que n\u00e3o haver\u00e1 acordo no dia 3 de mar\u00e7o, apenas avalia\u00e7\u00e3o do processo.","og_url":"https:\/\/portaltela.pt\/noticias\/2026\/02\/23\/ugt-e-patroes-mostram-vontade-de-evoluir-mas-ainda-longe-de-acordo\/","og_site_name":"Portal Tela Portugal","article_published_time":"2026-02-23T14:46:07+00:00","author":"Telinha","twitter_card":"summary_large_image","twitter_misc":{"Escrito por":"Telinha","Tempo estimado de leitura":"2 minutos"},"schema":{"@context":"https:\/\/schema.org","@graph":[{"@type":"Article","@id":"https:\/\/portaltela.pt\/noticias\/2026\/02\/23\/ugt-e-patroes-mostram-vontade-de-evoluir-mas-ainda-longe-de-acordo\/#article","isPartOf":{"@id":"https:\/\/portaltela.pt\/noticias\/2026\/02\/23\/ugt-e-patroes-mostram-vontade-de-evoluir-mas-ainda-longe-de-acordo\/"},"author":{"name":"Telinha","@id":"https:\/\/portaltela.pt\/#\/schema\/person\/c4278d4a6028830caff9ee44b42d32ed"},"headline":"UGT e patr\u00f5es mostram vontade de evoluir, mas ainda longe de acordo","datePublished":"2026-02-23T14:46:07+00:00","mainEntityOfPage":{"@id":"https:\/\/portaltela.pt\/noticias\/2026\/02\/23\/ugt-e-patroes-mostram-vontade-de-evoluir-mas-ainda-longe-de-acordo\/"},"wordCount":407,"image":{"@id":"https:\/\/portaltela.pt\/noticias\/2026\/02\/23\/ugt-e-patroes-mostram-vontade-de-evoluir-mas-ainda-longe-de-acordo\/#primaryimage"},"thumbnailUrl":"https:\/\/portaltela.pt\/s.01k8rhncp4jt1\/2026\/02\/img_1280x721uu2022-10-11-20-16-34-1191428.jpg","keywords":["Concerta\u00e7\u00e3o Social","direitos laborais","empresas","negocia\u00e7\u00e3o coletiva","pol\u00edticas p\u00fablicas","trabalho"],"articleSection":["Not\u00edcias"],"inLanguage":"pt-PT"},{"@type":"WebPage","@id":"https:\/\/portaltela.pt\/noticias\/2026\/02\/23\/ugt-e-patroes-mostram-vontade-de-evoluir-mas-ainda-longe-de-acordo\/","url":"https:\/\/portaltela.pt\/noticias\/2026\/02\/23\/ugt-e-patroes-mostram-vontade-de-evoluir-mas-ainda-longe-de-acordo\/","name":"UGT e patr\u00f5es mostram vontade de evoluir, mas ainda longe de acordo - Portal Tela Portugal","isPartOf":{"@id":"https:\/\/portaltela.pt\/#website"},"primaryImageOfPage":{"@id":"https:\/\/portaltela.pt\/noticias\/2026\/02\/23\/ugt-e-patroes-mostram-vontade-de-evoluir-mas-ainda-longe-de-acordo\/#primaryimage"},"image":{"@id":"https:\/\/portaltela.pt\/noticias\/2026\/02\/23\/ugt-e-patroes-mostram-vontade-de-evoluir-mas-ainda-longe-de-acordo\/#primaryimage"},"thumbnailUrl":"https:\/\/portaltela.pt\/s.01k8rhncp4jt1\/2026\/02\/img_1280x721uu2022-10-11-20-16-34-1191428.jpg","datePublished":"2026-02-23T14:46:07+00:00","author":{"@id":"https:\/\/portaltela.pt\/#\/schema\/person\/c4278d4a6028830caff9ee44b42d32ed"},"breadcrumb":{"@id":"https:\/\/portaltela.pt\/noticias\/2026\/02\/23\/ugt-e-patroes-mostram-vontade-de-evoluir-mas-ainda-longe-de-acordo\/#breadcrumb"},"inLanguage":"pt-PT","potentialAction":[{"@type":"ReadAction","target":["https:\/\/portaltela.pt\/noticias\/2026\/02\/23\/ugt-e-patroes-mostram-vontade-de-evoluir-mas-ainda-longe-de-acordo\/"]}]},{"@type":"ImageObject","inLanguage":"pt-PT","@id":"https:\/\/portaltela.pt\/noticias\/2026\/02\/23\/ugt-e-patroes-mostram-vontade-de-evoluir-mas-ainda-longe-de-acordo\/#primaryimage","url":"https:\/\/portaltela.pt\/s.01k8rhncp4jt1\/2026\/02\/img_1280x721uu2022-10-11-20-16-34-1191428.jpg","contentUrl":"https:\/\/portaltela.pt\/s.01k8rhncp4jt1\/2026\/02\/img_1280x721uu2022-10-11-20-16-34-1191428.jpg","width":796,"height":448,"caption":"M\u00e1rio Mour\u00e3o, UGT"},{"@type":"BreadcrumbList","@id":"https:\/\/portaltela.pt\/noticias\/2026\/02\/23\/ugt-e-patroes-mostram-vontade-de-evoluir-mas-ainda-longe-de-acordo\/#breadcrumb","itemListElement":[{"@type":"ListItem","position":1,"name":"In\u00edcio","item":"https:\/\/portaltela.pt\/"},{"@type":"ListItem","position":2,"name":"UGT e patr\u00f5es mostram vontade de evoluir, mas ainda longe de acordo"}]},{"@type":"WebSite","@id":"https:\/\/portaltela.pt\/#website","url":"https:\/\/portaltela.pt\/","name":"Portal Tela Portugal","description":"","potentialAction":[{"@type":"SearchAction","target":{"@type":"EntryPoint","urlTemplate":"https:\/\/portaltela.pt\/?s={search_term_string}"},"query-input":{"@type":"PropertyValueSpecification","valueRequired":true,"valueName":"search_term_string"}}],"inLanguage":"pt-PT"},{"@type":"Person","@id":"https:\/\/portaltela.pt\/#\/schema\/person\/c4278d4a6028830caff9ee44b42d32ed","name":"Telinha","image":{"@type":"ImageObject","inLanguage":"pt-PT","@id":"https:\/\/portaltela.pt\/s.01k8rhncp4jt1\/2025\/11\/talking-bot-125x125.png","url":"https:\/\/portaltela.pt\/s.01k8rhncp4jt1\/2025\/11\/talking-bot-125x125.png","contentUrl":"https:\/\/portaltela.pt\/s.01k8rhncp4jt1\/2025\/11\/talking-bot-125x125.png","caption":"Telinha"},"sameAs":["https:\/\/portaltela.pt\/"],"url":"https:\/\/portaltela.pt\/por\/367410592786\/"}]}},"_links":{"self":[{"href":"https:\/\/portaltela.pt\/api\/wp\/v2\/posts\/222937","targetHints":{"allow":["GET"]}}],"collection":[{"href":"https:\/\/portaltela.pt\/api\/wp\/v2\/posts"}],"about":[{"href":"https:\/\/portaltela.pt\/api\/wp\/v2\/types\/post"}],"author":[{"embeddable":true,"href":"https:\/\/portaltela.pt\/api\/wp\/v2\/users\/2"}],"replies":[{"embeddable":true,"href":"https:\/\/portaltela.pt\/api\/wp\/v2\/comments?post=222937"}],"version-history":[{"count":0,"href":"https:\/\/portaltela.pt\/api\/wp\/v2\/posts\/222937\/revisions"}],"wp:featuredmedia":[{"embeddable":true,"href":"https:\/\/portaltela.pt\/api\/wp\/v2\/media\/222941"}],"wp:attachment":[{"href":"https:\/\/portaltela.pt\/api\/wp\/v2\/media?parent=222937"}],"wp:term":[{"taxonomy":"category","embeddable":true,"href":"https:\/\/portaltela.pt\/api\/wp\/v2\/categories?post=222937"},{"taxonomy":"post_tag","embeddable":true,"href":"https:\/\/portaltela.pt\/api\/wp\/v2\/tags?post=222937"}],"curies":[{"name":"wp","href":"https:\/\/api.w.org\/{rel}","templated":true}]}}