{"id":222923,"date":"2026-02-23T11:31:00","date_gmt":"2026-02-23T14:31:00","guid":{"rendered":"https:\/\/portaltela.pt\/noticias\/2026\/02\/23\/parceiros-sociais-longe-de-acordo-aproximam-se-tecnicamente-na-parentalidade\/"},"modified":"2026-02-23T11:31:00","modified_gmt":"2026-02-23T14:31:00","slug":"parceiros-sociais-longe-de-acordo-aproximam-se-tecnicamente-na-parentalidade","status":"publish","type":"post","link":"https:\/\/portaltela.pt\/noticias\/2026\/02\/23\/parceiros-sociais-longe-de-acordo-aproximam-se-tecnicamente-na-parentalidade\/","title":{"rendered":"Parceiros sociais longe de acordo, aproximam-se tecnicamente na parentalidade"},"content":{"rendered":"<p>O Governo convocou uma reuni\u00e3o da Comiss\u00e3o Permanente de Concerta\u00e7\u00e3o Social (CPCS) para 3 de mar\u00e7o, mantendo as negocia\u00e7\u00f5es em curso at\u00e9 l\u00e1. Enquanto isso, as reuni\u00f5es t\u00e9cnicas entre o Governo, as confedera\u00e7\u00f5es patronais e a UGT continuam a decorrer, com o objetivo de chegar a um entendimento sobre o pacote laboral em negocia\u00e7\u00e3o desde julho do ano passado.<\/p>\n<p>A ministra do Trabalho, Ros\u00e1rio Palma Ramalho, afirmou que ainda n\u00e3o \u00e9 poss\u00edvel adiantar \u00e1reas de consenso e que, no \u00e2mbito t\u00e9cnico, j\u00e1 houve concilia\u00e7\u00e3o em pontos ligados \u00e0 parentalidade, \u00e0 intelig\u00eancia artificial e \u00e0s novas tecnologias. A avalia\u00e7\u00e3o foi feita no final de uma reuni\u00e3o com dirigentes das confedera\u00e7\u00f5es patronais e da UGT, no Minist\u00e9rio do Trabalho, em Lisboa.<\/p>\n<p>O Governo assegura estar a investir fortemente na concerta\u00e7\u00e3o social e que as posi\u00e7\u00f5es est\u00e3o a aproximar-se, ainda que sem acordo no momento. Caso n\u00e3o haja acordo at\u00e9 3 de mar\u00e7o, a proposta poder\u00e1 seguir para o Parlamento com os contributos considerados \u00fateis.<\/p>\n<h3>CGTP n\u00e3o foi convidada para o encontro de hoje nem para as reuni\u00f5es t\u00e9cnicas<\/h3>\n<p>A titular afirmou que, se houver consenso, este ser\u00e1 formalizado na CPCS, onde a CGTP tem assento. Explicou que sess\u00f5es ocorridas fora das sess\u00f5es plen\u00e1rias da CPCS n\u00e3o envolvem a CGTP, dado que esta n\u00e3o se disponibilizou para negociar o pacote. O governo mant\u00e9m a pr\u00e1tica de abrir o processo apenas \u00e0s partes que aceitarem participar.<\/p>\n","protected":false},"excerpt":{"rendered":"<ul>\n<li>O Governo convocou a Comiss\u00e3o Permanente de Concerta\u00e7\u00e3o Social para 3 de mar\u00e7o, mantendo reuni\u00f5es t\u00e9cnicas at\u00e9 l\u00e1.<\/li>\n<li>Confedera\u00e7\u00f5es patronais e UGT reconhecem que est\u00e3o longe de um entendimento sobre o pacote laboral negociado desde julho do ano passado.<\/li>\n<li>As reuni\u00f5es t\u00e9cnicas permitiram chegar a uma concilia\u00e7\u00e3o t\u00e9cnica nas \u00e1reas de parentalidade, intelig\u00eancia artificial e novas tecnologias.<\/li>\n<li>O Governo afirma ter feito um investimento consider\u00e1vel na concerta\u00e7\u00e3o social e que, se n\u00e3o houver acordo, a proposta segue para o Parlamento com os contributos \u00fateis.<\/li>\n<li>A CGTP n\u00e3o foi convidada para a reuni\u00e3o de hoje nem para as t\u00e9cnicas; segundo a governante, o acordo ser\u00e1 formalizado na concerta\u00e7\u00e3o social caso haja acordo.<\/li>\n<\/ul>\n","protected":false},"author":2,"featured_media":222926,"comment_status":"closed","ping_status":"closed","sticky":false,"template":"","format":"standard","meta":{"footnotes":""},"categories":[1],"tags":[2431,51,1140,966,153,2201],"class_list":["post-222923","post","type-post","status-publish","format-standard","has-post-thumbnail","hentry","category-noticias","tag-concertacao-social","tag-inteligencia-artificial","tag-parentalidade","tag-sindicatos","tag-tecnologia","tag-trabalho"],"yoast_head":"<!-- This site is optimized with the Yoast SEO plugin v27.2 - https:\/\/yoast.com\/product\/yoast-seo-wordpress\/ -->\n<title>Parceiros sociais longe de acordo, aproximam-se tecnicamente na parentalidade - Portal Tela Portugal<\/title>\n<meta name=\"robots\" content=\"index, follow, max-snippet:-1, max-image-preview:large, max-video-preview:-1\" \/>\n<meta property=\"og:locale\" content=\"pt_PT\" \/>\n<meta property=\"og:type\" content=\"article\" \/>\n<meta property=\"og:title\" content=\"Parceiros sociais longe de acordo, aproximam-se tecnicamente na parentalidade - Portal Tela Portugal\" \/>\n<meta property=\"og:description\" content=\"O Governo convocou a Comiss\u00e3o Permanente de Concerta\u00e7\u00e3o Social para 3 de mar\u00e7o, mantendo reuni\u00f5es t\u00e9cnicas at\u00e9 l\u00e1. Confedera\u00e7\u00f5es patronais e UGT reconhecem que est\u00e3o longe de um entendimento sobre o pacote laboral negociado desde julho do ano passado. As reuni\u00f5es t\u00e9cnicas permitiram chegar a uma concilia\u00e7\u00e3o t\u00e9cnica nas \u00e1reas de parentalidade, intelig\u00eancia artificial e novas tecnologias. O Governo afirma ter feito um investimento consider\u00e1vel na concerta\u00e7\u00e3o social e que, se n\u00e3o houver acordo, a proposta segue para o Parlamento com os contributos \u00fateis. A CGTP n\u00e3o foi convidada para a reuni\u00e3o de hoje nem para as t\u00e9cnicas; segundo a governante, o acordo ser\u00e1 formalizado na concerta\u00e7\u00e3o social caso haja acordo.\" \/>\n<meta property=\"og:url\" content=\"https:\/\/portaltela.pt\/noticias\/2026\/02\/23\/parceiros-sociais-longe-de-acordo-aproximam-se-tecnicamente-na-parentalidade\/\" \/>\n<meta property=\"og:site_name\" content=\"Portal Tela Portugal\" \/>\n<meta property=\"article:published_time\" content=\"2026-02-23T14:31:00+00:00\" \/>\n<meta name=\"author\" content=\"Telinha\" \/>\n<meta name=\"twitter:card\" content=\"summary_large_image\" \/>\n<meta name=\"twitter:label1\" content=\"Escrito por\" \/>\n\t<meta name=\"twitter:data1\" content=\"Telinha\" \/>\n\t<meta name=\"twitter:label2\" content=\"Tempo estimado de leitura\" \/>\n\t<meta name=\"twitter:data2\" content=\"1 minuto\" \/>\n<script type=\"application\/ld+json\" class=\"yoast-schema-graph\">{\"@context\":\"https:\/\/schema.org\",\"@graph\":[{\"@type\":\"Article\",\"@id\":\"https:\/\/portaltela.pt\/noticias\/2026\/02\/23\/parceiros-sociais-longe-de-acordo-aproximam-se-tecnicamente-na-parentalidade\/#article\",\"isPartOf\":{\"@id\":\"https:\/\/portaltela.pt\/noticias\/2026\/02\/23\/parceiros-sociais-longe-de-acordo-aproximam-se-tecnicamente-na-parentalidade\/\"},\"author\":{\"name\":\"Telinha\",\"@id\":\"https:\/\/portaltela.pt\/#\/schema\/person\/c4278d4a6028830caff9ee44b42d32ed\"},\"headline\":\"Parceiros sociais longe de acordo, aproximam-se tecnicamente na parentalidade\",\"datePublished\":\"2026-02-23T14:31:00+00:00\",\"mainEntityOfPage\":{\"@id\":\"https:\/\/portaltela.pt\/noticias\/2026\/02\/23\/parceiros-sociais-longe-de-acordo-aproximam-se-tecnicamente-na-parentalidade\/\"},\"wordCount\":270,\"image\":{\"@id\":\"https:\/\/portaltela.pt\/noticias\/2026\/02\/23\/parceiros-sociais-longe-de-acordo-aproximam-se-tecnicamente-na-parentalidade\/#primaryimage\"},\"thumbnailUrl\":\"https:\/\/portaltela.pt\/s.01k8rhncp4jt1\/2026\/02\/2069146.jpg\",\"keywords\":[\"Concerta\u00e7\u00e3o Social\",\"intelig\u00eancia artificial\",\"parentalidade\",\"sindicatos\",\"tecnologia\",\"trabalho\"],\"articleSection\":[\"Not\u00edcias\"],\"inLanguage\":\"pt-PT\"},{\"@type\":\"WebPage\",\"@id\":\"https:\/\/portaltela.pt\/noticias\/2026\/02\/23\/parceiros-sociais-longe-de-acordo-aproximam-se-tecnicamente-na-parentalidade\/\",\"url\":\"https:\/\/portaltela.pt\/noticias\/2026\/02\/23\/parceiros-sociais-longe-de-acordo-aproximam-se-tecnicamente-na-parentalidade\/\",\"name\":\"Parceiros sociais longe de acordo, aproximam-se tecnicamente na parentalidade - Portal Tela Portugal\",\"isPartOf\":{\"@id\":\"https:\/\/portaltela.pt\/#website\"},\"primaryImageOfPage\":{\"@id\":\"https:\/\/portaltela.pt\/noticias\/2026\/02\/23\/parceiros-sociais-longe-de-acordo-aproximam-se-tecnicamente-na-parentalidade\/#primaryimage\"},\"image\":{\"@id\":\"https:\/\/portaltela.pt\/noticias\/2026\/02\/23\/parceiros-sociais-longe-de-acordo-aproximam-se-tecnicamente-na-parentalidade\/#primaryimage\"},\"thumbnailUrl\":\"https:\/\/portaltela.pt\/s.01k8rhncp4jt1\/2026\/02\/2069146.jpg\",\"datePublished\":\"2026-02-23T14:31:00+00:00\",\"author\":{\"@id\":\"https:\/\/portaltela.pt\/#\/schema\/person\/c4278d4a6028830caff9ee44b42d32ed\"},\"breadcrumb\":{\"@id\":\"https:\/\/portaltela.pt\/noticias\/2026\/02\/23\/parceiros-sociais-longe-de-acordo-aproximam-se-tecnicamente-na-parentalidade\/#breadcrumb\"},\"inLanguage\":\"pt-PT\",\"potentialAction\":[{\"@type\":\"ReadAction\",\"target\":[\"https:\/\/portaltela.pt\/noticias\/2026\/02\/23\/parceiros-sociais-longe-de-acordo-aproximam-se-tecnicamente-na-parentalidade\/\"]}]},{\"@type\":\"ImageObject\",\"inLanguage\":\"pt-PT\",\"@id\":\"https:\/\/portaltela.pt\/noticias\/2026\/02\/23\/parceiros-sociais-longe-de-acordo-aproximam-se-tecnicamente-na-parentalidade\/#primaryimage\",\"url\":\"https:\/\/portaltela.pt\/s.01k8rhncp4jt1\/2026\/02\/2069146.jpg\",\"contentUrl\":\"https:\/\/portaltela.pt\/s.01k8rhncp4jt1\/2026\/02\/2069146.jpg\",\"width\":796,\"height\":448,\"caption\":\"A ministra do Trabalho, Solidariedade e Seguran\u00e7a Social, Maria do Ros\u00e1rio Palma Ramalho reuniu-se com a UGT e com as confedera\u00e7\u00f5es patronais para discutir as altera\u00e7\u00f5es \u00e0 lei do trabalho\"},{\"@type\":\"BreadcrumbList\",\"@id\":\"https:\/\/portaltela.pt\/noticias\/2026\/02\/23\/parceiros-sociais-longe-de-acordo-aproximam-se-tecnicamente-na-parentalidade\/#breadcrumb\",\"itemListElement\":[{\"@type\":\"ListItem\",\"position\":1,\"name\":\"In\u00edcio\",\"item\":\"https:\/\/portaltela.pt\/\"},{\"@type\":\"ListItem\",\"position\":2,\"name\":\"Parceiros sociais longe de acordo, aproximam-se tecnicamente na parentalidade\"}]},{\"@type\":\"WebSite\",\"@id\":\"https:\/\/portaltela.pt\/#website\",\"url\":\"https:\/\/portaltela.pt\/\",\"name\":\"Portal Tela Portugal\",\"description\":\"\",\"potentialAction\":[{\"@type\":\"SearchAction\",\"target\":{\"@type\":\"EntryPoint\",\"urlTemplate\":\"https:\/\/portaltela.pt\/?s={search_term_string}\"},\"query-input\":{\"@type\":\"PropertyValueSpecification\",\"valueRequired\":true,\"valueName\":\"search_term_string\"}}],\"inLanguage\":\"pt-PT\"},{\"@type\":\"Person\",\"@id\":\"https:\/\/portaltela.pt\/#\/schema\/person\/c4278d4a6028830caff9ee44b42d32ed\",\"name\":\"Telinha\",\"image\":{\"@type\":\"ImageObject\",\"inLanguage\":\"pt-PT\",\"@id\":\"https:\/\/portaltela.pt\/s.01k8rhncp4jt1\/2025\/11\/talking-bot-125x125.png\",\"url\":\"https:\/\/portaltela.pt\/s.01k8rhncp4jt1\/2025\/11\/talking-bot-125x125.png\",\"contentUrl\":\"https:\/\/portaltela.pt\/s.01k8rhncp4jt1\/2025\/11\/talking-bot-125x125.png\",\"caption\":\"Telinha\"},\"sameAs\":[\"https:\/\/portaltela.pt\/\"],\"url\":\"https:\/\/portaltela.pt\/por\/367410592786\/\"}]}<\/script>\n<!-- \/ Yoast SEO plugin. -->","yoast_head_json":{"title":"Parceiros sociais longe de acordo, aproximam-se tecnicamente na parentalidade - Portal Tela Portugal","robots":{"index":"index","follow":"follow","max-snippet":"max-snippet:-1","max-image-preview":"max-image-preview:large","max-video-preview":"max-video-preview:-1"},"og_locale":"pt_PT","og_type":"article","og_title":"Parceiros sociais longe de acordo, aproximam-se tecnicamente na parentalidade - Portal Tela Portugal","og_description":"O Governo convocou a Comiss\u00e3o Permanente de Concerta\u00e7\u00e3o Social para 3 de mar\u00e7o, mantendo reuni\u00f5es t\u00e9cnicas at\u00e9 l\u00e1. Confedera\u00e7\u00f5es patronais e UGT reconhecem que est\u00e3o longe de um entendimento sobre o pacote laboral negociado desde julho do ano passado. As reuni\u00f5es t\u00e9cnicas permitiram chegar a uma concilia\u00e7\u00e3o t\u00e9cnica nas \u00e1reas de parentalidade, intelig\u00eancia artificial e novas tecnologias. O Governo afirma ter feito um investimento consider\u00e1vel na concerta\u00e7\u00e3o social e que, se n\u00e3o houver acordo, a proposta segue para o Parlamento com os contributos \u00fateis. A CGTP n\u00e3o foi convidada para a reuni\u00e3o de hoje nem para as t\u00e9cnicas; segundo a governante, o acordo ser\u00e1 formalizado na concerta\u00e7\u00e3o social caso haja acordo.","og_url":"https:\/\/portaltela.pt\/noticias\/2026\/02\/23\/parceiros-sociais-longe-de-acordo-aproximam-se-tecnicamente-na-parentalidade\/","og_site_name":"Portal Tela Portugal","article_published_time":"2026-02-23T14:31:00+00:00","author":"Telinha","twitter_card":"summary_large_image","twitter_misc":{"Escrito por":"Telinha","Tempo estimado de leitura":"1 minuto"},"schema":{"@context":"https:\/\/schema.org","@graph":[{"@type":"Article","@id":"https:\/\/portaltela.pt\/noticias\/2026\/02\/23\/parceiros-sociais-longe-de-acordo-aproximam-se-tecnicamente-na-parentalidade\/#article","isPartOf":{"@id":"https:\/\/portaltela.pt\/noticias\/2026\/02\/23\/parceiros-sociais-longe-de-acordo-aproximam-se-tecnicamente-na-parentalidade\/"},"author":{"name":"Telinha","@id":"https:\/\/portaltela.pt\/#\/schema\/person\/c4278d4a6028830caff9ee44b42d32ed"},"headline":"Parceiros sociais longe de acordo, aproximam-se tecnicamente na parentalidade","datePublished":"2026-02-23T14:31:00+00:00","mainEntityOfPage":{"@id":"https:\/\/portaltela.pt\/noticias\/2026\/02\/23\/parceiros-sociais-longe-de-acordo-aproximam-se-tecnicamente-na-parentalidade\/"},"wordCount":270,"image":{"@id":"https:\/\/portaltela.pt\/noticias\/2026\/02\/23\/parceiros-sociais-longe-de-acordo-aproximam-se-tecnicamente-na-parentalidade\/#primaryimage"},"thumbnailUrl":"https:\/\/portaltela.pt\/s.01k8rhncp4jt1\/2026\/02\/2069146.jpg","keywords":["Concerta\u00e7\u00e3o Social","intelig\u00eancia artificial","parentalidade","sindicatos","tecnologia","trabalho"],"articleSection":["Not\u00edcias"],"inLanguage":"pt-PT"},{"@type":"WebPage","@id":"https:\/\/portaltela.pt\/noticias\/2026\/02\/23\/parceiros-sociais-longe-de-acordo-aproximam-se-tecnicamente-na-parentalidade\/","url":"https:\/\/portaltela.pt\/noticias\/2026\/02\/23\/parceiros-sociais-longe-de-acordo-aproximam-se-tecnicamente-na-parentalidade\/","name":"Parceiros sociais longe de acordo, aproximam-se tecnicamente na parentalidade - Portal Tela Portugal","isPartOf":{"@id":"https:\/\/portaltela.pt\/#website"},"primaryImageOfPage":{"@id":"https:\/\/portaltela.pt\/noticias\/2026\/02\/23\/parceiros-sociais-longe-de-acordo-aproximam-se-tecnicamente-na-parentalidade\/#primaryimage"},"image":{"@id":"https:\/\/portaltela.pt\/noticias\/2026\/02\/23\/parceiros-sociais-longe-de-acordo-aproximam-se-tecnicamente-na-parentalidade\/#primaryimage"},"thumbnailUrl":"https:\/\/portaltela.pt\/s.01k8rhncp4jt1\/2026\/02\/2069146.jpg","datePublished":"2026-02-23T14:31:00+00:00","author":{"@id":"https:\/\/portaltela.pt\/#\/schema\/person\/c4278d4a6028830caff9ee44b42d32ed"},"breadcrumb":{"@id":"https:\/\/portaltela.pt\/noticias\/2026\/02\/23\/parceiros-sociais-longe-de-acordo-aproximam-se-tecnicamente-na-parentalidade\/#breadcrumb"},"inLanguage":"pt-PT","potentialAction":[{"@type":"ReadAction","target":["https:\/\/portaltela.pt\/noticias\/2026\/02\/23\/parceiros-sociais-longe-de-acordo-aproximam-se-tecnicamente-na-parentalidade\/"]}]},{"@type":"ImageObject","inLanguage":"pt-PT","@id":"https:\/\/portaltela.pt\/noticias\/2026\/02\/23\/parceiros-sociais-longe-de-acordo-aproximam-se-tecnicamente-na-parentalidade\/#primaryimage","url":"https:\/\/portaltela.pt\/s.01k8rhncp4jt1\/2026\/02\/2069146.jpg","contentUrl":"https:\/\/portaltela.pt\/s.01k8rhncp4jt1\/2026\/02\/2069146.jpg","width":796,"height":448,"caption":"A ministra do Trabalho, Solidariedade e Seguran\u00e7a Social, Maria do Ros\u00e1rio Palma Ramalho reuniu-se com a UGT e com as confedera\u00e7\u00f5es patronais para discutir as altera\u00e7\u00f5es \u00e0 lei do trabalho"},{"@type":"BreadcrumbList","@id":"https:\/\/portaltela.pt\/noticias\/2026\/02\/23\/parceiros-sociais-longe-de-acordo-aproximam-se-tecnicamente-na-parentalidade\/#breadcrumb","itemListElement":[{"@type":"ListItem","position":1,"name":"In\u00edcio","item":"https:\/\/portaltela.pt\/"},{"@type":"ListItem","position":2,"name":"Parceiros sociais longe de acordo, aproximam-se tecnicamente na parentalidade"}]},{"@type":"WebSite","@id":"https:\/\/portaltela.pt\/#website","url":"https:\/\/portaltela.pt\/","name":"Portal Tela Portugal","description":"","potentialAction":[{"@type":"SearchAction","target":{"@type":"EntryPoint","urlTemplate":"https:\/\/portaltela.pt\/?s={search_term_string}"},"query-input":{"@type":"PropertyValueSpecification","valueRequired":true,"valueName":"search_term_string"}}],"inLanguage":"pt-PT"},{"@type":"Person","@id":"https:\/\/portaltela.pt\/#\/schema\/person\/c4278d4a6028830caff9ee44b42d32ed","name":"Telinha","image":{"@type":"ImageObject","inLanguage":"pt-PT","@id":"https:\/\/portaltela.pt\/s.01k8rhncp4jt1\/2025\/11\/talking-bot-125x125.png","url":"https:\/\/portaltela.pt\/s.01k8rhncp4jt1\/2025\/11\/talking-bot-125x125.png","contentUrl":"https:\/\/portaltela.pt\/s.01k8rhncp4jt1\/2025\/11\/talking-bot-125x125.png","caption":"Telinha"},"sameAs":["https:\/\/portaltela.pt\/"],"url":"https:\/\/portaltela.pt\/por\/367410592786\/"}]}},"_links":{"self":[{"href":"https:\/\/portaltela.pt\/api\/wp\/v2\/posts\/222923","targetHints":{"allow":["GET"]}}],"collection":[{"href":"https:\/\/portaltela.pt\/api\/wp\/v2\/posts"}],"about":[{"href":"https:\/\/portaltela.pt\/api\/wp\/v2\/types\/post"}],"author":[{"embeddable":true,"href":"https:\/\/portaltela.pt\/api\/wp\/v2\/users\/2"}],"replies":[{"embeddable":true,"href":"https:\/\/portaltela.pt\/api\/wp\/v2\/comments?post=222923"}],"version-history":[{"count":0,"href":"https:\/\/portaltela.pt\/api\/wp\/v2\/posts\/222923\/revisions"}],"wp:featuredmedia":[{"embeddable":true,"href":"https:\/\/portaltela.pt\/api\/wp\/v2\/media\/222926"}],"wp:attachment":[{"href":"https:\/\/portaltela.pt\/api\/wp\/v2\/media?parent=222923"}],"wp:term":[{"taxonomy":"category","embeddable":true,"href":"https:\/\/portaltela.pt\/api\/wp\/v2\/categories?post=222923"},{"taxonomy":"post_tag","embeddable":true,"href":"https:\/\/portaltela.pt\/api\/wp\/v2\/tags?post=222923"}],"curies":[{"name":"wp","href":"https:\/\/api.w.org\/{rel}","templated":true}]}}