{"id":222910,"date":"2026-02-23T11:06:00","date_gmt":"2026-02-23T14:06:00","guid":{"rendered":"https:\/\/portaltela.pt\/noticias\/2026\/02\/23\/costa-vicentina-lisboa-e-camara-de-lobos-entre-os-melhores-destinos-europeus\/"},"modified":"2026-02-23T11:06:00","modified_gmt":"2026-02-23T14:06:00","slug":"costa-vicentina-lisboa-e-camara-de-lobos-entre-os-melhores-destinos-europeus","status":"publish","type":"post","link":"https:\/\/portaltela.pt\/noticias\/2026\/02\/23\/costa-vicentina-lisboa-e-camara-de-lobos-entre-os-melhores-destinos-europeus\/","title":{"rendered":"Costa Vicentina, Lisboa e C\u00e2mara de Lobos entre os melhores destinos europeus"},"content":{"rendered":"<p>Madrid lidera o top 20 European Best Destinations deste ano, segundo a organiza\u00e7\u00e3o com sede em Bruxelas. A lista inclui o encanto da Madeira, o segredo do Algarve e Lisboa, como destinos a descobrir sem pressas. Votaram 1,33 milh\u00f5es de pessoas de 154 pa\u00edses.<\/p>\n<p>A lista: primeiro, Madrid; depois Nic\u00f3sia, no Chipre; Baixa Est\u00edria, na Eslov\u00e9nia; Verona, em It\u00e1lia; Paris, em Fran\u00e7a. O top 5 mostra a diversidade do turismo europeu em 2026.<\/p>\n<h3>Madrid em evid\u00eancia<\/h3>\n<p>Para a European Best Destinations, Madrid oferece uma combina\u00e7\u00e3o de cultura, estilo de vida e gastronomia. A cidade destaca-se pelo sol, vida ao ar livre e pontos como Paseo del Prado e o Retiro, patrim\u00f3nio UNESCO.<\/p>\n<p>A oferta gastron\u00f3mica madrilenha mistura inova\u00e7\u00e3o com tradi\u00e7\u00e3o. Bairros como Carabanchel aparecem como espa\u00e7os criativos, refor\u00e7ando o dinamismo da cidade no ranking.<\/p>\n<h3>Nic\u00f3sia, uma cidade entre passado e presente<\/h3>\n<p>Nic\u00f3sia, no Chipre, \u00e9 distinguida como Melhor Destino Cultural Europeu. A cidade mistura muralhas hist\u00f3ricas, ateli\u00eas de arte e museus contempor\u00e2neos, num centro urbano que se reinventa.<\/p>\n<h3>A regi\u00e3o de Baixa Est\u00edria, na Eslov\u00e9nia<\/h3>\n<p>Na terceira posi\u00e7\u00e3o fica Baixa Est\u00edria, reconhecida pela tradi\u00e7\u00e3o vin\u00edcola e pela gastronomia. A regi\u00e3o oferece trilhos para caminhadas e passeios de caiaque nos rios locais.<\/p>\n<h3>Verona e Paris no conjunto<\/h3>\n<p>Verona, quarta, combina hist\u00f3ria romana, arquitetura renascentista e \u00f3pera de classe mundial. Paris fecha o top 5, descrita como mais leve e criativa, com hot\u00e9is boutique e bairros renovados.<\/p>\n<h3>Olhar atento a Portugal<\/h3>\n<p>C\u00e2mara de Lobos, na Madeira, \u00e9 a primeira representante portuguesa, descrita pelo encanto das vistas ao mar e ruelas acolhedoras. Lisboa fica em nono lugar, destacada pela luz, hist\u00f3ria e criatividade moderna.<\/p>\n<p>Costa Vicentina ocupa o 12\u00ba posto, apontada como um segredo bem guardado de Portugal. A regi\u00e3o \u00e9 descrita pela natureza preservada, fal\u00e9sias e praias amplas.<\/p>\n","protected":false},"excerpt":{"rendered":"<ul>\n<li>Madrid lidera o top 20 European Best Destinations este ano, com o ranking a incluir Nic\u00f3sia (Chipre), Baixa Est\u00edria (Eslov\u00e9nia), Verona (It\u00e1lia) e Paris no top cinco.<\/li>\n<li>O primeiro destino portugu\u00eas \u00e9 C\u00e2mara de Lobos, na Madeira, na sexta posi\u00e7\u00e3o; Lisboa fica em nono lugar e a Costa Vicentina em doze.<\/li>\n<li>Foram usados 1,33 milh\u00f5es de votos de 154 pa\u00edses, com os votantes a escolher entre vinte destinos.<\/li>\n<li>It\u00e1lia \u00e9 o pa\u00eds com mais destinos no ranking (sete), seguido por Portugal e Espanha, ambos com tr\u00eas.<\/li>\n<li>O relat\u00f3rio ressalta Madrid pela combina\u00e7\u00e3o de cultura, estilo de vida, gastronomia e qualidade de vida, e destaca Lisboa e a Costa Vicentina como representantes nacionais.<\/li>\n<\/ul>\n","protected":false},"author":2,"featured_media":222914,"comment_status":"closed","ping_status":"closed","sticky":false,"template":"","format":"standard","meta":{"footnotes":""},"categories":[1],"tags":[6284,2487,981,859,1014,169],"class_list":["post-222910","post","type-post","status-publish","format-standard","has-post-thumbnail","hentry","category-noticias","tag-costa-vicentina","tag-europa","tag-lisboa","tag-madeira","tag-portugal","tag-turismo"],"yoast_head":"<!-- This site is optimized with the Yoast SEO plugin v27.2 - https:\/\/yoast.com\/product\/yoast-seo-wordpress\/ -->\n<title>Costa Vicentina, Lisboa e C\u00e2mara de Lobos entre os melhores destinos europeus - Portal Tela Portugal<\/title>\n<meta name=\"robots\" content=\"index, follow, max-snippet:-1, max-image-preview:large, max-video-preview:-1\" \/>\n<meta property=\"og:locale\" content=\"pt_PT\" \/>\n<meta property=\"og:type\" content=\"article\" \/>\n<meta property=\"og:title\" content=\"Costa Vicentina, Lisboa e C\u00e2mara de Lobos entre os melhores destinos europeus - Portal Tela Portugal\" \/>\n<meta property=\"og:description\" content=\"Madrid lidera o top 20 European Best Destinations este ano, com o ranking a incluir Nic\u00f3sia (Chipre), Baixa Est\u00edria (Eslov\u00e9nia), Verona (It\u00e1lia) e Paris no top cinco. O primeiro destino portugu\u00eas \u00e9 C\u00e2mara de Lobos, na Madeira, na sexta posi\u00e7\u00e3o; Lisboa fica em nono lugar e a Costa Vicentina em doze. Foram usados 1,33 milh\u00f5es de votos de 154 pa\u00edses, com os votantes a escolher entre vinte destinos. It\u00e1lia \u00e9 o pa\u00eds com mais destinos no ranking (sete), seguido por Portugal e Espanha, ambos com tr\u00eas. O relat\u00f3rio ressalta Madrid pela combina\u00e7\u00e3o de cultura, estilo de vida, gastronomia e qualidade de vida, e destaca Lisboa e a Costa Vicentina como representantes nacionais.\" \/>\n<meta property=\"og:url\" content=\"https:\/\/portaltela.pt\/noticias\/2026\/02\/23\/costa-vicentina-lisboa-e-camara-de-lobos-entre-os-melhores-destinos-europeus\/\" \/>\n<meta property=\"og:site_name\" content=\"Portal Tela Portugal\" \/>\n<meta property=\"article:published_time\" content=\"2026-02-23T14:06:00+00:00\" \/>\n<meta name=\"author\" content=\"Telinha\" \/>\n<meta name=\"twitter:card\" content=\"summary_large_image\" \/>\n<meta name=\"twitter:label1\" content=\"Escrito por\" \/>\n\t<meta name=\"twitter:data1\" content=\"Telinha\" \/>\n\t<meta name=\"twitter:label2\" content=\"Tempo estimado de leitura\" \/>\n\t<meta name=\"twitter:data2\" content=\"2 minutos\" \/>\n<script type=\"application\/ld+json\" class=\"yoast-schema-graph\">{\"@context\":\"https:\/\/schema.org\",\"@graph\":[{\"@type\":\"Article\",\"@id\":\"https:\/\/portaltela.pt\/noticias\/2026\/02\/23\/costa-vicentina-lisboa-e-camara-de-lobos-entre-os-melhores-destinos-europeus\/#article\",\"isPartOf\":{\"@id\":\"https:\/\/portaltela.pt\/noticias\/2026\/02\/23\/costa-vicentina-lisboa-e-camara-de-lobos-entre-os-melhores-destinos-europeus\/\"},\"author\":{\"name\":\"Telinha\",\"@id\":\"https:\/\/portaltela.pt\/#\/schema\/person\/c4278d4a6028830caff9ee44b42d32ed\"},\"headline\":\"Costa Vicentina, Lisboa e C\u00e2mara de Lobos entre os melhores destinos europeus\",\"datePublished\":\"2026-02-23T14:06:00+00:00\",\"mainEntityOfPage\":{\"@id\":\"https:\/\/portaltela.pt\/noticias\/2026\/02\/23\/costa-vicentina-lisboa-e-camara-de-lobos-entre-os-melhores-destinos-europeus\/\"},\"wordCount\":334,\"image\":{\"@id\":\"https:\/\/portaltela.pt\/noticias\/2026\/02\/23\/costa-vicentina-lisboa-e-camara-de-lobos-entre-os-melhores-destinos-europeus\/#primaryimage\"},\"thumbnailUrl\":\"https:\/\/portaltela.pt\/s.01k8rhncp4jt1\/2026\/02\/tpUHdbIMAGENStypeJPGshare1oBarraFacebook_Fugas-3.jpg\",\"keywords\":[\"Costa Vicentina\",\"Europa\",\"Lisboa\",\"Madeira\",\"Portugal\",\"turismo\"],\"articleSection\":[\"Not\u00edcias\"],\"inLanguage\":\"pt-PT\"},{\"@type\":\"WebPage\",\"@id\":\"https:\/\/portaltela.pt\/noticias\/2026\/02\/23\/costa-vicentina-lisboa-e-camara-de-lobos-entre-os-melhores-destinos-europeus\/\",\"url\":\"https:\/\/portaltela.pt\/noticias\/2026\/02\/23\/costa-vicentina-lisboa-e-camara-de-lobos-entre-os-melhores-destinos-europeus\/\",\"name\":\"Costa Vicentina, Lisboa e C\u00e2mara de Lobos entre os melhores destinos europeus - Portal Tela Portugal\",\"isPartOf\":{\"@id\":\"https:\/\/portaltela.pt\/#website\"},\"primaryImageOfPage\":{\"@id\":\"https:\/\/portaltela.pt\/noticias\/2026\/02\/23\/costa-vicentina-lisboa-e-camara-de-lobos-entre-os-melhores-destinos-europeus\/#primaryimage\"},\"image\":{\"@id\":\"https:\/\/portaltela.pt\/noticias\/2026\/02\/23\/costa-vicentina-lisboa-e-camara-de-lobos-entre-os-melhores-destinos-europeus\/#primaryimage\"},\"thumbnailUrl\":\"https:\/\/portaltela.pt\/s.01k8rhncp4jt1\/2026\/02\/tpUHdbIMAGENStypeJPGshare1oBarraFacebook_Fugas-3.jpg\",\"datePublished\":\"2026-02-23T14:06:00+00:00\",\"author\":{\"@id\":\"https:\/\/portaltela.pt\/#\/schema\/person\/c4278d4a6028830caff9ee44b42d32ed\"},\"breadcrumb\":{\"@id\":\"https:\/\/portaltela.pt\/noticias\/2026\/02\/23\/costa-vicentina-lisboa-e-camara-de-lobos-entre-os-melhores-destinos-europeus\/#breadcrumb\"},\"inLanguage\":\"pt-PT\",\"potentialAction\":[{\"@type\":\"ReadAction\",\"target\":[\"https:\/\/portaltela.pt\/noticias\/2026\/02\/23\/costa-vicentina-lisboa-e-camara-de-lobos-entre-os-melhores-destinos-europeus\/\"]}]},{\"@type\":\"ImageObject\",\"inLanguage\":\"pt-PT\",\"@id\":\"https:\/\/portaltela.pt\/noticias\/2026\/02\/23\/costa-vicentina-lisboa-e-camara-de-lobos-entre-os-melhores-destinos-europeus\/#primaryimage\",\"url\":\"https:\/\/portaltela.pt\/s.01k8rhncp4jt1\/2026\/02\/tpUHdbIMAGENStypeJPGshare1oBarraFacebook_Fugas-3.jpg\",\"contentUrl\":\"https:\/\/portaltela.pt\/s.01k8rhncp4jt1\/2026\/02\/tpUHdbIMAGENStypeJPGshare1oBarraFacebook_Fugas-3.jpg\",\"width\":1200,\"height\":630,\"caption\":\"A Plaza Mayor, em Madrid\"},{\"@type\":\"BreadcrumbList\",\"@id\":\"https:\/\/portaltela.pt\/noticias\/2026\/02\/23\/costa-vicentina-lisboa-e-camara-de-lobos-entre-os-melhores-destinos-europeus\/#breadcrumb\",\"itemListElement\":[{\"@type\":\"ListItem\",\"position\":1,\"name\":\"In\u00edcio\",\"item\":\"https:\/\/portaltela.pt\/\"},{\"@type\":\"ListItem\",\"position\":2,\"name\":\"Costa Vicentina, Lisboa e C\u00e2mara de Lobos entre os melhores destinos europeus\"}]},{\"@type\":\"WebSite\",\"@id\":\"https:\/\/portaltela.pt\/#website\",\"url\":\"https:\/\/portaltela.pt\/\",\"name\":\"Portal Tela Portugal\",\"description\":\"\",\"potentialAction\":[{\"@type\":\"SearchAction\",\"target\":{\"@type\":\"EntryPoint\",\"urlTemplate\":\"https:\/\/portaltela.pt\/?s={search_term_string}\"},\"query-input\":{\"@type\":\"PropertyValueSpecification\",\"valueRequired\":true,\"valueName\":\"search_term_string\"}}],\"inLanguage\":\"pt-PT\"},{\"@type\":\"Person\",\"@id\":\"https:\/\/portaltela.pt\/#\/schema\/person\/c4278d4a6028830caff9ee44b42d32ed\",\"name\":\"Telinha\",\"image\":{\"@type\":\"ImageObject\",\"inLanguage\":\"pt-PT\",\"@id\":\"https:\/\/portaltela.pt\/s.01k8rhncp4jt1\/2025\/11\/talking-bot-125x125.png\",\"url\":\"https:\/\/portaltela.pt\/s.01k8rhncp4jt1\/2025\/11\/talking-bot-125x125.png\",\"contentUrl\":\"https:\/\/portaltela.pt\/s.01k8rhncp4jt1\/2025\/11\/talking-bot-125x125.png\",\"caption\":\"Telinha\"},\"sameAs\":[\"https:\/\/portaltela.pt\/\"],\"url\":\"https:\/\/portaltela.pt\/por\/367410592786\/\"}]}<\/script>\n<!-- \/ Yoast SEO plugin. -->","yoast_head_json":{"title":"Costa Vicentina, Lisboa e C\u00e2mara de Lobos entre os melhores destinos europeus - Portal Tela Portugal","robots":{"index":"index","follow":"follow","max-snippet":"max-snippet:-1","max-image-preview":"max-image-preview:large","max-video-preview":"max-video-preview:-1"},"og_locale":"pt_PT","og_type":"article","og_title":"Costa Vicentina, Lisboa e C\u00e2mara de Lobos entre os melhores destinos europeus - Portal Tela Portugal","og_description":"Madrid lidera o top 20 European Best Destinations este ano, com o ranking a incluir Nic\u00f3sia (Chipre), Baixa Est\u00edria (Eslov\u00e9nia), Verona (It\u00e1lia) e Paris no top cinco. O primeiro destino portugu\u00eas \u00e9 C\u00e2mara de Lobos, na Madeira, na sexta posi\u00e7\u00e3o; Lisboa fica em nono lugar e a Costa Vicentina em doze. Foram usados 1,33 milh\u00f5es de votos de 154 pa\u00edses, com os votantes a escolher entre vinte destinos. It\u00e1lia \u00e9 o pa\u00eds com mais destinos no ranking (sete), seguido por Portugal e Espanha, ambos com tr\u00eas. O relat\u00f3rio ressalta Madrid pela combina\u00e7\u00e3o de cultura, estilo de vida, gastronomia e qualidade de vida, e destaca Lisboa e a Costa Vicentina como representantes nacionais.","og_url":"https:\/\/portaltela.pt\/noticias\/2026\/02\/23\/costa-vicentina-lisboa-e-camara-de-lobos-entre-os-melhores-destinos-europeus\/","og_site_name":"Portal Tela Portugal","article_published_time":"2026-02-23T14:06:00+00:00","author":"Telinha","twitter_card":"summary_large_image","twitter_misc":{"Escrito por":"Telinha","Tempo estimado de leitura":"2 minutos"},"schema":{"@context":"https:\/\/schema.org","@graph":[{"@type":"Article","@id":"https:\/\/portaltela.pt\/noticias\/2026\/02\/23\/costa-vicentina-lisboa-e-camara-de-lobos-entre-os-melhores-destinos-europeus\/#article","isPartOf":{"@id":"https:\/\/portaltela.pt\/noticias\/2026\/02\/23\/costa-vicentina-lisboa-e-camara-de-lobos-entre-os-melhores-destinos-europeus\/"},"author":{"name":"Telinha","@id":"https:\/\/portaltela.pt\/#\/schema\/person\/c4278d4a6028830caff9ee44b42d32ed"},"headline":"Costa Vicentina, Lisboa e C\u00e2mara de Lobos entre os melhores destinos europeus","datePublished":"2026-02-23T14:06:00+00:00","mainEntityOfPage":{"@id":"https:\/\/portaltela.pt\/noticias\/2026\/02\/23\/costa-vicentina-lisboa-e-camara-de-lobos-entre-os-melhores-destinos-europeus\/"},"wordCount":334,"image":{"@id":"https:\/\/portaltela.pt\/noticias\/2026\/02\/23\/costa-vicentina-lisboa-e-camara-de-lobos-entre-os-melhores-destinos-europeus\/#primaryimage"},"thumbnailUrl":"https:\/\/portaltela.pt\/s.01k8rhncp4jt1\/2026\/02\/tpUHdbIMAGENStypeJPGshare1oBarraFacebook_Fugas-3.jpg","keywords":["Costa Vicentina","Europa","Lisboa","Madeira","Portugal","turismo"],"articleSection":["Not\u00edcias"],"inLanguage":"pt-PT"},{"@type":"WebPage","@id":"https:\/\/portaltela.pt\/noticias\/2026\/02\/23\/costa-vicentina-lisboa-e-camara-de-lobos-entre-os-melhores-destinos-europeus\/","url":"https:\/\/portaltela.pt\/noticias\/2026\/02\/23\/costa-vicentina-lisboa-e-camara-de-lobos-entre-os-melhores-destinos-europeus\/","name":"Costa Vicentina, Lisboa e C\u00e2mara de Lobos entre os melhores destinos europeus - Portal Tela Portugal","isPartOf":{"@id":"https:\/\/portaltela.pt\/#website"},"primaryImageOfPage":{"@id":"https:\/\/portaltela.pt\/noticias\/2026\/02\/23\/costa-vicentina-lisboa-e-camara-de-lobos-entre-os-melhores-destinos-europeus\/#primaryimage"},"image":{"@id":"https:\/\/portaltela.pt\/noticias\/2026\/02\/23\/costa-vicentina-lisboa-e-camara-de-lobos-entre-os-melhores-destinos-europeus\/#primaryimage"},"thumbnailUrl":"https:\/\/portaltela.pt\/s.01k8rhncp4jt1\/2026\/02\/tpUHdbIMAGENStypeJPGshare1oBarraFacebook_Fugas-3.jpg","datePublished":"2026-02-23T14:06:00+00:00","author":{"@id":"https:\/\/portaltela.pt\/#\/schema\/person\/c4278d4a6028830caff9ee44b42d32ed"},"breadcrumb":{"@id":"https:\/\/portaltela.pt\/noticias\/2026\/02\/23\/costa-vicentina-lisboa-e-camara-de-lobos-entre-os-melhores-destinos-europeus\/#breadcrumb"},"inLanguage":"pt-PT","potentialAction":[{"@type":"ReadAction","target":["https:\/\/portaltela.pt\/noticias\/2026\/02\/23\/costa-vicentina-lisboa-e-camara-de-lobos-entre-os-melhores-destinos-europeus\/"]}]},{"@type":"ImageObject","inLanguage":"pt-PT","@id":"https:\/\/portaltela.pt\/noticias\/2026\/02\/23\/costa-vicentina-lisboa-e-camara-de-lobos-entre-os-melhores-destinos-europeus\/#primaryimage","url":"https:\/\/portaltela.pt\/s.01k8rhncp4jt1\/2026\/02\/tpUHdbIMAGENStypeJPGshare1oBarraFacebook_Fugas-3.jpg","contentUrl":"https:\/\/portaltela.pt\/s.01k8rhncp4jt1\/2026\/02\/tpUHdbIMAGENStypeJPGshare1oBarraFacebook_Fugas-3.jpg","width":1200,"height":630,"caption":"A Plaza Mayor, em Madrid"},{"@type":"BreadcrumbList","@id":"https:\/\/portaltela.pt\/noticias\/2026\/02\/23\/costa-vicentina-lisboa-e-camara-de-lobos-entre-os-melhores-destinos-europeus\/#breadcrumb","itemListElement":[{"@type":"ListItem","position":1,"name":"In\u00edcio","item":"https:\/\/portaltela.pt\/"},{"@type":"ListItem","position":2,"name":"Costa Vicentina, Lisboa e C\u00e2mara de Lobos entre os melhores destinos europeus"}]},{"@type":"WebSite","@id":"https:\/\/portaltela.pt\/#website","url":"https:\/\/portaltela.pt\/","name":"Portal Tela Portugal","description":"","potentialAction":[{"@type":"SearchAction","target":{"@type":"EntryPoint","urlTemplate":"https:\/\/portaltela.pt\/?s={search_term_string}"},"query-input":{"@type":"PropertyValueSpecification","valueRequired":true,"valueName":"search_term_string"}}],"inLanguage":"pt-PT"},{"@type":"Person","@id":"https:\/\/portaltela.pt\/#\/schema\/person\/c4278d4a6028830caff9ee44b42d32ed","name":"Telinha","image":{"@type":"ImageObject","inLanguage":"pt-PT","@id":"https:\/\/portaltela.pt\/s.01k8rhncp4jt1\/2025\/11\/talking-bot-125x125.png","url":"https:\/\/portaltela.pt\/s.01k8rhncp4jt1\/2025\/11\/talking-bot-125x125.png","contentUrl":"https:\/\/portaltela.pt\/s.01k8rhncp4jt1\/2025\/11\/talking-bot-125x125.png","caption":"Telinha"},"sameAs":["https:\/\/portaltela.pt\/"],"url":"https:\/\/portaltela.pt\/por\/367410592786\/"}]}},"_links":{"self":[{"href":"https:\/\/portaltela.pt\/api\/wp\/v2\/posts\/222910","targetHints":{"allow":["GET"]}}],"collection":[{"href":"https:\/\/portaltela.pt\/api\/wp\/v2\/posts"}],"about":[{"href":"https:\/\/portaltela.pt\/api\/wp\/v2\/types\/post"}],"author":[{"embeddable":true,"href":"https:\/\/portaltela.pt\/api\/wp\/v2\/users\/2"}],"replies":[{"embeddable":true,"href":"https:\/\/portaltela.pt\/api\/wp\/v2\/comments?post=222910"}],"version-history":[{"count":0,"href":"https:\/\/portaltela.pt\/api\/wp\/v2\/posts\/222910\/revisions"}],"wp:featuredmedia":[{"embeddable":true,"href":"https:\/\/portaltela.pt\/api\/wp\/v2\/media\/222914"}],"wp:attachment":[{"href":"https:\/\/portaltela.pt\/api\/wp\/v2\/media?parent=222910"}],"wp:term":[{"taxonomy":"category","embeddable":true,"href":"https:\/\/portaltela.pt\/api\/wp\/v2\/categories?post=222910"},{"taxonomy":"post_tag","embeddable":true,"href":"https:\/\/portaltela.pt\/api\/wp\/v2\/tags?post=222910"}],"curies":[{"name":"wp","href":"https:\/\/api.w.org\/{rel}","templated":true}]}}