{"id":222907,"date":"2026-02-23T11:19:00","date_gmt":"2026-02-23T14:19:00","guid":{"rendered":"https:\/\/portaltela.pt\/noticias\/2026\/02\/23\/casuals-do-benfica-aguardam-decisao-em-liberdade-sportinguistas-aguardam-decisao\/"},"modified":"2026-02-23T11:19:00","modified_gmt":"2026-02-23T14:19:00","slug":"casuals-do-benfica-aguardam-decisao-em-liberdade-sportinguistas-aguardam-decisao","status":"publish","type":"post","link":"https:\/\/portaltela.pt\/desporto\/futebol\/2026\/02\/23\/casuals-do-benfica-aguardam-decisao-em-liberdade-sportinguistas-aguardam-decisao\/","title":{"rendered":"Casuals do Benfica aguardam decis\u00e3o em liberdade; Sportinguistas aguardam decis\u00e3o"},"content":{"rendered":"<p>Os adeptos radicais dos grandes de Lisboa participaram em confrontos antes de um jogo de futsal. 63 apoiantes do Benfica, com liga\u00e7\u00f5es a No Name Boys, aguardam clarifica\u00e7\u00e3o da investiga\u00e7\u00e3o na liberdade. A decis\u00e3o sobre o seu destino deve ficar definida durante a tarde de hoje. Ao Sporting, pertencem 61 casuals, cuja posi\u00e7\u00e3o tamb\u00e9m est\u00e1 pendente de determina\u00e7\u00e3o.<\/p>\n<p>Na passada quinta-feira, perto do Est\u00e1dio de Alvalade, a PSP interveio para controlar desacatos entre adeptos de ambos os clubes. Os confrontos ocorreram nas imedia\u00e7\u00f5es do recinto e envolveram o lan\u00e7amento de engenhos pirot\u00e9cnicos, que causaram tumulto por alguns minutos.<\/p>\n<p>No total, foram detidos 124 adeptos. A PSP apreendeu engenhos pirot\u00e9cnicos, ferros, martelos e armas brancas usados nas agress\u00f5es, e os v\u00eddeos dos incidentes deram largas a v\u00e1rias partilhas nas redes sociais.<\/p>\n<h3>Investiga\u00e7\u00e3o em curso<\/h3>\n<p>A autoridade policial aplicou Termo de Identidade e Resid\u00eancia aos adeptos benfiquistas, que v\u00e3o ser investigados quanto ao papel individual nos acontecimentos. O objetivo \u00e9 esclarecer responsabilidades de cada arguido no incidente violento.<\/p>\n<h3>Detalhes adicionais<\/h3>\n<p>Os casos de casuals, um subgrupo ligado ao hooliganismo ingl\u00eas, destacam-se pela aus\u00eancia de s\u00edmbolos club\u00edsticos vis\u00edveis e pela propens\u00e3o para confrontos com rivais. Incidentes pr\u00e9-agendados entre grupos rivais j\u00e1 ocorreram no passado, com registos de planeamento de hor\u00e1rios e interlocu\u00e7\u00e3o entre grupos.<\/p>\n","protected":false},"excerpt":{"rendered":"<ul>\n<li>Os 63 adeptos do Benfica suspeitos de envolvimento numa rixa contra rivais do Sporting v\u00e3o aguardar a decis\u00e3o sobre a liberdade, com o Termo de Identidade e Resid\u00eancia (TIR) aplicado aos &#8216;\u00e1guias&#8217;.<\/li>\n<li>A decis\u00e3o para os 61 casuals do Sporting dever\u00e1 ficar conhecida durante a tarde de hoje, segunda-feira.<\/li>\n<li>Os confrontos ocorreram nas imedia\u00e7\u00f5es do Est\u00e1dio de Alvalade, com adeptos do Benfica ligados ao grupo No Name Boys a confrontarem-se com adeptos do Sporting, sem enquadramento policial inicial.<\/li>\n<li>A PSP apreendeu engenhos pirot\u00e9cnicos, ferros, martelos e armas brancas usados nos ataques; no total, 124 adeptos foram detidos.<\/li>\n<li>Os casuals s\u00e3o um subgrupo ligado ao hooliganismo, caracterizados por n\u00e3o ostentarem s\u00edmbolos dos clubes e por potenciais confrontos com grupos rivais; existem registos de ataques previamente agendados entre clubes.<\/li>\n<\/ul>\n","protected":false},"author":2,"featured_media":222912,"comment_status":"closed","ping_status":"closed","sticky":false,"template":"","format":"standard","meta":{"footnotes":""},"categories":[21,24],"tags":[1946,6283,32,3418,1652,939],"class_list":["post-222907","post","type-post","status-publish","format-standard","has-post-thumbnail","hentry","category-desporto","category-futebol","tag-benfica","tag-casuals","tag-futebol","tag-policia-de-seguranca-publica","tag-sporting","tag-violencia"],"yoast_head":"<!-- This site is optimized with the Yoast SEO plugin v27.2 - https:\/\/yoast.com\/product\/yoast-seo-wordpress\/ -->\n<title>Casuals do Benfica aguardam decis\u00e3o em liberdade; Sportinguistas aguardam decis\u00e3o - Portal Tela Portugal<\/title>\n<meta name=\"robots\" content=\"index, follow, max-snippet:-1, max-image-preview:large, max-video-preview:-1\" \/>\n<meta property=\"og:locale\" content=\"pt_PT\" \/>\n<meta property=\"og:type\" content=\"article\" \/>\n<meta property=\"og:title\" content=\"Casuals do Benfica aguardam decis\u00e3o em liberdade; Sportinguistas aguardam decis\u00e3o - Portal Tela Portugal\" \/>\n<meta property=\"og:description\" content=\"Os 63 adeptos do Benfica suspeitos de envolvimento numa rixa contra rivais do Sporting v\u00e3o aguardar a decis\u00e3o sobre a liberdade, com o Termo de Identidade e Resid\u00eancia (TIR) aplicado aos &#039;\u00e1guias&#039;. A decis\u00e3o para os 61 casuals do Sporting dever\u00e1 ficar conhecida durante a tarde de hoje, segunda-feira. Os confrontos ocorreram nas imedia\u00e7\u00f5es do Est\u00e1dio de Alvalade, com adeptos do Benfica ligados ao grupo No Name Boys a confrontarem-se com adeptos do Sporting, sem enquadramento policial inicial. A PSP apreendeu engenhos pirot\u00e9cnicos, ferros, martelos e armas brancas usados nos ataques; no total, 124 adeptos foram detidos. Os casuals s\u00e3o um subgrupo ligado ao hooliganismo, caracterizados por n\u00e3o ostentarem s\u00edmbolos dos clubes e por potenciais confrontos com grupos rivais; existem registos de ataques previamente agendados entre clubes.\" \/>\n<meta property=\"og:url\" content=\"https:\/\/portaltela.pt\/noticias\/2026\/02\/23\/casuals-do-benfica-aguardam-decisao-em-liberdade-sportinguistas-aguardam-decisao\/\" \/>\n<meta property=\"og:site_name\" content=\"Portal Tela Portugal\" \/>\n<meta property=\"article:published_time\" content=\"2026-02-23T14:19:00+00:00\" \/>\n<meta name=\"author\" content=\"Telinha\" \/>\n<meta name=\"twitter:card\" content=\"summary_large_image\" \/>\n<meta name=\"twitter:label1\" content=\"Escrito por\" \/>\n\t<meta name=\"twitter:data1\" content=\"Telinha\" \/>\n\t<meta name=\"twitter:label2\" content=\"Tempo estimado de leitura\" \/>\n\t<meta name=\"twitter:data2\" content=\"1 minuto\" \/>\n<script type=\"application\/ld+json\" class=\"yoast-schema-graph\">{\"@context\":\"https:\/\/schema.org\",\"@graph\":[{\"@type\":\"Article\",\"@id\":\"https:\/\/portaltela.pt\/noticias\/2026\/02\/23\/casuals-do-benfica-aguardam-decisao-em-liberdade-sportinguistas-aguardam-decisao\/#article\",\"isPartOf\":{\"@id\":\"https:\/\/portaltela.pt\/noticias\/2026\/02\/23\/casuals-do-benfica-aguardam-decisao-em-liberdade-sportinguistas-aguardam-decisao\/\"},\"author\":{\"name\":\"Telinha\",\"@id\":\"https:\/\/portaltela.pt\/#\/schema\/person\/c4278d4a6028830caff9ee44b42d32ed\"},\"headline\":\"Casuals do Benfica aguardam decis\u00e3o em liberdade; Sportinguistas aguardam decis\u00e3o\",\"datePublished\":\"2026-02-23T14:19:00+00:00\",\"mainEntityOfPage\":{\"@id\":\"https:\/\/portaltela.pt\/noticias\/2026\/02\/23\/casuals-do-benfica-aguardam-decisao-em-liberdade-sportinguistas-aguardam-decisao\/\"},\"wordCount\":246,\"image\":{\"@id\":\"https:\/\/portaltela.pt\/noticias\/2026\/02\/23\/casuals-do-benfica-aguardam-decisao-em-liberdade-sportinguistas-aguardam-decisao\/#primaryimage\"},\"thumbnailUrl\":\"https:\/\/portaltela.pt\/s.01k8rhncp4jt1\/2026\/02\/2165710.jpg\",\"keywords\":[\"Benfica\",\"casuals\",\"futebol\",\"Pol\u00edcia de Seguran\u00e7a P\u00fablica\",\"Sporting\",\"viol\u00eancia\"],\"articleSection\":[\"Desporto\",\"Futebol\"],\"inLanguage\":\"pt-PT\"},{\"@type\":\"WebPage\",\"@id\":\"https:\/\/portaltela.pt\/noticias\/2026\/02\/23\/casuals-do-benfica-aguardam-decisao-em-liberdade-sportinguistas-aguardam-decisao\/\",\"url\":\"https:\/\/portaltela.pt\/noticias\/2026\/02\/23\/casuals-do-benfica-aguardam-decisao-em-liberdade-sportinguistas-aguardam-decisao\/\",\"name\":\"Casuals do Benfica aguardam decis\u00e3o em liberdade; Sportinguistas aguardam decis\u00e3o - Portal Tela Portugal\",\"isPartOf\":{\"@id\":\"https:\/\/portaltela.pt\/#website\"},\"primaryImageOfPage\":{\"@id\":\"https:\/\/portaltela.pt\/noticias\/2026\/02\/23\/casuals-do-benfica-aguardam-decisao-em-liberdade-sportinguistas-aguardam-decisao\/#primaryimage\"},\"image\":{\"@id\":\"https:\/\/portaltela.pt\/noticias\/2026\/02\/23\/casuals-do-benfica-aguardam-decisao-em-liberdade-sportinguistas-aguardam-decisao\/#primaryimage\"},\"thumbnailUrl\":\"https:\/\/portaltela.pt\/s.01k8rhncp4jt1\/2026\/02\/2165710.jpg\",\"datePublished\":\"2026-02-23T14:19:00+00:00\",\"author\":{\"@id\":\"https:\/\/portaltela.pt\/#\/schema\/person\/c4278d4a6028830caff9ee44b42d32ed\"},\"breadcrumb\":{\"@id\":\"https:\/\/portaltela.pt\/noticias\/2026\/02\/23\/casuals-do-benfica-aguardam-decisao-em-liberdade-sportinguistas-aguardam-decisao\/#breadcrumb\"},\"inLanguage\":\"pt-PT\",\"potentialAction\":[{\"@type\":\"ReadAction\",\"target\":[\"https:\/\/portaltela.pt\/noticias\/2026\/02\/23\/casuals-do-benfica-aguardam-decisao-em-liberdade-sportinguistas-aguardam-decisao\/\"]}]},{\"@type\":\"ImageObject\",\"inLanguage\":\"pt-PT\",\"@id\":\"https:\/\/portaltela.pt\/noticias\/2026\/02\/23\/casuals-do-benfica-aguardam-decisao-em-liberdade-sportinguistas-aguardam-decisao\/#primaryimage\",\"url\":\"https:\/\/portaltela.pt\/s.01k8rhncp4jt1\/2026\/02\/2165710.jpg\",\"contentUrl\":\"https:\/\/portaltela.pt\/s.01k8rhncp4jt1\/2026\/02\/2165710.jpg\",\"width\":796,\"height\":448,\"caption\":\"Photo\"},{\"@type\":\"BreadcrumbList\",\"@id\":\"https:\/\/portaltela.pt\/noticias\/2026\/02\/23\/casuals-do-benfica-aguardam-decisao-em-liberdade-sportinguistas-aguardam-decisao\/#breadcrumb\",\"itemListElement\":[{\"@type\":\"ListItem\",\"position\":1,\"name\":\"In\u00edcio\",\"item\":\"https:\/\/portaltela.pt\/\"},{\"@type\":\"ListItem\",\"position\":2,\"name\":\"Casuals do Benfica aguardam decis\u00e3o em liberdade; Sportinguistas aguardam decis\u00e3o\"}]},{\"@type\":\"WebSite\",\"@id\":\"https:\/\/portaltela.pt\/#website\",\"url\":\"https:\/\/portaltela.pt\/\",\"name\":\"Portal Tela Portugal\",\"description\":\"\",\"potentialAction\":[{\"@type\":\"SearchAction\",\"target\":{\"@type\":\"EntryPoint\",\"urlTemplate\":\"https:\/\/portaltela.pt\/?s={search_term_string}\"},\"query-input\":{\"@type\":\"PropertyValueSpecification\",\"valueRequired\":true,\"valueName\":\"search_term_string\"}}],\"inLanguage\":\"pt-PT\"},{\"@type\":\"Person\",\"@id\":\"https:\/\/portaltela.pt\/#\/schema\/person\/c4278d4a6028830caff9ee44b42d32ed\",\"name\":\"Telinha\",\"image\":{\"@type\":\"ImageObject\",\"inLanguage\":\"pt-PT\",\"@id\":\"https:\/\/portaltela.pt\/s.01k8rhncp4jt1\/2025\/11\/talking-bot-125x125.png\",\"url\":\"https:\/\/portaltela.pt\/s.01k8rhncp4jt1\/2025\/11\/talking-bot-125x125.png\",\"contentUrl\":\"https:\/\/portaltela.pt\/s.01k8rhncp4jt1\/2025\/11\/talking-bot-125x125.png\",\"caption\":\"Telinha\"},\"sameAs\":[\"https:\/\/portaltela.pt\/\"],\"url\":\"https:\/\/portaltela.pt\/por\/367410592786\/\"}]}<\/script>\n<!-- \/ Yoast SEO plugin. -->","yoast_head_json":{"title":"Casuals do Benfica aguardam decis\u00e3o em liberdade; Sportinguistas aguardam decis\u00e3o - Portal Tela Portugal","robots":{"index":"index","follow":"follow","max-snippet":"max-snippet:-1","max-image-preview":"max-image-preview:large","max-video-preview":"max-video-preview:-1"},"og_locale":"pt_PT","og_type":"article","og_title":"Casuals do Benfica aguardam decis\u00e3o em liberdade; Sportinguistas aguardam decis\u00e3o - Portal Tela Portugal","og_description":"Os 63 adeptos do Benfica suspeitos de envolvimento numa rixa contra rivais do Sporting v\u00e3o aguardar a decis\u00e3o sobre a liberdade, com o Termo de Identidade e Resid\u00eancia (TIR) aplicado aos '\u00e1guias'. A decis\u00e3o para os 61 casuals do Sporting dever\u00e1 ficar conhecida durante a tarde de hoje, segunda-feira. Os confrontos ocorreram nas imedia\u00e7\u00f5es do Est\u00e1dio de Alvalade, com adeptos do Benfica ligados ao grupo No Name Boys a confrontarem-se com adeptos do Sporting, sem enquadramento policial inicial. A PSP apreendeu engenhos pirot\u00e9cnicos, ferros, martelos e armas brancas usados nos ataques; no total, 124 adeptos foram detidos. Os casuals s\u00e3o um subgrupo ligado ao hooliganismo, caracterizados por n\u00e3o ostentarem s\u00edmbolos dos clubes e por potenciais confrontos com grupos rivais; existem registos de ataques previamente agendados entre clubes.","og_url":"https:\/\/portaltela.pt\/noticias\/2026\/02\/23\/casuals-do-benfica-aguardam-decisao-em-liberdade-sportinguistas-aguardam-decisao\/","og_site_name":"Portal Tela Portugal","article_published_time":"2026-02-23T14:19:00+00:00","author":"Telinha","twitter_card":"summary_large_image","twitter_misc":{"Escrito por":"Telinha","Tempo estimado de leitura":"1 minuto"},"schema":{"@context":"https:\/\/schema.org","@graph":[{"@type":"Article","@id":"https:\/\/portaltela.pt\/noticias\/2026\/02\/23\/casuals-do-benfica-aguardam-decisao-em-liberdade-sportinguistas-aguardam-decisao\/#article","isPartOf":{"@id":"https:\/\/portaltela.pt\/noticias\/2026\/02\/23\/casuals-do-benfica-aguardam-decisao-em-liberdade-sportinguistas-aguardam-decisao\/"},"author":{"name":"Telinha","@id":"https:\/\/portaltela.pt\/#\/schema\/person\/c4278d4a6028830caff9ee44b42d32ed"},"headline":"Casuals do Benfica aguardam decis\u00e3o em liberdade; Sportinguistas aguardam decis\u00e3o","datePublished":"2026-02-23T14:19:00+00:00","mainEntityOfPage":{"@id":"https:\/\/portaltela.pt\/noticias\/2026\/02\/23\/casuals-do-benfica-aguardam-decisao-em-liberdade-sportinguistas-aguardam-decisao\/"},"wordCount":246,"image":{"@id":"https:\/\/portaltela.pt\/noticias\/2026\/02\/23\/casuals-do-benfica-aguardam-decisao-em-liberdade-sportinguistas-aguardam-decisao\/#primaryimage"},"thumbnailUrl":"https:\/\/portaltela.pt\/s.01k8rhncp4jt1\/2026\/02\/2165710.jpg","keywords":["Benfica","casuals","futebol","Pol\u00edcia de Seguran\u00e7a P\u00fablica","Sporting","viol\u00eancia"],"articleSection":["Desporto","Futebol"],"inLanguage":"pt-PT"},{"@type":"WebPage","@id":"https:\/\/portaltela.pt\/noticias\/2026\/02\/23\/casuals-do-benfica-aguardam-decisao-em-liberdade-sportinguistas-aguardam-decisao\/","url":"https:\/\/portaltela.pt\/noticias\/2026\/02\/23\/casuals-do-benfica-aguardam-decisao-em-liberdade-sportinguistas-aguardam-decisao\/","name":"Casuals do Benfica aguardam decis\u00e3o em liberdade; Sportinguistas aguardam decis\u00e3o - Portal Tela Portugal","isPartOf":{"@id":"https:\/\/portaltela.pt\/#website"},"primaryImageOfPage":{"@id":"https:\/\/portaltela.pt\/noticias\/2026\/02\/23\/casuals-do-benfica-aguardam-decisao-em-liberdade-sportinguistas-aguardam-decisao\/#primaryimage"},"image":{"@id":"https:\/\/portaltela.pt\/noticias\/2026\/02\/23\/casuals-do-benfica-aguardam-decisao-em-liberdade-sportinguistas-aguardam-decisao\/#primaryimage"},"thumbnailUrl":"https:\/\/portaltela.pt\/s.01k8rhncp4jt1\/2026\/02\/2165710.jpg","datePublished":"2026-02-23T14:19:00+00:00","author":{"@id":"https:\/\/portaltela.pt\/#\/schema\/person\/c4278d4a6028830caff9ee44b42d32ed"},"breadcrumb":{"@id":"https:\/\/portaltela.pt\/noticias\/2026\/02\/23\/casuals-do-benfica-aguardam-decisao-em-liberdade-sportinguistas-aguardam-decisao\/#breadcrumb"},"inLanguage":"pt-PT","potentialAction":[{"@type":"ReadAction","target":["https:\/\/portaltela.pt\/noticias\/2026\/02\/23\/casuals-do-benfica-aguardam-decisao-em-liberdade-sportinguistas-aguardam-decisao\/"]}]},{"@type":"ImageObject","inLanguage":"pt-PT","@id":"https:\/\/portaltela.pt\/noticias\/2026\/02\/23\/casuals-do-benfica-aguardam-decisao-em-liberdade-sportinguistas-aguardam-decisao\/#primaryimage","url":"https:\/\/portaltela.pt\/s.01k8rhncp4jt1\/2026\/02\/2165710.jpg","contentUrl":"https:\/\/portaltela.pt\/s.01k8rhncp4jt1\/2026\/02\/2165710.jpg","width":796,"height":448,"caption":"Photo"},{"@type":"BreadcrumbList","@id":"https:\/\/portaltela.pt\/noticias\/2026\/02\/23\/casuals-do-benfica-aguardam-decisao-em-liberdade-sportinguistas-aguardam-decisao\/#breadcrumb","itemListElement":[{"@type":"ListItem","position":1,"name":"In\u00edcio","item":"https:\/\/portaltela.pt\/"},{"@type":"ListItem","position":2,"name":"Casuals do Benfica aguardam decis\u00e3o em liberdade; Sportinguistas aguardam decis\u00e3o"}]},{"@type":"WebSite","@id":"https:\/\/portaltela.pt\/#website","url":"https:\/\/portaltela.pt\/","name":"Portal Tela Portugal","description":"","potentialAction":[{"@type":"SearchAction","target":{"@type":"EntryPoint","urlTemplate":"https:\/\/portaltela.pt\/?s={search_term_string}"},"query-input":{"@type":"PropertyValueSpecification","valueRequired":true,"valueName":"search_term_string"}}],"inLanguage":"pt-PT"},{"@type":"Person","@id":"https:\/\/portaltela.pt\/#\/schema\/person\/c4278d4a6028830caff9ee44b42d32ed","name":"Telinha","image":{"@type":"ImageObject","inLanguage":"pt-PT","@id":"https:\/\/portaltela.pt\/s.01k8rhncp4jt1\/2025\/11\/talking-bot-125x125.png","url":"https:\/\/portaltela.pt\/s.01k8rhncp4jt1\/2025\/11\/talking-bot-125x125.png","contentUrl":"https:\/\/portaltela.pt\/s.01k8rhncp4jt1\/2025\/11\/talking-bot-125x125.png","caption":"Telinha"},"sameAs":["https:\/\/portaltela.pt\/"],"url":"https:\/\/portaltela.pt\/por\/367410592786\/"}]}},"_links":{"self":[{"href":"https:\/\/portaltela.pt\/api\/wp\/v2\/posts\/222907","targetHints":{"allow":["GET"]}}],"collection":[{"href":"https:\/\/portaltela.pt\/api\/wp\/v2\/posts"}],"about":[{"href":"https:\/\/portaltela.pt\/api\/wp\/v2\/types\/post"}],"author":[{"embeddable":true,"href":"https:\/\/portaltela.pt\/api\/wp\/v2\/users\/2"}],"replies":[{"embeddable":true,"href":"https:\/\/portaltela.pt\/api\/wp\/v2\/comments?post=222907"}],"version-history":[{"count":0,"href":"https:\/\/portaltela.pt\/api\/wp\/v2\/posts\/222907\/revisions"}],"wp:featuredmedia":[{"embeddable":true,"href":"https:\/\/portaltela.pt\/api\/wp\/v2\/media\/222912"}],"wp:attachment":[{"href":"https:\/\/portaltela.pt\/api\/wp\/v2\/media?parent=222907"}],"wp:term":[{"taxonomy":"category","embeddable":true,"href":"https:\/\/portaltela.pt\/api\/wp\/v2\/categories?post=222907"},{"taxonomy":"post_tag","embeddable":true,"href":"https:\/\/portaltela.pt\/api\/wp\/v2\/tags?post=222907"}],"curies":[{"name":"wp","href":"https:\/\/api.w.org\/{rel}","templated":true}]}}