{"id":222900,"date":"2026-02-23T11:32:13","date_gmt":"2026-02-23T14:32:13","guid":{"rendered":"https:\/\/portaltela.pt\/noticias\/2026\/02\/23\/o-que-e-o-desafio-do-paracetamol-que-preocupa-especialistas\/"},"modified":"2026-02-23T11:32:13","modified_gmt":"2026-02-23T14:32:13","slug":"o-que-e-o-desafio-do-paracetamol-que-preocupa-especialistas","status":"publish","type":"post","link":"https:\/\/portaltela.pt\/noticias\/2026\/02\/23\/o-que-e-o-desafio-do-paracetamol-que-preocupa-especialistas\/","title":{"rendered":"O que \u00e9 o desafio do paracetamol que preocupa especialistas"},"content":{"rendered":"<p>Em v\u00e1rios pa\u00edses da Europa, autoridades de sa\u00fade alertam para o chamado &#8220;desafio do paracetamol&#8221;, uma tend\u00eancia nas redes sociais em que adolescentes s\u00e3o incentivados a ingerir doses perigosas do medicamento. O objetivo parece ser competir online para ver quem consome mais paracetamol, o que pode causar intoxica\u00e7\u00e3o grave. O alerta chega apesar de relatos contradit\u00f3rios sobre a sua real expans\u00e3o online.<\/p>\n<p>Em B\u00e9lgica, o Centro Hospitalar EpiCURA confirmou \u00e0 Euronews Health tratar, em fevereiro, tr\u00eas doentes com sobredosagem ap\u00f3s participa\u00e7\u00e3o no desafio. A Ag\u00eancia Federal de Medicamentos belga advertiu, a 6 de fevereiro, para o risco de sobredosagem e ressaltou que o paracetamol n\u00e3o tem efeito psicotr\u00f3pico, mesmo em doses elevadas.<\/p>\n<p>Portugal, Espanha e Finl\u00e2ndia tamb\u00e9m registraram casos de sobredosagem vinculados \u00e0 pr\u00e1tica. Em Espanha, uma enfermeira pedi\u00e1trica pediu aos pais que orientem os filhos sobre o uso respons\u00e1vel da tecnologia e transpareceram sinais de alerta como v\u00f3mitos e dor abdominal. A Finl\u00e2ndia enfatizou a necessidade de educa\u00e7\u00e3o sobre riscos entre jovens.<\/p>\n<h3>Contexto europeu<\/h3>\n<p>Em Portugal, a Ordem dos Farmac\u00eauticos considerou a pr\u00e1tica um grave risco para a sa\u00fade, destacando que a toxicidade pode ocorrer sem sintomas pr\u00e9vios. A organiza\u00e7\u00e3o portuguesa recorda que a sobredosagem pode causar les\u00f5es hep\u00e1ticas graves, com potencial de evoluir para insufici\u00eancia hep\u00e1tica, transplante ou \u00f3bito, al\u00e9m de poss\u00edveis danos renais em uso prolongado.<\/p>\n<h3>Orienta\u00e7\u00f5es de seguran\u00e7a<\/h3>\n<p>Especialistas recomendam n\u00e3o exceder a dose di\u00e1ria de paracetamol: at\u00e9 4 g para adultos, com tomas de 500 mg a 1 g a cada 4-6 horas; para crian\u00e7as, a dose \u00e9 calculada por peso (m\u00e9dia de 60 mg por kg). Pais devem usar simuladores de dose fi\u00e1veis para orientar a administra\u00e7\u00e3o.<\/p>\n<p>Os primeiros sinais de intoxica\u00e7\u00e3o incluem n\u00e1useas, v\u00f3mitos, suado e letargia, surgindo geralmente nas primeiras 24 horas. Dorm\u00eancia abdominal e outras complica\u00e7\u00f5es graves podem seguir \u00e0 progress\u00e3o da les\u00e3o hep\u00e1tica. Em caso de suspeita, deve procurar-se assist\u00eancia m\u00e9dica de imediato.<\/p>\n","protected":false},"excerpt":{"rendered":"<ul>\n<li>Autoridades de sa\u00fade europeias alertam para o \u201cdesafio do paracetamol\u201d, uma suposta competi\u00e7\u00e3o online que pode levar adolescentes a ingerir doses perigosas do medicamento.<\/li>\n<li>As primeiras refer\u00eancias remontam a 2015, mas, no TikTok, h\u00e1 poucos ind\u00edcios de participa\u00e7\u00e3o real; grande parte dos conte\u00fados s\u00e3o de profissionais de sa\u00fade a alertar para o risco.<\/li>\n<li>Na B\u00e9lgica, tr\u00eas doentes foram tratados em fevereiro por sobredosagem ap\u00f3s participa\u00e7\u00e3o no desafio; a ag\u00eancia reguladora emitiu aviso sobre o risco de superdosagem e afirmou que n\u00e3o h\u00e1 efeito psicotr\u00f3pico mesmo em doses elevadas.<\/li>\n<li>Em Portugal, a Ordem dos Farmac\u00eauticos avisa que a sobredosagem pode causar les\u00f5es hep\u00e1ticas graves e irrevers\u00edveis, com risco de necessidade de transplante e, em alguns casos, morte. Tamb\u00e9m pode haver danos renais em uso prolongado.<\/li>\n<li>Dose di\u00e1ria recomendada: adultos n\u00e3o devem ultrapassar 4 g\/dia; entre 500 mg e 1 g a cada 4\u20136 horas. Crian\u00e7as: dose calculada por peso (em geral 60 mg por kg). Em caso de suspeita, procurar assist\u00eancia m\u00e9dica de imediato.<\/li>\n<\/ul>\n","protected":false},"author":2,"featured_media":222905,"comment_status":"closed","ping_status":"closed","sticky":false,"template":"","format":"standard","meta":{"footnotes":""},"categories":[1],"tags":[5087,2487,3276,1014,271,250],"class_list":["post-222900","post","type-post","status-publish","format-standard","has-post-thumbnail","hentry","category-noticias","tag-educacao-para-a-saude","tag-europa","tag-intoxicacao","tag-portugal","tag-saude-publica","tag-seguranca-publica"],"yoast_head":"<!-- This site is optimized with the Yoast SEO plugin v27.2 - https:\/\/yoast.com\/product\/yoast-seo-wordpress\/ -->\n<title>O que \u00e9 o desafio do paracetamol que preocupa especialistas - Portal Tela Portugal<\/title>\n<meta name=\"robots\" content=\"index, follow, max-snippet:-1, max-image-preview:large, max-video-preview:-1\" \/>\n<meta property=\"og:locale\" content=\"pt_PT\" \/>\n<meta property=\"og:type\" content=\"article\" \/>\n<meta property=\"og:title\" content=\"O que \u00e9 o desafio do paracetamol que preocupa especialistas - Portal Tela Portugal\" \/>\n<meta property=\"og:description\" content=\"Autoridades de sa\u00fade europeias alertam para o \u201cdesafio do paracetamol\u201d, uma suposta competi\u00e7\u00e3o online que pode levar adolescentes a ingerir doses perigosas do medicamento. As primeiras refer\u00eancias remontam a 2015, mas, no TikTok, h\u00e1 poucos ind\u00edcios de participa\u00e7\u00e3o real; grande parte dos conte\u00fados s\u00e3o de profissionais de sa\u00fade a alertar para o risco. Na B\u00e9lgica, tr\u00eas doentes foram tratados em fevereiro por sobredosagem ap\u00f3s participa\u00e7\u00e3o no desafio; a ag\u00eancia reguladora emitiu aviso sobre o risco de superdosagem e afirmou que n\u00e3o h\u00e1 efeito psicotr\u00f3pico mesmo em doses elevadas. Em Portugal, a Ordem dos Farmac\u00eauticos avisa que a sobredosagem pode causar les\u00f5es hep\u00e1ticas graves e irrevers\u00edveis, com risco de necessidade de transplante e, em alguns casos, morte. Tamb\u00e9m pode haver danos renais em uso prolongado. Dose di\u00e1ria recomendada: adultos n\u00e3o devem ultrapassar 4 g\/dia; entre 500 mg e 1 g a cada 4\u20136 horas. Crian\u00e7as: dose calculada por peso (em geral 60 mg por kg). Em caso de suspeita, procurar assist\u00eancia m\u00e9dica de imediato.\" \/>\n<meta property=\"og:url\" content=\"https:\/\/portaltela.pt\/noticias\/2026\/02\/23\/o-que-e-o-desafio-do-paracetamol-que-preocupa-especialistas\/\" \/>\n<meta property=\"og:site_name\" content=\"Portal Tela Portugal\" \/>\n<meta property=\"article:published_time\" content=\"2026-02-23T14:32:13+00:00\" \/>\n<meta name=\"author\" content=\"Telinha\" \/>\n<meta name=\"twitter:card\" content=\"summary_large_image\" \/>\n<meta name=\"twitter:label1\" content=\"Escrito por\" \/>\n\t<meta name=\"twitter:data1\" content=\"Telinha\" \/>\n\t<meta name=\"twitter:label2\" content=\"Tempo estimado de leitura\" \/>\n\t<meta name=\"twitter:data2\" content=\"2 minutos\" \/>\n<script type=\"application\/ld+json\" class=\"yoast-schema-graph\">{\"@context\":\"https:\/\/schema.org\",\"@graph\":[{\"@type\":\"Article\",\"@id\":\"https:\/\/portaltela.pt\/noticias\/2026\/02\/23\/o-que-e-o-desafio-do-paracetamol-que-preocupa-especialistas\/#article\",\"isPartOf\":{\"@id\":\"https:\/\/portaltela.pt\/noticias\/2026\/02\/23\/o-que-e-o-desafio-do-paracetamol-que-preocupa-especialistas\/\"},\"author\":{\"name\":\"Telinha\",\"@id\":\"https:\/\/portaltela.pt\/#\/schema\/person\/c4278d4a6028830caff9ee44b42d32ed\"},\"headline\":\"O que \u00e9 o desafio do paracetamol que preocupa especialistas\",\"datePublished\":\"2026-02-23T14:32:13+00:00\",\"mainEntityOfPage\":{\"@id\":\"https:\/\/portaltela.pt\/noticias\/2026\/02\/23\/o-que-e-o-desafio-do-paracetamol-que-preocupa-especialistas\/\"},\"wordCount\":364,\"image\":{\"@id\":\"https:\/\/portaltela.pt\/noticias\/2026\/02\/23\/o-que-e-o-desafio-do-paracetamol-que-preocupa-especialistas\/#primaryimage\"},\"thumbnailUrl\":\"https:\/\/portaltela.pt\/s.01k8rhncp4jt1\/2026\/02\/1536x864_cmsv2_60ab5b9f-9560-5d19-afb8-64853dc9c97f-9662448.jpg\",\"keywords\":[\"educa\u00e7\u00e3o para a sa\u00fade\",\"Europa\",\"intoxica\u00e7\u00e3o\",\"Portugal\",\"sa\u00fade p\u00fablica\",\"seguran\u00e7a p\u00fablica\"],\"articleSection\":[\"Not\u00edcias\"],\"inLanguage\":\"pt-PT\"},{\"@type\":\"WebPage\",\"@id\":\"https:\/\/portaltela.pt\/noticias\/2026\/02\/23\/o-que-e-o-desafio-do-paracetamol-que-preocupa-especialistas\/\",\"url\":\"https:\/\/portaltela.pt\/noticias\/2026\/02\/23\/o-que-e-o-desafio-do-paracetamol-que-preocupa-especialistas\/\",\"name\":\"O que \u00e9 o desafio do paracetamol que preocupa especialistas - Portal Tela Portugal\",\"isPartOf\":{\"@id\":\"https:\/\/portaltela.pt\/#website\"},\"primaryImageOfPage\":{\"@id\":\"https:\/\/portaltela.pt\/noticias\/2026\/02\/23\/o-que-e-o-desafio-do-paracetamol-que-preocupa-especialistas\/#primaryimage\"},\"image\":{\"@id\":\"https:\/\/portaltela.pt\/noticias\/2026\/02\/23\/o-que-e-o-desafio-do-paracetamol-que-preocupa-especialistas\/#primaryimage\"},\"thumbnailUrl\":\"https:\/\/portaltela.pt\/s.01k8rhncp4jt1\/2026\/02\/1536x864_cmsv2_60ab5b9f-9560-5d19-afb8-64853dc9c97f-9662448.jpg\",\"datePublished\":\"2026-02-23T14:32:13+00:00\",\"author\":{\"@id\":\"https:\/\/portaltela.pt\/#\/schema\/person\/c4278d4a6028830caff9ee44b42d32ed\"},\"breadcrumb\":{\"@id\":\"https:\/\/portaltela.pt\/noticias\/2026\/02\/23\/o-que-e-o-desafio-do-paracetamol-que-preocupa-especialistas\/#breadcrumb\"},\"inLanguage\":\"pt-PT\",\"potentialAction\":[{\"@type\":\"ReadAction\",\"target\":[\"https:\/\/portaltela.pt\/noticias\/2026\/02\/23\/o-que-e-o-desafio-do-paracetamol-que-preocupa-especialistas\/\"]}]},{\"@type\":\"ImageObject\",\"inLanguage\":\"pt-PT\",\"@id\":\"https:\/\/portaltela.pt\/noticias\/2026\/02\/23\/o-que-e-o-desafio-do-paracetamol-que-preocupa-especialistas\/#primaryimage\",\"url\":\"https:\/\/portaltela.pt\/s.01k8rhncp4jt1\/2026\/02\/1536x864_cmsv2_60ab5b9f-9560-5d19-afb8-64853dc9c97f-9662448.jpg\",\"contentUrl\":\"https:\/\/portaltela.pt\/s.01k8rhncp4jt1\/2026\/02\/1536x864_cmsv2_60ab5b9f-9560-5d19-afb8-64853dc9c97f-9662448.jpg\",\"width\":1536,\"height\":864,\"caption\":\"Autoridades de sa\u00fade em toda a Europa alertam para o chamado \u201cdesafio do paracetamol\u201d.\"},{\"@type\":\"BreadcrumbList\",\"@id\":\"https:\/\/portaltela.pt\/noticias\/2026\/02\/23\/o-que-e-o-desafio-do-paracetamol-que-preocupa-especialistas\/#breadcrumb\",\"itemListElement\":[{\"@type\":\"ListItem\",\"position\":1,\"name\":\"In\u00edcio\",\"item\":\"https:\/\/portaltela.pt\/\"},{\"@type\":\"ListItem\",\"position\":2,\"name\":\"O que \u00e9 o desafio do paracetamol que preocupa especialistas\"}]},{\"@type\":\"WebSite\",\"@id\":\"https:\/\/portaltela.pt\/#website\",\"url\":\"https:\/\/portaltela.pt\/\",\"name\":\"Portal Tela Portugal\",\"description\":\"\",\"potentialAction\":[{\"@type\":\"SearchAction\",\"target\":{\"@type\":\"EntryPoint\",\"urlTemplate\":\"https:\/\/portaltela.pt\/?s={search_term_string}\"},\"query-input\":{\"@type\":\"PropertyValueSpecification\",\"valueRequired\":true,\"valueName\":\"search_term_string\"}}],\"inLanguage\":\"pt-PT\"},{\"@type\":\"Person\",\"@id\":\"https:\/\/portaltela.pt\/#\/schema\/person\/c4278d4a6028830caff9ee44b42d32ed\",\"name\":\"Telinha\",\"image\":{\"@type\":\"ImageObject\",\"inLanguage\":\"pt-PT\",\"@id\":\"https:\/\/portaltela.pt\/s.01k8rhncp4jt1\/2025\/11\/talking-bot-125x125.png\",\"url\":\"https:\/\/portaltela.pt\/s.01k8rhncp4jt1\/2025\/11\/talking-bot-125x125.png\",\"contentUrl\":\"https:\/\/portaltela.pt\/s.01k8rhncp4jt1\/2025\/11\/talking-bot-125x125.png\",\"caption\":\"Telinha\"},\"sameAs\":[\"https:\/\/portaltela.pt\/\"],\"url\":\"https:\/\/portaltela.pt\/por\/367410592786\/\"}]}<\/script>\n<!-- \/ Yoast SEO plugin. -->","yoast_head_json":{"title":"O que \u00e9 o desafio do paracetamol que preocupa especialistas - Portal Tela Portugal","robots":{"index":"index","follow":"follow","max-snippet":"max-snippet:-1","max-image-preview":"max-image-preview:large","max-video-preview":"max-video-preview:-1"},"og_locale":"pt_PT","og_type":"article","og_title":"O que \u00e9 o desafio do paracetamol que preocupa especialistas - Portal Tela Portugal","og_description":"Autoridades de sa\u00fade europeias alertam para o \u201cdesafio do paracetamol\u201d, uma suposta competi\u00e7\u00e3o online que pode levar adolescentes a ingerir doses perigosas do medicamento. As primeiras refer\u00eancias remontam a 2015, mas, no TikTok, h\u00e1 poucos ind\u00edcios de participa\u00e7\u00e3o real; grande parte dos conte\u00fados s\u00e3o de profissionais de sa\u00fade a alertar para o risco. Na B\u00e9lgica, tr\u00eas doentes foram tratados em fevereiro por sobredosagem ap\u00f3s participa\u00e7\u00e3o no desafio; a ag\u00eancia reguladora emitiu aviso sobre o risco de superdosagem e afirmou que n\u00e3o h\u00e1 efeito psicotr\u00f3pico mesmo em doses elevadas. Em Portugal, a Ordem dos Farmac\u00eauticos avisa que a sobredosagem pode causar les\u00f5es hep\u00e1ticas graves e irrevers\u00edveis, com risco de necessidade de transplante e, em alguns casos, morte. Tamb\u00e9m pode haver danos renais em uso prolongado. Dose di\u00e1ria recomendada: adultos n\u00e3o devem ultrapassar 4 g\/dia; entre 500 mg e 1 g a cada 4\u20136 horas. Crian\u00e7as: dose calculada por peso (em geral 60 mg por kg). Em caso de suspeita, procurar assist\u00eancia m\u00e9dica de imediato.","og_url":"https:\/\/portaltela.pt\/noticias\/2026\/02\/23\/o-que-e-o-desafio-do-paracetamol-que-preocupa-especialistas\/","og_site_name":"Portal Tela Portugal","article_published_time":"2026-02-23T14:32:13+00:00","author":"Telinha","twitter_card":"summary_large_image","twitter_misc":{"Escrito por":"Telinha","Tempo estimado de leitura":"2 minutos"},"schema":{"@context":"https:\/\/schema.org","@graph":[{"@type":"Article","@id":"https:\/\/portaltela.pt\/noticias\/2026\/02\/23\/o-que-e-o-desafio-do-paracetamol-que-preocupa-especialistas\/#article","isPartOf":{"@id":"https:\/\/portaltela.pt\/noticias\/2026\/02\/23\/o-que-e-o-desafio-do-paracetamol-que-preocupa-especialistas\/"},"author":{"name":"Telinha","@id":"https:\/\/portaltela.pt\/#\/schema\/person\/c4278d4a6028830caff9ee44b42d32ed"},"headline":"O que \u00e9 o desafio do paracetamol que preocupa especialistas","datePublished":"2026-02-23T14:32:13+00:00","mainEntityOfPage":{"@id":"https:\/\/portaltela.pt\/noticias\/2026\/02\/23\/o-que-e-o-desafio-do-paracetamol-que-preocupa-especialistas\/"},"wordCount":364,"image":{"@id":"https:\/\/portaltela.pt\/noticias\/2026\/02\/23\/o-que-e-o-desafio-do-paracetamol-que-preocupa-especialistas\/#primaryimage"},"thumbnailUrl":"https:\/\/portaltela.pt\/s.01k8rhncp4jt1\/2026\/02\/1536x864_cmsv2_60ab5b9f-9560-5d19-afb8-64853dc9c97f-9662448.jpg","keywords":["educa\u00e7\u00e3o para a sa\u00fade","Europa","intoxica\u00e7\u00e3o","Portugal","sa\u00fade p\u00fablica","seguran\u00e7a p\u00fablica"],"articleSection":["Not\u00edcias"],"inLanguage":"pt-PT"},{"@type":"WebPage","@id":"https:\/\/portaltela.pt\/noticias\/2026\/02\/23\/o-que-e-o-desafio-do-paracetamol-que-preocupa-especialistas\/","url":"https:\/\/portaltela.pt\/noticias\/2026\/02\/23\/o-que-e-o-desafio-do-paracetamol-que-preocupa-especialistas\/","name":"O que \u00e9 o desafio do paracetamol que preocupa especialistas - Portal Tela Portugal","isPartOf":{"@id":"https:\/\/portaltela.pt\/#website"},"primaryImageOfPage":{"@id":"https:\/\/portaltela.pt\/noticias\/2026\/02\/23\/o-que-e-o-desafio-do-paracetamol-que-preocupa-especialistas\/#primaryimage"},"image":{"@id":"https:\/\/portaltela.pt\/noticias\/2026\/02\/23\/o-que-e-o-desafio-do-paracetamol-que-preocupa-especialistas\/#primaryimage"},"thumbnailUrl":"https:\/\/portaltela.pt\/s.01k8rhncp4jt1\/2026\/02\/1536x864_cmsv2_60ab5b9f-9560-5d19-afb8-64853dc9c97f-9662448.jpg","datePublished":"2026-02-23T14:32:13+00:00","author":{"@id":"https:\/\/portaltela.pt\/#\/schema\/person\/c4278d4a6028830caff9ee44b42d32ed"},"breadcrumb":{"@id":"https:\/\/portaltela.pt\/noticias\/2026\/02\/23\/o-que-e-o-desafio-do-paracetamol-que-preocupa-especialistas\/#breadcrumb"},"inLanguage":"pt-PT","potentialAction":[{"@type":"ReadAction","target":["https:\/\/portaltela.pt\/noticias\/2026\/02\/23\/o-que-e-o-desafio-do-paracetamol-que-preocupa-especialistas\/"]}]},{"@type":"ImageObject","inLanguage":"pt-PT","@id":"https:\/\/portaltela.pt\/noticias\/2026\/02\/23\/o-que-e-o-desafio-do-paracetamol-que-preocupa-especialistas\/#primaryimage","url":"https:\/\/portaltela.pt\/s.01k8rhncp4jt1\/2026\/02\/1536x864_cmsv2_60ab5b9f-9560-5d19-afb8-64853dc9c97f-9662448.jpg","contentUrl":"https:\/\/portaltela.pt\/s.01k8rhncp4jt1\/2026\/02\/1536x864_cmsv2_60ab5b9f-9560-5d19-afb8-64853dc9c97f-9662448.jpg","width":1536,"height":864,"caption":"Autoridades de sa\u00fade em toda a Europa alertam para o chamado \u201cdesafio do paracetamol\u201d."},{"@type":"BreadcrumbList","@id":"https:\/\/portaltela.pt\/noticias\/2026\/02\/23\/o-que-e-o-desafio-do-paracetamol-que-preocupa-especialistas\/#breadcrumb","itemListElement":[{"@type":"ListItem","position":1,"name":"In\u00edcio","item":"https:\/\/portaltela.pt\/"},{"@type":"ListItem","position":2,"name":"O que \u00e9 o desafio do paracetamol que preocupa especialistas"}]},{"@type":"WebSite","@id":"https:\/\/portaltela.pt\/#website","url":"https:\/\/portaltela.pt\/","name":"Portal Tela Portugal","description":"","potentialAction":[{"@type":"SearchAction","target":{"@type":"EntryPoint","urlTemplate":"https:\/\/portaltela.pt\/?s={search_term_string}"},"query-input":{"@type":"PropertyValueSpecification","valueRequired":true,"valueName":"search_term_string"}}],"inLanguage":"pt-PT"},{"@type":"Person","@id":"https:\/\/portaltela.pt\/#\/schema\/person\/c4278d4a6028830caff9ee44b42d32ed","name":"Telinha","image":{"@type":"ImageObject","inLanguage":"pt-PT","@id":"https:\/\/portaltela.pt\/s.01k8rhncp4jt1\/2025\/11\/talking-bot-125x125.png","url":"https:\/\/portaltela.pt\/s.01k8rhncp4jt1\/2025\/11\/talking-bot-125x125.png","contentUrl":"https:\/\/portaltela.pt\/s.01k8rhncp4jt1\/2025\/11\/talking-bot-125x125.png","caption":"Telinha"},"sameAs":["https:\/\/portaltela.pt\/"],"url":"https:\/\/portaltela.pt\/por\/367410592786\/"}]}},"_links":{"self":[{"href":"https:\/\/portaltela.pt\/api\/wp\/v2\/posts\/222900","targetHints":{"allow":["GET"]}}],"collection":[{"href":"https:\/\/portaltela.pt\/api\/wp\/v2\/posts"}],"about":[{"href":"https:\/\/portaltela.pt\/api\/wp\/v2\/types\/post"}],"author":[{"embeddable":true,"href":"https:\/\/portaltela.pt\/api\/wp\/v2\/users\/2"}],"replies":[{"embeddable":true,"href":"https:\/\/portaltela.pt\/api\/wp\/v2\/comments?post=222900"}],"version-history":[{"count":0,"href":"https:\/\/portaltela.pt\/api\/wp\/v2\/posts\/222900\/revisions"}],"wp:featuredmedia":[{"embeddable":true,"href":"https:\/\/portaltela.pt\/api\/wp\/v2\/media\/222905"}],"wp:attachment":[{"href":"https:\/\/portaltela.pt\/api\/wp\/v2\/media?parent=222900"}],"wp:term":[{"taxonomy":"category","embeddable":true,"href":"https:\/\/portaltela.pt\/api\/wp\/v2\/categories?post=222900"},{"taxonomy":"post_tag","embeddable":true,"href":"https:\/\/portaltela.pt\/api\/wp\/v2\/tags?post=222900"}],"curies":[{"name":"wp","href":"https:\/\/api.w.org\/{rel}","templated":true}]}}