{"id":222877,"date":"2026-02-23T11:04:38","date_gmt":"2026-02-23T14:04:38","guid":{"rendered":"https:\/\/portaltela.pt\/noticias\/2026\/02\/23\/vila-do-conde-regista-prejuizos-de-4-milhoes-de-euros-devido-ao-mau-tempo\/"},"modified":"2026-02-23T11:04:38","modified_gmt":"2026-02-23T14:04:38","slug":"vila-do-conde-regista-prejuizos-de-4-milhoes-de-euros-devido-ao-mau-tempo","status":"publish","type":"post","link":"https:\/\/portaltela.pt\/noticias\/2026\/02\/23\/vila-do-conde-regista-prejuizos-de-4-milhoes-de-euros-devido-ao-mau-tempo\/","title":{"rendered":"Vila do Conde regista preju\u00edzos de 4 milh\u00f5es de euros devido ao mau tempo"},"content":{"rendered":"<p>A C\u00e2mara de Vila do Conde estima preju\u00edzos de cerca de 4 milh\u00f5es de euros causados pelas \u00faltimas intemp\u00e9ries, em v\u00e1rias zonas do concelho. Os danos remontam a novembro, com agravamento no in\u00edcio deste ano.<\/p>\n<p>Em Modivas, a ribeira da Lage transbordou, inundando 12 habita\u00e7\u00f5es, (\u2026), ruindo muros e danificando vias. Na \u00c1rvore, habita\u00e7\u00f5es foram afetadas; em Vila Ch\u00e3, houve aluimento de passeio e muro de conten\u00e7\u00e3o da marginal.<\/p>\n<p>Na praia de Mindelo, a agita\u00e7\u00e3o mar\u00edtima danificou a duna e os passadi\u00e7os. No centro de Vila do Conde, na Pra\u00e7a da Rep\u00fablica, houve danos em muros. Abrang\u00eancia estende-se a infraestruturas de prote\u00e7\u00e3o e \u00e0 rede vi\u00e1ria.<\/p>\n<p>V\u00edtor Costa, presidente da C\u00e2mara, afirma que o montante representa a soma dos principais danos. O autarca espera apoio do Governo para a reconstru\u00e7\u00e3o, semelhante a outras intemp\u00e9ries.<\/p>\n<p>\u201cEstamos perante uma situa\u00e7\u00e3o cuja dimens\u00e3o ultrapassa a capacidade de resposta isolada de um munic\u00edpio\u201d, disse \u00e0 Lusa. A c\u00e2mara j\u00e1 iniciou obras de recupera\u00e7\u00e3o, com interven\u00e7\u00f5es urgentes.<\/p>\n<p>As interven\u00e7\u00f5es, adianta, visam repor condi\u00e7\u00f5es de seguran\u00e7a na rede vi\u00e1ria e em equipamentos municipais, recorrendo a meios pr\u00f3prios. O objetivo \u00e9 restabelecer funcionamento b\u00e1sico rapidamente.<\/p>\n<h3>Situa\u00e7\u00e3o Nacional<\/h3>\n<p>Nacionalmente, 18 pessoas morreram na sequ\u00eancia das depress\u00f5es Kristin, Leonardo e Marta. As regi\u00f5es Centro, Lisboa e Vale do Tejo e Alentejo foram as mais afetadas.<\/p>\n<p>As consequ\u00eancias incluem destrui\u00e7\u00e3o de casas, empresas e infraestruturas, queda de \u00e1rvores, cortes de estradas, escolas e servi\u00e7os, e interrup\u00e7\u00f5es de energia, \u00e1gua e comunica\u00e7\u00f5es. O per\u00edodo de calamidade terminou a 15 de fevereiro.<\/p>\n","protected":false},"excerpt":{"rendered":"<ul>\n<li>A C\u00e2mara de Vila do Conde estima preju\u00edzos de cerca de quatro milh\u00f5es de euros causados pelas intemp\u00e9ries, desde novembro, com agravamento no in\u00edcio do ano.<\/li>\n<li>Em Modivas, as fortes chuvas levaram ao transbordo da ribeira da Lage, inundando doze habita\u00e7\u00f5es, com ru\u00ednas de muros e danos noutras vias.<\/li>\n<li>Este ano, na freguesia de \u00c1rvore houve habita\u00e7\u00f5es afetadas; em Vila Ch\u00e3 houve aluimento do passeio e do muro de conten\u00e7\u00e3o da marginal; na praia de Mindelo, a duna e os passadi\u00e7os ficaram danificados pela agita\u00e7\u00e3o mar\u00edtima.<\/li>\n<li>No centro de Vila do Conde, na Pra\u00e7a da Rep\u00fablica, registaram-se danos em muros, com problemas nas infraestruturas de prote\u00e7\u00e3o e na rede vi\u00e1ria ao longo do concelho.<\/li>\n<li>O presidente da c\u00e2mara, V\u00edtor Costa, pediu apoio do Governo para a reconstru\u00e7\u00e3o, mencionando que a situa\u00e7\u00e3o ultrapassa a capacidade de resposta do munic\u00edpio e j\u00e1 come\u00e7aram obras de recupera\u00e7\u00e3o com meios pr\u00f3prios.<\/li>\n<\/ul>\n","protected":false},"author":2,"featured_media":222879,"comment_status":"closed","ping_status":"closed","sticky":false,"template":"","format":"standard","meta":{"footnotes":""},"categories":[1],"tags":[5050,6063,258,2293,6110,1546],"class_list":["post-222877","post","type-post","status-publish","format-standard","has-post-thumbnail","hentry","category-noticias","tag-calamidades-publicas","tag-desastres","tag-infraestruturas","tag-inundacoes","tag-prejuizos","tag-vila-do-conde"],"yoast_head":"<!-- This site is optimized with the Yoast SEO plugin v27.2 - https:\/\/yoast.com\/product\/yoast-seo-wordpress\/ -->\n<title>Vila do Conde regista preju\u00edzos de 4 milh\u00f5es de euros devido ao mau tempo - Portal Tela Portugal<\/title>\n<meta name=\"robots\" content=\"index, follow, max-snippet:-1, max-image-preview:large, max-video-preview:-1\" \/>\n<meta property=\"og:locale\" content=\"pt_PT\" \/>\n<meta property=\"og:type\" content=\"article\" \/>\n<meta property=\"og:title\" content=\"Vila do Conde regista preju\u00edzos de 4 milh\u00f5es de euros devido ao mau tempo - Portal Tela Portugal\" \/>\n<meta property=\"og:description\" content=\"A C\u00e2mara de Vila do Conde estima preju\u00edzos de cerca de quatro milh\u00f5es de euros causados pelas intemp\u00e9ries, desde novembro, com agravamento no in\u00edcio do ano. Em Modivas, as fortes chuvas levaram ao transbordo da ribeira da Lage, inundando doze habita\u00e7\u00f5es, com ru\u00ednas de muros e danos noutras vias. Este ano, na freguesia de \u00c1rvore houve habita\u00e7\u00f5es afetadas; em Vila Ch\u00e3 houve aluimento do passeio e do muro de conten\u00e7\u00e3o da marginal; na praia de Mindelo, a duna e os passadi\u00e7os ficaram danificados pela agita\u00e7\u00e3o mar\u00edtima. No centro de Vila do Conde, na Pra\u00e7a da Rep\u00fablica, registaram-se danos em muros, com problemas nas infraestruturas de prote\u00e7\u00e3o e na rede vi\u00e1ria ao longo do concelho. O presidente da c\u00e2mara, V\u00edtor Costa, pediu apoio do Governo para a reconstru\u00e7\u00e3o, mencionando que a situa\u00e7\u00e3o ultrapassa a capacidade de resposta do munic\u00edpio e j\u00e1 come\u00e7aram obras de recupera\u00e7\u00e3o com meios pr\u00f3prios.\" \/>\n<meta property=\"og:url\" content=\"https:\/\/portaltela.pt\/noticias\/2026\/02\/23\/vila-do-conde-regista-prejuizos-de-4-milhoes-de-euros-devido-ao-mau-tempo\/\" \/>\n<meta property=\"og:site_name\" content=\"Portal Tela Portugal\" \/>\n<meta property=\"article:published_time\" content=\"2026-02-23T14:04:38+00:00\" \/>\n<meta name=\"author\" content=\"Telinha\" \/>\n<meta name=\"twitter:card\" content=\"summary_large_image\" \/>\n<meta name=\"twitter:label1\" content=\"Escrito por\" \/>\n\t<meta name=\"twitter:data1\" content=\"Telinha\" \/>\n\t<meta name=\"twitter:label2\" content=\"Tempo estimado de leitura\" \/>\n\t<meta name=\"twitter:data2\" content=\"1 minuto\" \/>\n<script type=\"application\/ld+json\" class=\"yoast-schema-graph\">{\"@context\":\"https:\/\/schema.org\",\"@graph\":[{\"@type\":\"Article\",\"@id\":\"https:\/\/portaltela.pt\/noticias\/2026\/02\/23\/vila-do-conde-regista-prejuizos-de-4-milhoes-de-euros-devido-ao-mau-tempo\/#article\",\"isPartOf\":{\"@id\":\"https:\/\/portaltela.pt\/noticias\/2026\/02\/23\/vila-do-conde-regista-prejuizos-de-4-milhoes-de-euros-devido-ao-mau-tempo\/\"},\"author\":{\"name\":\"Telinha\",\"@id\":\"https:\/\/portaltela.pt\/#\/schema\/person\/c4278d4a6028830caff9ee44b42d32ed\"},\"headline\":\"Vila do Conde regista preju\u00edzos de 4 milh\u00f5es de euros devido ao mau tempo\",\"datePublished\":\"2026-02-23T14:04:38+00:00\",\"mainEntityOfPage\":{\"@id\":\"https:\/\/portaltela.pt\/noticias\/2026\/02\/23\/vila-do-conde-regista-prejuizos-de-4-milhoes-de-euros-devido-ao-mau-tempo\/\"},\"wordCount\":300,\"image\":{\"@id\":\"https:\/\/portaltela.pt\/noticias\/2026\/02\/23\/vila-do-conde-regista-prejuizos-de-4-milhoes-de-euros-devido-ao-mau-tempo\/#primaryimage\"},\"thumbnailUrl\":\"https:\/\/portaltela.pt\/s.01k8rhncp4jt1\/2026\/02\/img_1500x1000uu2025-01-27-12-24-53-2190053-im-639074522542342408.jpg\",\"keywords\":[\"calamidades p\u00fablicas\",\"desastres\",\"infraestruturas\",\"inunda\u00e7\u00f5es\",\"preju\u00edzos\",\"Vila do Conde\"],\"articleSection\":[\"Not\u00edcias\"],\"inLanguage\":\"pt-PT\"},{\"@type\":\"WebPage\",\"@id\":\"https:\/\/portaltela.pt\/noticias\/2026\/02\/23\/vila-do-conde-regista-prejuizos-de-4-milhoes-de-euros-devido-ao-mau-tempo\/\",\"url\":\"https:\/\/portaltela.pt\/noticias\/2026\/02\/23\/vila-do-conde-regista-prejuizos-de-4-milhoes-de-euros-devido-ao-mau-tempo\/\",\"name\":\"Vila do Conde regista preju\u00edzos de 4 milh\u00f5es de euros devido ao mau tempo - Portal Tela Portugal\",\"isPartOf\":{\"@id\":\"https:\/\/portaltela.pt\/#website\"},\"primaryImageOfPage\":{\"@id\":\"https:\/\/portaltela.pt\/noticias\/2026\/02\/23\/vila-do-conde-regista-prejuizos-de-4-milhoes-de-euros-devido-ao-mau-tempo\/#primaryimage\"},\"image\":{\"@id\":\"https:\/\/portaltela.pt\/noticias\/2026\/02\/23\/vila-do-conde-regista-prejuizos-de-4-milhoes-de-euros-devido-ao-mau-tempo\/#primaryimage\"},\"thumbnailUrl\":\"https:\/\/portaltela.pt\/s.01k8rhncp4jt1\/2026\/02\/img_1500x1000uu2025-01-27-12-24-53-2190053-im-639074522542342408.jpg\",\"datePublished\":\"2026-02-23T14:04:38+00:00\",\"author\":{\"@id\":\"https:\/\/portaltela.pt\/#\/schema\/person\/c4278d4a6028830caff9ee44b42d32ed\"},\"breadcrumb\":{\"@id\":\"https:\/\/portaltela.pt\/noticias\/2026\/02\/23\/vila-do-conde-regista-prejuizos-de-4-milhoes-de-euros-devido-ao-mau-tempo\/#breadcrumb\"},\"inLanguage\":\"pt-PT\",\"potentialAction\":[{\"@type\":\"ReadAction\",\"target\":[\"https:\/\/portaltela.pt\/noticias\/2026\/02\/23\/vila-do-conde-regista-prejuizos-de-4-milhoes-de-euros-devido-ao-mau-tempo\/\"]}]},{\"@type\":\"ImageObject\",\"inLanguage\":\"pt-PT\",\"@id\":\"https:\/\/portaltela.pt\/noticias\/2026\/02\/23\/vila-do-conde-regista-prejuizos-de-4-milhoes-de-euros-devido-ao-mau-tempo\/#primaryimage\",\"url\":\"https:\/\/portaltela.pt\/s.01k8rhncp4jt1\/2026\/02\/img_1500x1000uu2025-01-27-12-24-53-2190053-im-639074522542342408.jpg\",\"contentUrl\":\"https:\/\/portaltela.pt\/s.01k8rhncp4jt1\/2026\/02\/img_1500x1000uu2025-01-27-12-24-53-2190053-im-639074522542342408.jpg\",\"width\":796,\"height\":448,\"caption\":\"Vila do Conde contabiliza 4 milh\u00f5es de euros de preju\u00edzos\"},{\"@type\":\"BreadcrumbList\",\"@id\":\"https:\/\/portaltela.pt\/noticias\/2026\/02\/23\/vila-do-conde-regista-prejuizos-de-4-milhoes-de-euros-devido-ao-mau-tempo\/#breadcrumb\",\"itemListElement\":[{\"@type\":\"ListItem\",\"position\":1,\"name\":\"In\u00edcio\",\"item\":\"https:\/\/portaltela.pt\/\"},{\"@type\":\"ListItem\",\"position\":2,\"name\":\"Vila do Conde regista preju\u00edzos de 4 milh\u00f5es de euros devido ao mau tempo\"}]},{\"@type\":\"WebSite\",\"@id\":\"https:\/\/portaltela.pt\/#website\",\"url\":\"https:\/\/portaltela.pt\/\",\"name\":\"Portal Tela Portugal\",\"description\":\"\",\"potentialAction\":[{\"@type\":\"SearchAction\",\"target\":{\"@type\":\"EntryPoint\",\"urlTemplate\":\"https:\/\/portaltela.pt\/?s={search_term_string}\"},\"query-input\":{\"@type\":\"PropertyValueSpecification\",\"valueRequired\":true,\"valueName\":\"search_term_string\"}}],\"inLanguage\":\"pt-PT\"},{\"@type\":\"Person\",\"@id\":\"https:\/\/portaltela.pt\/#\/schema\/person\/c4278d4a6028830caff9ee44b42d32ed\",\"name\":\"Telinha\",\"image\":{\"@type\":\"ImageObject\",\"inLanguage\":\"pt-PT\",\"@id\":\"https:\/\/portaltela.pt\/s.01k8rhncp4jt1\/2025\/11\/talking-bot-125x125.png\",\"url\":\"https:\/\/portaltela.pt\/s.01k8rhncp4jt1\/2025\/11\/talking-bot-125x125.png\",\"contentUrl\":\"https:\/\/portaltela.pt\/s.01k8rhncp4jt1\/2025\/11\/talking-bot-125x125.png\",\"caption\":\"Telinha\"},\"sameAs\":[\"https:\/\/portaltela.pt\/\"],\"url\":\"https:\/\/portaltela.pt\/por\/367410592786\/\"}]}<\/script>\n<!-- \/ Yoast SEO plugin. -->","yoast_head_json":{"title":"Vila do Conde regista preju\u00edzos de 4 milh\u00f5es de euros devido ao mau tempo - Portal Tela Portugal","robots":{"index":"index","follow":"follow","max-snippet":"max-snippet:-1","max-image-preview":"max-image-preview:large","max-video-preview":"max-video-preview:-1"},"og_locale":"pt_PT","og_type":"article","og_title":"Vila do Conde regista preju\u00edzos de 4 milh\u00f5es de euros devido ao mau tempo - Portal Tela Portugal","og_description":"A C\u00e2mara de Vila do Conde estima preju\u00edzos de cerca de quatro milh\u00f5es de euros causados pelas intemp\u00e9ries, desde novembro, com agravamento no in\u00edcio do ano. Em Modivas, as fortes chuvas levaram ao transbordo da ribeira da Lage, inundando doze habita\u00e7\u00f5es, com ru\u00ednas de muros e danos noutras vias. Este ano, na freguesia de \u00c1rvore houve habita\u00e7\u00f5es afetadas; em Vila Ch\u00e3 houve aluimento do passeio e do muro de conten\u00e7\u00e3o da marginal; na praia de Mindelo, a duna e os passadi\u00e7os ficaram danificados pela agita\u00e7\u00e3o mar\u00edtima. No centro de Vila do Conde, na Pra\u00e7a da Rep\u00fablica, registaram-se danos em muros, com problemas nas infraestruturas de prote\u00e7\u00e3o e na rede vi\u00e1ria ao longo do concelho. O presidente da c\u00e2mara, V\u00edtor Costa, pediu apoio do Governo para a reconstru\u00e7\u00e3o, mencionando que a situa\u00e7\u00e3o ultrapassa a capacidade de resposta do munic\u00edpio e j\u00e1 come\u00e7aram obras de recupera\u00e7\u00e3o com meios pr\u00f3prios.","og_url":"https:\/\/portaltela.pt\/noticias\/2026\/02\/23\/vila-do-conde-regista-prejuizos-de-4-milhoes-de-euros-devido-ao-mau-tempo\/","og_site_name":"Portal Tela Portugal","article_published_time":"2026-02-23T14:04:38+00:00","author":"Telinha","twitter_card":"summary_large_image","twitter_misc":{"Escrito por":"Telinha","Tempo estimado de leitura":"1 minuto"},"schema":{"@context":"https:\/\/schema.org","@graph":[{"@type":"Article","@id":"https:\/\/portaltela.pt\/noticias\/2026\/02\/23\/vila-do-conde-regista-prejuizos-de-4-milhoes-de-euros-devido-ao-mau-tempo\/#article","isPartOf":{"@id":"https:\/\/portaltela.pt\/noticias\/2026\/02\/23\/vila-do-conde-regista-prejuizos-de-4-milhoes-de-euros-devido-ao-mau-tempo\/"},"author":{"name":"Telinha","@id":"https:\/\/portaltela.pt\/#\/schema\/person\/c4278d4a6028830caff9ee44b42d32ed"},"headline":"Vila do Conde regista preju\u00edzos de 4 milh\u00f5es de euros devido ao mau tempo","datePublished":"2026-02-23T14:04:38+00:00","mainEntityOfPage":{"@id":"https:\/\/portaltela.pt\/noticias\/2026\/02\/23\/vila-do-conde-regista-prejuizos-de-4-milhoes-de-euros-devido-ao-mau-tempo\/"},"wordCount":300,"image":{"@id":"https:\/\/portaltela.pt\/noticias\/2026\/02\/23\/vila-do-conde-regista-prejuizos-de-4-milhoes-de-euros-devido-ao-mau-tempo\/#primaryimage"},"thumbnailUrl":"https:\/\/portaltela.pt\/s.01k8rhncp4jt1\/2026\/02\/img_1500x1000uu2025-01-27-12-24-53-2190053-im-639074522542342408.jpg","keywords":["calamidades p\u00fablicas","desastres","infraestruturas","inunda\u00e7\u00f5es","preju\u00edzos","Vila do Conde"],"articleSection":["Not\u00edcias"],"inLanguage":"pt-PT"},{"@type":"WebPage","@id":"https:\/\/portaltela.pt\/noticias\/2026\/02\/23\/vila-do-conde-regista-prejuizos-de-4-milhoes-de-euros-devido-ao-mau-tempo\/","url":"https:\/\/portaltela.pt\/noticias\/2026\/02\/23\/vila-do-conde-regista-prejuizos-de-4-milhoes-de-euros-devido-ao-mau-tempo\/","name":"Vila do Conde regista preju\u00edzos de 4 milh\u00f5es de euros devido ao mau tempo - Portal Tela Portugal","isPartOf":{"@id":"https:\/\/portaltela.pt\/#website"},"primaryImageOfPage":{"@id":"https:\/\/portaltela.pt\/noticias\/2026\/02\/23\/vila-do-conde-regista-prejuizos-de-4-milhoes-de-euros-devido-ao-mau-tempo\/#primaryimage"},"image":{"@id":"https:\/\/portaltela.pt\/noticias\/2026\/02\/23\/vila-do-conde-regista-prejuizos-de-4-milhoes-de-euros-devido-ao-mau-tempo\/#primaryimage"},"thumbnailUrl":"https:\/\/portaltela.pt\/s.01k8rhncp4jt1\/2026\/02\/img_1500x1000uu2025-01-27-12-24-53-2190053-im-639074522542342408.jpg","datePublished":"2026-02-23T14:04:38+00:00","author":{"@id":"https:\/\/portaltela.pt\/#\/schema\/person\/c4278d4a6028830caff9ee44b42d32ed"},"breadcrumb":{"@id":"https:\/\/portaltela.pt\/noticias\/2026\/02\/23\/vila-do-conde-regista-prejuizos-de-4-milhoes-de-euros-devido-ao-mau-tempo\/#breadcrumb"},"inLanguage":"pt-PT","potentialAction":[{"@type":"ReadAction","target":["https:\/\/portaltela.pt\/noticias\/2026\/02\/23\/vila-do-conde-regista-prejuizos-de-4-milhoes-de-euros-devido-ao-mau-tempo\/"]}]},{"@type":"ImageObject","inLanguage":"pt-PT","@id":"https:\/\/portaltela.pt\/noticias\/2026\/02\/23\/vila-do-conde-regista-prejuizos-de-4-milhoes-de-euros-devido-ao-mau-tempo\/#primaryimage","url":"https:\/\/portaltela.pt\/s.01k8rhncp4jt1\/2026\/02\/img_1500x1000uu2025-01-27-12-24-53-2190053-im-639074522542342408.jpg","contentUrl":"https:\/\/portaltela.pt\/s.01k8rhncp4jt1\/2026\/02\/img_1500x1000uu2025-01-27-12-24-53-2190053-im-639074522542342408.jpg","width":796,"height":448,"caption":"Vila do Conde contabiliza 4 milh\u00f5es de euros de preju\u00edzos"},{"@type":"BreadcrumbList","@id":"https:\/\/portaltela.pt\/noticias\/2026\/02\/23\/vila-do-conde-regista-prejuizos-de-4-milhoes-de-euros-devido-ao-mau-tempo\/#breadcrumb","itemListElement":[{"@type":"ListItem","position":1,"name":"In\u00edcio","item":"https:\/\/portaltela.pt\/"},{"@type":"ListItem","position":2,"name":"Vila do Conde regista preju\u00edzos de 4 milh\u00f5es de euros devido ao mau tempo"}]},{"@type":"WebSite","@id":"https:\/\/portaltela.pt\/#website","url":"https:\/\/portaltela.pt\/","name":"Portal Tela Portugal","description":"","potentialAction":[{"@type":"SearchAction","target":{"@type":"EntryPoint","urlTemplate":"https:\/\/portaltela.pt\/?s={search_term_string}"},"query-input":{"@type":"PropertyValueSpecification","valueRequired":true,"valueName":"search_term_string"}}],"inLanguage":"pt-PT"},{"@type":"Person","@id":"https:\/\/portaltela.pt\/#\/schema\/person\/c4278d4a6028830caff9ee44b42d32ed","name":"Telinha","image":{"@type":"ImageObject","inLanguage":"pt-PT","@id":"https:\/\/portaltela.pt\/s.01k8rhncp4jt1\/2025\/11\/talking-bot-125x125.png","url":"https:\/\/portaltela.pt\/s.01k8rhncp4jt1\/2025\/11\/talking-bot-125x125.png","contentUrl":"https:\/\/portaltela.pt\/s.01k8rhncp4jt1\/2025\/11\/talking-bot-125x125.png","caption":"Telinha"},"sameAs":["https:\/\/portaltela.pt\/"],"url":"https:\/\/portaltela.pt\/por\/367410592786\/"}]}},"_links":{"self":[{"href":"https:\/\/portaltela.pt\/api\/wp\/v2\/posts\/222877","targetHints":{"allow":["GET"]}}],"collection":[{"href":"https:\/\/portaltela.pt\/api\/wp\/v2\/posts"}],"about":[{"href":"https:\/\/portaltela.pt\/api\/wp\/v2\/types\/post"}],"author":[{"embeddable":true,"href":"https:\/\/portaltela.pt\/api\/wp\/v2\/users\/2"}],"replies":[{"embeddable":true,"href":"https:\/\/portaltela.pt\/api\/wp\/v2\/comments?post=222877"}],"version-history":[{"count":0,"href":"https:\/\/portaltela.pt\/api\/wp\/v2\/posts\/222877\/revisions"}],"wp:featuredmedia":[{"embeddable":true,"href":"https:\/\/portaltela.pt\/api\/wp\/v2\/media\/222879"}],"wp:attachment":[{"href":"https:\/\/portaltela.pt\/api\/wp\/v2\/media?parent=222877"}],"wp:term":[{"taxonomy":"category","embeddable":true,"href":"https:\/\/portaltela.pt\/api\/wp\/v2\/categories?post=222877"},{"taxonomy":"post_tag","embeddable":true,"href":"https:\/\/portaltela.pt\/api\/wp\/v2\/tags?post=222877"}],"curies":[{"name":"wp","href":"https:\/\/api.w.org\/{rel}","templated":true}]}}