{"id":222866,"date":"2026-02-23T11:05:13","date_gmt":"2026-02-23T14:05:13","guid":{"rendered":"https:\/\/portaltela.pt\/noticias\/2026\/02\/23\/sociedade-alerta-para-defice-de-proteina-em-algumas-doencas-respiratorias\/"},"modified":"2026-02-23T11:05:13","modified_gmt":"2026-02-23T14:05:13","slug":"sociedade-alerta-para-defice-de-proteina-em-algumas-doencas-respiratorias","status":"publish","type":"post","link":"https:\/\/portaltela.pt\/noticias\/2026\/02\/23\/sociedade-alerta-para-defice-de-proteina-em-algumas-doencas-respiratorias\/","title":{"rendered":"Sociedade alerta para d\u00e9fice de prote\u00edna em algumas doen\u00e7as respirat\u00f3rias"},"content":{"rendered":"<p>A alerta sobre o d\u00e9fice da prote\u00edna alfa-1 antitripsina surge como fator poss\u00edvel de doen\u00e7as respirat\u00f3rias graves. A prote\u00edna, produzida no f\u00edgado, protege os pulm\u00f5es da inflama\u00e7\u00e3o e da destrui\u00e7\u00e3o do tecido ao longo do tempo.<\/p>\n<p>Defici\u00eancia causada por altera\u00e7\u00f5es gen\u00e9ticas pode deixar os pulm\u00f5es mais vulner\u00e1veis e, em alguns casos, associar-se a doen\u00e7a hep\u00e1tica devido ao acumular da prote\u00edna defeituosa no f\u00edgado.<\/p>\n<p>Os sinais incluem falta de ar, tosse persistente e infe\u00e7\u00f5es respirat\u00f3rias frequentes, podendo ocorrer mesmo sem fatores de risco tradicionais. O diagn\u00f3stico precoce pode alterar o progn\u00f3stico.<\/p>\n<h3>Contexto cl\u00ednico<\/h3>\n<p>A Sociedade Portuguesa de Pneumologia descreve a condi\u00e7\u00e3o como relativamente simples de diagnosticar, mas pouco testada na pr\u00e1tica, o que contribui para atrasos no diagn\u00f3stico. A falta de testes leva a atrasos no tratamento.<\/p>\n<p>Teresa Martin enfatiza que a terap\u00eautica espec\u00edfica pode ter benef\u00edcio significativo quando iniciada precocemente, embora nem todos os pacientes a partilhem nem em fases muito iniciais.<\/p>\n<p>Per as recomenda\u00e7\u00f5es nacionais e internacionais, devem ser testados todos os doentes com DPOC, enfisema precoce, asma de dif\u00edcil controlo e familiares de pessoas com d\u00e9fice alfa-1 antitripsina.<\/p>\n","protected":false},"excerpt":{"rendered":"<ul>\n<li>O d\u00e9fice da prote\u00edna alfa-1 antitripsina, produzida pelo f\u00edgado, pode originar doen\u00e7as respirat\u00f3rias graves como DPOC e enfisema.<\/li>\n<li>O reconhecimento da condi\u00e7\u00e3o \u00e9 o principal desafio: ainda \u00e9 pouco testada, o que provoca atrasos no diagn\u00f3stico.<\/li>\n<li>A prote\u00edna protege os pulm\u00f5es; quando est\u00e1 ausente ou em n\u00edveis baixos, os pulm\u00f5es ficam mais vulner\u00e1veis a les\u00f5es ao longo do tempo.<\/li>\n<li>Alertas incluem falta de ar, tosse persistente e infe\u00e7\u00f5es respirat\u00f3rias frequentes, mesmo em n\u00e3o fumadores ou sem fatores de risco expl\u00edcitos.<\/li>\n<li>Recomenda\u00e7\u00e3o: todos os doentes com DPOC, enfisema precoce, asma de dif\u00edcil controlo e familiares de pessoas com d\u00e9fice devem ser testados; h\u00e1 terap\u00eautica espec\u00edfica, cujo benef\u00edcio \u00e9 maior se iniciada precocemente.<\/li>\n<\/ul>\n","protected":false},"author":2,"featured_media":222868,"comment_status":"closed","ping_status":"closed","sticky":false,"template":"","format":"standard","meta":{"footnotes":""},"categories":[1],"tags":[2805,5723,6282,2628,1861,271],"class_list":["post-222866","post","type-post","status-publish","format-standard","has-post-thumbnail","hentry","category-noticias","tag-diagnostico","tag-doenca","tag-doentes","tag-genetica","tag-pneumologia","tag-saude-publica"],"yoast_head":"<!-- This site is optimized with the Yoast SEO plugin v27.2 - https:\/\/yoast.com\/product\/yoast-seo-wordpress\/ -->\n<title>Sociedade alerta para d\u00e9fice de prote\u00edna em algumas doen\u00e7as respirat\u00f3rias - Portal Tela Portugal<\/title>\n<meta name=\"robots\" content=\"index, follow, max-snippet:-1, max-image-preview:large, max-video-preview:-1\" \/>\n<meta property=\"og:locale\" content=\"pt_PT\" \/>\n<meta property=\"og:type\" content=\"article\" \/>\n<meta property=\"og:title\" content=\"Sociedade alerta para d\u00e9fice de prote\u00edna em algumas doen\u00e7as respirat\u00f3rias - Portal Tela Portugal\" \/>\n<meta property=\"og:description\" content=\"O d\u00e9fice da prote\u00edna alfa-1 antitripsina, produzida pelo f\u00edgado, pode originar doen\u00e7as respirat\u00f3rias graves como DPOC e enfisema. O reconhecimento da condi\u00e7\u00e3o \u00e9 o principal desafio: ainda \u00e9 pouco testada, o que provoca atrasos no diagn\u00f3stico. A prote\u00edna protege os pulm\u00f5es; quando est\u00e1 ausente ou em n\u00edveis baixos, os pulm\u00f5es ficam mais vulner\u00e1veis a les\u00f5es ao longo do tempo. Alertas incluem falta de ar, tosse persistente e infe\u00e7\u00f5es respirat\u00f3rias frequentes, mesmo em n\u00e3o fumadores ou sem fatores de risco expl\u00edcitos. Recomenda\u00e7\u00e3o: todos os doentes com DPOC, enfisema precoce, asma de dif\u00edcil controlo e familiares de pessoas com d\u00e9fice devem ser testados; h\u00e1 terap\u00eautica espec\u00edfica, cujo benef\u00edcio \u00e9 maior se iniciada precocemente.\" \/>\n<meta property=\"og:url\" content=\"https:\/\/portaltela.pt\/noticias\/2026\/02\/23\/sociedade-alerta-para-defice-de-proteina-em-algumas-doencas-respiratorias\/\" \/>\n<meta property=\"og:site_name\" content=\"Portal Tela Portugal\" \/>\n<meta property=\"article:published_time\" content=\"2026-02-23T14:05:13+00:00\" \/>\n<meta name=\"author\" content=\"Telinha\" \/>\n<meta name=\"twitter:card\" content=\"summary_large_image\" \/>\n<meta name=\"twitter:label1\" content=\"Escrito por\" \/>\n\t<meta name=\"twitter:data1\" content=\"Telinha\" \/>\n\t<meta name=\"twitter:label2\" content=\"Tempo estimado de leitura\" \/>\n\t<meta name=\"twitter:data2\" content=\"1 minuto\" \/>\n<script type=\"application\/ld+json\" class=\"yoast-schema-graph\">{\"@context\":\"https:\/\/schema.org\",\"@graph\":[{\"@type\":\"Article\",\"@id\":\"https:\/\/portaltela.pt\/noticias\/2026\/02\/23\/sociedade-alerta-para-defice-de-proteina-em-algumas-doencas-respiratorias\/#article\",\"isPartOf\":{\"@id\":\"https:\/\/portaltela.pt\/noticias\/2026\/02\/23\/sociedade-alerta-para-defice-de-proteina-em-algumas-doencas-respiratorias\/\"},\"author\":{\"name\":\"Telinha\",\"@id\":\"https:\/\/portaltela.pt\/#\/schema\/person\/c4278d4a6028830caff9ee44b42d32ed\"},\"headline\":\"Sociedade alerta para d\u00e9fice de prote\u00edna em algumas doen\u00e7as respirat\u00f3rias\",\"datePublished\":\"2026-02-23T14:05:13+00:00\",\"mainEntityOfPage\":{\"@id\":\"https:\/\/portaltela.pt\/noticias\/2026\/02\/23\/sociedade-alerta-para-defice-de-proteina-em-algumas-doencas-respiratorias\/\"},\"wordCount\":227,\"image\":{\"@id\":\"https:\/\/portaltela.pt\/noticias\/2026\/02\/23\/sociedade-alerta-para-defice-de-proteina-em-algumas-doencas-respiratorias\/#primaryimage\"},\"thumbnailUrl\":\"https:\/\/portaltela.pt\/s.01k8rhncp4jt1\/2026\/02\/img_1500x1000uu2014-03-04-09-30-00-96354.jpg\",\"keywords\":[\"diagn\u00f3stico\",\"doen\u00e7a\",\"doentes\",\"gen\u00e9tica\",\"pneumologia\",\"sa\u00fade p\u00fablica\"],\"articleSection\":[\"Not\u00edcias\"],\"inLanguage\":\"pt-PT\"},{\"@type\":\"WebPage\",\"@id\":\"https:\/\/portaltela.pt\/noticias\/2026\/02\/23\/sociedade-alerta-para-defice-de-proteina-em-algumas-doencas-respiratorias\/\",\"url\":\"https:\/\/portaltela.pt\/noticias\/2026\/02\/23\/sociedade-alerta-para-defice-de-proteina-em-algumas-doencas-respiratorias\/\",\"name\":\"Sociedade alerta para d\u00e9fice de prote\u00edna em algumas doen\u00e7as respirat\u00f3rias - Portal Tela Portugal\",\"isPartOf\":{\"@id\":\"https:\/\/portaltela.pt\/#website\"},\"primaryImageOfPage\":{\"@id\":\"https:\/\/portaltela.pt\/noticias\/2026\/02\/23\/sociedade-alerta-para-defice-de-proteina-em-algumas-doencas-respiratorias\/#primaryimage\"},\"image\":{\"@id\":\"https:\/\/portaltela.pt\/noticias\/2026\/02\/23\/sociedade-alerta-para-defice-de-proteina-em-algumas-doencas-respiratorias\/#primaryimage\"},\"thumbnailUrl\":\"https:\/\/portaltela.pt\/s.01k8rhncp4jt1\/2026\/02\/img_1500x1000uu2014-03-04-09-30-00-96354.jpg\",\"datePublished\":\"2026-02-23T14:05:13+00:00\",\"author\":{\"@id\":\"https:\/\/portaltela.pt\/#\/schema\/person\/c4278d4a6028830caff9ee44b42d32ed\"},\"breadcrumb\":{\"@id\":\"https:\/\/portaltela.pt\/noticias\/2026\/02\/23\/sociedade-alerta-para-defice-de-proteina-em-algumas-doencas-respiratorias\/#breadcrumb\"},\"inLanguage\":\"pt-PT\",\"potentialAction\":[{\"@type\":\"ReadAction\",\"target\":[\"https:\/\/portaltela.pt\/noticias\/2026\/02\/23\/sociedade-alerta-para-defice-de-proteina-em-algumas-doencas-respiratorias\/\"]}]},{\"@type\":\"ImageObject\",\"inLanguage\":\"pt-PT\",\"@id\":\"https:\/\/portaltela.pt\/noticias\/2026\/02\/23\/sociedade-alerta-para-defice-de-proteina-em-algumas-doencas-respiratorias\/#primaryimage\",\"url\":\"https:\/\/portaltela.pt\/s.01k8rhncp4jt1\/2026\/02\/img_1500x1000uu2014-03-04-09-30-00-96354.jpg\",\"contentUrl\":\"https:\/\/portaltela.pt\/s.01k8rhncp4jt1\/2026\/02\/img_1500x1000uu2014-03-04-09-30-00-96354.jpg\",\"width\":796,\"height\":448,\"caption\":\"Doen\u00e7as respirat\u00f3rias\"},{\"@type\":\"BreadcrumbList\",\"@id\":\"https:\/\/portaltela.pt\/noticias\/2026\/02\/23\/sociedade-alerta-para-defice-de-proteina-em-algumas-doencas-respiratorias\/#breadcrumb\",\"itemListElement\":[{\"@type\":\"ListItem\",\"position\":1,\"name\":\"In\u00edcio\",\"item\":\"https:\/\/portaltela.pt\/\"},{\"@type\":\"ListItem\",\"position\":2,\"name\":\"Sociedade alerta para d\u00e9fice de prote\u00edna em algumas doen\u00e7as respirat\u00f3rias\"}]},{\"@type\":\"WebSite\",\"@id\":\"https:\/\/portaltela.pt\/#website\",\"url\":\"https:\/\/portaltela.pt\/\",\"name\":\"Portal Tela Portugal\",\"description\":\"\",\"potentialAction\":[{\"@type\":\"SearchAction\",\"target\":{\"@type\":\"EntryPoint\",\"urlTemplate\":\"https:\/\/portaltela.pt\/?s={search_term_string}\"},\"query-input\":{\"@type\":\"PropertyValueSpecification\",\"valueRequired\":true,\"valueName\":\"search_term_string\"}}],\"inLanguage\":\"pt-PT\"},{\"@type\":\"Person\",\"@id\":\"https:\/\/portaltela.pt\/#\/schema\/person\/c4278d4a6028830caff9ee44b42d32ed\",\"name\":\"Telinha\",\"image\":{\"@type\":\"ImageObject\",\"inLanguage\":\"pt-PT\",\"@id\":\"https:\/\/portaltela.pt\/s.01k8rhncp4jt1\/2025\/11\/talking-bot-125x125.png\",\"url\":\"https:\/\/portaltela.pt\/s.01k8rhncp4jt1\/2025\/11\/talking-bot-125x125.png\",\"contentUrl\":\"https:\/\/portaltela.pt\/s.01k8rhncp4jt1\/2025\/11\/talking-bot-125x125.png\",\"caption\":\"Telinha\"},\"sameAs\":[\"https:\/\/portaltela.pt\/\"],\"url\":\"https:\/\/portaltela.pt\/por\/367410592786\/\"}]}<\/script>\n<!-- \/ Yoast SEO plugin. -->","yoast_head_json":{"title":"Sociedade alerta para d\u00e9fice de prote\u00edna em algumas doen\u00e7as respirat\u00f3rias - Portal Tela Portugal","robots":{"index":"index","follow":"follow","max-snippet":"max-snippet:-1","max-image-preview":"max-image-preview:large","max-video-preview":"max-video-preview:-1"},"og_locale":"pt_PT","og_type":"article","og_title":"Sociedade alerta para d\u00e9fice de prote\u00edna em algumas doen\u00e7as respirat\u00f3rias - Portal Tela Portugal","og_description":"O d\u00e9fice da prote\u00edna alfa-1 antitripsina, produzida pelo f\u00edgado, pode originar doen\u00e7as respirat\u00f3rias graves como DPOC e enfisema. O reconhecimento da condi\u00e7\u00e3o \u00e9 o principal desafio: ainda \u00e9 pouco testada, o que provoca atrasos no diagn\u00f3stico. A prote\u00edna protege os pulm\u00f5es; quando est\u00e1 ausente ou em n\u00edveis baixos, os pulm\u00f5es ficam mais vulner\u00e1veis a les\u00f5es ao longo do tempo. Alertas incluem falta de ar, tosse persistente e infe\u00e7\u00f5es respirat\u00f3rias frequentes, mesmo em n\u00e3o fumadores ou sem fatores de risco expl\u00edcitos. Recomenda\u00e7\u00e3o: todos os doentes com DPOC, enfisema precoce, asma de dif\u00edcil controlo e familiares de pessoas com d\u00e9fice devem ser testados; h\u00e1 terap\u00eautica espec\u00edfica, cujo benef\u00edcio \u00e9 maior se iniciada precocemente.","og_url":"https:\/\/portaltela.pt\/noticias\/2026\/02\/23\/sociedade-alerta-para-defice-de-proteina-em-algumas-doencas-respiratorias\/","og_site_name":"Portal Tela Portugal","article_published_time":"2026-02-23T14:05:13+00:00","author":"Telinha","twitter_card":"summary_large_image","twitter_misc":{"Escrito por":"Telinha","Tempo estimado de leitura":"1 minuto"},"schema":{"@context":"https:\/\/schema.org","@graph":[{"@type":"Article","@id":"https:\/\/portaltela.pt\/noticias\/2026\/02\/23\/sociedade-alerta-para-defice-de-proteina-em-algumas-doencas-respiratorias\/#article","isPartOf":{"@id":"https:\/\/portaltela.pt\/noticias\/2026\/02\/23\/sociedade-alerta-para-defice-de-proteina-em-algumas-doencas-respiratorias\/"},"author":{"name":"Telinha","@id":"https:\/\/portaltela.pt\/#\/schema\/person\/c4278d4a6028830caff9ee44b42d32ed"},"headline":"Sociedade alerta para d\u00e9fice de prote\u00edna em algumas doen\u00e7as respirat\u00f3rias","datePublished":"2026-02-23T14:05:13+00:00","mainEntityOfPage":{"@id":"https:\/\/portaltela.pt\/noticias\/2026\/02\/23\/sociedade-alerta-para-defice-de-proteina-em-algumas-doencas-respiratorias\/"},"wordCount":227,"image":{"@id":"https:\/\/portaltela.pt\/noticias\/2026\/02\/23\/sociedade-alerta-para-defice-de-proteina-em-algumas-doencas-respiratorias\/#primaryimage"},"thumbnailUrl":"https:\/\/portaltela.pt\/s.01k8rhncp4jt1\/2026\/02\/img_1500x1000uu2014-03-04-09-30-00-96354.jpg","keywords":["diagn\u00f3stico","doen\u00e7a","doentes","gen\u00e9tica","pneumologia","sa\u00fade p\u00fablica"],"articleSection":["Not\u00edcias"],"inLanguage":"pt-PT"},{"@type":"WebPage","@id":"https:\/\/portaltela.pt\/noticias\/2026\/02\/23\/sociedade-alerta-para-defice-de-proteina-em-algumas-doencas-respiratorias\/","url":"https:\/\/portaltela.pt\/noticias\/2026\/02\/23\/sociedade-alerta-para-defice-de-proteina-em-algumas-doencas-respiratorias\/","name":"Sociedade alerta para d\u00e9fice de prote\u00edna em algumas doen\u00e7as respirat\u00f3rias - Portal Tela Portugal","isPartOf":{"@id":"https:\/\/portaltela.pt\/#website"},"primaryImageOfPage":{"@id":"https:\/\/portaltela.pt\/noticias\/2026\/02\/23\/sociedade-alerta-para-defice-de-proteina-em-algumas-doencas-respiratorias\/#primaryimage"},"image":{"@id":"https:\/\/portaltela.pt\/noticias\/2026\/02\/23\/sociedade-alerta-para-defice-de-proteina-em-algumas-doencas-respiratorias\/#primaryimage"},"thumbnailUrl":"https:\/\/portaltela.pt\/s.01k8rhncp4jt1\/2026\/02\/img_1500x1000uu2014-03-04-09-30-00-96354.jpg","datePublished":"2026-02-23T14:05:13+00:00","author":{"@id":"https:\/\/portaltela.pt\/#\/schema\/person\/c4278d4a6028830caff9ee44b42d32ed"},"breadcrumb":{"@id":"https:\/\/portaltela.pt\/noticias\/2026\/02\/23\/sociedade-alerta-para-defice-de-proteina-em-algumas-doencas-respiratorias\/#breadcrumb"},"inLanguage":"pt-PT","potentialAction":[{"@type":"ReadAction","target":["https:\/\/portaltela.pt\/noticias\/2026\/02\/23\/sociedade-alerta-para-defice-de-proteina-em-algumas-doencas-respiratorias\/"]}]},{"@type":"ImageObject","inLanguage":"pt-PT","@id":"https:\/\/portaltela.pt\/noticias\/2026\/02\/23\/sociedade-alerta-para-defice-de-proteina-em-algumas-doencas-respiratorias\/#primaryimage","url":"https:\/\/portaltela.pt\/s.01k8rhncp4jt1\/2026\/02\/img_1500x1000uu2014-03-04-09-30-00-96354.jpg","contentUrl":"https:\/\/portaltela.pt\/s.01k8rhncp4jt1\/2026\/02\/img_1500x1000uu2014-03-04-09-30-00-96354.jpg","width":796,"height":448,"caption":"Doen\u00e7as respirat\u00f3rias"},{"@type":"BreadcrumbList","@id":"https:\/\/portaltela.pt\/noticias\/2026\/02\/23\/sociedade-alerta-para-defice-de-proteina-em-algumas-doencas-respiratorias\/#breadcrumb","itemListElement":[{"@type":"ListItem","position":1,"name":"In\u00edcio","item":"https:\/\/portaltela.pt\/"},{"@type":"ListItem","position":2,"name":"Sociedade alerta para d\u00e9fice de prote\u00edna em algumas doen\u00e7as respirat\u00f3rias"}]},{"@type":"WebSite","@id":"https:\/\/portaltela.pt\/#website","url":"https:\/\/portaltela.pt\/","name":"Portal Tela Portugal","description":"","potentialAction":[{"@type":"SearchAction","target":{"@type":"EntryPoint","urlTemplate":"https:\/\/portaltela.pt\/?s={search_term_string}"},"query-input":{"@type":"PropertyValueSpecification","valueRequired":true,"valueName":"search_term_string"}}],"inLanguage":"pt-PT"},{"@type":"Person","@id":"https:\/\/portaltela.pt\/#\/schema\/person\/c4278d4a6028830caff9ee44b42d32ed","name":"Telinha","image":{"@type":"ImageObject","inLanguage":"pt-PT","@id":"https:\/\/portaltela.pt\/s.01k8rhncp4jt1\/2025\/11\/talking-bot-125x125.png","url":"https:\/\/portaltela.pt\/s.01k8rhncp4jt1\/2025\/11\/talking-bot-125x125.png","contentUrl":"https:\/\/portaltela.pt\/s.01k8rhncp4jt1\/2025\/11\/talking-bot-125x125.png","caption":"Telinha"},"sameAs":["https:\/\/portaltela.pt\/"],"url":"https:\/\/portaltela.pt\/por\/367410592786\/"}]}},"_links":{"self":[{"href":"https:\/\/portaltela.pt\/api\/wp\/v2\/posts\/222866","targetHints":{"allow":["GET"]}}],"collection":[{"href":"https:\/\/portaltela.pt\/api\/wp\/v2\/posts"}],"about":[{"href":"https:\/\/portaltela.pt\/api\/wp\/v2\/types\/post"}],"author":[{"embeddable":true,"href":"https:\/\/portaltela.pt\/api\/wp\/v2\/users\/2"}],"replies":[{"embeddable":true,"href":"https:\/\/portaltela.pt\/api\/wp\/v2\/comments?post=222866"}],"version-history":[{"count":0,"href":"https:\/\/portaltela.pt\/api\/wp\/v2\/posts\/222866\/revisions"}],"wp:featuredmedia":[{"embeddable":true,"href":"https:\/\/portaltela.pt\/api\/wp\/v2\/media\/222868"}],"wp:attachment":[{"href":"https:\/\/portaltela.pt\/api\/wp\/v2\/media?parent=222866"}],"wp:term":[{"taxonomy":"category","embeddable":true,"href":"https:\/\/portaltela.pt\/api\/wp\/v2\/categories?post=222866"},{"taxonomy":"post_tag","embeddable":true,"href":"https:\/\/portaltela.pt\/api\/wp\/v2\/tags?post=222866"}],"curies":[{"name":"wp","href":"https:\/\/api.w.org\/{rel}","templated":true}]}}