{"id":222860,"date":"2026-02-23T10:52:40","date_gmt":"2026-02-23T13:52:40","guid":{"rendered":"https:\/\/portaltela.pt\/noticias\/2026\/02\/23\/desemprego-nos-centros-de-emprego-cai-111-em-janeiro\/"},"modified":"2026-02-23T10:52:40","modified_gmt":"2026-02-23T13:52:40","slug":"desemprego-nos-centros-de-emprego-cai-111-em-janeiro","status":"publish","type":"post","link":"https:\/\/portaltela.pt\/noticias\/2026\/02\/23\/desemprego-nos-centros-de-emprego-cai-111-em-janeiro\/","title":{"rendered":"Desemprego nos centros de emprego cai 11,1% em janeiro"},"content":{"rendered":"<p>O Instituto do Emprego e Forma\u00e7\u00e3o Profissional (IEFP) informou que o desemprego nos centros de emprego caiu 11,1% em janeiro, em termos hom\u00f3logos. No final do m\u00eas, estavam registadas 310.708 pessoas desempregadas.<\/p>\n<p>O total de pedidos de emprego no continente e nas regi\u00f5es aut\u00f3nomas era de 449.423, com 69,1% desse total a corresponder a desempregados. O n\u00famero \u00e9 38.360 menos do que em janeiro de 2025.<\/p>\n<p>A compara\u00e7\u00e3o mensal mostra um aumento de 11.285 inscritos face a dezembro, indicando varia\u00e7\u00e3o em cadeia no in\u00edcio do ano. Em termos de perfil, destacaram-se trabalhadores n\u00e3o qualificados, servi\u00e7os pessoais, especialistas de \u00e1reas intelectuais e o pessoal administrativo.<\/p>\n<h3>Perfil dos desempregados<\/h3>\n<p>Os grupos mais representativos no territ\u00f3rio continental foram: trabalhadores n\u00e3o qualificados (30,1%), servi\u00e7os pessoais, prote\u00e7\u00e3o, seguran\u00e7a e vendedores (20,2%), especialistas de atividades intelectuais e cient\u00edficas (10,5%), e o pessoal administrativo (10,2%).<\/p>\n<p>Em dezembro, o IEFP registou a maior descida hom\u00f3loga do desemprego na Madeira, com menos 13,9%. Este dado complementa a leitura sobre varia\u00e7\u00f5es regionais no \u00faltimo m\u00eas.<\/p>\n<h3>Ofertas e coloca\u00e7\u00f5es<\/h3>\n<p>As ofertas de emprego recebidas em janeiro somaram 11.753, menos 0,9% face ao mesmo m\u00eas de 2025, mas mais do que o dobro face a dezembro (104,6%). Ao fim do m\u00eas, havia 11.451 ofertas por satisfazer, mais 3,5% face a janeiro do ano anterior.<\/p>\n<p>As coloca\u00e7\u00f5es realizadas no m\u00eas ascenderam a 6.883, abaixo em 11,4% em rela\u00e7\u00e3o a janeiro de 2025, mas acima em 48,7% face a dezembro.<\/p>\n","protected":false},"excerpt":{"rendered":"<ul>\n<li>Em janeiro, o n\u00famero de desempregados inscritos nos centros de emprego caiu 11,1% em rela\u00e7\u00e3o a igual m\u00eas de 2025; subiu 3,8% face a dezembro, existindo 310.708 pessoas registadas no continente e regi\u00f5es aut\u00f3nomas, correspondentes a 69,1% de 449.423 pedidos de emprego.<\/li>\n<li>O total de desempregados em janeiro ficou 38.360 abaixo do valor de janeiro de 2025, com maiores descidas entre os inscritos h\u00e1 menos de 12 meses (-29.381), os que procuram novo emprego (-31.449) e os maiores de 25 anos (-28.922).<\/li>\n<li>Em compara\u00e7\u00e3o com dezembro, janeiro teve mais 11.285 pessoas inscritas nos centros de emprego.<\/li>\n<li>Entre os grupos profissionais, destacaram\u2011se: trabalhadores n\u00e3o qualificados (30,1%), trabalhadores dos servi\u00e7os pessoais, de prote\u00e7\u00e3o, seguran\u00e7a e vendedores (20,2%), especialistas das atividades intelectuais e cient\u00edficas (10,5%) e pessoal administrativo (10,2%).<\/li>\n<li>Em janeiro, o n\u00famero de ofertas de emprego recebidas foi de 11.753, menos 0,9% do que no mesmo m\u00eas do ano anterior, mas mais do que o dobro de dezembro (104,6%); havia 11.451 ofertas de emprego por satisfazer (+3,5% vs 2024); as coloca\u00e7\u00f5es realizadas totalizaram 6.883, menos 11,4% que no per\u00edodo hom\u00f3logo, mas +48,7% face a dezembro.<\/li>\n<\/ul>\n","protected":false},"author":2,"featured_media":222864,"comment_status":"closed","ping_status":"closed","sticky":false,"template":"","format":"standard","meta":{"footnotes":""},"categories":[1],"tags":[820,28,1006,4352,859,1014],"class_list":["post-222860","post","type-post","status-publish","format-standard","has-post-thumbnail","hentry","category-noticias","tag-desemprego","tag-economia","tag-emprego","tag-iefp","tag-madeira","tag-portugal"],"yoast_head":"<!-- This site is optimized with the Yoast SEO plugin v27.2 - https:\/\/yoast.com\/product\/yoast-seo-wordpress\/ -->\n<title>Desemprego nos centros de emprego cai 11,1% em janeiro - Portal Tela Portugal<\/title>\n<meta name=\"robots\" content=\"index, follow, max-snippet:-1, max-image-preview:large, max-video-preview:-1\" \/>\n<meta property=\"og:locale\" content=\"pt_PT\" \/>\n<meta property=\"og:type\" content=\"article\" \/>\n<meta property=\"og:title\" content=\"Desemprego nos centros de emprego cai 11,1% em janeiro - Portal Tela Portugal\" \/>\n<meta property=\"og:description\" content=\"Em janeiro, o n\u00famero de desempregados inscritos nos centros de emprego caiu 11,1% em rela\u00e7\u00e3o a igual m\u00eas de 2025; subiu 3,8% face a dezembro, existindo 310.708 pessoas registadas no continente e regi\u00f5es aut\u00f3nomas, correspondentes a 69,1% de 449.423 pedidos de emprego. O total de desempregados em janeiro ficou 38.360 abaixo do valor de janeiro de 2025, com maiores descidas entre os inscritos h\u00e1 menos de 12 meses (-29.381), os que procuram novo emprego (-31.449) e os maiores de 25 anos (-28.922). Em compara\u00e7\u00e3o com dezembro, janeiro teve mais 11.285 pessoas inscritas nos centros de emprego. Entre os grupos profissionais, destacaram\u2011se: trabalhadores n\u00e3o qualificados (30,1%), trabalhadores dos servi\u00e7os pessoais, de prote\u00e7\u00e3o, seguran\u00e7a e vendedores (20,2%), especialistas das atividades intelectuais e cient\u00edficas (10,5%) e pessoal administrativo (10,2%). Em janeiro, o n\u00famero de ofertas de emprego recebidas foi de 11.753, menos 0,9% do que no mesmo m\u00eas do ano anterior, mas mais do que o dobro de dezembro (104,6%); havia 11.451 ofertas de emprego por satisfazer (+3,5% vs 2024); as coloca\u00e7\u00f5es realizadas totalizaram 6.883, menos 11,4% que no per\u00edodo hom\u00f3logo, mas +48,7% face a dezembro.\" \/>\n<meta property=\"og:url\" content=\"https:\/\/portaltela.pt\/noticias\/2026\/02\/23\/desemprego-nos-centros-de-emprego-cai-111-em-janeiro\/\" \/>\n<meta property=\"og:site_name\" content=\"Portal Tela Portugal\" \/>\n<meta property=\"article:published_time\" content=\"2026-02-23T13:52:40+00:00\" \/>\n<meta name=\"author\" content=\"Telinha\" \/>\n<meta name=\"twitter:card\" content=\"summary_large_image\" \/>\n<meta name=\"twitter:label1\" content=\"Escrito por\" \/>\n\t<meta name=\"twitter:data1\" content=\"Telinha\" \/>\n\t<meta name=\"twitter:label2\" content=\"Tempo estimado de leitura\" \/>\n\t<meta name=\"twitter:data2\" content=\"1 minuto\" \/>\n<script type=\"application\/ld+json\" class=\"yoast-schema-graph\">{\"@context\":\"https:\/\/schema.org\",\"@graph\":[{\"@type\":\"Article\",\"@id\":\"https:\/\/portaltela.pt\/noticias\/2026\/02\/23\/desemprego-nos-centros-de-emprego-cai-111-em-janeiro\/#article\",\"isPartOf\":{\"@id\":\"https:\/\/portaltela.pt\/noticias\/2026\/02\/23\/desemprego-nos-centros-de-emprego-cai-111-em-janeiro\/\"},\"author\":{\"name\":\"Telinha\",\"@id\":\"https:\/\/portaltela.pt\/#\/schema\/person\/c4278d4a6028830caff9ee44b42d32ed\"},\"headline\":\"Desemprego nos centros de emprego cai 11,1% em janeiro\",\"datePublished\":\"2026-02-23T13:52:40+00:00\",\"mainEntityOfPage\":{\"@id\":\"https:\/\/portaltela.pt\/noticias\/2026\/02\/23\/desemprego-nos-centros-de-emprego-cai-111-em-janeiro\/\"},\"wordCount\":247,\"image\":{\"@id\":\"https:\/\/portaltela.pt\/noticias\/2026\/02\/23\/desemprego-nos-centros-de-emprego-cai-111-em-janeiro\/#primaryimage\"},\"thumbnailUrl\":\"https:\/\/portaltela.pt\/s.01k8rhncp4jt1\/2026\/02\/img_1500x1000uu2023-02-20-20-26-26-1284600.jpg\",\"keywords\":[\"desemprego\",\"economia\",\"emprego\",\"IEFP\",\"Madeira\",\"Portugal\"],\"articleSection\":[\"Not\u00edcias\"],\"inLanguage\":\"pt-PT\"},{\"@type\":\"WebPage\",\"@id\":\"https:\/\/portaltela.pt\/noticias\/2026\/02\/23\/desemprego-nos-centros-de-emprego-cai-111-em-janeiro\/\",\"url\":\"https:\/\/portaltela.pt\/noticias\/2026\/02\/23\/desemprego-nos-centros-de-emprego-cai-111-em-janeiro\/\",\"name\":\"Desemprego nos centros de emprego cai 11,1% em janeiro - Portal Tela Portugal\",\"isPartOf\":{\"@id\":\"https:\/\/portaltela.pt\/#website\"},\"primaryImageOfPage\":{\"@id\":\"https:\/\/portaltela.pt\/noticias\/2026\/02\/23\/desemprego-nos-centros-de-emprego-cai-111-em-janeiro\/#primaryimage\"},\"image\":{\"@id\":\"https:\/\/portaltela.pt\/noticias\/2026\/02\/23\/desemprego-nos-centros-de-emprego-cai-111-em-janeiro\/#primaryimage\"},\"thumbnailUrl\":\"https:\/\/portaltela.pt\/s.01k8rhncp4jt1\/2026\/02\/img_1500x1000uu2023-02-20-20-26-26-1284600.jpg\",\"datePublished\":\"2026-02-23T13:52:40+00:00\",\"author\":{\"@id\":\"https:\/\/portaltela.pt\/#\/schema\/person\/c4278d4a6028830caff9ee44b42d32ed\"},\"breadcrumb\":{\"@id\":\"https:\/\/portaltela.pt\/noticias\/2026\/02\/23\/desemprego-nos-centros-de-emprego-cai-111-em-janeiro\/#breadcrumb\"},\"inLanguage\":\"pt-PT\",\"potentialAction\":[{\"@type\":\"ReadAction\",\"target\":[\"https:\/\/portaltela.pt\/noticias\/2026\/02\/23\/desemprego-nos-centros-de-emprego-cai-111-em-janeiro\/\"]}]},{\"@type\":\"ImageObject\",\"inLanguage\":\"pt-PT\",\"@id\":\"https:\/\/portaltela.pt\/noticias\/2026\/02\/23\/desemprego-nos-centros-de-emprego-cai-111-em-janeiro\/#primaryimage\",\"url\":\"https:\/\/portaltela.pt\/s.01k8rhncp4jt1\/2026\/02\/img_1500x1000uu2023-02-20-20-26-26-1284600.jpg\",\"contentUrl\":\"https:\/\/portaltela.pt\/s.01k8rhncp4jt1\/2026\/02\/img_1500x1000uu2023-02-20-20-26-26-1284600.jpg\",\"width\":796,\"height\":448,\"caption\":\"Centro de emprego, IEFP\"},{\"@type\":\"BreadcrumbList\",\"@id\":\"https:\/\/portaltela.pt\/noticias\/2026\/02\/23\/desemprego-nos-centros-de-emprego-cai-111-em-janeiro\/#breadcrumb\",\"itemListElement\":[{\"@type\":\"ListItem\",\"position\":1,\"name\":\"In\u00edcio\",\"item\":\"https:\/\/portaltela.pt\/\"},{\"@type\":\"ListItem\",\"position\":2,\"name\":\"Desemprego nos centros de emprego cai 11,1% em janeiro\"}]},{\"@type\":\"WebSite\",\"@id\":\"https:\/\/portaltela.pt\/#website\",\"url\":\"https:\/\/portaltela.pt\/\",\"name\":\"Portal Tela Portugal\",\"description\":\"\",\"potentialAction\":[{\"@type\":\"SearchAction\",\"target\":{\"@type\":\"EntryPoint\",\"urlTemplate\":\"https:\/\/portaltela.pt\/?s={search_term_string}\"},\"query-input\":{\"@type\":\"PropertyValueSpecification\",\"valueRequired\":true,\"valueName\":\"search_term_string\"}}],\"inLanguage\":\"pt-PT\"},{\"@type\":\"Person\",\"@id\":\"https:\/\/portaltela.pt\/#\/schema\/person\/c4278d4a6028830caff9ee44b42d32ed\",\"name\":\"Telinha\",\"image\":{\"@type\":\"ImageObject\",\"inLanguage\":\"pt-PT\",\"@id\":\"https:\/\/portaltela.pt\/s.01k8rhncp4jt1\/2025\/11\/talking-bot-125x125.png\",\"url\":\"https:\/\/portaltela.pt\/s.01k8rhncp4jt1\/2025\/11\/talking-bot-125x125.png\",\"contentUrl\":\"https:\/\/portaltela.pt\/s.01k8rhncp4jt1\/2025\/11\/talking-bot-125x125.png\",\"caption\":\"Telinha\"},\"sameAs\":[\"https:\/\/portaltela.pt\/\"],\"url\":\"https:\/\/portaltela.pt\/por\/367410592786\/\"}]}<\/script>\n<!-- \/ Yoast SEO plugin. -->","yoast_head_json":{"title":"Desemprego nos centros de emprego cai 11,1% em janeiro - Portal Tela Portugal","robots":{"index":"index","follow":"follow","max-snippet":"max-snippet:-1","max-image-preview":"max-image-preview:large","max-video-preview":"max-video-preview:-1"},"og_locale":"pt_PT","og_type":"article","og_title":"Desemprego nos centros de emprego cai 11,1% em janeiro - Portal Tela Portugal","og_description":"Em janeiro, o n\u00famero de desempregados inscritos nos centros de emprego caiu 11,1% em rela\u00e7\u00e3o a igual m\u00eas de 2025; subiu 3,8% face a dezembro, existindo 310.708 pessoas registadas no continente e regi\u00f5es aut\u00f3nomas, correspondentes a 69,1% de 449.423 pedidos de emprego. O total de desempregados em janeiro ficou 38.360 abaixo do valor de janeiro de 2025, com maiores descidas entre os inscritos h\u00e1 menos de 12 meses (-29.381), os que procuram novo emprego (-31.449) e os maiores de 25 anos (-28.922). Em compara\u00e7\u00e3o com dezembro, janeiro teve mais 11.285 pessoas inscritas nos centros de emprego. Entre os grupos profissionais, destacaram\u2011se: trabalhadores n\u00e3o qualificados (30,1%), trabalhadores dos servi\u00e7os pessoais, de prote\u00e7\u00e3o, seguran\u00e7a e vendedores (20,2%), especialistas das atividades intelectuais e cient\u00edficas (10,5%) e pessoal administrativo (10,2%). Em janeiro, o n\u00famero de ofertas de emprego recebidas foi de 11.753, menos 0,9% do que no mesmo m\u00eas do ano anterior, mas mais do que o dobro de dezembro (104,6%); havia 11.451 ofertas de emprego por satisfazer (+3,5% vs 2024); as coloca\u00e7\u00f5es realizadas totalizaram 6.883, menos 11,4% que no per\u00edodo hom\u00f3logo, mas +48,7% face a dezembro.","og_url":"https:\/\/portaltela.pt\/noticias\/2026\/02\/23\/desemprego-nos-centros-de-emprego-cai-111-em-janeiro\/","og_site_name":"Portal Tela Portugal","article_published_time":"2026-02-23T13:52:40+00:00","author":"Telinha","twitter_card":"summary_large_image","twitter_misc":{"Escrito por":"Telinha","Tempo estimado de leitura":"1 minuto"},"schema":{"@context":"https:\/\/schema.org","@graph":[{"@type":"Article","@id":"https:\/\/portaltela.pt\/noticias\/2026\/02\/23\/desemprego-nos-centros-de-emprego-cai-111-em-janeiro\/#article","isPartOf":{"@id":"https:\/\/portaltela.pt\/noticias\/2026\/02\/23\/desemprego-nos-centros-de-emprego-cai-111-em-janeiro\/"},"author":{"name":"Telinha","@id":"https:\/\/portaltela.pt\/#\/schema\/person\/c4278d4a6028830caff9ee44b42d32ed"},"headline":"Desemprego nos centros de emprego cai 11,1% em janeiro","datePublished":"2026-02-23T13:52:40+00:00","mainEntityOfPage":{"@id":"https:\/\/portaltela.pt\/noticias\/2026\/02\/23\/desemprego-nos-centros-de-emprego-cai-111-em-janeiro\/"},"wordCount":247,"image":{"@id":"https:\/\/portaltela.pt\/noticias\/2026\/02\/23\/desemprego-nos-centros-de-emprego-cai-111-em-janeiro\/#primaryimage"},"thumbnailUrl":"https:\/\/portaltela.pt\/s.01k8rhncp4jt1\/2026\/02\/img_1500x1000uu2023-02-20-20-26-26-1284600.jpg","keywords":["desemprego","economia","emprego","IEFP","Madeira","Portugal"],"articleSection":["Not\u00edcias"],"inLanguage":"pt-PT"},{"@type":"WebPage","@id":"https:\/\/portaltela.pt\/noticias\/2026\/02\/23\/desemprego-nos-centros-de-emprego-cai-111-em-janeiro\/","url":"https:\/\/portaltela.pt\/noticias\/2026\/02\/23\/desemprego-nos-centros-de-emprego-cai-111-em-janeiro\/","name":"Desemprego nos centros de emprego cai 11,1% em janeiro - Portal Tela Portugal","isPartOf":{"@id":"https:\/\/portaltela.pt\/#website"},"primaryImageOfPage":{"@id":"https:\/\/portaltela.pt\/noticias\/2026\/02\/23\/desemprego-nos-centros-de-emprego-cai-111-em-janeiro\/#primaryimage"},"image":{"@id":"https:\/\/portaltela.pt\/noticias\/2026\/02\/23\/desemprego-nos-centros-de-emprego-cai-111-em-janeiro\/#primaryimage"},"thumbnailUrl":"https:\/\/portaltela.pt\/s.01k8rhncp4jt1\/2026\/02\/img_1500x1000uu2023-02-20-20-26-26-1284600.jpg","datePublished":"2026-02-23T13:52:40+00:00","author":{"@id":"https:\/\/portaltela.pt\/#\/schema\/person\/c4278d4a6028830caff9ee44b42d32ed"},"breadcrumb":{"@id":"https:\/\/portaltela.pt\/noticias\/2026\/02\/23\/desemprego-nos-centros-de-emprego-cai-111-em-janeiro\/#breadcrumb"},"inLanguage":"pt-PT","potentialAction":[{"@type":"ReadAction","target":["https:\/\/portaltela.pt\/noticias\/2026\/02\/23\/desemprego-nos-centros-de-emprego-cai-111-em-janeiro\/"]}]},{"@type":"ImageObject","inLanguage":"pt-PT","@id":"https:\/\/portaltela.pt\/noticias\/2026\/02\/23\/desemprego-nos-centros-de-emprego-cai-111-em-janeiro\/#primaryimage","url":"https:\/\/portaltela.pt\/s.01k8rhncp4jt1\/2026\/02\/img_1500x1000uu2023-02-20-20-26-26-1284600.jpg","contentUrl":"https:\/\/portaltela.pt\/s.01k8rhncp4jt1\/2026\/02\/img_1500x1000uu2023-02-20-20-26-26-1284600.jpg","width":796,"height":448,"caption":"Centro de emprego, IEFP"},{"@type":"BreadcrumbList","@id":"https:\/\/portaltela.pt\/noticias\/2026\/02\/23\/desemprego-nos-centros-de-emprego-cai-111-em-janeiro\/#breadcrumb","itemListElement":[{"@type":"ListItem","position":1,"name":"In\u00edcio","item":"https:\/\/portaltela.pt\/"},{"@type":"ListItem","position":2,"name":"Desemprego nos centros de emprego cai 11,1% em janeiro"}]},{"@type":"WebSite","@id":"https:\/\/portaltela.pt\/#website","url":"https:\/\/portaltela.pt\/","name":"Portal Tela Portugal","description":"","potentialAction":[{"@type":"SearchAction","target":{"@type":"EntryPoint","urlTemplate":"https:\/\/portaltela.pt\/?s={search_term_string}"},"query-input":{"@type":"PropertyValueSpecification","valueRequired":true,"valueName":"search_term_string"}}],"inLanguage":"pt-PT"},{"@type":"Person","@id":"https:\/\/portaltela.pt\/#\/schema\/person\/c4278d4a6028830caff9ee44b42d32ed","name":"Telinha","image":{"@type":"ImageObject","inLanguage":"pt-PT","@id":"https:\/\/portaltela.pt\/s.01k8rhncp4jt1\/2025\/11\/talking-bot-125x125.png","url":"https:\/\/portaltela.pt\/s.01k8rhncp4jt1\/2025\/11\/talking-bot-125x125.png","contentUrl":"https:\/\/portaltela.pt\/s.01k8rhncp4jt1\/2025\/11\/talking-bot-125x125.png","caption":"Telinha"},"sameAs":["https:\/\/portaltela.pt\/"],"url":"https:\/\/portaltela.pt\/por\/367410592786\/"}]}},"_links":{"self":[{"href":"https:\/\/portaltela.pt\/api\/wp\/v2\/posts\/222860","targetHints":{"allow":["GET"]}}],"collection":[{"href":"https:\/\/portaltela.pt\/api\/wp\/v2\/posts"}],"about":[{"href":"https:\/\/portaltela.pt\/api\/wp\/v2\/types\/post"}],"author":[{"embeddable":true,"href":"https:\/\/portaltela.pt\/api\/wp\/v2\/users\/2"}],"replies":[{"embeddable":true,"href":"https:\/\/portaltela.pt\/api\/wp\/v2\/comments?post=222860"}],"version-history":[{"count":0,"href":"https:\/\/portaltela.pt\/api\/wp\/v2\/posts\/222860\/revisions"}],"wp:featuredmedia":[{"embeddable":true,"href":"https:\/\/portaltela.pt\/api\/wp\/v2\/media\/222864"}],"wp:attachment":[{"href":"https:\/\/portaltela.pt\/api\/wp\/v2\/media?parent=222860"}],"wp:term":[{"taxonomy":"category","embeddable":true,"href":"https:\/\/portaltela.pt\/api\/wp\/v2\/categories?post=222860"},{"taxonomy":"post_tag","embeddable":true,"href":"https:\/\/portaltela.pt\/api\/wp\/v2\/tags?post=222860"}],"curies":[{"name":"wp","href":"https:\/\/api.w.org\/{rel}","templated":true}]}}