{"id":222847,"date":"2026-02-23T10:46:00","date_gmt":"2026-02-23T13:46:00","guid":{"rendered":"https:\/\/portaltela.pt\/noticias\/2026\/02\/23\/portugal-ja-consolidado-como-marca-afirma-secretario-de-estado-em-milao\/"},"modified":"2026-02-23T10:46:00","modified_gmt":"2026-02-23T13:46:00","slug":"portugal-ja-consolidado-como-marca-afirma-secretario-de-estado-em-milao","status":"publish","type":"post","link":"https:\/\/portaltela.pt\/noticias\/economia\/2026\/02\/23\/portugal-ja-consolidado-como-marca-afirma-secretario-de-estado-em-milao\/","title":{"rendered":"Portugal j\u00e1 consolidado como marca, afirma secret\u00e1rio de Estado em Mil\u00e3o"},"content":{"rendered":"<p>O secret\u00e1rio de Estado da Economia, Jo\u00e3o Rui Ferreira, visitou em Mil\u00e3o a MICAM, a feira internacional de cal\u00e7ado. O objetivo foi conhecer o trabalho de 39 empresas portuguesas presentes no evento e perceber como evolui a cadeia de valor do setor no pa\u00eds.<\/p>\n<p>Durante o evento, Ferreira destacou o progresso das empresas nacionais na cadeia de valor do cal\u00e7ado e refor\u00e7ou que a marca Portugal j\u00e1 est\u00e1 consolidada no mercado. A comitiva portuguesa participou em sess\u00f5es de apresenta\u00e7\u00e3o e contactos com compradores internacionais.<\/p>\n<p>O governante sublinhou a import\u00e2ncia de manter o foco no mercado americano, mesmo diante do aumento de tarifas. O objetivo \u00e9 sustentar o crescimento das empresas portuguesas e refor\u00e7ar a posi\u00e7\u00e3o do setor no cen\u00e1rio global.<\/p>\n<h3>Mercado internacional e desafios<\/h3>\n<p>As atividades em Mil\u00e3o visam acompanhar tend\u00eancias e facilitar parcerias comerciais para as empresas portuguesas. A presen\u00e7a na MICAM permite avaliar oportunidades de exporta\u00e7\u00e3o e refor\u00e7ar a visibilidade da ind\u00fastria de cal\u00e7ado nacional.<\/p>\n<p>As empresas participantes aguardam impactos positivos na competitividade, com op\u00e7\u00f5es de inova\u00e7\u00e3o, design e controlo de custos a serem exploradas nos pr\u00f3ximos meses. A delega\u00e7\u00e3o portuguesa continua atenta a novos acordos e mercados.<\/p>\n<h3>Perspetivas para o setor<\/h3>\n<p>Espera-se que o conjunto de contactos gerados em Mil\u00e3o contribua para refor\u00e7ar a presen\u00e7a de Portugal no segmento de cal\u00e7ado de alto valor acrescentado. O governo promete manter o apoio \u00e0 internacionaliza\u00e7\u00e3o das empresas lusas.<\/p>\n","protected":false},"excerpt":{"rendered":"<ul>\n<li>O secret\u00e1rio de Estado da Economia, Jo\u00e3o Rui Ferreira, visitou Mil\u00e3o para conhecer as trinta e nove empresas portuguesas de cal\u00e7ado presentes na MICAM, uma das principais feiras do setor.<\/li>\n<li>Ferreira destacou que as empresas portuguesas est\u00e3o a avan\u00e7ar na cadeia de valor.<\/li>\n<li>Afirmou que a marca Portugal j\u00e1 est\u00e1 consolidada.<\/li>\n<li>Refor\u00e7ou a necessidade de manter o foco no mercado americano, apesar do aumento das tarifas.<\/li>\n<\/ul>\n","protected":false},"author":2,"featured_media":222851,"comment_status":"closed","ping_status":"closed","sticky":false,"template":"","format":"standard","meta":{"footnotes":""},"categories":[2,1],"tags":[6115,3892,255,3080,1014],"class_list":["post-222847","post","type-post","status-publish","format-standard","has-post-thumbnail","hentry","category-economia","category-noticias","tag-_economia","tag-exportacoes-internacionais","tag-industria","tag-internacionalizacao","tag-portugal"],"yoast_head":"<!-- This site is optimized with the Yoast SEO plugin v27.2 - https:\/\/yoast.com\/product\/yoast-seo-wordpress\/ -->\n<title>Portugal j\u00e1 consolidado como marca, afirma secret\u00e1rio de Estado em Mil\u00e3o - Portal Tela Portugal<\/title>\n<meta name=\"robots\" content=\"index, follow, max-snippet:-1, max-image-preview:large, max-video-preview:-1\" \/>\n<meta property=\"og:locale\" content=\"pt_PT\" \/>\n<meta property=\"og:type\" content=\"article\" \/>\n<meta property=\"og:title\" content=\"Portugal j\u00e1 consolidado como marca, afirma secret\u00e1rio de Estado em Mil\u00e3o - Portal Tela Portugal\" \/>\n<meta property=\"og:description\" content=\"O secret\u00e1rio de Estado da Economia, Jo\u00e3o Rui Ferreira, visitou Mil\u00e3o para conhecer as trinta e nove empresas portuguesas de cal\u00e7ado presentes na MICAM, uma das principais feiras do setor. Ferreira destacou que as empresas portuguesas est\u00e3o a avan\u00e7ar na cadeia de valor. Afirmou que a marca Portugal j\u00e1 est\u00e1 consolidada. Refor\u00e7ou a necessidade de manter o foco no mercado americano, apesar do aumento das tarifas.\" \/>\n<meta property=\"og:url\" content=\"https:\/\/portaltela.pt\/noticias\/2026\/02\/23\/portugal-ja-consolidado-como-marca-afirma-secretario-de-estado-em-milao\/\" \/>\n<meta property=\"og:site_name\" content=\"Portal Tela Portugal\" \/>\n<meta property=\"article:published_time\" content=\"2026-02-23T13:46:00+00:00\" \/>\n<meta name=\"author\" content=\"Telinha\" \/>\n<meta name=\"twitter:card\" content=\"summary_large_image\" \/>\n<meta name=\"twitter:label1\" content=\"Escrito por\" \/>\n\t<meta name=\"twitter:data1\" content=\"Telinha\" \/>\n\t<meta name=\"twitter:label2\" content=\"Tempo estimado de leitura\" \/>\n\t<meta name=\"twitter:data2\" content=\"1 minuto\" \/>\n<script type=\"application\/ld+json\" class=\"yoast-schema-graph\">{\"@context\":\"https:\/\/schema.org\",\"@graph\":[{\"@type\":\"Article\",\"@id\":\"https:\/\/portaltela.pt\/noticias\/2026\/02\/23\/portugal-ja-consolidado-como-marca-afirma-secretario-de-estado-em-milao\/#article\",\"isPartOf\":{\"@id\":\"https:\/\/portaltela.pt\/noticias\/2026\/02\/23\/portugal-ja-consolidado-como-marca-afirma-secretario-de-estado-em-milao\/\"},\"author\":{\"name\":\"Telinha\",\"@id\":\"https:\/\/portaltela.pt\/#\/schema\/person\/c4278d4a6028830caff9ee44b42d32ed\"},\"headline\":\"Portugal j\u00e1 consolidado como marca, afirma secret\u00e1rio de Estado em Mil\u00e3o\",\"datePublished\":\"2026-02-23T13:46:00+00:00\",\"mainEntityOfPage\":{\"@id\":\"https:\/\/portaltela.pt\/noticias\/2026\/02\/23\/portugal-ja-consolidado-como-marca-afirma-secretario-de-estado-em-milao\/\"},\"wordCount\":268,\"image\":{\"@id\":\"https:\/\/portaltela.pt\/noticias\/2026\/02\/23\/portugal-ja-consolidado-como-marca-afirma-secretario-de-estado-em-milao\/#primaryimage\"},\"thumbnailUrl\":\"https:\/\/portaltela.pt\/s.01k8rhncp4jt1\/2026\/02\/image-1701.jpg\",\"keywords\":[\"_economia\",\"exporta\u00e7\u00f5es internacionais\",\"ind\u00fastria\",\"internacionaliza\u00e7\u00e3o\",\"Portugal\"],\"articleSection\":[\"Economia\",\"Not\u00edcias\"],\"inLanguage\":\"pt-PT\"},{\"@type\":\"WebPage\",\"@id\":\"https:\/\/portaltela.pt\/noticias\/2026\/02\/23\/portugal-ja-consolidado-como-marca-afirma-secretario-de-estado-em-milao\/\",\"url\":\"https:\/\/portaltela.pt\/noticias\/2026\/02\/23\/portugal-ja-consolidado-como-marca-afirma-secretario-de-estado-em-milao\/\",\"name\":\"Portugal j\u00e1 consolidado como marca, afirma secret\u00e1rio de Estado em Mil\u00e3o - Portal Tela Portugal\",\"isPartOf\":{\"@id\":\"https:\/\/portaltela.pt\/#website\"},\"primaryImageOfPage\":{\"@id\":\"https:\/\/portaltela.pt\/noticias\/2026\/02\/23\/portugal-ja-consolidado-como-marca-afirma-secretario-de-estado-em-milao\/#primaryimage\"},\"image\":{\"@id\":\"https:\/\/portaltela.pt\/noticias\/2026\/02\/23\/portugal-ja-consolidado-como-marca-afirma-secretario-de-estado-em-milao\/#primaryimage\"},\"thumbnailUrl\":\"https:\/\/portaltela.pt\/s.01k8rhncp4jt1\/2026\/02\/image-1701.jpg\",\"datePublished\":\"2026-02-23T13:46:00+00:00\",\"author\":{\"@id\":\"https:\/\/portaltela.pt\/#\/schema\/person\/c4278d4a6028830caff9ee44b42d32ed\"},\"breadcrumb\":{\"@id\":\"https:\/\/portaltela.pt\/noticias\/2026\/02\/23\/portugal-ja-consolidado-como-marca-afirma-secretario-de-estado-em-milao\/#breadcrumb\"},\"inLanguage\":\"pt-PT\",\"potentialAction\":[{\"@type\":\"ReadAction\",\"target\":[\"https:\/\/portaltela.pt\/noticias\/2026\/02\/23\/portugal-ja-consolidado-como-marca-afirma-secretario-de-estado-em-milao\/\"]}]},{\"@type\":\"ImageObject\",\"inLanguage\":\"pt-PT\",\"@id\":\"https:\/\/portaltela.pt\/noticias\/2026\/02\/23\/portugal-ja-consolidado-como-marca-afirma-secretario-de-estado-em-milao\/#primaryimage\",\"url\":\"https:\/\/portaltela.pt\/s.01k8rhncp4jt1\/2026\/02\/image-1701.jpg\",\"contentUrl\":\"https:\/\/portaltela.pt\/s.01k8rhncp4jt1\/2026\/02\/image-1701.jpg\",\"width\":796,\"height\":448,\"caption\":\"Secret\u00e1rio de Estado da Economia, Jo\u00e3o Rui Ferreira (ao centro)\"},{\"@type\":\"BreadcrumbList\",\"@id\":\"https:\/\/portaltela.pt\/noticias\/2026\/02\/23\/portugal-ja-consolidado-como-marca-afirma-secretario-de-estado-em-milao\/#breadcrumb\",\"itemListElement\":[{\"@type\":\"ListItem\",\"position\":1,\"name\":\"In\u00edcio\",\"item\":\"https:\/\/portaltela.pt\/\"},{\"@type\":\"ListItem\",\"position\":2,\"name\":\"Portugal j\u00e1 consolidado como marca, afirma secret\u00e1rio de Estado em Mil\u00e3o\"}]},{\"@type\":\"WebSite\",\"@id\":\"https:\/\/portaltela.pt\/#website\",\"url\":\"https:\/\/portaltela.pt\/\",\"name\":\"Portal Tela Portugal\",\"description\":\"\",\"potentialAction\":[{\"@type\":\"SearchAction\",\"target\":{\"@type\":\"EntryPoint\",\"urlTemplate\":\"https:\/\/portaltela.pt\/?s={search_term_string}\"},\"query-input\":{\"@type\":\"PropertyValueSpecification\",\"valueRequired\":true,\"valueName\":\"search_term_string\"}}],\"inLanguage\":\"pt-PT\"},{\"@type\":\"Person\",\"@id\":\"https:\/\/portaltela.pt\/#\/schema\/person\/c4278d4a6028830caff9ee44b42d32ed\",\"name\":\"Telinha\",\"image\":{\"@type\":\"ImageObject\",\"inLanguage\":\"pt-PT\",\"@id\":\"https:\/\/portaltela.pt\/s.01k8rhncp4jt1\/2025\/11\/talking-bot-125x125.png\",\"url\":\"https:\/\/portaltela.pt\/s.01k8rhncp4jt1\/2025\/11\/talking-bot-125x125.png\",\"contentUrl\":\"https:\/\/portaltela.pt\/s.01k8rhncp4jt1\/2025\/11\/talking-bot-125x125.png\",\"caption\":\"Telinha\"},\"sameAs\":[\"https:\/\/portaltela.pt\/\"],\"url\":\"https:\/\/portaltela.pt\/por\/367410592786\/\"}]}<\/script>\n<!-- \/ Yoast SEO plugin. -->","yoast_head_json":{"title":"Portugal j\u00e1 consolidado como marca, afirma secret\u00e1rio de Estado em Mil\u00e3o - Portal Tela Portugal","robots":{"index":"index","follow":"follow","max-snippet":"max-snippet:-1","max-image-preview":"max-image-preview:large","max-video-preview":"max-video-preview:-1"},"og_locale":"pt_PT","og_type":"article","og_title":"Portugal j\u00e1 consolidado como marca, afirma secret\u00e1rio de Estado em Mil\u00e3o - Portal Tela Portugal","og_description":"O secret\u00e1rio de Estado da Economia, Jo\u00e3o Rui Ferreira, visitou Mil\u00e3o para conhecer as trinta e nove empresas portuguesas de cal\u00e7ado presentes na MICAM, uma das principais feiras do setor. Ferreira destacou que as empresas portuguesas est\u00e3o a avan\u00e7ar na cadeia de valor. Afirmou que a marca Portugal j\u00e1 est\u00e1 consolidada. Refor\u00e7ou a necessidade de manter o foco no mercado americano, apesar do aumento das tarifas.","og_url":"https:\/\/portaltela.pt\/noticias\/2026\/02\/23\/portugal-ja-consolidado-como-marca-afirma-secretario-de-estado-em-milao\/","og_site_name":"Portal Tela Portugal","article_published_time":"2026-02-23T13:46:00+00:00","author":"Telinha","twitter_card":"summary_large_image","twitter_misc":{"Escrito por":"Telinha","Tempo estimado de leitura":"1 minuto"},"schema":{"@context":"https:\/\/schema.org","@graph":[{"@type":"Article","@id":"https:\/\/portaltela.pt\/noticias\/2026\/02\/23\/portugal-ja-consolidado-como-marca-afirma-secretario-de-estado-em-milao\/#article","isPartOf":{"@id":"https:\/\/portaltela.pt\/noticias\/2026\/02\/23\/portugal-ja-consolidado-como-marca-afirma-secretario-de-estado-em-milao\/"},"author":{"name":"Telinha","@id":"https:\/\/portaltela.pt\/#\/schema\/person\/c4278d4a6028830caff9ee44b42d32ed"},"headline":"Portugal j\u00e1 consolidado como marca, afirma secret\u00e1rio de Estado em Mil\u00e3o","datePublished":"2026-02-23T13:46:00+00:00","mainEntityOfPage":{"@id":"https:\/\/portaltela.pt\/noticias\/2026\/02\/23\/portugal-ja-consolidado-como-marca-afirma-secretario-de-estado-em-milao\/"},"wordCount":268,"image":{"@id":"https:\/\/portaltela.pt\/noticias\/2026\/02\/23\/portugal-ja-consolidado-como-marca-afirma-secretario-de-estado-em-milao\/#primaryimage"},"thumbnailUrl":"https:\/\/portaltela.pt\/s.01k8rhncp4jt1\/2026\/02\/image-1701.jpg","keywords":["_economia","exporta\u00e7\u00f5es internacionais","ind\u00fastria","internacionaliza\u00e7\u00e3o","Portugal"],"articleSection":["Economia","Not\u00edcias"],"inLanguage":"pt-PT"},{"@type":"WebPage","@id":"https:\/\/portaltela.pt\/noticias\/2026\/02\/23\/portugal-ja-consolidado-como-marca-afirma-secretario-de-estado-em-milao\/","url":"https:\/\/portaltela.pt\/noticias\/2026\/02\/23\/portugal-ja-consolidado-como-marca-afirma-secretario-de-estado-em-milao\/","name":"Portugal j\u00e1 consolidado como marca, afirma secret\u00e1rio de Estado em Mil\u00e3o - Portal Tela Portugal","isPartOf":{"@id":"https:\/\/portaltela.pt\/#website"},"primaryImageOfPage":{"@id":"https:\/\/portaltela.pt\/noticias\/2026\/02\/23\/portugal-ja-consolidado-como-marca-afirma-secretario-de-estado-em-milao\/#primaryimage"},"image":{"@id":"https:\/\/portaltela.pt\/noticias\/2026\/02\/23\/portugal-ja-consolidado-como-marca-afirma-secretario-de-estado-em-milao\/#primaryimage"},"thumbnailUrl":"https:\/\/portaltela.pt\/s.01k8rhncp4jt1\/2026\/02\/image-1701.jpg","datePublished":"2026-02-23T13:46:00+00:00","author":{"@id":"https:\/\/portaltela.pt\/#\/schema\/person\/c4278d4a6028830caff9ee44b42d32ed"},"breadcrumb":{"@id":"https:\/\/portaltela.pt\/noticias\/2026\/02\/23\/portugal-ja-consolidado-como-marca-afirma-secretario-de-estado-em-milao\/#breadcrumb"},"inLanguage":"pt-PT","potentialAction":[{"@type":"ReadAction","target":["https:\/\/portaltela.pt\/noticias\/2026\/02\/23\/portugal-ja-consolidado-como-marca-afirma-secretario-de-estado-em-milao\/"]}]},{"@type":"ImageObject","inLanguage":"pt-PT","@id":"https:\/\/portaltela.pt\/noticias\/2026\/02\/23\/portugal-ja-consolidado-como-marca-afirma-secretario-de-estado-em-milao\/#primaryimage","url":"https:\/\/portaltela.pt\/s.01k8rhncp4jt1\/2026\/02\/image-1701.jpg","contentUrl":"https:\/\/portaltela.pt\/s.01k8rhncp4jt1\/2026\/02\/image-1701.jpg","width":796,"height":448,"caption":"Secret\u00e1rio de Estado da Economia, Jo\u00e3o Rui Ferreira (ao centro)"},{"@type":"BreadcrumbList","@id":"https:\/\/portaltela.pt\/noticias\/2026\/02\/23\/portugal-ja-consolidado-como-marca-afirma-secretario-de-estado-em-milao\/#breadcrumb","itemListElement":[{"@type":"ListItem","position":1,"name":"In\u00edcio","item":"https:\/\/portaltela.pt\/"},{"@type":"ListItem","position":2,"name":"Portugal j\u00e1 consolidado como marca, afirma secret\u00e1rio de Estado em Mil\u00e3o"}]},{"@type":"WebSite","@id":"https:\/\/portaltela.pt\/#website","url":"https:\/\/portaltela.pt\/","name":"Portal Tela Portugal","description":"","potentialAction":[{"@type":"SearchAction","target":{"@type":"EntryPoint","urlTemplate":"https:\/\/portaltela.pt\/?s={search_term_string}"},"query-input":{"@type":"PropertyValueSpecification","valueRequired":true,"valueName":"search_term_string"}}],"inLanguage":"pt-PT"},{"@type":"Person","@id":"https:\/\/portaltela.pt\/#\/schema\/person\/c4278d4a6028830caff9ee44b42d32ed","name":"Telinha","image":{"@type":"ImageObject","inLanguage":"pt-PT","@id":"https:\/\/portaltela.pt\/s.01k8rhncp4jt1\/2025\/11\/talking-bot-125x125.png","url":"https:\/\/portaltela.pt\/s.01k8rhncp4jt1\/2025\/11\/talking-bot-125x125.png","contentUrl":"https:\/\/portaltela.pt\/s.01k8rhncp4jt1\/2025\/11\/talking-bot-125x125.png","caption":"Telinha"},"sameAs":["https:\/\/portaltela.pt\/"],"url":"https:\/\/portaltela.pt\/por\/367410592786\/"}]}},"_links":{"self":[{"href":"https:\/\/portaltela.pt\/api\/wp\/v2\/posts\/222847","targetHints":{"allow":["GET"]}}],"collection":[{"href":"https:\/\/portaltela.pt\/api\/wp\/v2\/posts"}],"about":[{"href":"https:\/\/portaltela.pt\/api\/wp\/v2\/types\/post"}],"author":[{"embeddable":true,"href":"https:\/\/portaltela.pt\/api\/wp\/v2\/users\/2"}],"replies":[{"embeddable":true,"href":"https:\/\/portaltela.pt\/api\/wp\/v2\/comments?post=222847"}],"version-history":[{"count":0,"href":"https:\/\/portaltela.pt\/api\/wp\/v2\/posts\/222847\/revisions"}],"wp:featuredmedia":[{"embeddable":true,"href":"https:\/\/portaltela.pt\/api\/wp\/v2\/media\/222851"}],"wp:attachment":[{"href":"https:\/\/portaltela.pt\/api\/wp\/v2\/media?parent=222847"}],"wp:term":[{"taxonomy":"category","embeddable":true,"href":"https:\/\/portaltela.pt\/api\/wp\/v2\/categories?post=222847"},{"taxonomy":"post_tag","embeddable":true,"href":"https:\/\/portaltela.pt\/api\/wp\/v2\/tags?post=222847"}],"curies":[{"name":"wp","href":"https:\/\/api.w.org\/{rel}","templated":true}]}}