{"id":222817,"date":"2026-02-23T10:27:00","date_gmt":"2026-02-23T13:27:00","guid":{"rendered":"https:\/\/portaltela.pt\/noticias\/2026\/02\/23\/remessas-de-emigrantes-para-cabo-verde-atingem-recorde-em-2025-segundo-bdp\/"},"modified":"2026-02-23T10:27:00","modified_gmt":"2026-02-23T13:27:00","slug":"remessas-de-emigrantes-para-cabo-verde-atingem-recorde-em-2025-segundo-bdp","status":"publish","type":"post","link":"https:\/\/portaltela.pt\/noticias\/economia\/2026\/02\/23\/remessas-de-emigrantes-para-cabo-verde-atingem-recorde-em-2025-segundo-bdp\/","title":{"rendered":"Remessas de emigrantes para Cabo Verde atingem recorde em 2025, segundo BdP"},"content":{"rendered":"<p>O Banco de Portugal (BdP) anunciou que as remessas enviadas por emigrantes para Cabo Verde atingiram um recorde em 2025. A informa\u00e7\u00e3o foi comunicada pela institui\u00e7\u00e3o como parte de Monitoriza\u00e7\u00e3o econ\u00f3mica, sem, neste resumo, divulgar cifras espec\u00edficas.<\/p>\n<p>Segundo o BdP, o volume de dinheiro transferido para Cabo Verde em 2025 supera os n\u00edveis registados em anos anteriores, sinalizando uma trajet\u00f3ria de crescimento ao longo do ano. O relat\u00f3rio p\u00fablico n\u00e3o detalha os fatores exatos por tr\u00e1s do aumento nem apresenta valores completos neste resumo.<\/p>\n<p>N\u00e3o foi divulgado, neste material, um desdobramento adicional ou proje\u00e7\u00f5es futuras. O BdP clarifica ainda que o conte\u00fado completo est\u00e1 dispon\u00edvel apenas para subscritores, pelo que n\u00e3o h\u00e1, neste texto, informa\u00e7\u00f5es adicionais verific\u00e1veis sem acesso ao relat\u00f3rio integral.<\/p>\n","protected":false},"excerpt":{"rendered":"<ul>\n<li>Remessas de emigrantes enviadas para Cabo Verde atingiram recorde em 2025, segundo o Banco de Portugal (BdP).<\/li>\n<li>O BdP indica crescimento face a anos anteriores, mas o conte\u00fado dispon\u00edvel n\u00e3o apresenta n\u00fameros espec\u00edficos.<\/li>\n<li>A not\u00edcia completa est\u00e1 acess\u00edvel apenas para subscritores.<\/li>\n<li>O resumo n\u00e3o traz dados adicionais nem an\u00e1lises.<\/li>\n<li>N\u00e3o h\u00e1 opini\u00f5es ou julgamentos no texto dispon\u00edvel.<\/li>\n<\/ul>\n","protected":false},"author":2,"featured_media":222821,"comment_status":"closed","ping_status":"closed","sticky":false,"template":"","format":"standard","meta":{"footnotes":""},"categories":[2,1],"tags":[4365,2329,28,1965,6280,3155],"class_list":["post-222817","post","type-post","status-publish","format-standard","has-post-thumbnail","hentry","category-economia","category-noticias","tag-banco-de-portugal","tag-cabo-verde","tag-economia","tag-emigrantes","tag-monitorizacao-economica","tag-remessas"],"yoast_head":"<!-- This site is optimized with the Yoast SEO plugin v27.2 - https:\/\/yoast.com\/product\/yoast-seo-wordpress\/ -->\n<title>Remessas de emigrantes para Cabo Verde atingem recorde em 2025, segundo BdP - Portal Tela Portugal<\/title>\n<meta name=\"robots\" content=\"index, follow, max-snippet:-1, max-image-preview:large, max-video-preview:-1\" \/>\n<meta property=\"og:locale\" content=\"pt_PT\" \/>\n<meta property=\"og:type\" content=\"article\" \/>\n<meta property=\"og:title\" content=\"Remessas de emigrantes para Cabo Verde atingem recorde em 2025, segundo BdP - Portal Tela Portugal\" \/>\n<meta property=\"og:description\" content=\"Remessas de emigrantes enviadas para Cabo Verde atingiram recorde em 2025, segundo o Banco de Portugal (BdP). O BdP indica crescimento face a anos anteriores, mas o conte\u00fado dispon\u00edvel n\u00e3o apresenta n\u00fameros espec\u00edficos. A not\u00edcia completa est\u00e1 acess\u00edvel apenas para subscritores. O resumo n\u00e3o traz dados adicionais nem an\u00e1lises. N\u00e3o h\u00e1 opini\u00f5es ou julgamentos no texto dispon\u00edvel.\" \/>\n<meta property=\"og:url\" content=\"https:\/\/portaltela.pt\/noticias\/2026\/02\/23\/remessas-de-emigrantes-para-cabo-verde-atingem-recorde-em-2025-segundo-bdp\/\" \/>\n<meta property=\"og:site_name\" content=\"Portal Tela Portugal\" \/>\n<meta property=\"article:published_time\" content=\"2026-02-23T13:27:00+00:00\" \/>\n<meta name=\"author\" content=\"Telinha\" \/>\n<meta name=\"twitter:card\" content=\"summary_large_image\" \/>\n<meta name=\"twitter:label1\" content=\"Escrito por\" \/>\n\t<meta name=\"twitter:data1\" content=\"Telinha\" \/>\n\t<meta name=\"twitter:label2\" content=\"Tempo estimado de leitura\" \/>\n\t<meta name=\"twitter:data2\" content=\"1 minuto\" \/>\n<script type=\"application\/ld+json\" class=\"yoast-schema-graph\">{\"@context\":\"https:\/\/schema.org\",\"@graph\":[{\"@type\":\"Article\",\"@id\":\"https:\/\/portaltela.pt\/noticias\/2026\/02\/23\/remessas-de-emigrantes-para-cabo-verde-atingem-recorde-em-2025-segundo-bdp\/#article\",\"isPartOf\":{\"@id\":\"https:\/\/portaltela.pt\/noticias\/2026\/02\/23\/remessas-de-emigrantes-para-cabo-verde-atingem-recorde-em-2025-segundo-bdp\/\"},\"author\":{\"name\":\"Telinha\",\"@id\":\"https:\/\/portaltela.pt\/#\/schema\/person\/c4278d4a6028830caff9ee44b42d32ed\"},\"headline\":\"Remessas de emigrantes para Cabo Verde atingem recorde em 2025, segundo BdP\",\"datePublished\":\"2026-02-23T13:27:00+00:00\",\"mainEntityOfPage\":{\"@id\":\"https:\/\/portaltela.pt\/noticias\/2026\/02\/23\/remessas-de-emigrantes-para-cabo-verde-atingem-recorde-em-2025-segundo-bdp\/\"},\"wordCount\":150,\"image\":{\"@id\":\"https:\/\/portaltela.pt\/noticias\/2026\/02\/23\/remessas-de-emigrantes-para-cabo-verde-atingem-recorde-em-2025-segundo-bdp\/#primaryimage\"},\"thumbnailUrl\":\"https:\/\/portaltela.pt\/s.01k8rhncp4jt1\/2026\/02\/CACHE_780X1200_ANALOG_WATERMARKED_22865757_906524_28072020100816-1.jpg\",\"keywords\":[\"Banco de Portugal\",\"Cabo Verde\",\"economia\",\"emigrantes\",\"Monitoriza\u00e7\u00e3o econ\u00f3mica\",\"remessas\"],\"articleSection\":[\"Economia\",\"Not\u00edcias\"],\"inLanguage\":\"pt-PT\"},{\"@type\":\"WebPage\",\"@id\":\"https:\/\/portaltela.pt\/noticias\/2026\/02\/23\/remessas-de-emigrantes-para-cabo-verde-atingem-recorde-em-2025-segundo-bdp\/\",\"url\":\"https:\/\/portaltela.pt\/noticias\/2026\/02\/23\/remessas-de-emigrantes-para-cabo-verde-atingem-recorde-em-2025-segundo-bdp\/\",\"name\":\"Remessas de emigrantes para Cabo Verde atingem recorde em 2025, segundo BdP - Portal Tela Portugal\",\"isPartOf\":{\"@id\":\"https:\/\/portaltela.pt\/#website\"},\"primaryImageOfPage\":{\"@id\":\"https:\/\/portaltela.pt\/noticias\/2026\/02\/23\/remessas-de-emigrantes-para-cabo-verde-atingem-recorde-em-2025-segundo-bdp\/#primaryimage\"},\"image\":{\"@id\":\"https:\/\/portaltela.pt\/noticias\/2026\/02\/23\/remessas-de-emigrantes-para-cabo-verde-atingem-recorde-em-2025-segundo-bdp\/#primaryimage\"},\"thumbnailUrl\":\"https:\/\/portaltela.pt\/s.01k8rhncp4jt1\/2026\/02\/CACHE_780X1200_ANALOG_WATERMARKED_22865757_906524_28072020100816-1.jpg\",\"datePublished\":\"2026-02-23T13:27:00+00:00\",\"author\":{\"@id\":\"https:\/\/portaltela.pt\/#\/schema\/person\/c4278d4a6028830caff9ee44b42d32ed\"},\"breadcrumb\":{\"@id\":\"https:\/\/portaltela.pt\/noticias\/2026\/02\/23\/remessas-de-emigrantes-para-cabo-verde-atingem-recorde-em-2025-segundo-bdp\/#breadcrumb\"},\"inLanguage\":\"pt-PT\",\"potentialAction\":[{\"@type\":\"ReadAction\",\"target\":[\"https:\/\/portaltela.pt\/noticias\/2026\/02\/23\/remessas-de-emigrantes-para-cabo-verde-atingem-recorde-em-2025-segundo-bdp\/\"]}]},{\"@type\":\"ImageObject\",\"inLanguage\":\"pt-PT\",\"@id\":\"https:\/\/portaltela.pt\/noticias\/2026\/02\/23\/remessas-de-emigrantes-para-cabo-verde-atingem-recorde-em-2025-segundo-bdp\/#primaryimage\",\"url\":\"https:\/\/portaltela.pt\/s.01k8rhncp4jt1\/2026\/02\/CACHE_780X1200_ANALOG_WATERMARKED_22865757_906524_28072020100816-1.jpg\",\"contentUrl\":\"https:\/\/portaltela.pt\/s.01k8rhncp4jt1\/2026\/02\/CACHE_780X1200_ANALOG_WATERMARKED_22865757_906524_28072020100816-1.jpg\",\"width\":796,\"height\":448,\"caption\":\"Remessas de emigrantes enviadas para Cabo Verde atingem recorde em 2025 - BdP\"},{\"@type\":\"BreadcrumbList\",\"@id\":\"https:\/\/portaltela.pt\/noticias\/2026\/02\/23\/remessas-de-emigrantes-para-cabo-verde-atingem-recorde-em-2025-segundo-bdp\/#breadcrumb\",\"itemListElement\":[{\"@type\":\"ListItem\",\"position\":1,\"name\":\"In\u00edcio\",\"item\":\"https:\/\/portaltela.pt\/\"},{\"@type\":\"ListItem\",\"position\":2,\"name\":\"Remessas de emigrantes para Cabo Verde atingem recorde em 2025, segundo BdP\"}]},{\"@type\":\"WebSite\",\"@id\":\"https:\/\/portaltela.pt\/#website\",\"url\":\"https:\/\/portaltela.pt\/\",\"name\":\"Portal Tela Portugal\",\"description\":\"\",\"potentialAction\":[{\"@type\":\"SearchAction\",\"target\":{\"@type\":\"EntryPoint\",\"urlTemplate\":\"https:\/\/portaltela.pt\/?s={search_term_string}\"},\"query-input\":{\"@type\":\"PropertyValueSpecification\",\"valueRequired\":true,\"valueName\":\"search_term_string\"}}],\"inLanguage\":\"pt-PT\"},{\"@type\":\"Person\",\"@id\":\"https:\/\/portaltela.pt\/#\/schema\/person\/c4278d4a6028830caff9ee44b42d32ed\",\"name\":\"Telinha\",\"image\":{\"@type\":\"ImageObject\",\"inLanguage\":\"pt-PT\",\"@id\":\"https:\/\/portaltela.pt\/s.01k8rhncp4jt1\/2025\/11\/talking-bot-125x125.png\",\"url\":\"https:\/\/portaltela.pt\/s.01k8rhncp4jt1\/2025\/11\/talking-bot-125x125.png\",\"contentUrl\":\"https:\/\/portaltela.pt\/s.01k8rhncp4jt1\/2025\/11\/talking-bot-125x125.png\",\"caption\":\"Telinha\"},\"sameAs\":[\"https:\/\/portaltela.pt\/\"],\"url\":\"https:\/\/portaltela.pt\/por\/367410592786\/\"}]}<\/script>\n<!-- \/ Yoast SEO plugin. -->","yoast_head_json":{"title":"Remessas de emigrantes para Cabo Verde atingem recorde em 2025, segundo BdP - Portal Tela Portugal","robots":{"index":"index","follow":"follow","max-snippet":"max-snippet:-1","max-image-preview":"max-image-preview:large","max-video-preview":"max-video-preview:-1"},"og_locale":"pt_PT","og_type":"article","og_title":"Remessas de emigrantes para Cabo Verde atingem recorde em 2025, segundo BdP - Portal Tela Portugal","og_description":"Remessas de emigrantes enviadas para Cabo Verde atingiram recorde em 2025, segundo o Banco de Portugal (BdP). O BdP indica crescimento face a anos anteriores, mas o conte\u00fado dispon\u00edvel n\u00e3o apresenta n\u00fameros espec\u00edficos. A not\u00edcia completa est\u00e1 acess\u00edvel apenas para subscritores. O resumo n\u00e3o traz dados adicionais nem an\u00e1lises. N\u00e3o h\u00e1 opini\u00f5es ou julgamentos no texto dispon\u00edvel.","og_url":"https:\/\/portaltela.pt\/noticias\/2026\/02\/23\/remessas-de-emigrantes-para-cabo-verde-atingem-recorde-em-2025-segundo-bdp\/","og_site_name":"Portal Tela Portugal","article_published_time":"2026-02-23T13:27:00+00:00","author":"Telinha","twitter_card":"summary_large_image","twitter_misc":{"Escrito por":"Telinha","Tempo estimado de leitura":"1 minuto"},"schema":{"@context":"https:\/\/schema.org","@graph":[{"@type":"Article","@id":"https:\/\/portaltela.pt\/noticias\/2026\/02\/23\/remessas-de-emigrantes-para-cabo-verde-atingem-recorde-em-2025-segundo-bdp\/#article","isPartOf":{"@id":"https:\/\/portaltela.pt\/noticias\/2026\/02\/23\/remessas-de-emigrantes-para-cabo-verde-atingem-recorde-em-2025-segundo-bdp\/"},"author":{"name":"Telinha","@id":"https:\/\/portaltela.pt\/#\/schema\/person\/c4278d4a6028830caff9ee44b42d32ed"},"headline":"Remessas de emigrantes para Cabo Verde atingem recorde em 2025, segundo BdP","datePublished":"2026-02-23T13:27:00+00:00","mainEntityOfPage":{"@id":"https:\/\/portaltela.pt\/noticias\/2026\/02\/23\/remessas-de-emigrantes-para-cabo-verde-atingem-recorde-em-2025-segundo-bdp\/"},"wordCount":150,"image":{"@id":"https:\/\/portaltela.pt\/noticias\/2026\/02\/23\/remessas-de-emigrantes-para-cabo-verde-atingem-recorde-em-2025-segundo-bdp\/#primaryimage"},"thumbnailUrl":"https:\/\/portaltela.pt\/s.01k8rhncp4jt1\/2026\/02\/CACHE_780X1200_ANALOG_WATERMARKED_22865757_906524_28072020100816-1.jpg","keywords":["Banco de Portugal","Cabo Verde","economia","emigrantes","Monitoriza\u00e7\u00e3o econ\u00f3mica","remessas"],"articleSection":["Economia","Not\u00edcias"],"inLanguage":"pt-PT"},{"@type":"WebPage","@id":"https:\/\/portaltela.pt\/noticias\/2026\/02\/23\/remessas-de-emigrantes-para-cabo-verde-atingem-recorde-em-2025-segundo-bdp\/","url":"https:\/\/portaltela.pt\/noticias\/2026\/02\/23\/remessas-de-emigrantes-para-cabo-verde-atingem-recorde-em-2025-segundo-bdp\/","name":"Remessas de emigrantes para Cabo Verde atingem recorde em 2025, segundo BdP - Portal Tela Portugal","isPartOf":{"@id":"https:\/\/portaltela.pt\/#website"},"primaryImageOfPage":{"@id":"https:\/\/portaltela.pt\/noticias\/2026\/02\/23\/remessas-de-emigrantes-para-cabo-verde-atingem-recorde-em-2025-segundo-bdp\/#primaryimage"},"image":{"@id":"https:\/\/portaltela.pt\/noticias\/2026\/02\/23\/remessas-de-emigrantes-para-cabo-verde-atingem-recorde-em-2025-segundo-bdp\/#primaryimage"},"thumbnailUrl":"https:\/\/portaltela.pt\/s.01k8rhncp4jt1\/2026\/02\/CACHE_780X1200_ANALOG_WATERMARKED_22865757_906524_28072020100816-1.jpg","datePublished":"2026-02-23T13:27:00+00:00","author":{"@id":"https:\/\/portaltela.pt\/#\/schema\/person\/c4278d4a6028830caff9ee44b42d32ed"},"breadcrumb":{"@id":"https:\/\/portaltela.pt\/noticias\/2026\/02\/23\/remessas-de-emigrantes-para-cabo-verde-atingem-recorde-em-2025-segundo-bdp\/#breadcrumb"},"inLanguage":"pt-PT","potentialAction":[{"@type":"ReadAction","target":["https:\/\/portaltela.pt\/noticias\/2026\/02\/23\/remessas-de-emigrantes-para-cabo-verde-atingem-recorde-em-2025-segundo-bdp\/"]}]},{"@type":"ImageObject","inLanguage":"pt-PT","@id":"https:\/\/portaltela.pt\/noticias\/2026\/02\/23\/remessas-de-emigrantes-para-cabo-verde-atingem-recorde-em-2025-segundo-bdp\/#primaryimage","url":"https:\/\/portaltela.pt\/s.01k8rhncp4jt1\/2026\/02\/CACHE_780X1200_ANALOG_WATERMARKED_22865757_906524_28072020100816-1.jpg","contentUrl":"https:\/\/portaltela.pt\/s.01k8rhncp4jt1\/2026\/02\/CACHE_780X1200_ANALOG_WATERMARKED_22865757_906524_28072020100816-1.jpg","width":796,"height":448,"caption":"Remessas de emigrantes enviadas para Cabo Verde atingem recorde em 2025 - BdP"},{"@type":"BreadcrumbList","@id":"https:\/\/portaltela.pt\/noticias\/2026\/02\/23\/remessas-de-emigrantes-para-cabo-verde-atingem-recorde-em-2025-segundo-bdp\/#breadcrumb","itemListElement":[{"@type":"ListItem","position":1,"name":"In\u00edcio","item":"https:\/\/portaltela.pt\/"},{"@type":"ListItem","position":2,"name":"Remessas de emigrantes para Cabo Verde atingem recorde em 2025, segundo BdP"}]},{"@type":"WebSite","@id":"https:\/\/portaltela.pt\/#website","url":"https:\/\/portaltela.pt\/","name":"Portal Tela Portugal","description":"","potentialAction":[{"@type":"SearchAction","target":{"@type":"EntryPoint","urlTemplate":"https:\/\/portaltela.pt\/?s={search_term_string}"},"query-input":{"@type":"PropertyValueSpecification","valueRequired":true,"valueName":"search_term_string"}}],"inLanguage":"pt-PT"},{"@type":"Person","@id":"https:\/\/portaltela.pt\/#\/schema\/person\/c4278d4a6028830caff9ee44b42d32ed","name":"Telinha","image":{"@type":"ImageObject","inLanguage":"pt-PT","@id":"https:\/\/portaltela.pt\/s.01k8rhncp4jt1\/2025\/11\/talking-bot-125x125.png","url":"https:\/\/portaltela.pt\/s.01k8rhncp4jt1\/2025\/11\/talking-bot-125x125.png","contentUrl":"https:\/\/portaltela.pt\/s.01k8rhncp4jt1\/2025\/11\/talking-bot-125x125.png","caption":"Telinha"},"sameAs":["https:\/\/portaltela.pt\/"],"url":"https:\/\/portaltela.pt\/por\/367410592786\/"}]}},"_links":{"self":[{"href":"https:\/\/portaltela.pt\/api\/wp\/v2\/posts\/222817","targetHints":{"allow":["GET"]}}],"collection":[{"href":"https:\/\/portaltela.pt\/api\/wp\/v2\/posts"}],"about":[{"href":"https:\/\/portaltela.pt\/api\/wp\/v2\/types\/post"}],"author":[{"embeddable":true,"href":"https:\/\/portaltela.pt\/api\/wp\/v2\/users\/2"}],"replies":[{"embeddable":true,"href":"https:\/\/portaltela.pt\/api\/wp\/v2\/comments?post=222817"}],"version-history":[{"count":0,"href":"https:\/\/portaltela.pt\/api\/wp\/v2\/posts\/222817\/revisions"}],"wp:featuredmedia":[{"embeddable":true,"href":"https:\/\/portaltela.pt\/api\/wp\/v2\/media\/222821"}],"wp:attachment":[{"href":"https:\/\/portaltela.pt\/api\/wp\/v2\/media?parent=222817"}],"wp:term":[{"taxonomy":"category","embeddable":true,"href":"https:\/\/portaltela.pt\/api\/wp\/v2\/categories?post=222817"},{"taxonomy":"post_tag","embeddable":true,"href":"https:\/\/portaltela.pt\/api\/wp\/v2\/tags?post=222817"}],"curies":[{"name":"wp","href":"https:\/\/api.w.org\/{rel}","templated":true}]}}