{"id":222812,"date":"2026-02-23T10:19:00","date_gmt":"2026-02-23T13:19:00","guid":{"rendered":"https:\/\/portaltela.pt\/noticias\/2026\/02\/23\/anulam-cancelamento-de-vistos-de-72-clientes-de-empresa-acusada-de-imigracao\/"},"modified":"2026-02-23T10:19:00","modified_gmt":"2026-02-23T13:19:00","slug":"anulam-cancelamento-de-vistos-de-72-clientes-de-empresa-acusada-de-imigracao","status":"publish","type":"post","link":"https:\/\/portaltela.pt\/noticias\/2026\/02\/23\/anulam-cancelamento-de-vistos-de-72-clientes-de-empresa-acusada-de-imigracao\/","title":{"rendered":"Anulam cancelamento de vistos de 72 clientes de empresa acusada de imigra\u00e7\u00e3o"},"content":{"rendered":"<p>V\u00e1rias decis\u00f5es judiciais anulam o cancelamento de autoriza\u00e7\u00f5es de resid\u00eancia a cinco dos 72 clientes de uma empresa acusada de aux\u00edlio \u00e0 imigra\u00e7\u00e3o ilegal. Ningu\u00e9m entre os 72 era arguido no processo, indicam os tribunais.<\/p>\n<p>Pelo menos quatro tribunais administrativos e fiscais \u2014 em Loul\u00e9, Almada, Sintra e Leiria \u2014 determinaram \u00e0 Ag\u00eancia para a Integra\u00e7\u00e3o, Migrac\u0327\u00f5es e Asilo (AIMA) que revogasse a decis\u00e3o de cancelar as resid\u00eancias desses cinco cidad\u00e3os. A decis\u00e3o ocorreu no \u00e2mbito de um caso ligado \u00e0 empresa envolvida.<\/p>\n<p>A empresa em causa era apontada pelo Minist\u00e9rio P\u00fablico de ter prestado servi\u00e7os a pessoas que teriam facilitado a imigra\u00e7\u00e3o ilegal. O cancelamento de resid\u00eancias est\u00e1 relacionado com esse enquadramento, mas as decis\u00f5es judiciais devolvem aos cinco imigrantes a possibilidade de permanecer no pa\u00eds.<\/p>\n","protected":false},"excerpt":{"rendered":"<ul>\n<li>Tribunais administrativos de Loul\u00e9, Almada, Sintra e Leiria ordenaram a anula\u00e7\u00e3o do cancelamento de autoriza\u00e7\u00f5es de resid\u00eancia de cinco dos 72 cidad\u00e3os alvo da a\u00e7\u00e3o.<\/li>\n<li>Os cinco eram clientes de uma empresa acusada pelo Minist\u00e9rio P\u00fablico de aux\u00edlio \u00e0 imigra\u00e7\u00e3o ilegal; nenhum deles era arguido.<\/li>\n<li>A decis\u00e3o de cancelar as resid\u00eancias foi revertida pelos tribunais, mantendo as autoriza\u00e7\u00f5es em vigor.<\/li>\n<li>AIMA (Ag\u00eancia para a Integra\u00e7\u00e3o, Migra\u00e7\u00e3o e Asilo) tinha emitido a notifica\u00e7\u00e3o de abandono volunt\u00e1rio associada ao cancelamento das resid\u00eancias.<\/li>\n<li>A situa\u00e7\u00e3o envolve a liga\u00e7\u00e3o entre os clientes e a empresa sob investiga\u00e7\u00e3o por eventual passagem de imigra\u00e7\u00e3o ilegal.<\/li>\n<\/ul>\n","protected":false},"author":2,"featured_media":222814,"comment_status":"closed","ping_status":"closed","sticky":false,"template":"","format":"standard","meta":{"footnotes":""},"categories":[1],"tags":[712,1921,803,3667,4115,6208],"class_list":["post-222812","post","type-post","status-publish","format-standard","has-post-thumbnail","hentry","category-noticias","tag-imigracao","tag-imigrantes","tag-justica","tag-processos","tag-residencias","tag-tribunais"],"yoast_head":"<!-- This site is optimized with the Yoast SEO plugin v27.2 - https:\/\/yoast.com\/product\/yoast-seo-wordpress\/ -->\n<title>Anulam cancelamento de vistos de 72 clientes de empresa acusada de imigra\u00e7\u00e3o - Portal Tela Portugal<\/title>\n<meta name=\"robots\" content=\"index, follow, max-snippet:-1, max-image-preview:large, max-video-preview:-1\" \/>\n<meta property=\"og:locale\" content=\"pt_PT\" \/>\n<meta property=\"og:type\" content=\"article\" \/>\n<meta property=\"og:title\" content=\"Anulam cancelamento de vistos de 72 clientes de empresa acusada de imigra\u00e7\u00e3o - Portal Tela Portugal\" \/>\n<meta property=\"og:description\" content=\"Tribunais administrativos de Loul\u00e9, Almada, Sintra e Leiria ordenaram a anula\u00e7\u00e3o do cancelamento de autoriza\u00e7\u00f5es de resid\u00eancia de cinco dos 72 cidad\u00e3os alvo da a\u00e7\u00e3o. Os cinco eram clientes de uma empresa acusada pelo Minist\u00e9rio P\u00fablico de aux\u00edlio \u00e0 imigra\u00e7\u00e3o ilegal; nenhum deles era arguido. A decis\u00e3o de cancelar as resid\u00eancias foi revertida pelos tribunais, mantendo as autoriza\u00e7\u00f5es em vigor. AIMA (Ag\u00eancia para a Integra\u00e7\u00e3o, Migra\u00e7\u00e3o e Asilo) tinha emitido a notifica\u00e7\u00e3o de abandono volunt\u00e1rio associada ao cancelamento das resid\u00eancias. A situa\u00e7\u00e3o envolve a liga\u00e7\u00e3o entre os clientes e a empresa sob investiga\u00e7\u00e3o por eventual passagem de imigra\u00e7\u00e3o ilegal.\" \/>\n<meta property=\"og:url\" content=\"https:\/\/portaltela.pt\/noticias\/2026\/02\/23\/anulam-cancelamento-de-vistos-de-72-clientes-de-empresa-acusada-de-imigracao\/\" \/>\n<meta property=\"og:site_name\" content=\"Portal Tela Portugal\" \/>\n<meta property=\"article:published_time\" content=\"2026-02-23T13:19:00+00:00\" \/>\n<meta name=\"author\" content=\"Telinha\" \/>\n<meta name=\"twitter:card\" content=\"summary_large_image\" \/>\n<meta name=\"twitter:label1\" content=\"Escrito por\" \/>\n\t<meta name=\"twitter:data1\" content=\"Telinha\" \/>\n\t<meta name=\"twitter:label2\" content=\"Tempo estimado de leitura\" \/>\n\t<meta name=\"twitter:data2\" content=\"1 minuto\" \/>\n<script type=\"application\/ld+json\" class=\"yoast-schema-graph\">{\"@context\":\"https:\/\/schema.org\",\"@graph\":[{\"@type\":\"Article\",\"@id\":\"https:\/\/portaltela.pt\/noticias\/2026\/02\/23\/anulam-cancelamento-de-vistos-de-72-clientes-de-empresa-acusada-de-imigracao\/#article\",\"isPartOf\":{\"@id\":\"https:\/\/portaltela.pt\/noticias\/2026\/02\/23\/anulam-cancelamento-de-vistos-de-72-clientes-de-empresa-acusada-de-imigracao\/\"},\"author\":{\"name\":\"Telinha\",\"@id\":\"https:\/\/portaltela.pt\/#\/schema\/person\/c4278d4a6028830caff9ee44b42d32ed\"},\"headline\":\"Anulam cancelamento de vistos de 72 clientes de empresa acusada de imigra\u00e7\u00e3o\",\"datePublished\":\"2026-02-23T13:19:00+00:00\",\"mainEntityOfPage\":{\"@id\":\"https:\/\/portaltela.pt\/noticias\/2026\/02\/23\/anulam-cancelamento-de-vistos-de-72-clientes-de-empresa-acusada-de-imigracao\/\"},\"wordCount\":153,\"image\":{\"@id\":\"https:\/\/portaltela.pt\/noticias\/2026\/02\/23\/anulam-cancelamento-de-vistos-de-72-clientes-de-empresa-acusada-de-imigracao\/#primaryimage\"},\"thumbnailUrl\":\"https:\/\/portaltela.pt\/s.01k8rhncp4jt1\/2026\/02\/2069114.jpg\",\"keywords\":[\"imigra\u00e7\u00e3o\",\"imigrantes\",\"justi\u00e7a\",\"processos\",\"resid\u00eancias\",\"Tribunais\"],\"articleSection\":[\"Not\u00edcias\"],\"inLanguage\":\"pt-PT\"},{\"@type\":\"WebPage\",\"@id\":\"https:\/\/portaltela.pt\/noticias\/2026\/02\/23\/anulam-cancelamento-de-vistos-de-72-clientes-de-empresa-acusada-de-imigracao\/\",\"url\":\"https:\/\/portaltela.pt\/noticias\/2026\/02\/23\/anulam-cancelamento-de-vistos-de-72-clientes-de-empresa-acusada-de-imigracao\/\",\"name\":\"Anulam cancelamento de vistos de 72 clientes de empresa acusada de imigra\u00e7\u00e3o - Portal Tela Portugal\",\"isPartOf\":{\"@id\":\"https:\/\/portaltela.pt\/#website\"},\"primaryImageOfPage\":{\"@id\":\"https:\/\/portaltela.pt\/noticias\/2026\/02\/23\/anulam-cancelamento-de-vistos-de-72-clientes-de-empresa-acusada-de-imigracao\/#primaryimage\"},\"image\":{\"@id\":\"https:\/\/portaltela.pt\/noticias\/2026\/02\/23\/anulam-cancelamento-de-vistos-de-72-clientes-de-empresa-acusada-de-imigracao\/#primaryimage\"},\"thumbnailUrl\":\"https:\/\/portaltela.pt\/s.01k8rhncp4jt1\/2026\/02\/2069114.jpg\",\"datePublished\":\"2026-02-23T13:19:00+00:00\",\"author\":{\"@id\":\"https:\/\/portaltela.pt\/#\/schema\/person\/c4278d4a6028830caff9ee44b42d32ed\"},\"breadcrumb\":{\"@id\":\"https:\/\/portaltela.pt\/noticias\/2026\/02\/23\/anulam-cancelamento-de-vistos-de-72-clientes-de-empresa-acusada-de-imigracao\/#breadcrumb\"},\"inLanguage\":\"pt-PT\",\"potentialAction\":[{\"@type\":\"ReadAction\",\"target\":[\"https:\/\/portaltela.pt\/noticias\/2026\/02\/23\/anulam-cancelamento-de-vistos-de-72-clientes-de-empresa-acusada-de-imigracao\/\"]}]},{\"@type\":\"ImageObject\",\"inLanguage\":\"pt-PT\",\"@id\":\"https:\/\/portaltela.pt\/noticias\/2026\/02\/23\/anulam-cancelamento-de-vistos-de-72-clientes-de-empresa-acusada-de-imigracao\/#primaryimage\",\"url\":\"https:\/\/portaltela.pt\/s.01k8rhncp4jt1\/2026\/02\/2069114.jpg\",\"contentUrl\":\"https:\/\/portaltela.pt\/s.01k8rhncp4jt1\/2026\/02\/2069114.jpg\",\"width\":796,\"height\":448,\"caption\":\"No Porto, houve alturas que cresciam as filas de imigrantes nas imedia\u00e7\u00f5es ou \u00e0 porta da AIMA por causa dos atrasos nos processos\"},{\"@type\":\"BreadcrumbList\",\"@id\":\"https:\/\/portaltela.pt\/noticias\/2026\/02\/23\/anulam-cancelamento-de-vistos-de-72-clientes-de-empresa-acusada-de-imigracao\/#breadcrumb\",\"itemListElement\":[{\"@type\":\"ListItem\",\"position\":1,\"name\":\"In\u00edcio\",\"item\":\"https:\/\/portaltela.pt\/\"},{\"@type\":\"ListItem\",\"position\":2,\"name\":\"Anulam cancelamento de vistos de 72 clientes de empresa acusada de imigra\u00e7\u00e3o\"}]},{\"@type\":\"WebSite\",\"@id\":\"https:\/\/portaltela.pt\/#website\",\"url\":\"https:\/\/portaltela.pt\/\",\"name\":\"Portal Tela Portugal\",\"description\":\"\",\"potentialAction\":[{\"@type\":\"SearchAction\",\"target\":{\"@type\":\"EntryPoint\",\"urlTemplate\":\"https:\/\/portaltela.pt\/?s={search_term_string}\"},\"query-input\":{\"@type\":\"PropertyValueSpecification\",\"valueRequired\":true,\"valueName\":\"search_term_string\"}}],\"inLanguage\":\"pt-PT\"},{\"@type\":\"Person\",\"@id\":\"https:\/\/portaltela.pt\/#\/schema\/person\/c4278d4a6028830caff9ee44b42d32ed\",\"name\":\"Telinha\",\"image\":{\"@type\":\"ImageObject\",\"inLanguage\":\"pt-PT\",\"@id\":\"https:\/\/portaltela.pt\/s.01k8rhncp4jt1\/2025\/11\/talking-bot-125x125.png\",\"url\":\"https:\/\/portaltela.pt\/s.01k8rhncp4jt1\/2025\/11\/talking-bot-125x125.png\",\"contentUrl\":\"https:\/\/portaltela.pt\/s.01k8rhncp4jt1\/2025\/11\/talking-bot-125x125.png\",\"caption\":\"Telinha\"},\"sameAs\":[\"https:\/\/portaltela.pt\/\"],\"url\":\"https:\/\/portaltela.pt\/por\/367410592786\/\"}]}<\/script>\n<!-- \/ Yoast SEO plugin. -->","yoast_head_json":{"title":"Anulam cancelamento de vistos de 72 clientes de empresa acusada de imigra\u00e7\u00e3o - Portal Tela Portugal","robots":{"index":"index","follow":"follow","max-snippet":"max-snippet:-1","max-image-preview":"max-image-preview:large","max-video-preview":"max-video-preview:-1"},"og_locale":"pt_PT","og_type":"article","og_title":"Anulam cancelamento de vistos de 72 clientes de empresa acusada de imigra\u00e7\u00e3o - Portal Tela Portugal","og_description":"Tribunais administrativos de Loul\u00e9, Almada, Sintra e Leiria ordenaram a anula\u00e7\u00e3o do cancelamento de autoriza\u00e7\u00f5es de resid\u00eancia de cinco dos 72 cidad\u00e3os alvo da a\u00e7\u00e3o. Os cinco eram clientes de uma empresa acusada pelo Minist\u00e9rio P\u00fablico de aux\u00edlio \u00e0 imigra\u00e7\u00e3o ilegal; nenhum deles era arguido. A decis\u00e3o de cancelar as resid\u00eancias foi revertida pelos tribunais, mantendo as autoriza\u00e7\u00f5es em vigor. AIMA (Ag\u00eancia para a Integra\u00e7\u00e3o, Migra\u00e7\u00e3o e Asilo) tinha emitido a notifica\u00e7\u00e3o de abandono volunt\u00e1rio associada ao cancelamento das resid\u00eancias. A situa\u00e7\u00e3o envolve a liga\u00e7\u00e3o entre os clientes e a empresa sob investiga\u00e7\u00e3o por eventual passagem de imigra\u00e7\u00e3o ilegal.","og_url":"https:\/\/portaltela.pt\/noticias\/2026\/02\/23\/anulam-cancelamento-de-vistos-de-72-clientes-de-empresa-acusada-de-imigracao\/","og_site_name":"Portal Tela Portugal","article_published_time":"2026-02-23T13:19:00+00:00","author":"Telinha","twitter_card":"summary_large_image","twitter_misc":{"Escrito por":"Telinha","Tempo estimado de leitura":"1 minuto"},"schema":{"@context":"https:\/\/schema.org","@graph":[{"@type":"Article","@id":"https:\/\/portaltela.pt\/noticias\/2026\/02\/23\/anulam-cancelamento-de-vistos-de-72-clientes-de-empresa-acusada-de-imigracao\/#article","isPartOf":{"@id":"https:\/\/portaltela.pt\/noticias\/2026\/02\/23\/anulam-cancelamento-de-vistos-de-72-clientes-de-empresa-acusada-de-imigracao\/"},"author":{"name":"Telinha","@id":"https:\/\/portaltela.pt\/#\/schema\/person\/c4278d4a6028830caff9ee44b42d32ed"},"headline":"Anulam cancelamento de vistos de 72 clientes de empresa acusada de imigra\u00e7\u00e3o","datePublished":"2026-02-23T13:19:00+00:00","mainEntityOfPage":{"@id":"https:\/\/portaltela.pt\/noticias\/2026\/02\/23\/anulam-cancelamento-de-vistos-de-72-clientes-de-empresa-acusada-de-imigracao\/"},"wordCount":153,"image":{"@id":"https:\/\/portaltela.pt\/noticias\/2026\/02\/23\/anulam-cancelamento-de-vistos-de-72-clientes-de-empresa-acusada-de-imigracao\/#primaryimage"},"thumbnailUrl":"https:\/\/portaltela.pt\/s.01k8rhncp4jt1\/2026\/02\/2069114.jpg","keywords":["imigra\u00e7\u00e3o","imigrantes","justi\u00e7a","processos","resid\u00eancias","Tribunais"],"articleSection":["Not\u00edcias"],"inLanguage":"pt-PT"},{"@type":"WebPage","@id":"https:\/\/portaltela.pt\/noticias\/2026\/02\/23\/anulam-cancelamento-de-vistos-de-72-clientes-de-empresa-acusada-de-imigracao\/","url":"https:\/\/portaltela.pt\/noticias\/2026\/02\/23\/anulam-cancelamento-de-vistos-de-72-clientes-de-empresa-acusada-de-imigracao\/","name":"Anulam cancelamento de vistos de 72 clientes de empresa acusada de imigra\u00e7\u00e3o - Portal Tela Portugal","isPartOf":{"@id":"https:\/\/portaltela.pt\/#website"},"primaryImageOfPage":{"@id":"https:\/\/portaltela.pt\/noticias\/2026\/02\/23\/anulam-cancelamento-de-vistos-de-72-clientes-de-empresa-acusada-de-imigracao\/#primaryimage"},"image":{"@id":"https:\/\/portaltela.pt\/noticias\/2026\/02\/23\/anulam-cancelamento-de-vistos-de-72-clientes-de-empresa-acusada-de-imigracao\/#primaryimage"},"thumbnailUrl":"https:\/\/portaltela.pt\/s.01k8rhncp4jt1\/2026\/02\/2069114.jpg","datePublished":"2026-02-23T13:19:00+00:00","author":{"@id":"https:\/\/portaltela.pt\/#\/schema\/person\/c4278d4a6028830caff9ee44b42d32ed"},"breadcrumb":{"@id":"https:\/\/portaltela.pt\/noticias\/2026\/02\/23\/anulam-cancelamento-de-vistos-de-72-clientes-de-empresa-acusada-de-imigracao\/#breadcrumb"},"inLanguage":"pt-PT","potentialAction":[{"@type":"ReadAction","target":["https:\/\/portaltela.pt\/noticias\/2026\/02\/23\/anulam-cancelamento-de-vistos-de-72-clientes-de-empresa-acusada-de-imigracao\/"]}]},{"@type":"ImageObject","inLanguage":"pt-PT","@id":"https:\/\/portaltela.pt\/noticias\/2026\/02\/23\/anulam-cancelamento-de-vistos-de-72-clientes-de-empresa-acusada-de-imigracao\/#primaryimage","url":"https:\/\/portaltela.pt\/s.01k8rhncp4jt1\/2026\/02\/2069114.jpg","contentUrl":"https:\/\/portaltela.pt\/s.01k8rhncp4jt1\/2026\/02\/2069114.jpg","width":796,"height":448,"caption":"No Porto, houve alturas que cresciam as filas de imigrantes nas imedia\u00e7\u00f5es ou \u00e0 porta da AIMA por causa dos atrasos nos processos"},{"@type":"BreadcrumbList","@id":"https:\/\/portaltela.pt\/noticias\/2026\/02\/23\/anulam-cancelamento-de-vistos-de-72-clientes-de-empresa-acusada-de-imigracao\/#breadcrumb","itemListElement":[{"@type":"ListItem","position":1,"name":"In\u00edcio","item":"https:\/\/portaltela.pt\/"},{"@type":"ListItem","position":2,"name":"Anulam cancelamento de vistos de 72 clientes de empresa acusada de imigra\u00e7\u00e3o"}]},{"@type":"WebSite","@id":"https:\/\/portaltela.pt\/#website","url":"https:\/\/portaltela.pt\/","name":"Portal Tela Portugal","description":"","potentialAction":[{"@type":"SearchAction","target":{"@type":"EntryPoint","urlTemplate":"https:\/\/portaltela.pt\/?s={search_term_string}"},"query-input":{"@type":"PropertyValueSpecification","valueRequired":true,"valueName":"search_term_string"}}],"inLanguage":"pt-PT"},{"@type":"Person","@id":"https:\/\/portaltela.pt\/#\/schema\/person\/c4278d4a6028830caff9ee44b42d32ed","name":"Telinha","image":{"@type":"ImageObject","inLanguage":"pt-PT","@id":"https:\/\/portaltela.pt\/s.01k8rhncp4jt1\/2025\/11\/talking-bot-125x125.png","url":"https:\/\/portaltela.pt\/s.01k8rhncp4jt1\/2025\/11\/talking-bot-125x125.png","contentUrl":"https:\/\/portaltela.pt\/s.01k8rhncp4jt1\/2025\/11\/talking-bot-125x125.png","caption":"Telinha"},"sameAs":["https:\/\/portaltela.pt\/"],"url":"https:\/\/portaltela.pt\/por\/367410592786\/"}]}},"_links":{"self":[{"href":"https:\/\/portaltela.pt\/api\/wp\/v2\/posts\/222812","targetHints":{"allow":["GET"]}}],"collection":[{"href":"https:\/\/portaltela.pt\/api\/wp\/v2\/posts"}],"about":[{"href":"https:\/\/portaltela.pt\/api\/wp\/v2\/types\/post"}],"author":[{"embeddable":true,"href":"https:\/\/portaltela.pt\/api\/wp\/v2\/users\/2"}],"replies":[{"embeddable":true,"href":"https:\/\/portaltela.pt\/api\/wp\/v2\/comments?post=222812"}],"version-history":[{"count":0,"href":"https:\/\/portaltela.pt\/api\/wp\/v2\/posts\/222812\/revisions"}],"wp:featuredmedia":[{"embeddable":true,"href":"https:\/\/portaltela.pt\/api\/wp\/v2\/media\/222814"}],"wp:attachment":[{"href":"https:\/\/portaltela.pt\/api\/wp\/v2\/media?parent=222812"}],"wp:term":[{"taxonomy":"category","embeddable":true,"href":"https:\/\/portaltela.pt\/api\/wp\/v2\/categories?post=222812"},{"taxonomy":"post_tag","embeddable":true,"href":"https:\/\/portaltela.pt\/api\/wp\/v2\/tags?post=222812"}],"curies":[{"name":"wp","href":"https:\/\/api.w.org\/{rel}","templated":true}]}}