{"id":222776,"date":"2026-02-23T09:49:33","date_gmt":"2026-02-23T12:49:33","guid":{"rendered":"https:\/\/portaltela.pt\/noticias\/2026\/02\/23\/atraso-de-um-minuto-leva-a-perda-de-consulta-com-medica-de-familia\/"},"modified":"2026-02-23T09:49:33","modified_gmt":"2026-02-23T12:49:33","slug":"atraso-de-um-minuto-leva-a-perda-de-consulta-com-medica-de-familia","status":"publish","type":"post","link":"https:\/\/portaltela.pt\/noticias\/2026\/02\/23\/atraso-de-um-minuto-leva-a-perda-de-consulta-com-medica-de-familia\/","title":{"rendered":"Atraso de um minuto leva \u00e0 perda de consulta com m\u00e9dica de fam\u00edlia"},"content":{"rendered":"<p>Um utente perdeu a consulta com m\u00e9dica de fam\u00edlia no centro de sa\u00fade local, ap\u00f3s chegar com atraso de um minuto. O incidente ocorreu a 23 de fevereiro de 2026, por volta das 12h49, segundo a secretaria do centro.<\/p>\n<p>A secret\u00e1ria explicou ao utente que, devido ao atraso, a m\u00e9dica j\u00e1 n\u00e3o podia atender naquela consulta.<\/p>\n<p>N\u00e3o h\u00e1 informa\u00e7\u00f5es adicionais dispon\u00edveis sobre a pol\u00edtica de pontualidade aplicada nem sobre poss\u00edveis consequ\u00eancias para futuras marca\u00e7\u00f5es.<\/p>\n","protected":false},"excerpt":{"rendered":"<ul>\n<li>Uma utente perdeu a consulta com uma m\u00e9dica de fam\u00edlia por se atrasar um minuto no centro de sa\u00fade.<\/li>\n<li>A secret\u00e1ria do centro de sa\u00fade disse-lhe que a m\u00e9dica j\u00e1 n\u00e3o podia atender.<\/li>\n<li>O incidente foi reportado com a data de 23 de fevereiro de 2026 \u00e0s 12:49.<\/li>\n<li>O texto n\u00e3o oferece detalhes adicionais sobre pol\u00edticas de atraso ou exce\u00e7\u00f5es.<\/li>\n<\/ul>\n","protected":false},"author":2,"featured_media":222777,"comment_status":"closed","ping_status":"closed","sticky":false,"template":"","format":"standard","meta":{"footnotes":""},"categories":[1],"tags":[5764,5700,2654,4425,172,1221],"class_list":["post-222776","post","type-post","status-publish","format-standard","has-post-thumbnail","hentry","category-noticias","tag-assistencia-de-saude","tag-consultas-externas","tag-cuidados-de-saude-primarios","tag-profissionais-de-saude","tag-saude","tag-servicos-publicos"],"yoast_head":"<!-- This site is optimized with the Yoast SEO plugin v27.2 - https:\/\/yoast.com\/product\/yoast-seo-wordpress\/ -->\n<title>Atraso de um minuto leva \u00e0 perda de consulta com m\u00e9dica de fam\u00edlia - Portal Tela Portugal<\/title>\n<meta name=\"robots\" content=\"index, follow, max-snippet:-1, max-image-preview:large, max-video-preview:-1\" \/>\n<meta property=\"og:locale\" content=\"pt_PT\" \/>\n<meta property=\"og:type\" content=\"article\" \/>\n<meta property=\"og:title\" content=\"Atraso de um minuto leva \u00e0 perda de consulta com m\u00e9dica de fam\u00edlia - Portal Tela Portugal\" \/>\n<meta property=\"og:description\" content=\"Uma utente perdeu a consulta com uma m\u00e9dica de fam\u00edlia por se atrasar um minuto no centro de sa\u00fade. A secret\u00e1ria do centro de sa\u00fade disse-lhe que a m\u00e9dica j\u00e1 n\u00e3o podia atender. O incidente foi reportado com a data de 23 de fevereiro de 2026 \u00e0s 12:49. O texto n\u00e3o oferece detalhes adicionais sobre pol\u00edticas de atraso ou exce\u00e7\u00f5es.\" \/>\n<meta property=\"og:url\" content=\"https:\/\/portaltela.pt\/noticias\/2026\/02\/23\/atraso-de-um-minuto-leva-a-perda-de-consulta-com-medica-de-familia\/\" \/>\n<meta property=\"og:site_name\" content=\"Portal Tela Portugal\" \/>\n<meta property=\"article:published_time\" content=\"2026-02-23T12:49:33+00:00\" \/>\n<meta name=\"author\" content=\"Telinha\" \/>\n<meta name=\"twitter:card\" content=\"summary_large_image\" \/>\n<meta name=\"twitter:label1\" content=\"Escrito por\" \/>\n\t<meta name=\"twitter:data1\" content=\"Telinha\" \/>\n<script type=\"application\/ld+json\" class=\"yoast-schema-graph\">{\"@context\":\"https:\/\/schema.org\",\"@graph\":[{\"@type\":\"Article\",\"@id\":\"https:\/\/portaltela.pt\/noticias\/2026\/02\/23\/atraso-de-um-minuto-leva-a-perda-de-consulta-com-medica-de-familia\/#article\",\"isPartOf\":{\"@id\":\"https:\/\/portaltela.pt\/noticias\/2026\/02\/23\/atraso-de-um-minuto-leva-a-perda-de-consulta-com-medica-de-familia\/\"},\"author\":{\"name\":\"Telinha\",\"@id\":\"https:\/\/portaltela.pt\/#\/schema\/person\/c4278d4a6028830caff9ee44b42d32ed\"},\"headline\":\"Atraso de um minuto leva \u00e0 perda de consulta com m\u00e9dica de fam\u00edlia\",\"datePublished\":\"2026-02-23T12:49:33+00:00\",\"mainEntityOfPage\":{\"@id\":\"https:\/\/portaltela.pt\/noticias\/2026\/02\/23\/atraso-de-um-minuto-leva-a-perda-de-consulta-com-medica-de-familia\/\"},\"wordCount\":100,\"image\":{\"@id\":\"https:\/\/portaltela.pt\/noticias\/2026\/02\/23\/atraso-de-um-minuto-leva-a-perda-de-consulta-com-medica-de-familia\/#primaryimage\"},\"thumbnailUrl\":\"https:\/\/portaltela.pt\/s.01k8rhncp4jt1\/2026\/02\/img_1280x722uu2024-10-28-20-21-59-2173968.jpg\",\"keywords\":[\"assist\u00eancia de sa\u00fade\",\"consultas externas\",\"Cuidados de Sa\u00fade Prim\u00e1rios\",\"profissionais de sa\u00fade\",\"sa\u00fade\",\"servi\u00e7os p\u00fablicos\"],\"articleSection\":[\"Not\u00edcias\"],\"inLanguage\":\"pt-PT\"},{\"@type\":\"WebPage\",\"@id\":\"https:\/\/portaltela.pt\/noticias\/2026\/02\/23\/atraso-de-um-minuto-leva-a-perda-de-consulta-com-medica-de-familia\/\",\"url\":\"https:\/\/portaltela.pt\/noticias\/2026\/02\/23\/atraso-de-um-minuto-leva-a-perda-de-consulta-com-medica-de-familia\/\",\"name\":\"Atraso de um minuto leva \u00e0 perda de consulta com m\u00e9dica de fam\u00edlia - Portal Tela Portugal\",\"isPartOf\":{\"@id\":\"https:\/\/portaltela.pt\/#website\"},\"primaryImageOfPage\":{\"@id\":\"https:\/\/portaltela.pt\/noticias\/2026\/02\/23\/atraso-de-um-minuto-leva-a-perda-de-consulta-com-medica-de-familia\/#primaryimage\"},\"image\":{\"@id\":\"https:\/\/portaltela.pt\/noticias\/2026\/02\/23\/atraso-de-um-minuto-leva-a-perda-de-consulta-com-medica-de-familia\/#primaryimage\"},\"thumbnailUrl\":\"https:\/\/portaltela.pt\/s.01k8rhncp4jt1\/2026\/02\/img_1280x722uu2024-10-28-20-21-59-2173968.jpg\",\"datePublished\":\"2026-02-23T12:49:33+00:00\",\"author\":{\"@id\":\"https:\/\/portaltela.pt\/#\/schema\/person\/c4278d4a6028830caff9ee44b42d32ed\"},\"breadcrumb\":{\"@id\":\"https:\/\/portaltela.pt\/noticias\/2026\/02\/23\/atraso-de-um-minuto-leva-a-perda-de-consulta-com-medica-de-familia\/#breadcrumb\"},\"inLanguage\":\"pt-PT\",\"potentialAction\":[{\"@type\":\"ReadAction\",\"target\":[\"https:\/\/portaltela.pt\/noticias\/2026\/02\/23\/atraso-de-um-minuto-leva-a-perda-de-consulta-com-medica-de-familia\/\"]}]},{\"@type\":\"ImageObject\",\"inLanguage\":\"pt-PT\",\"@id\":\"https:\/\/portaltela.pt\/noticias\/2026\/02\/23\/atraso-de-um-minuto-leva-a-perda-de-consulta-com-medica-de-familia\/#primaryimage\",\"url\":\"https:\/\/portaltela.pt\/s.01k8rhncp4jt1\/2026\/02\/img_1280x722uu2024-10-28-20-21-59-2173968.jpg\",\"contentUrl\":\"https:\/\/portaltela.pt\/s.01k8rhncp4jt1\/2026\/02\/img_1280x722uu2024-10-28-20-21-59-2173968.jpg\",\"width\":796,\"height\":448,\"caption\":\"Perde direito a consulta com m\u00e9dica de fam\u00edlia por se atrasar um minuto\"},{\"@type\":\"BreadcrumbList\",\"@id\":\"https:\/\/portaltela.pt\/noticias\/2026\/02\/23\/atraso-de-um-minuto-leva-a-perda-de-consulta-com-medica-de-familia\/#breadcrumb\",\"itemListElement\":[{\"@type\":\"ListItem\",\"position\":1,\"name\":\"In\u00edcio\",\"item\":\"https:\/\/portaltela.pt\/\"},{\"@type\":\"ListItem\",\"position\":2,\"name\":\"Atraso de um minuto leva \u00e0 perda de consulta com m\u00e9dica de fam\u00edlia\"}]},{\"@type\":\"WebSite\",\"@id\":\"https:\/\/portaltela.pt\/#website\",\"url\":\"https:\/\/portaltela.pt\/\",\"name\":\"Portal Tela Portugal\",\"description\":\"\",\"potentialAction\":[{\"@type\":\"SearchAction\",\"target\":{\"@type\":\"EntryPoint\",\"urlTemplate\":\"https:\/\/portaltela.pt\/?s={search_term_string}\"},\"query-input\":{\"@type\":\"PropertyValueSpecification\",\"valueRequired\":true,\"valueName\":\"search_term_string\"}}],\"inLanguage\":\"pt-PT\"},{\"@type\":\"Person\",\"@id\":\"https:\/\/portaltela.pt\/#\/schema\/person\/c4278d4a6028830caff9ee44b42d32ed\",\"name\":\"Telinha\",\"image\":{\"@type\":\"ImageObject\",\"inLanguage\":\"pt-PT\",\"@id\":\"https:\/\/portaltela.pt\/s.01k8rhncp4jt1\/2025\/11\/talking-bot-125x125.png\",\"url\":\"https:\/\/portaltela.pt\/s.01k8rhncp4jt1\/2025\/11\/talking-bot-125x125.png\",\"contentUrl\":\"https:\/\/portaltela.pt\/s.01k8rhncp4jt1\/2025\/11\/talking-bot-125x125.png\",\"caption\":\"Telinha\"},\"sameAs\":[\"https:\/\/portaltela.pt\/\"],\"url\":\"https:\/\/portaltela.pt\/por\/367410592786\/\"}]}<\/script>\n<!-- \/ Yoast SEO plugin. -->","yoast_head_json":{"title":"Atraso de um minuto leva \u00e0 perda de consulta com m\u00e9dica de fam\u00edlia - Portal Tela Portugal","robots":{"index":"index","follow":"follow","max-snippet":"max-snippet:-1","max-image-preview":"max-image-preview:large","max-video-preview":"max-video-preview:-1"},"og_locale":"pt_PT","og_type":"article","og_title":"Atraso de um minuto leva \u00e0 perda de consulta com m\u00e9dica de fam\u00edlia - Portal Tela Portugal","og_description":"Uma utente perdeu a consulta com uma m\u00e9dica de fam\u00edlia por se atrasar um minuto no centro de sa\u00fade. A secret\u00e1ria do centro de sa\u00fade disse-lhe que a m\u00e9dica j\u00e1 n\u00e3o podia atender. O incidente foi reportado com a data de 23 de fevereiro de 2026 \u00e0s 12:49. O texto n\u00e3o oferece detalhes adicionais sobre pol\u00edticas de atraso ou exce\u00e7\u00f5es.","og_url":"https:\/\/portaltela.pt\/noticias\/2026\/02\/23\/atraso-de-um-minuto-leva-a-perda-de-consulta-com-medica-de-familia\/","og_site_name":"Portal Tela Portugal","article_published_time":"2026-02-23T12:49:33+00:00","author":"Telinha","twitter_card":"summary_large_image","twitter_misc":{"Escrito por":"Telinha"},"schema":{"@context":"https:\/\/schema.org","@graph":[{"@type":"Article","@id":"https:\/\/portaltela.pt\/noticias\/2026\/02\/23\/atraso-de-um-minuto-leva-a-perda-de-consulta-com-medica-de-familia\/#article","isPartOf":{"@id":"https:\/\/portaltela.pt\/noticias\/2026\/02\/23\/atraso-de-um-minuto-leva-a-perda-de-consulta-com-medica-de-familia\/"},"author":{"name":"Telinha","@id":"https:\/\/portaltela.pt\/#\/schema\/person\/c4278d4a6028830caff9ee44b42d32ed"},"headline":"Atraso de um minuto leva \u00e0 perda de consulta com m\u00e9dica de fam\u00edlia","datePublished":"2026-02-23T12:49:33+00:00","mainEntityOfPage":{"@id":"https:\/\/portaltela.pt\/noticias\/2026\/02\/23\/atraso-de-um-minuto-leva-a-perda-de-consulta-com-medica-de-familia\/"},"wordCount":100,"image":{"@id":"https:\/\/portaltela.pt\/noticias\/2026\/02\/23\/atraso-de-um-minuto-leva-a-perda-de-consulta-com-medica-de-familia\/#primaryimage"},"thumbnailUrl":"https:\/\/portaltela.pt\/s.01k8rhncp4jt1\/2026\/02\/img_1280x722uu2024-10-28-20-21-59-2173968.jpg","keywords":["assist\u00eancia de sa\u00fade","consultas externas","Cuidados de Sa\u00fade Prim\u00e1rios","profissionais de sa\u00fade","sa\u00fade","servi\u00e7os p\u00fablicos"],"articleSection":["Not\u00edcias"],"inLanguage":"pt-PT"},{"@type":"WebPage","@id":"https:\/\/portaltela.pt\/noticias\/2026\/02\/23\/atraso-de-um-minuto-leva-a-perda-de-consulta-com-medica-de-familia\/","url":"https:\/\/portaltela.pt\/noticias\/2026\/02\/23\/atraso-de-um-minuto-leva-a-perda-de-consulta-com-medica-de-familia\/","name":"Atraso de um minuto leva \u00e0 perda de consulta com m\u00e9dica de fam\u00edlia - Portal Tela Portugal","isPartOf":{"@id":"https:\/\/portaltela.pt\/#website"},"primaryImageOfPage":{"@id":"https:\/\/portaltela.pt\/noticias\/2026\/02\/23\/atraso-de-um-minuto-leva-a-perda-de-consulta-com-medica-de-familia\/#primaryimage"},"image":{"@id":"https:\/\/portaltela.pt\/noticias\/2026\/02\/23\/atraso-de-um-minuto-leva-a-perda-de-consulta-com-medica-de-familia\/#primaryimage"},"thumbnailUrl":"https:\/\/portaltela.pt\/s.01k8rhncp4jt1\/2026\/02\/img_1280x722uu2024-10-28-20-21-59-2173968.jpg","datePublished":"2026-02-23T12:49:33+00:00","author":{"@id":"https:\/\/portaltela.pt\/#\/schema\/person\/c4278d4a6028830caff9ee44b42d32ed"},"breadcrumb":{"@id":"https:\/\/portaltela.pt\/noticias\/2026\/02\/23\/atraso-de-um-minuto-leva-a-perda-de-consulta-com-medica-de-familia\/#breadcrumb"},"inLanguage":"pt-PT","potentialAction":[{"@type":"ReadAction","target":["https:\/\/portaltela.pt\/noticias\/2026\/02\/23\/atraso-de-um-minuto-leva-a-perda-de-consulta-com-medica-de-familia\/"]}]},{"@type":"ImageObject","inLanguage":"pt-PT","@id":"https:\/\/portaltela.pt\/noticias\/2026\/02\/23\/atraso-de-um-minuto-leva-a-perda-de-consulta-com-medica-de-familia\/#primaryimage","url":"https:\/\/portaltela.pt\/s.01k8rhncp4jt1\/2026\/02\/img_1280x722uu2024-10-28-20-21-59-2173968.jpg","contentUrl":"https:\/\/portaltela.pt\/s.01k8rhncp4jt1\/2026\/02\/img_1280x722uu2024-10-28-20-21-59-2173968.jpg","width":796,"height":448,"caption":"Perde direito a consulta com m\u00e9dica de fam\u00edlia por se atrasar um minuto"},{"@type":"BreadcrumbList","@id":"https:\/\/portaltela.pt\/noticias\/2026\/02\/23\/atraso-de-um-minuto-leva-a-perda-de-consulta-com-medica-de-familia\/#breadcrumb","itemListElement":[{"@type":"ListItem","position":1,"name":"In\u00edcio","item":"https:\/\/portaltela.pt\/"},{"@type":"ListItem","position":2,"name":"Atraso de um minuto leva \u00e0 perda de consulta com m\u00e9dica de fam\u00edlia"}]},{"@type":"WebSite","@id":"https:\/\/portaltela.pt\/#website","url":"https:\/\/portaltela.pt\/","name":"Portal Tela Portugal","description":"","potentialAction":[{"@type":"SearchAction","target":{"@type":"EntryPoint","urlTemplate":"https:\/\/portaltela.pt\/?s={search_term_string}"},"query-input":{"@type":"PropertyValueSpecification","valueRequired":true,"valueName":"search_term_string"}}],"inLanguage":"pt-PT"},{"@type":"Person","@id":"https:\/\/portaltela.pt\/#\/schema\/person\/c4278d4a6028830caff9ee44b42d32ed","name":"Telinha","image":{"@type":"ImageObject","inLanguage":"pt-PT","@id":"https:\/\/portaltela.pt\/s.01k8rhncp4jt1\/2025\/11\/talking-bot-125x125.png","url":"https:\/\/portaltela.pt\/s.01k8rhncp4jt1\/2025\/11\/talking-bot-125x125.png","contentUrl":"https:\/\/portaltela.pt\/s.01k8rhncp4jt1\/2025\/11\/talking-bot-125x125.png","caption":"Telinha"},"sameAs":["https:\/\/portaltela.pt\/"],"url":"https:\/\/portaltela.pt\/por\/367410592786\/"}]}},"_links":{"self":[{"href":"https:\/\/portaltela.pt\/api\/wp\/v2\/posts\/222776","targetHints":{"allow":["GET"]}}],"collection":[{"href":"https:\/\/portaltela.pt\/api\/wp\/v2\/posts"}],"about":[{"href":"https:\/\/portaltela.pt\/api\/wp\/v2\/types\/post"}],"author":[{"embeddable":true,"href":"https:\/\/portaltela.pt\/api\/wp\/v2\/users\/2"}],"replies":[{"embeddable":true,"href":"https:\/\/portaltela.pt\/api\/wp\/v2\/comments?post=222776"}],"version-history":[{"count":0,"href":"https:\/\/portaltela.pt\/api\/wp\/v2\/posts\/222776\/revisions"}],"wp:featuredmedia":[{"embeddable":true,"href":"https:\/\/portaltela.pt\/api\/wp\/v2\/media\/222777"}],"wp:attachment":[{"href":"https:\/\/portaltela.pt\/api\/wp\/v2\/media?parent=222776"}],"wp:term":[{"taxonomy":"category","embeddable":true,"href":"https:\/\/portaltela.pt\/api\/wp\/v2\/categories?post=222776"},{"taxonomy":"post_tag","embeddable":true,"href":"https:\/\/portaltela.pt\/api\/wp\/v2\/tags?post=222776"}],"curies":[{"name":"wp","href":"https:\/\/api.w.org\/{rel}","templated":true}]}}