{"id":222764,"date":"2026-02-23T09:35:50","date_gmt":"2026-02-23T12:35:50","guid":{"rendered":"https:\/\/portaltela.pt\/noticias\/2026\/02\/23\/portugal-pronto-para-reforcar-sancoes-da-ue-contra-israel-por-colonatos\/"},"modified":"2026-02-23T09:35:50","modified_gmt":"2026-02-23T12:35:50","slug":"portugal-pronto-para-reforcar-sancoes-da-ue-contra-israel-por-colonatos","status":"publish","type":"post","link":"https:\/\/portaltela.pt\/noticias\/internacional\/2026\/02\/23\/portugal-pronto-para-reforcar-sancoes-da-ue-contra-israel-por-colonatos\/","title":{"rendered":"Portugal pronto para refor\u00e7ar san\u00e7\u00f5es da UE contra Israel por colonatos"},"content":{"rendered":"<p>O ministro dos Neg\u00f3cios Estrangeiros de Portugal indicou a possibilidade de refor\u00e7ar as san\u00e7\u00f5es da Uni\u00e3o Europeia contra Israel devido \u00e0 expans\u00e3o de colonatos na Cisjord\u00e2nia. A afirma\u00e7\u00e3o foi feita durante uma reuni\u00e3o dos ministros dos Neg\u00f3cios Estrangeiros da UE, em Bruxelas.<\/p>\n<p>Paulo Rangel sublinhou que o Governo portugu\u00eas tem condenado de forma constante o que ocorre na Cisjord\u00e2nia, tanto nas Na\u00e7\u00f5es Unidas como em declara\u00e7\u00f5es conjuntas com outros Estados. O objetivo \u00e9 enviar um sinal claro a Telavive sobre a percep\u00e7\u00e3o de agravamento da situa\u00e7\u00e3o.<\/p>\n<p>O ministro afirmou ainda que j\u00e1 existem san\u00e7\u00f5es aplicadas, nomeadamente contra colonos violentos, e que dever\u00e1 haver avalia\u00e7\u00e3o sobre o refor\u00e7o dessas medidas diante dos desenvolvimentos em curso.<\/p>\n","protected":false},"excerpt":{"rendered":"<ul>\n<li>O ministro dos Neg\u00f3cios Estrangeiros de Portugal admitiu refor\u00e7ar as san\u00e7\u00f5es da Uni\u00e3o Europeia contra Israel devido \u00e0 expans\u00e3o de colonatos na Cisjord\u00e2nia.<\/li>\n<li>Paulo Rangel afirmou que \u00e9 necess\u00e1rio enviar um &#8220;sinal muito claro&#8221; a Telavive.<\/li>\n<li>A declara\u00e7\u00e3o ocorreu \u00e0 margem de uma reuni\u00e3o de ministros dos Neg\u00f3cios Estrangeiros da UE, em Bruxelas.<\/li>\n<li>O Governo portugu\u00eas tem condenado sistematicamente o que acontece na Cisjord\u00e2nia, seja na ONU ou em declara\u00e7\u00f5es conjuntas com outros Estados.<\/li>\n<li>J\u00e1 existem san\u00e7\u00f5es contra colonos violentos, e o ministro admitiu que estas podem ser refor\u00e7adas perante os desenvolvimentos atuais.<\/li>\n<\/ul>\n","protected":false},"author":2,"featured_media":222767,"comment_status":"closed","ping_status":"closed","sticky":false,"template":"","format":"standard","meta":{"footnotes":""},"categories":[4,1],"tags":[5720,3708,5698,27,1840,2055],"class_list":["post-222764","post","type-post","status-publish","format-standard","has-post-thumbnail","hentry","category-internacional","category-noticias","tag-colonatos","tag-israel","tag-politica-internacional","tag-relacoes-internacionais","tag-sancoes-internacionais","tag-uniao-europeia"],"yoast_head":"<!-- This site is optimized with the Yoast SEO plugin v27.2 - https:\/\/yoast.com\/product\/yoast-seo-wordpress\/ -->\n<title>Portugal pronto para refor\u00e7ar san\u00e7\u00f5es da UE contra Israel por colonatos - Portal Tela Portugal<\/title>\n<meta name=\"robots\" content=\"index, follow, max-snippet:-1, max-image-preview:large, max-video-preview:-1\" \/>\n<meta property=\"og:locale\" content=\"pt_PT\" \/>\n<meta property=\"og:type\" content=\"article\" \/>\n<meta property=\"og:title\" content=\"Portugal pronto para refor\u00e7ar san\u00e7\u00f5es da UE contra Israel por colonatos - Portal Tela Portugal\" \/>\n<meta property=\"og:description\" content=\"O ministro dos Neg\u00f3cios Estrangeiros de Portugal admitiu refor\u00e7ar as san\u00e7\u00f5es da Uni\u00e3o Europeia contra Israel devido \u00e0 expans\u00e3o de colonatos na Cisjord\u00e2nia. Paulo Rangel afirmou que \u00e9 necess\u00e1rio enviar um &quot;sinal muito claro&quot; a Telavive. A declara\u00e7\u00e3o ocorreu \u00e0 margem de uma reuni\u00e3o de ministros dos Neg\u00f3cios Estrangeiros da UE, em Bruxelas. O Governo portugu\u00eas tem condenado sistematicamente o que acontece na Cisjord\u00e2nia, seja na ONU ou em declara\u00e7\u00f5es conjuntas com outros Estados. J\u00e1 existem san\u00e7\u00f5es contra colonos violentos, e o ministro admitiu que estas podem ser refor\u00e7adas perante os desenvolvimentos atuais.\" \/>\n<meta property=\"og:url\" content=\"https:\/\/portaltela.pt\/noticias\/2026\/02\/23\/portugal-pronto-para-reforcar-sancoes-da-ue-contra-israel-por-colonatos\/\" \/>\n<meta property=\"og:site_name\" content=\"Portal Tela Portugal\" \/>\n<meta property=\"article:published_time\" content=\"2026-02-23T12:35:50+00:00\" \/>\n<meta name=\"author\" content=\"Telinha\" \/>\n<meta name=\"twitter:card\" content=\"summary_large_image\" \/>\n<meta name=\"twitter:label1\" content=\"Escrito por\" \/>\n\t<meta name=\"twitter:data1\" content=\"Telinha\" \/>\n\t<meta name=\"twitter:label2\" content=\"Tempo estimado de leitura\" \/>\n\t<meta name=\"twitter:data2\" content=\"1 minuto\" \/>\n<script type=\"application\/ld+json\" class=\"yoast-schema-graph\">{\"@context\":\"https:\/\/schema.org\",\"@graph\":[{\"@type\":\"Article\",\"@id\":\"https:\/\/portaltela.pt\/noticias\/2026\/02\/23\/portugal-pronto-para-reforcar-sancoes-da-ue-contra-israel-por-colonatos\/#article\",\"isPartOf\":{\"@id\":\"https:\/\/portaltela.pt\/noticias\/2026\/02\/23\/portugal-pronto-para-reforcar-sancoes-da-ue-contra-israel-por-colonatos\/\"},\"author\":{\"name\":\"Telinha\",\"@id\":\"https:\/\/portaltela.pt\/#\/schema\/person\/c4278d4a6028830caff9ee44b42d32ed\"},\"headline\":\"Portugal pronto para refor\u00e7ar san\u00e7\u00f5es da UE contra Israel por colonatos\",\"datePublished\":\"2026-02-23T12:35:50+00:00\",\"mainEntityOfPage\":{\"@id\":\"https:\/\/portaltela.pt\/noticias\/2026\/02\/23\/portugal-pronto-para-reforcar-sancoes-da-ue-contra-israel-por-colonatos\/\"},\"wordCount\":143,\"image\":{\"@id\":\"https:\/\/portaltela.pt\/noticias\/2026\/02\/23\/portugal-pronto-para-reforcar-sancoes-da-ue-contra-israel-por-colonatos\/#primaryimage\"},\"thumbnailUrl\":\"https:\/\/portaltela.pt\/s.01k8rhncp4jt1\/2026\/02\/img_1500x1000uu2025-05-07-19-59-15-2207434.jpg\",\"keywords\":[\"colonatos\",\"Israel\",\"pol\u00edtica internacional\",\"rela\u00e7\u00f5es internacionais\",\"san\u00e7\u00f5es internacionais\",\"Uni\u00e3o Europeia\"],\"articleSection\":[\"Internacional\",\"Not\u00edcias\"],\"inLanguage\":\"pt-PT\"},{\"@type\":\"WebPage\",\"@id\":\"https:\/\/portaltela.pt\/noticias\/2026\/02\/23\/portugal-pronto-para-reforcar-sancoes-da-ue-contra-israel-por-colonatos\/\",\"url\":\"https:\/\/portaltela.pt\/noticias\/2026\/02\/23\/portugal-pronto-para-reforcar-sancoes-da-ue-contra-israel-por-colonatos\/\",\"name\":\"Portugal pronto para refor\u00e7ar san\u00e7\u00f5es da UE contra Israel por colonatos - Portal Tela Portugal\",\"isPartOf\":{\"@id\":\"https:\/\/portaltela.pt\/#website\"},\"primaryImageOfPage\":{\"@id\":\"https:\/\/portaltela.pt\/noticias\/2026\/02\/23\/portugal-pronto-para-reforcar-sancoes-da-ue-contra-israel-por-colonatos\/#primaryimage\"},\"image\":{\"@id\":\"https:\/\/portaltela.pt\/noticias\/2026\/02\/23\/portugal-pronto-para-reforcar-sancoes-da-ue-contra-israel-por-colonatos\/#primaryimage\"},\"thumbnailUrl\":\"https:\/\/portaltela.pt\/s.01k8rhncp4jt1\/2026\/02\/img_1500x1000uu2025-05-07-19-59-15-2207434.jpg\",\"datePublished\":\"2026-02-23T12:35:50+00:00\",\"author\":{\"@id\":\"https:\/\/portaltela.pt\/#\/schema\/person\/c4278d4a6028830caff9ee44b42d32ed\"},\"breadcrumb\":{\"@id\":\"https:\/\/portaltela.pt\/noticias\/2026\/02\/23\/portugal-pronto-para-reforcar-sancoes-da-ue-contra-israel-por-colonatos\/#breadcrumb\"},\"inLanguage\":\"pt-PT\",\"potentialAction\":[{\"@type\":\"ReadAction\",\"target\":[\"https:\/\/portaltela.pt\/noticias\/2026\/02\/23\/portugal-pronto-para-reforcar-sancoes-da-ue-contra-israel-por-colonatos\/\"]}]},{\"@type\":\"ImageObject\",\"inLanguage\":\"pt-PT\",\"@id\":\"https:\/\/portaltela.pt\/noticias\/2026\/02\/23\/portugal-pronto-para-reforcar-sancoes-da-ue-contra-israel-por-colonatos\/#primaryimage\",\"url\":\"https:\/\/portaltela.pt\/s.01k8rhncp4jt1\/2026\/02\/img_1500x1000uu2025-05-07-19-59-15-2207434.jpg\",\"contentUrl\":\"https:\/\/portaltela.pt\/s.01k8rhncp4jt1\/2026\/02\/img_1500x1000uu2025-05-07-19-59-15-2207434.jpg\",\"width\":796,\"height\":448,\"caption\":\"Paulo Rangel, ministro dos Neg\u00f3cios Estrangeiros\"},{\"@type\":\"BreadcrumbList\",\"@id\":\"https:\/\/portaltela.pt\/noticias\/2026\/02\/23\/portugal-pronto-para-reforcar-sancoes-da-ue-contra-israel-por-colonatos\/#breadcrumb\",\"itemListElement\":[{\"@type\":\"ListItem\",\"position\":1,\"name\":\"In\u00edcio\",\"item\":\"https:\/\/portaltela.pt\/\"},{\"@type\":\"ListItem\",\"position\":2,\"name\":\"Portugal pronto para refor\u00e7ar san\u00e7\u00f5es da UE contra Israel por colonatos\"}]},{\"@type\":\"WebSite\",\"@id\":\"https:\/\/portaltela.pt\/#website\",\"url\":\"https:\/\/portaltela.pt\/\",\"name\":\"Portal Tela Portugal\",\"description\":\"\",\"potentialAction\":[{\"@type\":\"SearchAction\",\"target\":{\"@type\":\"EntryPoint\",\"urlTemplate\":\"https:\/\/portaltela.pt\/?s={search_term_string}\"},\"query-input\":{\"@type\":\"PropertyValueSpecification\",\"valueRequired\":true,\"valueName\":\"search_term_string\"}}],\"inLanguage\":\"pt-PT\"},{\"@type\":\"Person\",\"@id\":\"https:\/\/portaltela.pt\/#\/schema\/person\/c4278d4a6028830caff9ee44b42d32ed\",\"name\":\"Telinha\",\"image\":{\"@type\":\"ImageObject\",\"inLanguage\":\"pt-PT\",\"@id\":\"https:\/\/portaltela.pt\/s.01k8rhncp4jt1\/2025\/11\/talking-bot-125x125.png\",\"url\":\"https:\/\/portaltela.pt\/s.01k8rhncp4jt1\/2025\/11\/talking-bot-125x125.png\",\"contentUrl\":\"https:\/\/portaltela.pt\/s.01k8rhncp4jt1\/2025\/11\/talking-bot-125x125.png\",\"caption\":\"Telinha\"},\"sameAs\":[\"https:\/\/portaltela.pt\/\"],\"url\":\"https:\/\/portaltela.pt\/por\/367410592786\/\"}]}<\/script>\n<!-- \/ Yoast SEO plugin. -->","yoast_head_json":{"title":"Portugal pronto para refor\u00e7ar san\u00e7\u00f5es da UE contra Israel por colonatos - Portal Tela Portugal","robots":{"index":"index","follow":"follow","max-snippet":"max-snippet:-1","max-image-preview":"max-image-preview:large","max-video-preview":"max-video-preview:-1"},"og_locale":"pt_PT","og_type":"article","og_title":"Portugal pronto para refor\u00e7ar san\u00e7\u00f5es da UE contra Israel por colonatos - Portal Tela Portugal","og_description":"O ministro dos Neg\u00f3cios Estrangeiros de Portugal admitiu refor\u00e7ar as san\u00e7\u00f5es da Uni\u00e3o Europeia contra Israel devido \u00e0 expans\u00e3o de colonatos na Cisjord\u00e2nia. Paulo Rangel afirmou que \u00e9 necess\u00e1rio enviar um \"sinal muito claro\" a Telavive. A declara\u00e7\u00e3o ocorreu \u00e0 margem de uma reuni\u00e3o de ministros dos Neg\u00f3cios Estrangeiros da UE, em Bruxelas. O Governo portugu\u00eas tem condenado sistematicamente o que acontece na Cisjord\u00e2nia, seja na ONU ou em declara\u00e7\u00f5es conjuntas com outros Estados. J\u00e1 existem san\u00e7\u00f5es contra colonos violentos, e o ministro admitiu que estas podem ser refor\u00e7adas perante os desenvolvimentos atuais.","og_url":"https:\/\/portaltela.pt\/noticias\/2026\/02\/23\/portugal-pronto-para-reforcar-sancoes-da-ue-contra-israel-por-colonatos\/","og_site_name":"Portal Tela Portugal","article_published_time":"2026-02-23T12:35:50+00:00","author":"Telinha","twitter_card":"summary_large_image","twitter_misc":{"Escrito por":"Telinha","Tempo estimado de leitura":"1 minuto"},"schema":{"@context":"https:\/\/schema.org","@graph":[{"@type":"Article","@id":"https:\/\/portaltela.pt\/noticias\/2026\/02\/23\/portugal-pronto-para-reforcar-sancoes-da-ue-contra-israel-por-colonatos\/#article","isPartOf":{"@id":"https:\/\/portaltela.pt\/noticias\/2026\/02\/23\/portugal-pronto-para-reforcar-sancoes-da-ue-contra-israel-por-colonatos\/"},"author":{"name":"Telinha","@id":"https:\/\/portaltela.pt\/#\/schema\/person\/c4278d4a6028830caff9ee44b42d32ed"},"headline":"Portugal pronto para refor\u00e7ar san\u00e7\u00f5es da UE contra Israel por colonatos","datePublished":"2026-02-23T12:35:50+00:00","mainEntityOfPage":{"@id":"https:\/\/portaltela.pt\/noticias\/2026\/02\/23\/portugal-pronto-para-reforcar-sancoes-da-ue-contra-israel-por-colonatos\/"},"wordCount":143,"image":{"@id":"https:\/\/portaltela.pt\/noticias\/2026\/02\/23\/portugal-pronto-para-reforcar-sancoes-da-ue-contra-israel-por-colonatos\/#primaryimage"},"thumbnailUrl":"https:\/\/portaltela.pt\/s.01k8rhncp4jt1\/2026\/02\/img_1500x1000uu2025-05-07-19-59-15-2207434.jpg","keywords":["colonatos","Israel","pol\u00edtica internacional","rela\u00e7\u00f5es internacionais","san\u00e7\u00f5es internacionais","Uni\u00e3o Europeia"],"articleSection":["Internacional","Not\u00edcias"],"inLanguage":"pt-PT"},{"@type":"WebPage","@id":"https:\/\/portaltela.pt\/noticias\/2026\/02\/23\/portugal-pronto-para-reforcar-sancoes-da-ue-contra-israel-por-colonatos\/","url":"https:\/\/portaltela.pt\/noticias\/2026\/02\/23\/portugal-pronto-para-reforcar-sancoes-da-ue-contra-israel-por-colonatos\/","name":"Portugal pronto para refor\u00e7ar san\u00e7\u00f5es da UE contra Israel por colonatos - Portal Tela Portugal","isPartOf":{"@id":"https:\/\/portaltela.pt\/#website"},"primaryImageOfPage":{"@id":"https:\/\/portaltela.pt\/noticias\/2026\/02\/23\/portugal-pronto-para-reforcar-sancoes-da-ue-contra-israel-por-colonatos\/#primaryimage"},"image":{"@id":"https:\/\/portaltela.pt\/noticias\/2026\/02\/23\/portugal-pronto-para-reforcar-sancoes-da-ue-contra-israel-por-colonatos\/#primaryimage"},"thumbnailUrl":"https:\/\/portaltela.pt\/s.01k8rhncp4jt1\/2026\/02\/img_1500x1000uu2025-05-07-19-59-15-2207434.jpg","datePublished":"2026-02-23T12:35:50+00:00","author":{"@id":"https:\/\/portaltela.pt\/#\/schema\/person\/c4278d4a6028830caff9ee44b42d32ed"},"breadcrumb":{"@id":"https:\/\/portaltela.pt\/noticias\/2026\/02\/23\/portugal-pronto-para-reforcar-sancoes-da-ue-contra-israel-por-colonatos\/#breadcrumb"},"inLanguage":"pt-PT","potentialAction":[{"@type":"ReadAction","target":["https:\/\/portaltela.pt\/noticias\/2026\/02\/23\/portugal-pronto-para-reforcar-sancoes-da-ue-contra-israel-por-colonatos\/"]}]},{"@type":"ImageObject","inLanguage":"pt-PT","@id":"https:\/\/portaltela.pt\/noticias\/2026\/02\/23\/portugal-pronto-para-reforcar-sancoes-da-ue-contra-israel-por-colonatos\/#primaryimage","url":"https:\/\/portaltela.pt\/s.01k8rhncp4jt1\/2026\/02\/img_1500x1000uu2025-05-07-19-59-15-2207434.jpg","contentUrl":"https:\/\/portaltela.pt\/s.01k8rhncp4jt1\/2026\/02\/img_1500x1000uu2025-05-07-19-59-15-2207434.jpg","width":796,"height":448,"caption":"Paulo Rangel, ministro dos Neg\u00f3cios Estrangeiros"},{"@type":"BreadcrumbList","@id":"https:\/\/portaltela.pt\/noticias\/2026\/02\/23\/portugal-pronto-para-reforcar-sancoes-da-ue-contra-israel-por-colonatos\/#breadcrumb","itemListElement":[{"@type":"ListItem","position":1,"name":"In\u00edcio","item":"https:\/\/portaltela.pt\/"},{"@type":"ListItem","position":2,"name":"Portugal pronto para refor\u00e7ar san\u00e7\u00f5es da UE contra Israel por colonatos"}]},{"@type":"WebSite","@id":"https:\/\/portaltela.pt\/#website","url":"https:\/\/portaltela.pt\/","name":"Portal Tela Portugal","description":"","potentialAction":[{"@type":"SearchAction","target":{"@type":"EntryPoint","urlTemplate":"https:\/\/portaltela.pt\/?s={search_term_string}"},"query-input":{"@type":"PropertyValueSpecification","valueRequired":true,"valueName":"search_term_string"}}],"inLanguage":"pt-PT"},{"@type":"Person","@id":"https:\/\/portaltela.pt\/#\/schema\/person\/c4278d4a6028830caff9ee44b42d32ed","name":"Telinha","image":{"@type":"ImageObject","inLanguage":"pt-PT","@id":"https:\/\/portaltela.pt\/s.01k8rhncp4jt1\/2025\/11\/talking-bot-125x125.png","url":"https:\/\/portaltela.pt\/s.01k8rhncp4jt1\/2025\/11\/talking-bot-125x125.png","contentUrl":"https:\/\/portaltela.pt\/s.01k8rhncp4jt1\/2025\/11\/talking-bot-125x125.png","caption":"Telinha"},"sameAs":["https:\/\/portaltela.pt\/"],"url":"https:\/\/portaltela.pt\/por\/367410592786\/"}]}},"_links":{"self":[{"href":"https:\/\/portaltela.pt\/api\/wp\/v2\/posts\/222764","targetHints":{"allow":["GET"]}}],"collection":[{"href":"https:\/\/portaltela.pt\/api\/wp\/v2\/posts"}],"about":[{"href":"https:\/\/portaltela.pt\/api\/wp\/v2\/types\/post"}],"author":[{"embeddable":true,"href":"https:\/\/portaltela.pt\/api\/wp\/v2\/users\/2"}],"replies":[{"embeddable":true,"href":"https:\/\/portaltela.pt\/api\/wp\/v2\/comments?post=222764"}],"version-history":[{"count":0,"href":"https:\/\/portaltela.pt\/api\/wp\/v2\/posts\/222764\/revisions"}],"wp:featuredmedia":[{"embeddable":true,"href":"https:\/\/portaltela.pt\/api\/wp\/v2\/media\/222767"}],"wp:attachment":[{"href":"https:\/\/portaltela.pt\/api\/wp\/v2\/media?parent=222764"}],"wp:term":[{"taxonomy":"category","embeddable":true,"href":"https:\/\/portaltela.pt\/api\/wp\/v2\/categories?post=222764"},{"taxonomy":"post_tag","embeddable":true,"href":"https:\/\/portaltela.pt\/api\/wp\/v2\/tags?post=222764"}],"curies":[{"name":"wp","href":"https:\/\/api.w.org\/{rel}","templated":true}]}}