{"id":222761,"date":"2026-02-23T09:35:20","date_gmt":"2026-02-23T12:35:20","guid":{"rendered":"https:\/\/portaltela.pt\/noticias\/2026\/02\/23\/advocaat-deixa-selecao-de-curacau-por-problemas-de-saude-da-filha\/"},"modified":"2026-02-23T09:35:20","modified_gmt":"2026-02-23T12:35:20","slug":"advocaat-deixa-selecao-de-curacau-por-problemas-de-saude-da-filha","status":"publish","type":"post","link":"https:\/\/portaltela.pt\/desporto\/futebol\/2026\/02\/23\/advocaat-deixa-selecao-de-curacau-por-problemas-de-saude-da-filha\/","title":{"rendered":"Advocaat deixa sele\u00e7\u00e3o de Cura\u00e7au por problemas de sa\u00fade da filha"},"content":{"rendered":"<p>O holand\u00eas Dick Advocaat deixou o comando da sele\u00e7\u00e3o de Cura\u00e7au, devido a problemas de sa\u00fade da filha, anunciou hoje a federa\u00e7\u00e3o local. A decis\u00e3o foi tomada por motivos familiares, segundo o pr\u00f3prio treinador.<\/p>\n<p>Advocaat, de 78 anos, afirmou que a fam\u00edlia fica sempre em primeiro lugar e que sente muita saudade de Cura\u00e7au, das pessoas e dos colegas. A declara\u00e7\u00e3o foi publicada pela federa\u00e7\u00e3o da regi\u00e3o.<\/p>\n<p>A federa\u00e7\u00e3o de Cura\u00e7au destacou que a qualifica\u00e7\u00e3o para o Mundial, a primeira da hist\u00f3ria do pa\u00eds, \u00e9 um marco marcante na carreira de Advocaat, que orientou equipas em Mundiais anteriores.<\/p>\n<h3>Substitui\u00e7\u00e3o do treinador<\/h3>\n<p>A institui\u00e7\u00e3o revelou que Fred Rutten, compatriota de Advocaat, assume o cargo. Rutten tem passagem por clubes como Twente, PSV Eindhoven, Feyenoord e Schalke 04.<\/p>\n<p>Cura\u00e7au, com cerca de 156 mil habitantes, tornou-se o menor pa\u00eds a apurar-se para um Mundial de futebol. O recorde anterior pertencia \u00e0 Isl\u00e2ndia, com 350 mil habitantes.<\/p>\n<p>No Mundial 2026, a ser disputado nos EUA, Canad\u00e1 e M\u00e9xico, Cura\u00e7au integra o Grupo F. A estreia acontece frente \u00e0 Alemanha a 14 de junho, seguindo-se Equador (20) e Costa do Marfim (25).<\/p>\n<p>A selec\u00e7\u00e3o passou a ser not\u00edcia pela hist\u00f3rica qualifica\u00e7\u00e3o, que rompeu recordes regionais e colocou Cura\u00e7au no mapa do futebol internacional, segundo a federa\u00e7\u00e3o.<\/p>\n","protected":false},"excerpt":{"rendered":"<ul>\n<li>Dick Advocaat deixou a sele\u00e7\u00e3o de Cura\u00e7au devido a problemas de sa\u00fade da filha, anunciou a federa\u00e7\u00e3o local.<\/li>\n<li>O t\u00e9cnico neerland\u00eas, de 78 anos, afirmou que a fam\u00edlia fica em primeiro lugar e que vai sentir saudades de Cura\u00e7au.<\/li>\n<li>Advocaat ajudou Cura\u00e7au a qualificar-se pela primeira vez para um Mundial, destacando esse feito na sua carreira.<\/li>\n<li>O substituto escolhido \u00e9 Fred Rutten, compatriota com passagem por clubes como Twente, PSV Eindhoven, Feyenoord e Schalke 04.<\/li>\n<li>Cura\u00e7au integra o Grupo F do Mundial de 2026, com estreia contra a Alemanha a 14 de junho, seguido de partidas com Equador e Costa do Marfim.<\/li>\n<\/ul>\n","protected":false},"author":2,"featured_media":222763,"comment_status":"closed","ping_status":"closed","sticky":false,"template":"","format":"standard","meta":{"footnotes":""},"categories":[21,24],"tags":[1603,2044,6131,32,3338,2057],"class_list":["post-222761","post","type-post","status-publish","format-standard","has-post-thumbnail","hentry","category-desporto","category-futebol","tag-alemanha","tag-costa-do-marfim","tag-equador","tag-futebol","tag-futebol-internacional","tag-selecao-nacional"],"yoast_head":"<!-- This site is optimized with the Yoast SEO plugin v27.2 - https:\/\/yoast.com\/product\/yoast-seo-wordpress\/ -->\n<title>Advocaat deixa sele\u00e7\u00e3o de Cura\u00e7au por problemas de sa\u00fade da filha - Portal Tela Portugal<\/title>\n<meta name=\"robots\" content=\"index, follow, max-snippet:-1, max-image-preview:large, max-video-preview:-1\" \/>\n<meta property=\"og:locale\" content=\"pt_PT\" \/>\n<meta property=\"og:type\" content=\"article\" \/>\n<meta property=\"og:title\" content=\"Advocaat deixa sele\u00e7\u00e3o de Cura\u00e7au por problemas de sa\u00fade da filha - Portal Tela Portugal\" \/>\n<meta property=\"og:description\" content=\"Dick Advocaat deixou a sele\u00e7\u00e3o de Cura\u00e7au devido a problemas de sa\u00fade da filha, anunciou a federa\u00e7\u00e3o local. O t\u00e9cnico neerland\u00eas, de 78 anos, afirmou que a fam\u00edlia fica em primeiro lugar e que vai sentir saudades de Cura\u00e7au. Advocaat ajudou Cura\u00e7au a qualificar-se pela primeira vez para um Mundial, destacando esse feito na sua carreira. O substituto escolhido \u00e9 Fred Rutten, compatriota com passagem por clubes como Twente, PSV Eindhoven, Feyenoord e Schalke 04. Cura\u00e7au integra o Grupo F do Mundial de 2026, com estreia contra a Alemanha a 14 de junho, seguido de partidas com Equador e Costa do Marfim.\" \/>\n<meta property=\"og:url\" content=\"https:\/\/portaltela.pt\/noticias\/2026\/02\/23\/advocaat-deixa-selecao-de-curacau-por-problemas-de-saude-da-filha\/\" \/>\n<meta property=\"og:site_name\" content=\"Portal Tela Portugal\" \/>\n<meta property=\"article:published_time\" content=\"2026-02-23T12:35:20+00:00\" \/>\n<meta name=\"author\" content=\"Telinha\" \/>\n<meta name=\"twitter:card\" content=\"summary_large_image\" \/>\n<meta name=\"twitter:label1\" content=\"Escrito por\" \/>\n\t<meta name=\"twitter:data1\" content=\"Telinha\" \/>\n\t<meta name=\"twitter:label2\" content=\"Tempo estimado de leitura\" \/>\n\t<meta name=\"twitter:data2\" content=\"1 minuto\" \/>\n<script type=\"application\/ld+json\" class=\"yoast-schema-graph\">{\"@context\":\"https:\/\/schema.org\",\"@graph\":[{\"@type\":\"Article\",\"@id\":\"https:\/\/portaltela.pt\/noticias\/2026\/02\/23\/advocaat-deixa-selecao-de-curacau-por-problemas-de-saude-da-filha\/#article\",\"isPartOf\":{\"@id\":\"https:\/\/portaltela.pt\/noticias\/2026\/02\/23\/advocaat-deixa-selecao-de-curacau-por-problemas-de-saude-da-filha\/\"},\"author\":{\"name\":\"Telinha\",\"@id\":\"https:\/\/portaltela.pt\/#\/schema\/person\/c4278d4a6028830caff9ee44b42d32ed\"},\"headline\":\"Advocaat deixa sele\u00e7\u00e3o de Cura\u00e7au por problemas de sa\u00fade da filha\",\"datePublished\":\"2026-02-23T12:35:20+00:00\",\"mainEntityOfPage\":{\"@id\":\"https:\/\/portaltela.pt\/noticias\/2026\/02\/23\/advocaat-deixa-selecao-de-curacau-por-problemas-de-saude-da-filha\/\"},\"wordCount\":245,\"image\":{\"@id\":\"https:\/\/portaltela.pt\/noticias\/2026\/02\/23\/advocaat-deixa-selecao-de-curacau-por-problemas-de-saude-da-filha\/#primaryimage\"},\"thumbnailUrl\":\"https:\/\/portaltela.pt\/s.01k8rhncp4jt1\/2026\/02\/img_1200x721uu2025-11-19-08-22-41-2403635.jpg\",\"keywords\":[\"Alemanha\",\"Costa do Marfim\",\"Equador\",\"futebol\",\"futebol internacional\",\"Sele\u00e7\u00e3o Nacional\"],\"articleSection\":[\"Desporto\",\"Futebol\"],\"inLanguage\":\"pt-PT\"},{\"@type\":\"WebPage\",\"@id\":\"https:\/\/portaltela.pt\/noticias\/2026\/02\/23\/advocaat-deixa-selecao-de-curacau-por-problemas-de-saude-da-filha\/\",\"url\":\"https:\/\/portaltela.pt\/noticias\/2026\/02\/23\/advocaat-deixa-selecao-de-curacau-por-problemas-de-saude-da-filha\/\",\"name\":\"Advocaat deixa sele\u00e7\u00e3o de Cura\u00e7au por problemas de sa\u00fade da filha - Portal Tela Portugal\",\"isPartOf\":{\"@id\":\"https:\/\/portaltela.pt\/#website\"},\"primaryImageOfPage\":{\"@id\":\"https:\/\/portaltela.pt\/noticias\/2026\/02\/23\/advocaat-deixa-selecao-de-curacau-por-problemas-de-saude-da-filha\/#primaryimage\"},\"image\":{\"@id\":\"https:\/\/portaltela.pt\/noticias\/2026\/02\/23\/advocaat-deixa-selecao-de-curacau-por-problemas-de-saude-da-filha\/#primaryimage\"},\"thumbnailUrl\":\"https:\/\/portaltela.pt\/s.01k8rhncp4jt1\/2026\/02\/img_1200x721uu2025-11-19-08-22-41-2403635.jpg\",\"datePublished\":\"2026-02-23T12:35:20+00:00\",\"author\":{\"@id\":\"https:\/\/portaltela.pt\/#\/schema\/person\/c4278d4a6028830caff9ee44b42d32ed\"},\"breadcrumb\":{\"@id\":\"https:\/\/portaltela.pt\/noticias\/2026\/02\/23\/advocaat-deixa-selecao-de-curacau-por-problemas-de-saude-da-filha\/#breadcrumb\"},\"inLanguage\":\"pt-PT\",\"potentialAction\":[{\"@type\":\"ReadAction\",\"target\":[\"https:\/\/portaltela.pt\/noticias\/2026\/02\/23\/advocaat-deixa-selecao-de-curacau-por-problemas-de-saude-da-filha\/\"]}]},{\"@type\":\"ImageObject\",\"inLanguage\":\"pt-PT\",\"@id\":\"https:\/\/portaltela.pt\/noticias\/2026\/02\/23\/advocaat-deixa-selecao-de-curacau-por-problemas-de-saude-da-filha\/#primaryimage\",\"url\":\"https:\/\/portaltela.pt\/s.01k8rhncp4jt1\/2026\/02\/img_1200x721uu2025-11-19-08-22-41-2403635.jpg\",\"contentUrl\":\"https:\/\/portaltela.pt\/s.01k8rhncp4jt1\/2026\/02\/img_1200x721uu2025-11-19-08-22-41-2403635.jpg\",\"width\":796,\"height\":448,\"caption\":\"Advocaat deixa sele\u00e7\u00e3o de Cura\u00e7au devido a problemas de sa\u00fade da filha\"},{\"@type\":\"BreadcrumbList\",\"@id\":\"https:\/\/portaltela.pt\/noticias\/2026\/02\/23\/advocaat-deixa-selecao-de-curacau-por-problemas-de-saude-da-filha\/#breadcrumb\",\"itemListElement\":[{\"@type\":\"ListItem\",\"position\":1,\"name\":\"In\u00edcio\",\"item\":\"https:\/\/portaltela.pt\/\"},{\"@type\":\"ListItem\",\"position\":2,\"name\":\"Advocaat deixa sele\u00e7\u00e3o de Cura\u00e7au por problemas de sa\u00fade da filha\"}]},{\"@type\":\"WebSite\",\"@id\":\"https:\/\/portaltela.pt\/#website\",\"url\":\"https:\/\/portaltela.pt\/\",\"name\":\"Portal Tela Portugal\",\"description\":\"\",\"potentialAction\":[{\"@type\":\"SearchAction\",\"target\":{\"@type\":\"EntryPoint\",\"urlTemplate\":\"https:\/\/portaltela.pt\/?s={search_term_string}\"},\"query-input\":{\"@type\":\"PropertyValueSpecification\",\"valueRequired\":true,\"valueName\":\"search_term_string\"}}],\"inLanguage\":\"pt-PT\"},{\"@type\":\"Person\",\"@id\":\"https:\/\/portaltela.pt\/#\/schema\/person\/c4278d4a6028830caff9ee44b42d32ed\",\"name\":\"Telinha\",\"image\":{\"@type\":\"ImageObject\",\"inLanguage\":\"pt-PT\",\"@id\":\"https:\/\/portaltela.pt\/s.01k8rhncp4jt1\/2025\/11\/talking-bot-125x125.png\",\"url\":\"https:\/\/portaltela.pt\/s.01k8rhncp4jt1\/2025\/11\/talking-bot-125x125.png\",\"contentUrl\":\"https:\/\/portaltela.pt\/s.01k8rhncp4jt1\/2025\/11\/talking-bot-125x125.png\",\"caption\":\"Telinha\"},\"sameAs\":[\"https:\/\/portaltela.pt\/\"],\"url\":\"https:\/\/portaltela.pt\/por\/367410592786\/\"}]}<\/script>\n<!-- \/ Yoast SEO plugin. -->","yoast_head_json":{"title":"Advocaat deixa sele\u00e7\u00e3o de Cura\u00e7au por problemas de sa\u00fade da filha - Portal Tela Portugal","robots":{"index":"index","follow":"follow","max-snippet":"max-snippet:-1","max-image-preview":"max-image-preview:large","max-video-preview":"max-video-preview:-1"},"og_locale":"pt_PT","og_type":"article","og_title":"Advocaat deixa sele\u00e7\u00e3o de Cura\u00e7au por problemas de sa\u00fade da filha - Portal Tela Portugal","og_description":"Dick Advocaat deixou a sele\u00e7\u00e3o de Cura\u00e7au devido a problemas de sa\u00fade da filha, anunciou a federa\u00e7\u00e3o local. O t\u00e9cnico neerland\u00eas, de 78 anos, afirmou que a fam\u00edlia fica em primeiro lugar e que vai sentir saudades de Cura\u00e7au. Advocaat ajudou Cura\u00e7au a qualificar-se pela primeira vez para um Mundial, destacando esse feito na sua carreira. O substituto escolhido \u00e9 Fred Rutten, compatriota com passagem por clubes como Twente, PSV Eindhoven, Feyenoord e Schalke 04. Cura\u00e7au integra o Grupo F do Mundial de 2026, com estreia contra a Alemanha a 14 de junho, seguido de partidas com Equador e Costa do Marfim.","og_url":"https:\/\/portaltela.pt\/noticias\/2026\/02\/23\/advocaat-deixa-selecao-de-curacau-por-problemas-de-saude-da-filha\/","og_site_name":"Portal Tela Portugal","article_published_time":"2026-02-23T12:35:20+00:00","author":"Telinha","twitter_card":"summary_large_image","twitter_misc":{"Escrito por":"Telinha","Tempo estimado de leitura":"1 minuto"},"schema":{"@context":"https:\/\/schema.org","@graph":[{"@type":"Article","@id":"https:\/\/portaltela.pt\/noticias\/2026\/02\/23\/advocaat-deixa-selecao-de-curacau-por-problemas-de-saude-da-filha\/#article","isPartOf":{"@id":"https:\/\/portaltela.pt\/noticias\/2026\/02\/23\/advocaat-deixa-selecao-de-curacau-por-problemas-de-saude-da-filha\/"},"author":{"name":"Telinha","@id":"https:\/\/portaltela.pt\/#\/schema\/person\/c4278d4a6028830caff9ee44b42d32ed"},"headline":"Advocaat deixa sele\u00e7\u00e3o de Cura\u00e7au por problemas de sa\u00fade da filha","datePublished":"2026-02-23T12:35:20+00:00","mainEntityOfPage":{"@id":"https:\/\/portaltela.pt\/noticias\/2026\/02\/23\/advocaat-deixa-selecao-de-curacau-por-problemas-de-saude-da-filha\/"},"wordCount":245,"image":{"@id":"https:\/\/portaltela.pt\/noticias\/2026\/02\/23\/advocaat-deixa-selecao-de-curacau-por-problemas-de-saude-da-filha\/#primaryimage"},"thumbnailUrl":"https:\/\/portaltela.pt\/s.01k8rhncp4jt1\/2026\/02\/img_1200x721uu2025-11-19-08-22-41-2403635.jpg","keywords":["Alemanha","Costa do Marfim","Equador","futebol","futebol internacional","Sele\u00e7\u00e3o Nacional"],"articleSection":["Desporto","Futebol"],"inLanguage":"pt-PT"},{"@type":"WebPage","@id":"https:\/\/portaltela.pt\/noticias\/2026\/02\/23\/advocaat-deixa-selecao-de-curacau-por-problemas-de-saude-da-filha\/","url":"https:\/\/portaltela.pt\/noticias\/2026\/02\/23\/advocaat-deixa-selecao-de-curacau-por-problemas-de-saude-da-filha\/","name":"Advocaat deixa sele\u00e7\u00e3o de Cura\u00e7au por problemas de sa\u00fade da filha - Portal Tela Portugal","isPartOf":{"@id":"https:\/\/portaltela.pt\/#website"},"primaryImageOfPage":{"@id":"https:\/\/portaltela.pt\/noticias\/2026\/02\/23\/advocaat-deixa-selecao-de-curacau-por-problemas-de-saude-da-filha\/#primaryimage"},"image":{"@id":"https:\/\/portaltela.pt\/noticias\/2026\/02\/23\/advocaat-deixa-selecao-de-curacau-por-problemas-de-saude-da-filha\/#primaryimage"},"thumbnailUrl":"https:\/\/portaltela.pt\/s.01k8rhncp4jt1\/2026\/02\/img_1200x721uu2025-11-19-08-22-41-2403635.jpg","datePublished":"2026-02-23T12:35:20+00:00","author":{"@id":"https:\/\/portaltela.pt\/#\/schema\/person\/c4278d4a6028830caff9ee44b42d32ed"},"breadcrumb":{"@id":"https:\/\/portaltela.pt\/noticias\/2026\/02\/23\/advocaat-deixa-selecao-de-curacau-por-problemas-de-saude-da-filha\/#breadcrumb"},"inLanguage":"pt-PT","potentialAction":[{"@type":"ReadAction","target":["https:\/\/portaltela.pt\/noticias\/2026\/02\/23\/advocaat-deixa-selecao-de-curacau-por-problemas-de-saude-da-filha\/"]}]},{"@type":"ImageObject","inLanguage":"pt-PT","@id":"https:\/\/portaltela.pt\/noticias\/2026\/02\/23\/advocaat-deixa-selecao-de-curacau-por-problemas-de-saude-da-filha\/#primaryimage","url":"https:\/\/portaltela.pt\/s.01k8rhncp4jt1\/2026\/02\/img_1200x721uu2025-11-19-08-22-41-2403635.jpg","contentUrl":"https:\/\/portaltela.pt\/s.01k8rhncp4jt1\/2026\/02\/img_1200x721uu2025-11-19-08-22-41-2403635.jpg","width":796,"height":448,"caption":"Advocaat deixa sele\u00e7\u00e3o de Cura\u00e7au devido a problemas de sa\u00fade da filha"},{"@type":"BreadcrumbList","@id":"https:\/\/portaltela.pt\/noticias\/2026\/02\/23\/advocaat-deixa-selecao-de-curacau-por-problemas-de-saude-da-filha\/#breadcrumb","itemListElement":[{"@type":"ListItem","position":1,"name":"In\u00edcio","item":"https:\/\/portaltela.pt\/"},{"@type":"ListItem","position":2,"name":"Advocaat deixa sele\u00e7\u00e3o de Cura\u00e7au por problemas de sa\u00fade da filha"}]},{"@type":"WebSite","@id":"https:\/\/portaltela.pt\/#website","url":"https:\/\/portaltela.pt\/","name":"Portal Tela Portugal","description":"","potentialAction":[{"@type":"SearchAction","target":{"@type":"EntryPoint","urlTemplate":"https:\/\/portaltela.pt\/?s={search_term_string}"},"query-input":{"@type":"PropertyValueSpecification","valueRequired":true,"valueName":"search_term_string"}}],"inLanguage":"pt-PT"},{"@type":"Person","@id":"https:\/\/portaltela.pt\/#\/schema\/person\/c4278d4a6028830caff9ee44b42d32ed","name":"Telinha","image":{"@type":"ImageObject","inLanguage":"pt-PT","@id":"https:\/\/portaltela.pt\/s.01k8rhncp4jt1\/2025\/11\/talking-bot-125x125.png","url":"https:\/\/portaltela.pt\/s.01k8rhncp4jt1\/2025\/11\/talking-bot-125x125.png","contentUrl":"https:\/\/portaltela.pt\/s.01k8rhncp4jt1\/2025\/11\/talking-bot-125x125.png","caption":"Telinha"},"sameAs":["https:\/\/portaltela.pt\/"],"url":"https:\/\/portaltela.pt\/por\/367410592786\/"}]}},"_links":{"self":[{"href":"https:\/\/portaltela.pt\/api\/wp\/v2\/posts\/222761","targetHints":{"allow":["GET"]}}],"collection":[{"href":"https:\/\/portaltela.pt\/api\/wp\/v2\/posts"}],"about":[{"href":"https:\/\/portaltela.pt\/api\/wp\/v2\/types\/post"}],"author":[{"embeddable":true,"href":"https:\/\/portaltela.pt\/api\/wp\/v2\/users\/2"}],"replies":[{"embeddable":true,"href":"https:\/\/portaltela.pt\/api\/wp\/v2\/comments?post=222761"}],"version-history":[{"count":0,"href":"https:\/\/portaltela.pt\/api\/wp\/v2\/posts\/222761\/revisions"}],"wp:featuredmedia":[{"embeddable":true,"href":"https:\/\/portaltela.pt\/api\/wp\/v2\/media\/222763"}],"wp:attachment":[{"href":"https:\/\/portaltela.pt\/api\/wp\/v2\/media?parent=222761"}],"wp:term":[{"taxonomy":"category","embeddable":true,"href":"https:\/\/portaltela.pt\/api\/wp\/v2\/categories?post=222761"},{"taxonomy":"post_tag","embeddable":true,"href":"https:\/\/portaltela.pt\/api\/wp\/v2\/tags?post=222761"}],"curies":[{"name":"wp","href":"https:\/\/api.w.org\/{rel}","templated":true}]}}