{"id":222739,"date":"2026-02-23T09:16:00","date_gmt":"2026-02-23T12:16:00","guid":{"rendered":"https:\/\/portaltela.pt\/noticias\/2026\/02\/23\/atlanticoline-cancela-viagens-entre-faial-pico-e-sao-jorge\/"},"modified":"2026-02-23T09:16:00","modified_gmt":"2026-02-23T12:16:00","slug":"atlanticoline-cancela-viagens-entre-faial-pico-e-sao-jorge","status":"publish","type":"post","link":"https:\/\/portaltela.pt\/noticias\/2026\/02\/23\/atlanticoline-cancela-viagens-entre-faial-pico-e-sao-jorge\/","title":{"rendered":"Atl\u00e2nticoline cancela viagens entre Faial, Pico e S\u00e3o Jorge"},"content":{"rendered":"<p>A Atl\u00e2nticoline anunciou hoje a suspens\u00e3o dos servi\u00e7os de transportes mar\u00edtimos entre as ilhas Faial, Pico e S\u00e3o Jorge, nos A\u00e7ores. A medida afeta as viagens entre estas ilhas at\u00e9 novo aviso, sem indica\u00e7\u00e3o de data de retomada.<\/p>\n<p>A empresa n\u00e3o divulgou as raz\u00f5es da interrup\u00e7\u00e3o nem informa\u00e7\u00f5es sobre quando os servi\u00e7os poder\u00e3o voltar a funcionar. N\u00e3o h\u00e1 detalhes dispon\u00edveis sobre impactos para residentes, turismo ou log\u00edstica local.<\/p>\n<p>O conte\u00fado completo encontra-se dispon\u00edvel apenas para subscritores.<\/p>\n","protected":false},"excerpt":{"rendered":"<ul>\n<li>Atl\u00e2nticoline cancelou as viagens mar\u00edtimas entre Faial, Pico e S\u00e3o Jorge.<\/li>\n<li>A suspens\u00e3o afeta as liga\u00e7\u00f5es regulares entre as tr\u00eas ilhas.<\/li>\n<li>N\u00e3o h\u00e1 indica\u00e7\u00e3o de data de retoma no resumo dispon\u00edvel.<\/li>\n<li>A informa\u00e7\u00e3o apresentada est\u00e1 associada a conte\u00fado reservado a subscritores.<\/li>\n<li>N\u00e3o foram fornecidos motivos ou detalhes adicionais no material recebido.<\/li>\n<\/ul>\n","protected":false},"author":2,"featured_media":222747,"comment_status":"closed","ping_status":"closed","sticky":false,"template":"","format":"standard","meta":{"footnotes":""},"categories":[1],"tags":[822,1017,4556,1018,192,6183],"class_list":["post-222739","post","type-post","status-publish","format-standard","has-post-thumbnail","hentry","category-noticias","tag-acores","tag-faial","tag-navios","tag-pico","tag-transporte","tag-transporte-maritimo"],"yoast_head":"<!-- This site is optimized with the Yoast SEO plugin v27.2 - https:\/\/yoast.com\/product\/yoast-seo-wordpress\/ -->\n<title>Atl\u00e2nticoline cancela viagens entre Faial, Pico e S\u00e3o Jorge - Portal Tela Portugal<\/title>\n<meta name=\"robots\" content=\"index, follow, max-snippet:-1, max-image-preview:large, max-video-preview:-1\" \/>\n<meta property=\"og:locale\" content=\"pt_PT\" \/>\n<meta property=\"og:type\" content=\"article\" \/>\n<meta property=\"og:title\" content=\"Atl\u00e2nticoline cancela viagens entre Faial, Pico e S\u00e3o Jorge - Portal Tela Portugal\" \/>\n<meta property=\"og:description\" content=\"Atl\u00e2nticoline cancelou as viagens mar\u00edtimas entre Faial, Pico e S\u00e3o Jorge. A suspens\u00e3o afeta as liga\u00e7\u00f5es regulares entre as tr\u00eas ilhas. N\u00e3o h\u00e1 indica\u00e7\u00e3o de data de retoma no resumo dispon\u00edvel. A informa\u00e7\u00e3o apresentada est\u00e1 associada a conte\u00fado reservado a subscritores. N\u00e3o foram fornecidos motivos ou detalhes adicionais no material recebido.\" \/>\n<meta property=\"og:url\" content=\"https:\/\/portaltela.pt\/noticias\/2026\/02\/23\/atlanticoline-cancela-viagens-entre-faial-pico-e-sao-jorge\/\" \/>\n<meta property=\"og:site_name\" content=\"Portal Tela Portugal\" \/>\n<meta property=\"article:published_time\" content=\"2026-02-23T12:16:00+00:00\" \/>\n<meta name=\"author\" content=\"Telinha\" \/>\n<meta name=\"twitter:card\" content=\"summary_large_image\" \/>\n<meta name=\"twitter:label1\" content=\"Escrito por\" \/>\n\t<meta name=\"twitter:data1\" content=\"Telinha\" \/>\n<script type=\"application\/ld+json\" class=\"yoast-schema-graph\">{\"@context\":\"https:\/\/schema.org\",\"@graph\":[{\"@type\":\"Article\",\"@id\":\"https:\/\/portaltela.pt\/noticias\/2026\/02\/23\/atlanticoline-cancela-viagens-entre-faial-pico-e-sao-jorge\/#article\",\"isPartOf\":{\"@id\":\"https:\/\/portaltela.pt\/noticias\/2026\/02\/23\/atlanticoline-cancela-viagens-entre-faial-pico-e-sao-jorge\/\"},\"author\":{\"name\":\"Telinha\",\"@id\":\"https:\/\/portaltela.pt\/#\/schema\/person\/c4278d4a6028830caff9ee44b42d32ed\"},\"headline\":\"Atl\u00e2nticoline cancela viagens entre Faial, Pico e S\u00e3o Jorge\",\"datePublished\":\"2026-02-23T12:16:00+00:00\",\"mainEntityOfPage\":{\"@id\":\"https:\/\/portaltela.pt\/noticias\/2026\/02\/23\/atlanticoline-cancela-viagens-entre-faial-pico-e-sao-jorge\/\"},\"wordCount\":105,\"image\":{\"@id\":\"https:\/\/portaltela.pt\/noticias\/2026\/02\/23\/atlanticoline-cancela-viagens-entre-faial-pico-e-sao-jorge\/#primaryimage\"},\"thumbnailUrl\":\"https:\/\/portaltela.pt\/s.01k8rhncp4jt1\/2026\/02\/CACHE_780X1200_ANALOG_WATERMARKED_36872104_2963004_25032022024425-1.jpg\",\"keywords\":[\"A\u00e7ores\",\"Faial\",\"navios\",\"Pico\",\"transporte\",\"transporte mar\u00edtimo\"],\"articleSection\":[\"Not\u00edcias\"],\"inLanguage\":\"pt-PT\"},{\"@type\":\"WebPage\",\"@id\":\"https:\/\/portaltela.pt\/noticias\/2026\/02\/23\/atlanticoline-cancela-viagens-entre-faial-pico-e-sao-jorge\/\",\"url\":\"https:\/\/portaltela.pt\/noticias\/2026\/02\/23\/atlanticoline-cancela-viagens-entre-faial-pico-e-sao-jorge\/\",\"name\":\"Atl\u00e2nticoline cancela viagens entre Faial, Pico e S\u00e3o Jorge - Portal Tela Portugal\",\"isPartOf\":{\"@id\":\"https:\/\/portaltela.pt\/#website\"},\"primaryImageOfPage\":{\"@id\":\"https:\/\/portaltela.pt\/noticias\/2026\/02\/23\/atlanticoline-cancela-viagens-entre-faial-pico-e-sao-jorge\/#primaryimage\"},\"image\":{\"@id\":\"https:\/\/portaltela.pt\/noticias\/2026\/02\/23\/atlanticoline-cancela-viagens-entre-faial-pico-e-sao-jorge\/#primaryimage\"},\"thumbnailUrl\":\"https:\/\/portaltela.pt\/s.01k8rhncp4jt1\/2026\/02\/CACHE_780X1200_ANALOG_WATERMARKED_36872104_2963004_25032022024425-1.jpg\",\"datePublished\":\"2026-02-23T12:16:00+00:00\",\"author\":{\"@id\":\"https:\/\/portaltela.pt\/#\/schema\/person\/c4278d4a6028830caff9ee44b42d32ed\"},\"breadcrumb\":{\"@id\":\"https:\/\/portaltela.pt\/noticias\/2026\/02\/23\/atlanticoline-cancela-viagens-entre-faial-pico-e-sao-jorge\/#breadcrumb\"},\"inLanguage\":\"pt-PT\",\"potentialAction\":[{\"@type\":\"ReadAction\",\"target\":[\"https:\/\/portaltela.pt\/noticias\/2026\/02\/23\/atlanticoline-cancela-viagens-entre-faial-pico-e-sao-jorge\/\"]}]},{\"@type\":\"ImageObject\",\"inLanguage\":\"pt-PT\",\"@id\":\"https:\/\/portaltela.pt\/noticias\/2026\/02\/23\/atlanticoline-cancela-viagens-entre-faial-pico-e-sao-jorge\/#primaryimage\",\"url\":\"https:\/\/portaltela.pt\/s.01k8rhncp4jt1\/2026\/02\/CACHE_780X1200_ANALOG_WATERMARKED_36872104_2963004_25032022024425-1.jpg\",\"contentUrl\":\"https:\/\/portaltela.pt\/s.01k8rhncp4jt1\/2026\/02\/CACHE_780X1200_ANALOG_WATERMARKED_36872104_2963004_25032022024425-1.jpg\",\"width\":768,\"height\":512,\"caption\":\"Atl\u00e2nticoline cancela viagens mar\u00edtimas entre Faial, Pico e S\u00e3o Jorge\"},{\"@type\":\"BreadcrumbList\",\"@id\":\"https:\/\/portaltela.pt\/noticias\/2026\/02\/23\/atlanticoline-cancela-viagens-entre-faial-pico-e-sao-jorge\/#breadcrumb\",\"itemListElement\":[{\"@type\":\"ListItem\",\"position\":1,\"name\":\"In\u00edcio\",\"item\":\"https:\/\/portaltela.pt\/\"},{\"@type\":\"ListItem\",\"position\":2,\"name\":\"Atl\u00e2nticoline cancela viagens entre Faial, Pico e S\u00e3o Jorge\"}]},{\"@type\":\"WebSite\",\"@id\":\"https:\/\/portaltela.pt\/#website\",\"url\":\"https:\/\/portaltela.pt\/\",\"name\":\"Portal Tela Portugal\",\"description\":\"\",\"potentialAction\":[{\"@type\":\"SearchAction\",\"target\":{\"@type\":\"EntryPoint\",\"urlTemplate\":\"https:\/\/portaltela.pt\/?s={search_term_string}\"},\"query-input\":{\"@type\":\"PropertyValueSpecification\",\"valueRequired\":true,\"valueName\":\"search_term_string\"}}],\"inLanguage\":\"pt-PT\"},{\"@type\":\"Person\",\"@id\":\"https:\/\/portaltela.pt\/#\/schema\/person\/c4278d4a6028830caff9ee44b42d32ed\",\"name\":\"Telinha\",\"image\":{\"@type\":\"ImageObject\",\"inLanguage\":\"pt-PT\",\"@id\":\"https:\/\/portaltela.pt\/s.01k8rhncp4jt1\/2025\/11\/talking-bot-125x125.png\",\"url\":\"https:\/\/portaltela.pt\/s.01k8rhncp4jt1\/2025\/11\/talking-bot-125x125.png\",\"contentUrl\":\"https:\/\/portaltela.pt\/s.01k8rhncp4jt1\/2025\/11\/talking-bot-125x125.png\",\"caption\":\"Telinha\"},\"sameAs\":[\"https:\/\/portaltela.pt\/\"],\"url\":\"https:\/\/portaltela.pt\/por\/367410592786\/\"}]}<\/script>\n<!-- \/ Yoast SEO plugin. -->","yoast_head_json":{"title":"Atl\u00e2nticoline cancela viagens entre Faial, Pico e S\u00e3o Jorge - Portal Tela Portugal","robots":{"index":"index","follow":"follow","max-snippet":"max-snippet:-1","max-image-preview":"max-image-preview:large","max-video-preview":"max-video-preview:-1"},"og_locale":"pt_PT","og_type":"article","og_title":"Atl\u00e2nticoline cancela viagens entre Faial, Pico e S\u00e3o Jorge - Portal Tela Portugal","og_description":"Atl\u00e2nticoline cancelou as viagens mar\u00edtimas entre Faial, Pico e S\u00e3o Jorge. A suspens\u00e3o afeta as liga\u00e7\u00f5es regulares entre as tr\u00eas ilhas. N\u00e3o h\u00e1 indica\u00e7\u00e3o de data de retoma no resumo dispon\u00edvel. A informa\u00e7\u00e3o apresentada est\u00e1 associada a conte\u00fado reservado a subscritores. N\u00e3o foram fornecidos motivos ou detalhes adicionais no material recebido.","og_url":"https:\/\/portaltela.pt\/noticias\/2026\/02\/23\/atlanticoline-cancela-viagens-entre-faial-pico-e-sao-jorge\/","og_site_name":"Portal Tela Portugal","article_published_time":"2026-02-23T12:16:00+00:00","author":"Telinha","twitter_card":"summary_large_image","twitter_misc":{"Escrito por":"Telinha"},"schema":{"@context":"https:\/\/schema.org","@graph":[{"@type":"Article","@id":"https:\/\/portaltela.pt\/noticias\/2026\/02\/23\/atlanticoline-cancela-viagens-entre-faial-pico-e-sao-jorge\/#article","isPartOf":{"@id":"https:\/\/portaltela.pt\/noticias\/2026\/02\/23\/atlanticoline-cancela-viagens-entre-faial-pico-e-sao-jorge\/"},"author":{"name":"Telinha","@id":"https:\/\/portaltela.pt\/#\/schema\/person\/c4278d4a6028830caff9ee44b42d32ed"},"headline":"Atl\u00e2nticoline cancela viagens entre Faial, Pico e S\u00e3o Jorge","datePublished":"2026-02-23T12:16:00+00:00","mainEntityOfPage":{"@id":"https:\/\/portaltela.pt\/noticias\/2026\/02\/23\/atlanticoline-cancela-viagens-entre-faial-pico-e-sao-jorge\/"},"wordCount":105,"image":{"@id":"https:\/\/portaltela.pt\/noticias\/2026\/02\/23\/atlanticoline-cancela-viagens-entre-faial-pico-e-sao-jorge\/#primaryimage"},"thumbnailUrl":"https:\/\/portaltela.pt\/s.01k8rhncp4jt1\/2026\/02\/CACHE_780X1200_ANALOG_WATERMARKED_36872104_2963004_25032022024425-1.jpg","keywords":["A\u00e7ores","Faial","navios","Pico","transporte","transporte mar\u00edtimo"],"articleSection":["Not\u00edcias"],"inLanguage":"pt-PT"},{"@type":"WebPage","@id":"https:\/\/portaltela.pt\/noticias\/2026\/02\/23\/atlanticoline-cancela-viagens-entre-faial-pico-e-sao-jorge\/","url":"https:\/\/portaltela.pt\/noticias\/2026\/02\/23\/atlanticoline-cancela-viagens-entre-faial-pico-e-sao-jorge\/","name":"Atl\u00e2nticoline cancela viagens entre Faial, Pico e S\u00e3o Jorge - Portal Tela Portugal","isPartOf":{"@id":"https:\/\/portaltela.pt\/#website"},"primaryImageOfPage":{"@id":"https:\/\/portaltela.pt\/noticias\/2026\/02\/23\/atlanticoline-cancela-viagens-entre-faial-pico-e-sao-jorge\/#primaryimage"},"image":{"@id":"https:\/\/portaltela.pt\/noticias\/2026\/02\/23\/atlanticoline-cancela-viagens-entre-faial-pico-e-sao-jorge\/#primaryimage"},"thumbnailUrl":"https:\/\/portaltela.pt\/s.01k8rhncp4jt1\/2026\/02\/CACHE_780X1200_ANALOG_WATERMARKED_36872104_2963004_25032022024425-1.jpg","datePublished":"2026-02-23T12:16:00+00:00","author":{"@id":"https:\/\/portaltela.pt\/#\/schema\/person\/c4278d4a6028830caff9ee44b42d32ed"},"breadcrumb":{"@id":"https:\/\/portaltela.pt\/noticias\/2026\/02\/23\/atlanticoline-cancela-viagens-entre-faial-pico-e-sao-jorge\/#breadcrumb"},"inLanguage":"pt-PT","potentialAction":[{"@type":"ReadAction","target":["https:\/\/portaltela.pt\/noticias\/2026\/02\/23\/atlanticoline-cancela-viagens-entre-faial-pico-e-sao-jorge\/"]}]},{"@type":"ImageObject","inLanguage":"pt-PT","@id":"https:\/\/portaltela.pt\/noticias\/2026\/02\/23\/atlanticoline-cancela-viagens-entre-faial-pico-e-sao-jorge\/#primaryimage","url":"https:\/\/portaltela.pt\/s.01k8rhncp4jt1\/2026\/02\/CACHE_780X1200_ANALOG_WATERMARKED_36872104_2963004_25032022024425-1.jpg","contentUrl":"https:\/\/portaltela.pt\/s.01k8rhncp4jt1\/2026\/02\/CACHE_780X1200_ANALOG_WATERMARKED_36872104_2963004_25032022024425-1.jpg","width":768,"height":512,"caption":"Atl\u00e2nticoline cancela viagens mar\u00edtimas entre Faial, Pico e S\u00e3o Jorge"},{"@type":"BreadcrumbList","@id":"https:\/\/portaltela.pt\/noticias\/2026\/02\/23\/atlanticoline-cancela-viagens-entre-faial-pico-e-sao-jorge\/#breadcrumb","itemListElement":[{"@type":"ListItem","position":1,"name":"In\u00edcio","item":"https:\/\/portaltela.pt\/"},{"@type":"ListItem","position":2,"name":"Atl\u00e2nticoline cancela viagens entre Faial, Pico e S\u00e3o Jorge"}]},{"@type":"WebSite","@id":"https:\/\/portaltela.pt\/#website","url":"https:\/\/portaltela.pt\/","name":"Portal Tela Portugal","description":"","potentialAction":[{"@type":"SearchAction","target":{"@type":"EntryPoint","urlTemplate":"https:\/\/portaltela.pt\/?s={search_term_string}"},"query-input":{"@type":"PropertyValueSpecification","valueRequired":true,"valueName":"search_term_string"}}],"inLanguage":"pt-PT"},{"@type":"Person","@id":"https:\/\/portaltela.pt\/#\/schema\/person\/c4278d4a6028830caff9ee44b42d32ed","name":"Telinha","image":{"@type":"ImageObject","inLanguage":"pt-PT","@id":"https:\/\/portaltela.pt\/s.01k8rhncp4jt1\/2025\/11\/talking-bot-125x125.png","url":"https:\/\/portaltela.pt\/s.01k8rhncp4jt1\/2025\/11\/talking-bot-125x125.png","contentUrl":"https:\/\/portaltela.pt\/s.01k8rhncp4jt1\/2025\/11\/talking-bot-125x125.png","caption":"Telinha"},"sameAs":["https:\/\/portaltela.pt\/"],"url":"https:\/\/portaltela.pt\/por\/367410592786\/"}]}},"_links":{"self":[{"href":"https:\/\/portaltela.pt\/api\/wp\/v2\/posts\/222739","targetHints":{"allow":["GET"]}}],"collection":[{"href":"https:\/\/portaltela.pt\/api\/wp\/v2\/posts"}],"about":[{"href":"https:\/\/portaltela.pt\/api\/wp\/v2\/types\/post"}],"author":[{"embeddable":true,"href":"https:\/\/portaltela.pt\/api\/wp\/v2\/users\/2"}],"replies":[{"embeddable":true,"href":"https:\/\/portaltela.pt\/api\/wp\/v2\/comments?post=222739"}],"version-history":[{"count":0,"href":"https:\/\/portaltela.pt\/api\/wp\/v2\/posts\/222739\/revisions"}],"wp:featuredmedia":[{"embeddable":true,"href":"https:\/\/portaltela.pt\/api\/wp\/v2\/media\/222747"}],"wp:attachment":[{"href":"https:\/\/portaltela.pt\/api\/wp\/v2\/media?parent=222739"}],"wp:term":[{"taxonomy":"category","embeddable":true,"href":"https:\/\/portaltela.pt\/api\/wp\/v2\/categories?post=222739"},{"taxonomy":"post_tag","embeddable":true,"href":"https:\/\/portaltela.pt\/api\/wp\/v2\/tags?post=222739"}],"curies":[{"name":"wp","href":"https:\/\/api.w.org\/{rel}","templated":true}]}}