{"id":222738,"date":"2026-02-23T09:32:15","date_gmt":"2026-02-23T12:32:15","guid":{"rendered":"https:\/\/portaltela.pt\/noticias\/2026\/02\/23\/trailer-de-toy-story-5-viraliza-pela-careca-de-woody\/"},"modified":"2026-02-23T09:32:15","modified_gmt":"2026-02-23T12:32:15","slug":"trailer-de-toy-story-5-viraliza-pela-careca-de-woody","status":"publish","type":"post","link":"https:\/\/portaltela.pt\/noticias\/2026\/02\/23\/trailer-de-toy-story-5-viraliza-pela-careca-de-woody\/","title":{"rendered":"Trailer de Toy Story 5 viraliza pela careca de Woody"},"content":{"rendered":"<p>O trailer de Toy Story 5 tornou-se viral, gerando discuss\u00e3o entre f\u00e3s ap\u00f3s um detalhe inusitado. No v\u00eddeo, Woody parece apresentar uma \u00e1rea sem cabelo, o que motivou coment\u00e1rios sobre a apar\u00eancia do brinquedo. O lan\u00e7amento ocorreu em plataformas de partilha de v\u00eddeo, onde o material j\u00e1 acumula visualiza\u00e7\u00f5es.<\/p>\n<p>Quem est\u00e1 envolvido: a Pixar, respons\u00e1vel pela produ\u00e7\u00e3o, e os personagens cl\u00e1ssicos da franquia, incluindo Woody, Jessie e Buzz Lightyear. O trailer tamb\u00e9m apresenta a nova antagonista Lilypad, que amea\u00e7a os amigos de pl\u00e1stico com um tablet. A rea\u00e7\u00e3o dos f\u00e3s foi un\u00e2nime em relacionar o momento \u00e0 tem\u00e1tica da passagem do tempo.<\/p>\n<p>Quando e onde aconteceu: o material foi divulgado online e rapidamente ganhou viralidade entre f\u00e3s de cinema de anima\u00e7\u00e3o. O trailer antecipa a estreia da quinta entrega, prevista para 19 de junho, marcando o retorno de uma das sagas mais conhecidas do cinema de anima\u00e7\u00e3o.<\/p>\n<h3>Detalhe que viralizou<\/h3>\n<p>A cena em que Woody retira o chap\u00e9u e revela a calv\u00edcie gerou memes e coment\u00e1rios nost\u00e1lgicos. Personagens como Trixie destacaram o humor da situa\u00e7\u00e3o, enquanto outros f\u00e3s brincaram com a possibilidade de hist\u00f3rias futuras envolvendo transi\u00e7\u00f5es capilares do personagem.<\/p>\n<p>Porqu\u00ea: a viralidade nasce da combina\u00e7\u00e3o de nostalgia, humor e a percep\u00e7\u00e3o de envelhecimento de um \u00edcone infantil. A Pixar utiliza a trama para explorar temas de idade, mudan\u00e7a e amizade, sem alterar o tom familiar da franquia.<\/p>\n<p>Toy Story 5 chega \u00e0s salas de cinema em 19 de junho, prometendo atrair f\u00e3s da saga. O interesse permanece alto, com expecta\u00e7\u00e3o refletida na recep\u00e7\u00e3o inicial ao trailer e \u00e0s novas din\u00e2micas entre os brinquedos. A espera pelo filme continua grande.<\/p>\n","protected":false},"excerpt":{"rendered":"<ul>\n<li>O trailer de Toy Story 5 tornou-se viral por mostrar Woody a ficar careca, provocando reac\u00e7\u00f5es entre os f\u00e3s.<\/li>\n<li>No enredo, os brinquedos enfrentam a nova antagonista Lilypad, um tablet que amea\u00e7a o grupo.<\/li>\n<li>Jessie convoca o xerife para ajudar, mas Woody revela sinais de idade durante o momento-chave.<\/li>\n<li>O di\u00e1logo incluiu brincadeiras entre outros brinquedos sobre a apar\u00eancia de Woody, alimentando o momento viral.<\/li>\n<li>Toy Story 5 est\u00e1 marcado para chegar aos cinemas a 19 de junho.<\/li>\n<\/ul>\n","protected":false},"author":2,"featured_media":222746,"comment_status":"closed","ping_status":"closed","sticky":false,"template":"","format":"standard","meta":{"footnotes":""},"categories":[12,1],"tags":[5812,112,145,5242,1759,129],"class_list":["post-222738","post","type-post","status-publish","format-standard","has-post-thumbnail","hentry","category-entretenimento","category-noticias","tag-animacao","tag-cinema","tag-cultura","tag-filmes","tag-infancia","tag-lancamentos"],"yoast_head":"<!-- This site is optimized with the Yoast SEO plugin v27.2 - https:\/\/yoast.com\/product\/yoast-seo-wordpress\/ -->\n<title>Trailer de Toy Story 5 viraliza pela careca de Woody - Portal Tela Portugal<\/title>\n<meta name=\"robots\" content=\"index, follow, max-snippet:-1, max-image-preview:large, max-video-preview:-1\" \/>\n<meta property=\"og:locale\" content=\"pt_PT\" \/>\n<meta property=\"og:type\" content=\"article\" \/>\n<meta property=\"og:title\" content=\"Trailer de Toy Story 5 viraliza pela careca de Woody - Portal Tela Portugal\" \/>\n<meta property=\"og:description\" content=\"O trailer de Toy Story 5 tornou-se viral por mostrar Woody a ficar careca, provocando reac\u00e7\u00f5es entre os f\u00e3s. No enredo, os brinquedos enfrentam a nova antagonista Lilypad, um tablet que amea\u00e7a o grupo. Jessie convoca o xerife para ajudar, mas Woody revela sinais de idade durante o momento-chave. O di\u00e1logo incluiu brincadeiras entre outros brinquedos sobre a apar\u00eancia de Woody, alimentando o momento viral. Toy Story 5 est\u00e1 marcado para chegar aos cinemas a 19 de junho.\" \/>\n<meta property=\"og:url\" content=\"https:\/\/portaltela.pt\/noticias\/2026\/02\/23\/trailer-de-toy-story-5-viraliza-pela-careca-de-woody\/\" \/>\n<meta property=\"og:site_name\" content=\"Portal Tela Portugal\" \/>\n<meta property=\"article:published_time\" content=\"2026-02-23T12:32:15+00:00\" \/>\n<meta name=\"author\" content=\"Telinha\" \/>\n<meta name=\"twitter:card\" content=\"summary_large_image\" \/>\n<meta name=\"twitter:label1\" content=\"Escrito por\" \/>\n\t<meta name=\"twitter:data1\" content=\"Telinha\" \/>\n\t<meta name=\"twitter:label2\" content=\"Tempo estimado de leitura\" \/>\n\t<meta name=\"twitter:data2\" content=\"2 minutos\" \/>\n<script type=\"application\/ld+json\" class=\"yoast-schema-graph\">{\"@context\":\"https:\/\/schema.org\",\"@graph\":[{\"@type\":\"Article\",\"@id\":\"https:\/\/portaltela.pt\/noticias\/2026\/02\/23\/trailer-de-toy-story-5-viraliza-pela-careca-de-woody\/#article\",\"isPartOf\":{\"@id\":\"https:\/\/portaltela.pt\/noticias\/2026\/02\/23\/trailer-de-toy-story-5-viraliza-pela-careca-de-woody\/\"},\"author\":{\"name\":\"Telinha\",\"@id\":\"https:\/\/portaltela.pt\/#\/schema\/person\/c4278d4a6028830caff9ee44b42d32ed\"},\"headline\":\"Trailer de Toy Story 5 viraliza pela careca de Woody\",\"datePublished\":\"2026-02-23T12:32:15+00:00\",\"mainEntityOfPage\":{\"@id\":\"https:\/\/portaltela.pt\/noticias\/2026\/02\/23\/trailer-de-toy-story-5-viraliza-pela-careca-de-woody\/\"},\"wordCount\":311,\"image\":{\"@id\":\"https:\/\/portaltela.pt\/noticias\/2026\/02\/23\/trailer-de-toy-story-5-viraliza-pela-careca-de-woody\/#primaryimage\"},\"thumbnailUrl\":\"https:\/\/portaltela.pt\/s.01k8rhncp4jt1\/2026\/02\/1536x864_cmsv2_f47c7953-e73f-53c0-88ee-ae952509bfde-9662225.jpg\",\"keywords\":[\"anima\u00e7\u00e3o\",\"cinema\",\"cultura\",\"filmes\",\"inf\u00e2ncia\",\"lancamentos\"],\"articleSection\":[\"Entretenimento\",\"Not\u00edcias\"],\"inLanguage\":\"pt-PT\"},{\"@type\":\"WebPage\",\"@id\":\"https:\/\/portaltela.pt\/noticias\/2026\/02\/23\/trailer-de-toy-story-5-viraliza-pela-careca-de-woody\/\",\"url\":\"https:\/\/portaltela.pt\/noticias\/2026\/02\/23\/trailer-de-toy-story-5-viraliza-pela-careca-de-woody\/\",\"name\":\"Trailer de Toy Story 5 viraliza pela careca de Woody - Portal Tela Portugal\",\"isPartOf\":{\"@id\":\"https:\/\/portaltela.pt\/#website\"},\"primaryImageOfPage\":{\"@id\":\"https:\/\/portaltela.pt\/noticias\/2026\/02\/23\/trailer-de-toy-story-5-viraliza-pela-careca-de-woody\/#primaryimage\"},\"image\":{\"@id\":\"https:\/\/portaltela.pt\/noticias\/2026\/02\/23\/trailer-de-toy-story-5-viraliza-pela-careca-de-woody\/#primaryimage\"},\"thumbnailUrl\":\"https:\/\/portaltela.pt\/s.01k8rhncp4jt1\/2026\/02\/1536x864_cmsv2_f47c7953-e73f-53c0-88ee-ae952509bfde-9662225.jpg\",\"datePublished\":\"2026-02-23T12:32:15+00:00\",\"author\":{\"@id\":\"https:\/\/portaltela.pt\/#\/schema\/person\/c4278d4a6028830caff9ee44b42d32ed\"},\"breadcrumb\":{\"@id\":\"https:\/\/portaltela.pt\/noticias\/2026\/02\/23\/trailer-de-toy-story-5-viraliza-pela-careca-de-woody\/#breadcrumb\"},\"inLanguage\":\"pt-PT\",\"potentialAction\":[{\"@type\":\"ReadAction\",\"target\":[\"https:\/\/portaltela.pt\/noticias\/2026\/02\/23\/trailer-de-toy-story-5-viraliza-pela-careca-de-woody\/\"]}]},{\"@type\":\"ImageObject\",\"inLanguage\":\"pt-PT\",\"@id\":\"https:\/\/portaltela.pt\/noticias\/2026\/02\/23\/trailer-de-toy-story-5-viraliza-pela-careca-de-woody\/#primaryimage\",\"url\":\"https:\/\/portaltela.pt\/s.01k8rhncp4jt1\/2026\/02\/1536x864_cmsv2_f47c7953-e73f-53c0-88ee-ae952509bfde-9662225.jpg\",\"contentUrl\":\"https:\/\/portaltela.pt\/s.01k8rhncp4jt1\/2026\/02\/1536x864_cmsv2_f47c7953-e73f-53c0-88ee-ae952509bfde-9662225.jpg\",\"width\":796,\"height\":448,\"caption\":\"Careca de Woody torna viral trailer de Toy Story 5\"},{\"@type\":\"BreadcrumbList\",\"@id\":\"https:\/\/portaltela.pt\/noticias\/2026\/02\/23\/trailer-de-toy-story-5-viraliza-pela-careca-de-woody\/#breadcrumb\",\"itemListElement\":[{\"@type\":\"ListItem\",\"position\":1,\"name\":\"In\u00edcio\",\"item\":\"https:\/\/portaltela.pt\/\"},{\"@type\":\"ListItem\",\"position\":2,\"name\":\"Trailer de Toy Story 5 viraliza pela careca de Woody\"}]},{\"@type\":\"WebSite\",\"@id\":\"https:\/\/portaltela.pt\/#website\",\"url\":\"https:\/\/portaltela.pt\/\",\"name\":\"Portal Tela Portugal\",\"description\":\"\",\"potentialAction\":[{\"@type\":\"SearchAction\",\"target\":{\"@type\":\"EntryPoint\",\"urlTemplate\":\"https:\/\/portaltela.pt\/?s={search_term_string}\"},\"query-input\":{\"@type\":\"PropertyValueSpecification\",\"valueRequired\":true,\"valueName\":\"search_term_string\"}}],\"inLanguage\":\"pt-PT\"},{\"@type\":\"Person\",\"@id\":\"https:\/\/portaltela.pt\/#\/schema\/person\/c4278d4a6028830caff9ee44b42d32ed\",\"name\":\"Telinha\",\"image\":{\"@type\":\"ImageObject\",\"inLanguage\":\"pt-PT\",\"@id\":\"https:\/\/portaltela.pt\/s.01k8rhncp4jt1\/2025\/11\/talking-bot-125x125.png\",\"url\":\"https:\/\/portaltela.pt\/s.01k8rhncp4jt1\/2025\/11\/talking-bot-125x125.png\",\"contentUrl\":\"https:\/\/portaltela.pt\/s.01k8rhncp4jt1\/2025\/11\/talking-bot-125x125.png\",\"caption\":\"Telinha\"},\"sameAs\":[\"https:\/\/portaltela.pt\/\"],\"url\":\"https:\/\/portaltela.pt\/por\/367410592786\/\"}]}<\/script>\n<!-- \/ Yoast SEO plugin. -->","yoast_head_json":{"title":"Trailer de Toy Story 5 viraliza pela careca de Woody - Portal Tela Portugal","robots":{"index":"index","follow":"follow","max-snippet":"max-snippet:-1","max-image-preview":"max-image-preview:large","max-video-preview":"max-video-preview:-1"},"og_locale":"pt_PT","og_type":"article","og_title":"Trailer de Toy Story 5 viraliza pela careca de Woody - Portal Tela Portugal","og_description":"O trailer de Toy Story 5 tornou-se viral por mostrar Woody a ficar careca, provocando reac\u00e7\u00f5es entre os f\u00e3s. No enredo, os brinquedos enfrentam a nova antagonista Lilypad, um tablet que amea\u00e7a o grupo. Jessie convoca o xerife para ajudar, mas Woody revela sinais de idade durante o momento-chave. O di\u00e1logo incluiu brincadeiras entre outros brinquedos sobre a apar\u00eancia de Woody, alimentando o momento viral. Toy Story 5 est\u00e1 marcado para chegar aos cinemas a 19 de junho.","og_url":"https:\/\/portaltela.pt\/noticias\/2026\/02\/23\/trailer-de-toy-story-5-viraliza-pela-careca-de-woody\/","og_site_name":"Portal Tela Portugal","article_published_time":"2026-02-23T12:32:15+00:00","author":"Telinha","twitter_card":"summary_large_image","twitter_misc":{"Escrito por":"Telinha","Tempo estimado de leitura":"2 minutos"},"schema":{"@context":"https:\/\/schema.org","@graph":[{"@type":"Article","@id":"https:\/\/portaltela.pt\/noticias\/2026\/02\/23\/trailer-de-toy-story-5-viraliza-pela-careca-de-woody\/#article","isPartOf":{"@id":"https:\/\/portaltela.pt\/noticias\/2026\/02\/23\/trailer-de-toy-story-5-viraliza-pela-careca-de-woody\/"},"author":{"name":"Telinha","@id":"https:\/\/portaltela.pt\/#\/schema\/person\/c4278d4a6028830caff9ee44b42d32ed"},"headline":"Trailer de Toy Story 5 viraliza pela careca de Woody","datePublished":"2026-02-23T12:32:15+00:00","mainEntityOfPage":{"@id":"https:\/\/portaltela.pt\/noticias\/2026\/02\/23\/trailer-de-toy-story-5-viraliza-pela-careca-de-woody\/"},"wordCount":311,"image":{"@id":"https:\/\/portaltela.pt\/noticias\/2026\/02\/23\/trailer-de-toy-story-5-viraliza-pela-careca-de-woody\/#primaryimage"},"thumbnailUrl":"https:\/\/portaltela.pt\/s.01k8rhncp4jt1\/2026\/02\/1536x864_cmsv2_f47c7953-e73f-53c0-88ee-ae952509bfde-9662225.jpg","keywords":["anima\u00e7\u00e3o","cinema","cultura","filmes","inf\u00e2ncia","lancamentos"],"articleSection":["Entretenimento","Not\u00edcias"],"inLanguage":"pt-PT"},{"@type":"WebPage","@id":"https:\/\/portaltela.pt\/noticias\/2026\/02\/23\/trailer-de-toy-story-5-viraliza-pela-careca-de-woody\/","url":"https:\/\/portaltela.pt\/noticias\/2026\/02\/23\/trailer-de-toy-story-5-viraliza-pela-careca-de-woody\/","name":"Trailer de Toy Story 5 viraliza pela careca de Woody - Portal Tela Portugal","isPartOf":{"@id":"https:\/\/portaltela.pt\/#website"},"primaryImageOfPage":{"@id":"https:\/\/portaltela.pt\/noticias\/2026\/02\/23\/trailer-de-toy-story-5-viraliza-pela-careca-de-woody\/#primaryimage"},"image":{"@id":"https:\/\/portaltela.pt\/noticias\/2026\/02\/23\/trailer-de-toy-story-5-viraliza-pela-careca-de-woody\/#primaryimage"},"thumbnailUrl":"https:\/\/portaltela.pt\/s.01k8rhncp4jt1\/2026\/02\/1536x864_cmsv2_f47c7953-e73f-53c0-88ee-ae952509bfde-9662225.jpg","datePublished":"2026-02-23T12:32:15+00:00","author":{"@id":"https:\/\/portaltela.pt\/#\/schema\/person\/c4278d4a6028830caff9ee44b42d32ed"},"breadcrumb":{"@id":"https:\/\/portaltela.pt\/noticias\/2026\/02\/23\/trailer-de-toy-story-5-viraliza-pela-careca-de-woody\/#breadcrumb"},"inLanguage":"pt-PT","potentialAction":[{"@type":"ReadAction","target":["https:\/\/portaltela.pt\/noticias\/2026\/02\/23\/trailer-de-toy-story-5-viraliza-pela-careca-de-woody\/"]}]},{"@type":"ImageObject","inLanguage":"pt-PT","@id":"https:\/\/portaltela.pt\/noticias\/2026\/02\/23\/trailer-de-toy-story-5-viraliza-pela-careca-de-woody\/#primaryimage","url":"https:\/\/portaltela.pt\/s.01k8rhncp4jt1\/2026\/02\/1536x864_cmsv2_f47c7953-e73f-53c0-88ee-ae952509bfde-9662225.jpg","contentUrl":"https:\/\/portaltela.pt\/s.01k8rhncp4jt1\/2026\/02\/1536x864_cmsv2_f47c7953-e73f-53c0-88ee-ae952509bfde-9662225.jpg","width":796,"height":448,"caption":"Careca de Woody torna viral trailer de Toy Story 5"},{"@type":"BreadcrumbList","@id":"https:\/\/portaltela.pt\/noticias\/2026\/02\/23\/trailer-de-toy-story-5-viraliza-pela-careca-de-woody\/#breadcrumb","itemListElement":[{"@type":"ListItem","position":1,"name":"In\u00edcio","item":"https:\/\/portaltela.pt\/"},{"@type":"ListItem","position":2,"name":"Trailer de Toy Story 5 viraliza pela careca de Woody"}]},{"@type":"WebSite","@id":"https:\/\/portaltela.pt\/#website","url":"https:\/\/portaltela.pt\/","name":"Portal Tela Portugal","description":"","potentialAction":[{"@type":"SearchAction","target":{"@type":"EntryPoint","urlTemplate":"https:\/\/portaltela.pt\/?s={search_term_string}"},"query-input":{"@type":"PropertyValueSpecification","valueRequired":true,"valueName":"search_term_string"}}],"inLanguage":"pt-PT"},{"@type":"Person","@id":"https:\/\/portaltela.pt\/#\/schema\/person\/c4278d4a6028830caff9ee44b42d32ed","name":"Telinha","image":{"@type":"ImageObject","inLanguage":"pt-PT","@id":"https:\/\/portaltela.pt\/s.01k8rhncp4jt1\/2025\/11\/talking-bot-125x125.png","url":"https:\/\/portaltela.pt\/s.01k8rhncp4jt1\/2025\/11\/talking-bot-125x125.png","contentUrl":"https:\/\/portaltela.pt\/s.01k8rhncp4jt1\/2025\/11\/talking-bot-125x125.png","caption":"Telinha"},"sameAs":["https:\/\/portaltela.pt\/"],"url":"https:\/\/portaltela.pt\/por\/367410592786\/"}]}},"_links":{"self":[{"href":"https:\/\/portaltela.pt\/api\/wp\/v2\/posts\/222738","targetHints":{"allow":["GET"]}}],"collection":[{"href":"https:\/\/portaltela.pt\/api\/wp\/v2\/posts"}],"about":[{"href":"https:\/\/portaltela.pt\/api\/wp\/v2\/types\/post"}],"author":[{"embeddable":true,"href":"https:\/\/portaltela.pt\/api\/wp\/v2\/users\/2"}],"replies":[{"embeddable":true,"href":"https:\/\/portaltela.pt\/api\/wp\/v2\/comments?post=222738"}],"version-history":[{"count":0,"href":"https:\/\/portaltela.pt\/api\/wp\/v2\/posts\/222738\/revisions"}],"wp:featuredmedia":[{"embeddable":true,"href":"https:\/\/portaltela.pt\/api\/wp\/v2\/media\/222746"}],"wp:attachment":[{"href":"https:\/\/portaltela.pt\/api\/wp\/v2\/media?parent=222738"}],"wp:term":[{"taxonomy":"category","embeddable":true,"href":"https:\/\/portaltela.pt\/api\/wp\/v2\/categories?post=222738"},{"taxonomy":"post_tag","embeddable":true,"href":"https:\/\/portaltela.pt\/api\/wp\/v2\/tags?post=222738"}],"curies":[{"name":"wp","href":"https:\/\/api.w.org\/{rel}","templated":true}]}}