{"id":222737,"date":"2026-02-23T09:24:12","date_gmt":"2026-02-23T12:24:12","guid":{"rendered":"https:\/\/portaltela.pt\/noticias\/2026\/02\/23\/numeros-apontam-quem-deve-sair-do-sporting-para-devolver-pote-ao-onze\/"},"modified":"2026-02-23T09:24:12","modified_gmt":"2026-02-23T12:24:12","slug":"numeros-apontam-quem-deve-sair-do-sporting-para-devolver-pote-ao-onze","status":"publish","type":"post","link":"https:\/\/portaltela.pt\/desporto\/futebol\/2026\/02\/23\/numeros-apontam-quem-deve-sair-do-sporting-para-devolver-pote-ao-onze\/","title":{"rendered":"N\u00fameros apontam quem deve sair do Sporting para devolver Pote ao onze"},"content":{"rendered":"<p>O Sporting venceu por 3-0 na desloca\u00e7\u00e3o ao Moreirense, num jogo em que o ataque foi protagonista. A equipa utilizou v\u00e1rias op\u00e7\u00f5es ofensivas e mostrou consist\u00eancia no remate \u00e0 baliza advers\u00e1ria.<\/p>\n<p>O trio GTS \u2014 Geny Catamo, Trinc\u00e3o e Luis Su\u00e1rez \u2014 manteve-se em evid\u00eancia no \u00faltimo ter\u00e7o, contribuindo com jogadas e presen\u00e7a na \u00e1rea. Lu\u00eds Guilherme tamb\u00e9m recebeu pontos de Rui Borges pelo desempenho em campo e fora dele.<\/p>\n<h3>Desempenho ofensivo<\/h3>\n<p>A vit\u00f3ria confirmou que o modelo aplicado no ter\u00e7o final tem marcas a ajustar, mas continua a gerar oportunidades de golo. Os treinos e as escolhas de alinhamento est\u00e3o a ser observados de perto pela dire\u00e7\u00e3o.<\/p>\n<p>Liga\u00e7\u00f5es entre ataque e meio-campo mostraram fluidez, com combina\u00e7\u00f5es r\u00e1pidas que criaram espa\u00e7os. Ainda assim, a an\u00e1lise p\u00f3s-jogo aponta necessidade de manter consist\u00eancia ao longo da temporada.<\/p>\n","protected":false},"excerpt":{"rendered":"<ul>\n<li>O Sporting venceu o Moreirense por tr\u00eas a zero, mantendo dom\u00ednio ofensivo durante o jogo.<\/li>\n<li>O foco ofensivo recaiu no ter\u00e7o final, com Geny Catamo, Trinc\u00e3o e Lu\u00eds Su\u00e1rez (modelo GTS) em linha de destaque.<\/li>\n<li>Lu\u00eds Guilherme abriu espa\u00e7o na an\u00e1lise ao terposto de Rui Borges, destacando o seu contributo dentro e fora de campo.<\/li>\n<li>V\u00e1rios elementos do ataque do Sporting estiveram em evid\u00eancia ao longo da partida.<\/li>\n<li>A discuss\u00e3o publicada aponta para mudan\u00e7as no 11, com a ideia de voltar a alinhar Pote no onze.<\/li>\n<\/ul>\n","protected":false},"author":2,"featured_media":222743,"comment_status":"closed","ping_status":"closed","sticky":false,"template":"","format":"standard","meta":{"footnotes":""},"categories":[21,24],"tags":[32,3271,3272,5825,1652,3374],"class_list":["post-222737","post","type-post","status-publish","format-standard","has-post-thumbnail","hentry","category-desporto","category-futebol","tag-futebol","tag-geny-catamo","tag-luis-suarez","tag-moreirense-fc","tag-sporting","tag-trincao"],"yoast_head":"<!-- This site is optimized with the Yoast SEO plugin v27.2 - https:\/\/yoast.com\/product\/yoast-seo-wordpress\/ -->\n<title>N\u00fameros apontam quem deve sair do Sporting para devolver Pote ao onze - Portal Tela Portugal<\/title>\n<meta name=\"robots\" content=\"index, follow, max-snippet:-1, max-image-preview:large, max-video-preview:-1\" \/>\n<meta property=\"og:locale\" content=\"pt_PT\" \/>\n<meta property=\"og:type\" content=\"article\" \/>\n<meta property=\"og:title\" content=\"N\u00fameros apontam quem deve sair do Sporting para devolver Pote ao onze - Portal Tela Portugal\" \/>\n<meta property=\"og:description\" content=\"O Sporting venceu o Moreirense por tr\u00eas a zero, mantendo dom\u00ednio ofensivo durante o jogo. O foco ofensivo recaiu no ter\u00e7o final, com Geny Catamo, Trinc\u00e3o e Lu\u00eds Su\u00e1rez (modelo GTS) em linha de destaque. Lu\u00eds Guilherme abriu espa\u00e7o na an\u00e1lise ao terposto de Rui Borges, destacando o seu contributo dentro e fora de campo. V\u00e1rios elementos do ataque do Sporting estiveram em evid\u00eancia ao longo da partida. A discuss\u00e3o publicada aponta para mudan\u00e7as no 11, com a ideia de voltar a alinhar Pote no onze.\" \/>\n<meta property=\"og:url\" content=\"https:\/\/portaltela.pt\/noticias\/2026\/02\/23\/numeros-apontam-quem-deve-sair-do-sporting-para-devolver-pote-ao-onze\/\" \/>\n<meta property=\"og:site_name\" content=\"Portal Tela Portugal\" \/>\n<meta property=\"article:published_time\" content=\"2026-02-23T12:24:12+00:00\" \/>\n<meta name=\"author\" content=\"Telinha\" \/>\n<meta name=\"twitter:card\" content=\"summary_large_image\" \/>\n<meta name=\"twitter:label1\" content=\"Escrito por\" \/>\n\t<meta name=\"twitter:data1\" content=\"Telinha\" \/>\n\t<meta name=\"twitter:label2\" content=\"Tempo estimado de leitura\" \/>\n\t<meta name=\"twitter:data2\" content=\"1 minuto\" \/>\n<script type=\"application\/ld+json\" class=\"yoast-schema-graph\">{\"@context\":\"https:\/\/schema.org\",\"@graph\":[{\"@type\":\"Article\",\"@id\":\"https:\/\/portaltela.pt\/noticias\/2026\/02\/23\/numeros-apontam-quem-deve-sair-do-sporting-para-devolver-pote-ao-onze\/#article\",\"isPartOf\":{\"@id\":\"https:\/\/portaltela.pt\/noticias\/2026\/02\/23\/numeros-apontam-quem-deve-sair-do-sporting-para-devolver-pote-ao-onze\/\"},\"author\":{\"name\":\"Telinha\",\"@id\":\"https:\/\/portaltela.pt\/#\/schema\/person\/c4278d4a6028830caff9ee44b42d32ed\"},\"headline\":\"N\u00fameros apontam quem deve sair do Sporting para devolver Pote ao onze\",\"datePublished\":\"2026-02-23T12:24:12+00:00\",\"mainEntityOfPage\":{\"@id\":\"https:\/\/portaltela.pt\/noticias\/2026\/02\/23\/numeros-apontam-quem-deve-sair-do-sporting-para-devolver-pote-ao-onze\/\"},\"wordCount\":168,\"image\":{\"@id\":\"https:\/\/portaltela.pt\/noticias\/2026\/02\/23\/numeros-apontam-quem-deve-sair-do-sporting-para-devolver-pote-ao-onze\/#primaryimage\"},\"thumbnailUrl\":\"https:\/\/portaltela.pt\/s.01k8rhncp4jt1\/2026\/02\/img_920x518uu2025-10-27-09-41-00-2398670.jpg\",\"keywords\":[\"futebol\",\"Geny Catamo\",\"Luis Su\u00e1rez\",\"Moreirense FC\",\"Sporting\",\"Trinc\u00e3o\"],\"articleSection\":[\"Desporto\",\"Futebol\"],\"inLanguage\":\"pt-PT\"},{\"@type\":\"WebPage\",\"@id\":\"https:\/\/portaltela.pt\/noticias\/2026\/02\/23\/numeros-apontam-quem-deve-sair-do-sporting-para-devolver-pote-ao-onze\/\",\"url\":\"https:\/\/portaltela.pt\/noticias\/2026\/02\/23\/numeros-apontam-quem-deve-sair-do-sporting-para-devolver-pote-ao-onze\/\",\"name\":\"N\u00fameros apontam quem deve sair do Sporting para devolver Pote ao onze - Portal Tela Portugal\",\"isPartOf\":{\"@id\":\"https:\/\/portaltela.pt\/#website\"},\"primaryImageOfPage\":{\"@id\":\"https:\/\/portaltela.pt\/noticias\/2026\/02\/23\/numeros-apontam-quem-deve-sair-do-sporting-para-devolver-pote-ao-onze\/#primaryimage\"},\"image\":{\"@id\":\"https:\/\/portaltela.pt\/noticias\/2026\/02\/23\/numeros-apontam-quem-deve-sair-do-sporting-para-devolver-pote-ao-onze\/#primaryimage\"},\"thumbnailUrl\":\"https:\/\/portaltela.pt\/s.01k8rhncp4jt1\/2026\/02\/img_920x518uu2025-10-27-09-41-00-2398670.jpg\",\"datePublished\":\"2026-02-23T12:24:12+00:00\",\"author\":{\"@id\":\"https:\/\/portaltela.pt\/#\/schema\/person\/c4278d4a6028830caff9ee44b42d32ed\"},\"breadcrumb\":{\"@id\":\"https:\/\/portaltela.pt\/noticias\/2026\/02\/23\/numeros-apontam-quem-deve-sair-do-sporting-para-devolver-pote-ao-onze\/#breadcrumb\"},\"inLanguage\":\"pt-PT\",\"potentialAction\":[{\"@type\":\"ReadAction\",\"target\":[\"https:\/\/portaltela.pt\/noticias\/2026\/02\/23\/numeros-apontam-quem-deve-sair-do-sporting-para-devolver-pote-ao-onze\/\"]}]},{\"@type\":\"ImageObject\",\"inLanguage\":\"pt-PT\",\"@id\":\"https:\/\/portaltela.pt\/noticias\/2026\/02\/23\/numeros-apontam-quem-deve-sair-do-sporting-para-devolver-pote-ao-onze\/#primaryimage\",\"url\":\"https:\/\/portaltela.pt\/s.01k8rhncp4jt1\/2026\/02\/img_920x518uu2025-10-27-09-41-00-2398670.jpg\",\"contentUrl\":\"https:\/\/portaltela.pt\/s.01k8rhncp4jt1\/2026\/02\/img_920x518uu2025-10-27-09-41-00-2398670.jpg\",\"width\":920,\"height\":518,\"caption\":\"Pote e Trinc\u00e3o celebram golo marcado ao Tondela\"},{\"@type\":\"BreadcrumbList\",\"@id\":\"https:\/\/portaltela.pt\/noticias\/2026\/02\/23\/numeros-apontam-quem-deve-sair-do-sporting-para-devolver-pote-ao-onze\/#breadcrumb\",\"itemListElement\":[{\"@type\":\"ListItem\",\"position\":1,\"name\":\"In\u00edcio\",\"item\":\"https:\/\/portaltela.pt\/\"},{\"@type\":\"ListItem\",\"position\":2,\"name\":\"N\u00fameros apontam quem deve sair do Sporting para devolver Pote ao onze\"}]},{\"@type\":\"WebSite\",\"@id\":\"https:\/\/portaltela.pt\/#website\",\"url\":\"https:\/\/portaltela.pt\/\",\"name\":\"Portal Tela Portugal\",\"description\":\"\",\"potentialAction\":[{\"@type\":\"SearchAction\",\"target\":{\"@type\":\"EntryPoint\",\"urlTemplate\":\"https:\/\/portaltela.pt\/?s={search_term_string}\"},\"query-input\":{\"@type\":\"PropertyValueSpecification\",\"valueRequired\":true,\"valueName\":\"search_term_string\"}}],\"inLanguage\":\"pt-PT\"},{\"@type\":\"Person\",\"@id\":\"https:\/\/portaltela.pt\/#\/schema\/person\/c4278d4a6028830caff9ee44b42d32ed\",\"name\":\"Telinha\",\"image\":{\"@type\":\"ImageObject\",\"inLanguage\":\"pt-PT\",\"@id\":\"https:\/\/portaltela.pt\/s.01k8rhncp4jt1\/2025\/11\/talking-bot-125x125.png\",\"url\":\"https:\/\/portaltela.pt\/s.01k8rhncp4jt1\/2025\/11\/talking-bot-125x125.png\",\"contentUrl\":\"https:\/\/portaltela.pt\/s.01k8rhncp4jt1\/2025\/11\/talking-bot-125x125.png\",\"caption\":\"Telinha\"},\"sameAs\":[\"https:\/\/portaltela.pt\/\"],\"url\":\"https:\/\/portaltela.pt\/por\/367410592786\/\"}]}<\/script>\n<!-- \/ Yoast SEO plugin. -->","yoast_head_json":{"title":"N\u00fameros apontam quem deve sair do Sporting para devolver Pote ao onze - Portal Tela Portugal","robots":{"index":"index","follow":"follow","max-snippet":"max-snippet:-1","max-image-preview":"max-image-preview:large","max-video-preview":"max-video-preview:-1"},"og_locale":"pt_PT","og_type":"article","og_title":"N\u00fameros apontam quem deve sair do Sporting para devolver Pote ao onze - Portal Tela Portugal","og_description":"O Sporting venceu o Moreirense por tr\u00eas a zero, mantendo dom\u00ednio ofensivo durante o jogo. O foco ofensivo recaiu no ter\u00e7o final, com Geny Catamo, Trinc\u00e3o e Lu\u00eds Su\u00e1rez (modelo GTS) em linha de destaque. Lu\u00eds Guilherme abriu espa\u00e7o na an\u00e1lise ao terposto de Rui Borges, destacando o seu contributo dentro e fora de campo. V\u00e1rios elementos do ataque do Sporting estiveram em evid\u00eancia ao longo da partida. A discuss\u00e3o publicada aponta para mudan\u00e7as no 11, com a ideia de voltar a alinhar Pote no onze.","og_url":"https:\/\/portaltela.pt\/noticias\/2026\/02\/23\/numeros-apontam-quem-deve-sair-do-sporting-para-devolver-pote-ao-onze\/","og_site_name":"Portal Tela Portugal","article_published_time":"2026-02-23T12:24:12+00:00","author":"Telinha","twitter_card":"summary_large_image","twitter_misc":{"Escrito por":"Telinha","Tempo estimado de leitura":"1 minuto"},"schema":{"@context":"https:\/\/schema.org","@graph":[{"@type":"Article","@id":"https:\/\/portaltela.pt\/noticias\/2026\/02\/23\/numeros-apontam-quem-deve-sair-do-sporting-para-devolver-pote-ao-onze\/#article","isPartOf":{"@id":"https:\/\/portaltela.pt\/noticias\/2026\/02\/23\/numeros-apontam-quem-deve-sair-do-sporting-para-devolver-pote-ao-onze\/"},"author":{"name":"Telinha","@id":"https:\/\/portaltela.pt\/#\/schema\/person\/c4278d4a6028830caff9ee44b42d32ed"},"headline":"N\u00fameros apontam quem deve sair do Sporting para devolver Pote ao onze","datePublished":"2026-02-23T12:24:12+00:00","mainEntityOfPage":{"@id":"https:\/\/portaltela.pt\/noticias\/2026\/02\/23\/numeros-apontam-quem-deve-sair-do-sporting-para-devolver-pote-ao-onze\/"},"wordCount":168,"image":{"@id":"https:\/\/portaltela.pt\/noticias\/2026\/02\/23\/numeros-apontam-quem-deve-sair-do-sporting-para-devolver-pote-ao-onze\/#primaryimage"},"thumbnailUrl":"https:\/\/portaltela.pt\/s.01k8rhncp4jt1\/2026\/02\/img_920x518uu2025-10-27-09-41-00-2398670.jpg","keywords":["futebol","Geny Catamo","Luis Su\u00e1rez","Moreirense FC","Sporting","Trinc\u00e3o"],"articleSection":["Desporto","Futebol"],"inLanguage":"pt-PT"},{"@type":"WebPage","@id":"https:\/\/portaltela.pt\/noticias\/2026\/02\/23\/numeros-apontam-quem-deve-sair-do-sporting-para-devolver-pote-ao-onze\/","url":"https:\/\/portaltela.pt\/noticias\/2026\/02\/23\/numeros-apontam-quem-deve-sair-do-sporting-para-devolver-pote-ao-onze\/","name":"N\u00fameros apontam quem deve sair do Sporting para devolver Pote ao onze - Portal Tela Portugal","isPartOf":{"@id":"https:\/\/portaltela.pt\/#website"},"primaryImageOfPage":{"@id":"https:\/\/portaltela.pt\/noticias\/2026\/02\/23\/numeros-apontam-quem-deve-sair-do-sporting-para-devolver-pote-ao-onze\/#primaryimage"},"image":{"@id":"https:\/\/portaltela.pt\/noticias\/2026\/02\/23\/numeros-apontam-quem-deve-sair-do-sporting-para-devolver-pote-ao-onze\/#primaryimage"},"thumbnailUrl":"https:\/\/portaltela.pt\/s.01k8rhncp4jt1\/2026\/02\/img_920x518uu2025-10-27-09-41-00-2398670.jpg","datePublished":"2026-02-23T12:24:12+00:00","author":{"@id":"https:\/\/portaltela.pt\/#\/schema\/person\/c4278d4a6028830caff9ee44b42d32ed"},"breadcrumb":{"@id":"https:\/\/portaltela.pt\/noticias\/2026\/02\/23\/numeros-apontam-quem-deve-sair-do-sporting-para-devolver-pote-ao-onze\/#breadcrumb"},"inLanguage":"pt-PT","potentialAction":[{"@type":"ReadAction","target":["https:\/\/portaltela.pt\/noticias\/2026\/02\/23\/numeros-apontam-quem-deve-sair-do-sporting-para-devolver-pote-ao-onze\/"]}]},{"@type":"ImageObject","inLanguage":"pt-PT","@id":"https:\/\/portaltela.pt\/noticias\/2026\/02\/23\/numeros-apontam-quem-deve-sair-do-sporting-para-devolver-pote-ao-onze\/#primaryimage","url":"https:\/\/portaltela.pt\/s.01k8rhncp4jt1\/2026\/02\/img_920x518uu2025-10-27-09-41-00-2398670.jpg","contentUrl":"https:\/\/portaltela.pt\/s.01k8rhncp4jt1\/2026\/02\/img_920x518uu2025-10-27-09-41-00-2398670.jpg","width":920,"height":518,"caption":"Pote e Trinc\u00e3o celebram golo marcado ao Tondela"},{"@type":"BreadcrumbList","@id":"https:\/\/portaltela.pt\/noticias\/2026\/02\/23\/numeros-apontam-quem-deve-sair-do-sporting-para-devolver-pote-ao-onze\/#breadcrumb","itemListElement":[{"@type":"ListItem","position":1,"name":"In\u00edcio","item":"https:\/\/portaltela.pt\/"},{"@type":"ListItem","position":2,"name":"N\u00fameros apontam quem deve sair do Sporting para devolver Pote ao onze"}]},{"@type":"WebSite","@id":"https:\/\/portaltela.pt\/#website","url":"https:\/\/portaltela.pt\/","name":"Portal Tela Portugal","description":"","potentialAction":[{"@type":"SearchAction","target":{"@type":"EntryPoint","urlTemplate":"https:\/\/portaltela.pt\/?s={search_term_string}"},"query-input":{"@type":"PropertyValueSpecification","valueRequired":true,"valueName":"search_term_string"}}],"inLanguage":"pt-PT"},{"@type":"Person","@id":"https:\/\/portaltela.pt\/#\/schema\/person\/c4278d4a6028830caff9ee44b42d32ed","name":"Telinha","image":{"@type":"ImageObject","inLanguage":"pt-PT","@id":"https:\/\/portaltela.pt\/s.01k8rhncp4jt1\/2025\/11\/talking-bot-125x125.png","url":"https:\/\/portaltela.pt\/s.01k8rhncp4jt1\/2025\/11\/talking-bot-125x125.png","contentUrl":"https:\/\/portaltela.pt\/s.01k8rhncp4jt1\/2025\/11\/talking-bot-125x125.png","caption":"Telinha"},"sameAs":["https:\/\/portaltela.pt\/"],"url":"https:\/\/portaltela.pt\/por\/367410592786\/"}]}},"_links":{"self":[{"href":"https:\/\/portaltela.pt\/api\/wp\/v2\/posts\/222737","targetHints":{"allow":["GET"]}}],"collection":[{"href":"https:\/\/portaltela.pt\/api\/wp\/v2\/posts"}],"about":[{"href":"https:\/\/portaltela.pt\/api\/wp\/v2\/types\/post"}],"author":[{"embeddable":true,"href":"https:\/\/portaltela.pt\/api\/wp\/v2\/users\/2"}],"replies":[{"embeddable":true,"href":"https:\/\/portaltela.pt\/api\/wp\/v2\/comments?post=222737"}],"version-history":[{"count":0,"href":"https:\/\/portaltela.pt\/api\/wp\/v2\/posts\/222737\/revisions"}],"wp:featuredmedia":[{"embeddable":true,"href":"https:\/\/portaltela.pt\/api\/wp\/v2\/media\/222743"}],"wp:attachment":[{"href":"https:\/\/portaltela.pt\/api\/wp\/v2\/media?parent=222737"}],"wp:term":[{"taxonomy":"category","embeddable":true,"href":"https:\/\/portaltela.pt\/api\/wp\/v2\/categories?post=222737"},{"taxonomy":"post_tag","embeddable":true,"href":"https:\/\/portaltela.pt\/api\/wp\/v2\/tags?post=222737"}],"curies":[{"name":"wp","href":"https:\/\/api.w.org\/{rel}","templated":true}]}}