{"id":222688,"date":"2026-02-23T08:56:00","date_gmt":"2026-02-23T11:56:00","guid":{"rendered":"https:\/\/portaltela.pt\/noticias\/2026\/02\/23\/ministro-israelita-ica-bandeira-na-cisjordania-ocupada\/"},"modified":"2026-02-23T08:56:00","modified_gmt":"2026-02-23T11:56:00","slug":"ministro-israelita-ica-bandeira-na-cisjordania-ocupada","status":"publish","type":"post","link":"https:\/\/portaltela.pt\/noticias\/internacional\/2026\/02\/23\/ministro-israelita-ica-bandeira-na-cisjordania-ocupada\/","title":{"rendered":"Ministro israelita i\u00e7a bandeira na Cisjord\u00e2nia ocupada"},"content":{"rendered":"<p>Um ministro israelita i\u00e7ou a bandeira de Israel no topo do Monte Sartaba, na Cisjord\u00e2nia ocupada, pela primeira vez, a 650 metros acima do Vale do Jord\u00e3o. O epis\u00f3dio foi registado em v\u00eddeo e divulgado nas redes sociais, em tom de afirma\u00e7\u00e3o simb\u00f3lica.<\/p>\n<p>A presen\u00e7a de bandeiras ao longo das principais estradas que conduzem ao Vale do Jord\u00e3o tem aumentado nos \u00faltimos meses, acompanhada de inscri\u00e7\u00f5es e s\u00edmbolos judaicos, como a Estrela de David. A a\u00e7\u00e3o ocorreu num contexto de crescentes demonstra\u00e7\u00f5es de nacionalismo no territ\u00f3rio.<\/p>\n<p>Quem participa, o ministro respons\u00e1vel pela \u00e1rea do Patrim\u00f3nio, Amichay Eliyahu, pertence ao partido de direita Poder Judaico, alinhado com Itamar Ben Gvir. Eliyahu tem sido uma figura controversa dentro do governo de coliga\u00e7\u00e3o de Benjamin Netanyahu, tendo feito declara\u00e7\u00f5es muito cr\u00edticas sobre pol\u00edticas na regi\u00e3o.<\/p>\n<p>O governo tem promovido decis\u00f5es relacionadas com a Cisjord\u00e2nia, incluindo a possibilidade de registar como terras israelitas \u00e1reas da chamada \u00c1rea C, onde vivem entre 150 mil e 300 mil palestinianos. Organiza\u00e7\u00f5es n\u00e3o governamentais de Israel alertam que estas medidas podem restringir a mobilidade e a perman\u00eancia de moradores palestinianos.<\/p>\n<p>Defensores dos direitos humanos destacam que as a\u00e7\u00f5es recentes ampliam a aplicabilidade da soberania israelita em seguran\u00e7a e a expans\u00e3o de colonatos, enquanto cr\u00edticos argumentam que podem agravar tens\u00f5es e facilitar a retirada de direitos de residentes locais.<\/p>\n","protected":false},"excerpt":{"rendered":"<ul>\n<li>Pela primeira vez, a bandeira israelita foi hasteada no topo do monte Sartaba, a 650 metros acima do Vale do Jord\u00e3o; o ministro Amichay Eliyahu disse: &#8220;Estamos a reconquistar o que \u00e9 nosso&#8221;.<\/li>\n<li>As bandeiras, colocadas sobretudo por colonos, e s\u00edmbolos judaicos como a Estrela de David t\u00eam surgido ao longo das principais estradas que levam ao Vale do Jord\u00e3o.<\/li>\n<li>Amichay Eliyahu \u00e9 ministro do Patrim\u00f3nio no governo de coliga\u00e7\u00e3o de Benjamin Netanyahu e integra o partido Poder Judaico, aliado de Itamar Ben Gvir e Bezalel Smotrich.<\/li>\n<li>O Governo aprovou v\u00e1rias medidas na Cisjord\u00e2nia, incluindo o registo de zonas da \u00c1rea C como terras israelitas, afetando entre 150 mil e 300 mil palestinianos.<\/li>\n<li>Organiza\u00e7\u00f5es de direitos humanos alertam que quanto maior o registo de territ\u00f3rio como propriedade israelita, maior a cadeia de soberania em seguran\u00e7a e a expans\u00e3o dos colonatos, limitando a mobilidade dos palestinianos.<\/li>\n<\/ul>\n","protected":false},"author":2,"featured_media":222693,"comment_status":"closed","ping_status":"closed","sticky":false,"template":"","format":"standard","meta":{"footnotes":""},"categories":[4,1],"tags":[5720,2633,3708,2030,5698,2540],"class_list":["post-222688","post","type-post","status-publish","format-standard","has-post-thumbnail","hentry","category-internacional","category-noticias","tag-colonatos","tag-direitos-humanos","tag-israel","tag-palestina","tag-politica-internacional","tag-territorio"],"yoast_head":"<!-- This site is optimized with the Yoast SEO plugin v27.2 - https:\/\/yoast.com\/product\/yoast-seo-wordpress\/ -->\n<title>Ministro israelita i\u00e7a bandeira na Cisjord\u00e2nia ocupada - Portal Tela Portugal<\/title>\n<meta name=\"robots\" content=\"index, follow, max-snippet:-1, max-image-preview:large, max-video-preview:-1\" \/>\n<meta property=\"og:locale\" content=\"pt_PT\" \/>\n<meta property=\"og:type\" content=\"article\" \/>\n<meta property=\"og:title\" content=\"Ministro israelita i\u00e7a bandeira na Cisjord\u00e2nia ocupada - Portal Tela Portugal\" \/>\n<meta property=\"og:description\" content=\"Pela primeira vez, a bandeira israelita foi hasteada no topo do monte Sartaba, a 650 metros acima do Vale do Jord\u00e3o; o ministro Amichay Eliyahu disse: &quot;Estamos a reconquistar o que \u00e9 nosso&quot;. As bandeiras, colocadas sobretudo por colonos, e s\u00edmbolos judaicos como a Estrela de David t\u00eam surgido ao longo das principais estradas que levam ao Vale do Jord\u00e3o. Amichay Eliyahu \u00e9 ministro do Patrim\u00f3nio no governo de coliga\u00e7\u00e3o de Benjamin Netanyahu e integra o partido Poder Judaico, aliado de Itamar Ben Gvir e Bezalel Smotrich. O Governo aprovou v\u00e1rias medidas na Cisjord\u00e2nia, incluindo o registo de zonas da \u00c1rea C como terras israelitas, afetando entre 150 mil e 300 mil palestinianos. Organiza\u00e7\u00f5es de direitos humanos alertam que quanto maior o registo de territ\u00f3rio como propriedade israelita, maior a cadeia de soberania em seguran\u00e7a e a expans\u00e3o dos colonatos, limitando a mobilidade dos palestinianos.\" \/>\n<meta property=\"og:url\" content=\"https:\/\/portaltela.pt\/noticias\/2026\/02\/23\/ministro-israelita-ica-bandeira-na-cisjordania-ocupada\/\" \/>\n<meta property=\"og:site_name\" content=\"Portal Tela Portugal\" \/>\n<meta property=\"article:published_time\" content=\"2026-02-23T11:56:00+00:00\" \/>\n<meta name=\"author\" content=\"Telinha\" \/>\n<meta name=\"twitter:card\" content=\"summary_large_image\" \/>\n<meta name=\"twitter:label1\" content=\"Escrito por\" \/>\n\t<meta name=\"twitter:data1\" content=\"Telinha\" \/>\n\t<meta name=\"twitter:label2\" content=\"Tempo estimado de leitura\" \/>\n\t<meta name=\"twitter:data2\" content=\"1 minuto\" \/>\n<script type=\"application\/ld+json\" class=\"yoast-schema-graph\">{\"@context\":\"https:\/\/schema.org\",\"@graph\":[{\"@type\":\"Article\",\"@id\":\"https:\/\/portaltela.pt\/noticias\/2026\/02\/23\/ministro-israelita-ica-bandeira-na-cisjordania-ocupada\/#article\",\"isPartOf\":{\"@id\":\"https:\/\/portaltela.pt\/noticias\/2026\/02\/23\/ministro-israelita-ica-bandeira-na-cisjordania-ocupada\/\"},\"author\":{\"name\":\"Telinha\",\"@id\":\"https:\/\/portaltela.pt\/#\/schema\/person\/c4278d4a6028830caff9ee44b42d32ed\"},\"headline\":\"Ministro israelita i\u00e7a bandeira na Cisjord\u00e2nia ocupada\",\"datePublished\":\"2026-02-23T11:56:00+00:00\",\"mainEntityOfPage\":{\"@id\":\"https:\/\/portaltela.pt\/noticias\/2026\/02\/23\/ministro-israelita-ica-bandeira-na-cisjordania-ocupada\/\"},\"wordCount\":257,\"image\":{\"@id\":\"https:\/\/portaltela.pt\/noticias\/2026\/02\/23\/ministro-israelita-ica-bandeira-na-cisjordania-ocupada\/#primaryimage\"},\"thumbnailUrl\":\"https:\/\/portaltela.pt\/s.01k8rhncp4jt1\/2026\/02\/image-1693.jpg\",\"keywords\":[\"colonatos\",\"direitos humanos\",\"Israel\",\"Palestina\",\"pol\u00edtica internacional\",\"Territ\u00f3rio\"],\"articleSection\":[\"Internacional\",\"Not\u00edcias\"],\"inLanguage\":\"pt-PT\"},{\"@type\":\"WebPage\",\"@id\":\"https:\/\/portaltela.pt\/noticias\/2026\/02\/23\/ministro-israelita-ica-bandeira-na-cisjordania-ocupada\/\",\"url\":\"https:\/\/portaltela.pt\/noticias\/2026\/02\/23\/ministro-israelita-ica-bandeira-na-cisjordania-ocupada\/\",\"name\":\"Ministro israelita i\u00e7a bandeira na Cisjord\u00e2nia ocupada - Portal Tela Portugal\",\"isPartOf\":{\"@id\":\"https:\/\/portaltela.pt\/#website\"},\"primaryImageOfPage\":{\"@id\":\"https:\/\/portaltela.pt\/noticias\/2026\/02\/23\/ministro-israelita-ica-bandeira-na-cisjordania-ocupada\/#primaryimage\"},\"image\":{\"@id\":\"https:\/\/portaltela.pt\/noticias\/2026\/02\/23\/ministro-israelita-ica-bandeira-na-cisjordania-ocupada\/#primaryimage\"},\"thumbnailUrl\":\"https:\/\/portaltela.pt\/s.01k8rhncp4jt1\/2026\/02\/image-1693.jpg\",\"datePublished\":\"2026-02-23T11:56:00+00:00\",\"author\":{\"@id\":\"https:\/\/portaltela.pt\/#\/schema\/person\/c4278d4a6028830caff9ee44b42d32ed\"},\"breadcrumb\":{\"@id\":\"https:\/\/portaltela.pt\/noticias\/2026\/02\/23\/ministro-israelita-ica-bandeira-na-cisjordania-ocupada\/#breadcrumb\"},\"inLanguage\":\"pt-PT\",\"potentialAction\":[{\"@type\":\"ReadAction\",\"target\":[\"https:\/\/portaltela.pt\/noticias\/2026\/02\/23\/ministro-israelita-ica-bandeira-na-cisjordania-ocupada\/\"]}]},{\"@type\":\"ImageObject\",\"inLanguage\":\"pt-PT\",\"@id\":\"https:\/\/portaltela.pt\/noticias\/2026\/02\/23\/ministro-israelita-ica-bandeira-na-cisjordania-ocupada\/#primaryimage\",\"url\":\"https:\/\/portaltela.pt\/s.01k8rhncp4jt1\/2026\/02\/image-1693.jpg\",\"contentUrl\":\"https:\/\/portaltela.pt\/s.01k8rhncp4jt1\/2026\/02\/image-1693.jpg\",\"width\":796,\"height\":448,\"caption\":\"Bandeiras israelitas ao longo da estrada na Cisjord\u00e2nia\"},{\"@type\":\"BreadcrumbList\",\"@id\":\"https:\/\/portaltela.pt\/noticias\/2026\/02\/23\/ministro-israelita-ica-bandeira-na-cisjordania-ocupada\/#breadcrumb\",\"itemListElement\":[{\"@type\":\"ListItem\",\"position\":1,\"name\":\"In\u00edcio\",\"item\":\"https:\/\/portaltela.pt\/\"},{\"@type\":\"ListItem\",\"position\":2,\"name\":\"Ministro israelita i\u00e7a bandeira na Cisjord\u00e2nia ocupada\"}]},{\"@type\":\"WebSite\",\"@id\":\"https:\/\/portaltela.pt\/#website\",\"url\":\"https:\/\/portaltela.pt\/\",\"name\":\"Portal Tela Portugal\",\"description\":\"\",\"potentialAction\":[{\"@type\":\"SearchAction\",\"target\":{\"@type\":\"EntryPoint\",\"urlTemplate\":\"https:\/\/portaltela.pt\/?s={search_term_string}\"},\"query-input\":{\"@type\":\"PropertyValueSpecification\",\"valueRequired\":true,\"valueName\":\"search_term_string\"}}],\"inLanguage\":\"pt-PT\"},{\"@type\":\"Person\",\"@id\":\"https:\/\/portaltela.pt\/#\/schema\/person\/c4278d4a6028830caff9ee44b42d32ed\",\"name\":\"Telinha\",\"image\":{\"@type\":\"ImageObject\",\"inLanguage\":\"pt-PT\",\"@id\":\"https:\/\/portaltela.pt\/s.01k8rhncp4jt1\/2025\/11\/talking-bot-125x125.png\",\"url\":\"https:\/\/portaltela.pt\/s.01k8rhncp4jt1\/2025\/11\/talking-bot-125x125.png\",\"contentUrl\":\"https:\/\/portaltela.pt\/s.01k8rhncp4jt1\/2025\/11\/talking-bot-125x125.png\",\"caption\":\"Telinha\"},\"sameAs\":[\"https:\/\/portaltela.pt\/\"],\"url\":\"https:\/\/portaltela.pt\/por\/367410592786\/\"}]}<\/script>\n<!-- \/ Yoast SEO plugin. -->","yoast_head_json":{"title":"Ministro israelita i\u00e7a bandeira na Cisjord\u00e2nia ocupada - Portal Tela Portugal","robots":{"index":"index","follow":"follow","max-snippet":"max-snippet:-1","max-image-preview":"max-image-preview:large","max-video-preview":"max-video-preview:-1"},"og_locale":"pt_PT","og_type":"article","og_title":"Ministro israelita i\u00e7a bandeira na Cisjord\u00e2nia ocupada - Portal Tela Portugal","og_description":"Pela primeira vez, a bandeira israelita foi hasteada no topo do monte Sartaba, a 650 metros acima do Vale do Jord\u00e3o; o ministro Amichay Eliyahu disse: \"Estamos a reconquistar o que \u00e9 nosso\". As bandeiras, colocadas sobretudo por colonos, e s\u00edmbolos judaicos como a Estrela de David t\u00eam surgido ao longo das principais estradas que levam ao Vale do Jord\u00e3o. Amichay Eliyahu \u00e9 ministro do Patrim\u00f3nio no governo de coliga\u00e7\u00e3o de Benjamin Netanyahu e integra o partido Poder Judaico, aliado de Itamar Ben Gvir e Bezalel Smotrich. O Governo aprovou v\u00e1rias medidas na Cisjord\u00e2nia, incluindo o registo de zonas da \u00c1rea C como terras israelitas, afetando entre 150 mil e 300 mil palestinianos. Organiza\u00e7\u00f5es de direitos humanos alertam que quanto maior o registo de territ\u00f3rio como propriedade israelita, maior a cadeia de soberania em seguran\u00e7a e a expans\u00e3o dos colonatos, limitando a mobilidade dos palestinianos.","og_url":"https:\/\/portaltela.pt\/noticias\/2026\/02\/23\/ministro-israelita-ica-bandeira-na-cisjordania-ocupada\/","og_site_name":"Portal Tela Portugal","article_published_time":"2026-02-23T11:56:00+00:00","author":"Telinha","twitter_card":"summary_large_image","twitter_misc":{"Escrito por":"Telinha","Tempo estimado de leitura":"1 minuto"},"schema":{"@context":"https:\/\/schema.org","@graph":[{"@type":"Article","@id":"https:\/\/portaltela.pt\/noticias\/2026\/02\/23\/ministro-israelita-ica-bandeira-na-cisjordania-ocupada\/#article","isPartOf":{"@id":"https:\/\/portaltela.pt\/noticias\/2026\/02\/23\/ministro-israelita-ica-bandeira-na-cisjordania-ocupada\/"},"author":{"name":"Telinha","@id":"https:\/\/portaltela.pt\/#\/schema\/person\/c4278d4a6028830caff9ee44b42d32ed"},"headline":"Ministro israelita i\u00e7a bandeira na Cisjord\u00e2nia ocupada","datePublished":"2026-02-23T11:56:00+00:00","mainEntityOfPage":{"@id":"https:\/\/portaltela.pt\/noticias\/2026\/02\/23\/ministro-israelita-ica-bandeira-na-cisjordania-ocupada\/"},"wordCount":257,"image":{"@id":"https:\/\/portaltela.pt\/noticias\/2026\/02\/23\/ministro-israelita-ica-bandeira-na-cisjordania-ocupada\/#primaryimage"},"thumbnailUrl":"https:\/\/portaltela.pt\/s.01k8rhncp4jt1\/2026\/02\/image-1693.jpg","keywords":["colonatos","direitos humanos","Israel","Palestina","pol\u00edtica internacional","Territ\u00f3rio"],"articleSection":["Internacional","Not\u00edcias"],"inLanguage":"pt-PT"},{"@type":"WebPage","@id":"https:\/\/portaltela.pt\/noticias\/2026\/02\/23\/ministro-israelita-ica-bandeira-na-cisjordania-ocupada\/","url":"https:\/\/portaltela.pt\/noticias\/2026\/02\/23\/ministro-israelita-ica-bandeira-na-cisjordania-ocupada\/","name":"Ministro israelita i\u00e7a bandeira na Cisjord\u00e2nia ocupada - Portal Tela Portugal","isPartOf":{"@id":"https:\/\/portaltela.pt\/#website"},"primaryImageOfPage":{"@id":"https:\/\/portaltela.pt\/noticias\/2026\/02\/23\/ministro-israelita-ica-bandeira-na-cisjordania-ocupada\/#primaryimage"},"image":{"@id":"https:\/\/portaltela.pt\/noticias\/2026\/02\/23\/ministro-israelita-ica-bandeira-na-cisjordania-ocupada\/#primaryimage"},"thumbnailUrl":"https:\/\/portaltela.pt\/s.01k8rhncp4jt1\/2026\/02\/image-1693.jpg","datePublished":"2026-02-23T11:56:00+00:00","author":{"@id":"https:\/\/portaltela.pt\/#\/schema\/person\/c4278d4a6028830caff9ee44b42d32ed"},"breadcrumb":{"@id":"https:\/\/portaltela.pt\/noticias\/2026\/02\/23\/ministro-israelita-ica-bandeira-na-cisjordania-ocupada\/#breadcrumb"},"inLanguage":"pt-PT","potentialAction":[{"@type":"ReadAction","target":["https:\/\/portaltela.pt\/noticias\/2026\/02\/23\/ministro-israelita-ica-bandeira-na-cisjordania-ocupada\/"]}]},{"@type":"ImageObject","inLanguage":"pt-PT","@id":"https:\/\/portaltela.pt\/noticias\/2026\/02\/23\/ministro-israelita-ica-bandeira-na-cisjordania-ocupada\/#primaryimage","url":"https:\/\/portaltela.pt\/s.01k8rhncp4jt1\/2026\/02\/image-1693.jpg","contentUrl":"https:\/\/portaltela.pt\/s.01k8rhncp4jt1\/2026\/02\/image-1693.jpg","width":796,"height":448,"caption":"Bandeiras israelitas ao longo da estrada na Cisjord\u00e2nia"},{"@type":"BreadcrumbList","@id":"https:\/\/portaltela.pt\/noticias\/2026\/02\/23\/ministro-israelita-ica-bandeira-na-cisjordania-ocupada\/#breadcrumb","itemListElement":[{"@type":"ListItem","position":1,"name":"In\u00edcio","item":"https:\/\/portaltela.pt\/"},{"@type":"ListItem","position":2,"name":"Ministro israelita i\u00e7a bandeira na Cisjord\u00e2nia ocupada"}]},{"@type":"WebSite","@id":"https:\/\/portaltela.pt\/#website","url":"https:\/\/portaltela.pt\/","name":"Portal Tela Portugal","description":"","potentialAction":[{"@type":"SearchAction","target":{"@type":"EntryPoint","urlTemplate":"https:\/\/portaltela.pt\/?s={search_term_string}"},"query-input":{"@type":"PropertyValueSpecification","valueRequired":true,"valueName":"search_term_string"}}],"inLanguage":"pt-PT"},{"@type":"Person","@id":"https:\/\/portaltela.pt\/#\/schema\/person\/c4278d4a6028830caff9ee44b42d32ed","name":"Telinha","image":{"@type":"ImageObject","inLanguage":"pt-PT","@id":"https:\/\/portaltela.pt\/s.01k8rhncp4jt1\/2025\/11\/talking-bot-125x125.png","url":"https:\/\/portaltela.pt\/s.01k8rhncp4jt1\/2025\/11\/talking-bot-125x125.png","contentUrl":"https:\/\/portaltela.pt\/s.01k8rhncp4jt1\/2025\/11\/talking-bot-125x125.png","caption":"Telinha"},"sameAs":["https:\/\/portaltela.pt\/"],"url":"https:\/\/portaltela.pt\/por\/367410592786\/"}]}},"_links":{"self":[{"href":"https:\/\/portaltela.pt\/api\/wp\/v2\/posts\/222688","targetHints":{"allow":["GET"]}}],"collection":[{"href":"https:\/\/portaltela.pt\/api\/wp\/v2\/posts"}],"about":[{"href":"https:\/\/portaltela.pt\/api\/wp\/v2\/types\/post"}],"author":[{"embeddable":true,"href":"https:\/\/portaltela.pt\/api\/wp\/v2\/users\/2"}],"replies":[{"embeddable":true,"href":"https:\/\/portaltela.pt\/api\/wp\/v2\/comments?post=222688"}],"version-history":[{"count":0,"href":"https:\/\/portaltela.pt\/api\/wp\/v2\/posts\/222688\/revisions"}],"wp:featuredmedia":[{"embeddable":true,"href":"https:\/\/portaltela.pt\/api\/wp\/v2\/media\/222693"}],"wp:attachment":[{"href":"https:\/\/portaltela.pt\/api\/wp\/v2\/media?parent=222688"}],"wp:term":[{"taxonomy":"category","embeddable":true,"href":"https:\/\/portaltela.pt\/api\/wp\/v2\/categories?post=222688"},{"taxonomy":"post_tag","embeddable":true,"href":"https:\/\/portaltela.pt\/api\/wp\/v2\/tags?post=222688"}],"curies":[{"name":"wp","href":"https:\/\/api.w.org\/{rel}","templated":true}]}}