{"id":222681,"date":"2026-02-23T06:12:00","date_gmt":"2026-02-23T09:12:00","guid":{"rendered":"https:\/\/portaltela.pt\/noticias\/2026\/02\/23\/guterres-denuncia-ataques-aos-direitos-humanos-pelas-potencias\/"},"modified":"2026-02-23T06:12:00","modified_gmt":"2026-02-23T09:12:00","slug":"guterres-denuncia-ataques-aos-direitos-humanos-pelas-potencias","status":"publish","type":"post","link":"https:\/\/portaltela.pt\/noticias\/2026\/02\/23\/guterres-denuncia-ataques-aos-direitos-humanos-pelas-potencias\/","title":{"rendered":"Guterres denuncia ataques aos direitos humanos pelas pot\u00eancias"},"content":{"rendered":"<p>O secret\u00e1rio-geral da ONU, Ant\u00f3nio Guterres, denunciou hoje que os direitos humanos est\u00e3o a ser atacados em grande escala pelos atores mais fortes do mundo. A informa\u00e7\u00e3o \u00e9 veiculada pela ag\u00eancia Lusa, que cita a declara\u00e7\u00e3o do chefe da Organiza\u00e7\u00e3o das Na\u00e7\u00f5es Unidas.<\/p>\n<p>Guterres alertou para viola\u00e7\u00f5es generalizadas que afetam civis, refugiados e trabalhadores humanit\u00e1rios, em v\u00e1rias regi\u00f5es. A den\u00fancia enfatiza que os ataques prov\u00eam de Estados ou entidades com maior poder e influ\u00eancia.<\/p>\n<p>O dirigente pediu responsabiliza\u00e7\u00e3o internacional e o respeito pelo direito internacional humanit\u00e1rio, ressaltando a necessidade de mecanismos eficazes para prevenir abusos e proteger as popula\u00e7\u00f5es vulner\u00e1veis. A ag\u00eancia refor\u00e7a que a nota se foca numa avalia\u00e7\u00e3o global.<\/p>\n","protected":false},"excerpt":{"rendered":"<ul>\n<li>O secret\u00e1rio-geral das Na\u00e7\u00f5es Unidas, Ant\u00f3nio Guterres, denuncia ataques em grande escala aos direitos humanos pelos mais fortes.<\/li>\n<li>A den\u00fancia aponta viola\u00e7\u00f5es generalizadas contra pessoas por parte de atores com maior poder.<\/li>\n<li>O conte\u00fado completo est\u00e1 dispon\u00edvel apenas para subscritores.<\/li>\n<li>A not\u00edcia foi divulgada pela Lusa.<\/li>\n<\/ul>\n","protected":false},"author":2,"featured_media":222684,"comment_status":"closed","ping_status":"closed","sticky":false,"template":"","format":"standard","meta":{"footnotes":""},"categories":[1],"tags":[6074,2358,2633,1465,2127,3786],"class_list":["post-222681","post","type-post","status-publish","format-standard","has-post-thumbnail","hentry","category-noticias","tag-antonio-guterres","tag-crises-internacionais","tag-direitos-humanos","tag-direitos-internacionais","tag-nacoes-unidas","tag-refugiados-internos"],"yoast_head":"<!-- This site is optimized with the Yoast SEO plugin v27.2 - https:\/\/yoast.com\/product\/yoast-seo-wordpress\/ -->\n<title>Guterres denuncia ataques aos direitos humanos pelas pot\u00eancias - Portal Tela Portugal<\/title>\n<meta name=\"robots\" content=\"index, follow, max-snippet:-1, max-image-preview:large, max-video-preview:-1\" \/>\n<meta property=\"og:locale\" content=\"pt_PT\" \/>\n<meta property=\"og:type\" content=\"article\" \/>\n<meta property=\"og:title\" content=\"Guterres denuncia ataques aos direitos humanos pelas pot\u00eancias - Portal Tela Portugal\" \/>\n<meta property=\"og:description\" content=\"O secret\u00e1rio-geral das Na\u00e7\u00f5es Unidas, Ant\u00f3nio Guterres, denuncia ataques em grande escala aos direitos humanos pelos mais fortes. A den\u00fancia aponta viola\u00e7\u00f5es generalizadas contra pessoas por parte de atores com maior poder. O conte\u00fado completo est\u00e1 dispon\u00edvel apenas para subscritores. A not\u00edcia foi divulgada pela Lusa.\" \/>\n<meta property=\"og:url\" content=\"https:\/\/portaltela.pt\/noticias\/2026\/02\/23\/guterres-denuncia-ataques-aos-direitos-humanos-pelas-potencias\/\" \/>\n<meta property=\"og:site_name\" content=\"Portal Tela Portugal\" \/>\n<meta property=\"article:published_time\" content=\"2026-02-23T09:12:00+00:00\" \/>\n<meta name=\"author\" content=\"Telinha\" \/>\n<meta name=\"twitter:card\" content=\"summary_large_image\" \/>\n<meta name=\"twitter:label1\" content=\"Escrito por\" \/>\n\t<meta name=\"twitter:data1\" content=\"Telinha\" \/>\n\t<meta name=\"twitter:label2\" content=\"Tempo estimado de leitura\" \/>\n\t<meta name=\"twitter:data2\" content=\"1 minuto\" \/>\n<script type=\"application\/ld+json\" class=\"yoast-schema-graph\">{\"@context\":\"https:\/\/schema.org\",\"@graph\":[{\"@type\":\"Article\",\"@id\":\"https:\/\/portaltela.pt\/noticias\/2026\/02\/23\/guterres-denuncia-ataques-aos-direitos-humanos-pelas-potencias\/#article\",\"isPartOf\":{\"@id\":\"https:\/\/portaltela.pt\/noticias\/2026\/02\/23\/guterres-denuncia-ataques-aos-direitos-humanos-pelas-potencias\/\"},\"author\":{\"name\":\"Telinha\",\"@id\":\"https:\/\/portaltela.pt\/#\/schema\/person\/c4278d4a6028830caff9ee44b42d32ed\"},\"headline\":\"Guterres denuncia ataques aos direitos humanos pelas pot\u00eancias\",\"datePublished\":\"2026-02-23T09:12:00+00:00\",\"mainEntityOfPage\":{\"@id\":\"https:\/\/portaltela.pt\/noticias\/2026\/02\/23\/guterres-denuncia-ataques-aos-direitos-humanos-pelas-potencias\/\"},\"wordCount\":141,\"image\":{\"@id\":\"https:\/\/portaltela.pt\/noticias\/2026\/02\/23\/guterres-denuncia-ataques-aos-direitos-humanos-pelas-potencias\/#primaryimage\"},\"thumbnailUrl\":\"https:\/\/portaltela.pt\/s.01k8rhncp4jt1\/2026\/02\/CACHE_780X1200_ANALOG_WATERMARKED_46623890_713806025757107.jpg\",\"keywords\":[\"Ant\u00f3nio Guterres\",\"crises internacionais\",\"direitos humanos\",\"direitos internacionais\",\"Na\u00e7\u00f5es Unidas\",\"refugiados internos\"],\"articleSection\":[\"Not\u00edcias\"],\"inLanguage\":\"pt-PT\"},{\"@type\":\"WebPage\",\"@id\":\"https:\/\/portaltela.pt\/noticias\/2026\/02\/23\/guterres-denuncia-ataques-aos-direitos-humanos-pelas-potencias\/\",\"url\":\"https:\/\/portaltela.pt\/noticias\/2026\/02\/23\/guterres-denuncia-ataques-aos-direitos-humanos-pelas-potencias\/\",\"name\":\"Guterres denuncia ataques aos direitos humanos pelas pot\u00eancias - Portal Tela Portugal\",\"isPartOf\":{\"@id\":\"https:\/\/portaltela.pt\/#website\"},\"primaryImageOfPage\":{\"@id\":\"https:\/\/portaltela.pt\/noticias\/2026\/02\/23\/guterres-denuncia-ataques-aos-direitos-humanos-pelas-potencias\/#primaryimage\"},\"image\":{\"@id\":\"https:\/\/portaltela.pt\/noticias\/2026\/02\/23\/guterres-denuncia-ataques-aos-direitos-humanos-pelas-potencias\/#primaryimage\"},\"thumbnailUrl\":\"https:\/\/portaltela.pt\/s.01k8rhncp4jt1\/2026\/02\/CACHE_780X1200_ANALOG_WATERMARKED_46623890_713806025757107.jpg\",\"datePublished\":\"2026-02-23T09:12:00+00:00\",\"author\":{\"@id\":\"https:\/\/portaltela.pt\/#\/schema\/person\/c4278d4a6028830caff9ee44b42d32ed\"},\"breadcrumb\":{\"@id\":\"https:\/\/portaltela.pt\/noticias\/2026\/02\/23\/guterres-denuncia-ataques-aos-direitos-humanos-pelas-potencias\/#breadcrumb\"},\"inLanguage\":\"pt-PT\",\"potentialAction\":[{\"@type\":\"ReadAction\",\"target\":[\"https:\/\/portaltela.pt\/noticias\/2026\/02\/23\/guterres-denuncia-ataques-aos-direitos-humanos-pelas-potencias\/\"]}]},{\"@type\":\"ImageObject\",\"inLanguage\":\"pt-PT\",\"@id\":\"https:\/\/portaltela.pt\/noticias\/2026\/02\/23\/guterres-denuncia-ataques-aos-direitos-humanos-pelas-potencias\/#primaryimage\",\"url\":\"https:\/\/portaltela.pt\/s.01k8rhncp4jt1\/2026\/02\/CACHE_780X1200_ANALOG_WATERMARKED_46623890_713806025757107.jpg\",\"contentUrl\":\"https:\/\/portaltela.pt\/s.01k8rhncp4jt1\/2026\/02\/CACHE_780X1200_ANALOG_WATERMARKED_46623890_713806025757107.jpg\",\"width\":796,\"height\":448,\"caption\":\"Direitos humanos sob ataque em grande escala pelos mais fortes, denuncia Guterres\"},{\"@type\":\"BreadcrumbList\",\"@id\":\"https:\/\/portaltela.pt\/noticias\/2026\/02\/23\/guterres-denuncia-ataques-aos-direitos-humanos-pelas-potencias\/#breadcrumb\",\"itemListElement\":[{\"@type\":\"ListItem\",\"position\":1,\"name\":\"In\u00edcio\",\"item\":\"https:\/\/portaltela.pt\/\"},{\"@type\":\"ListItem\",\"position\":2,\"name\":\"Guterres denuncia ataques aos direitos humanos pelas pot\u00eancias\"}]},{\"@type\":\"WebSite\",\"@id\":\"https:\/\/portaltela.pt\/#website\",\"url\":\"https:\/\/portaltela.pt\/\",\"name\":\"Portal Tela Portugal\",\"description\":\"\",\"potentialAction\":[{\"@type\":\"SearchAction\",\"target\":{\"@type\":\"EntryPoint\",\"urlTemplate\":\"https:\/\/portaltela.pt\/?s={search_term_string}\"},\"query-input\":{\"@type\":\"PropertyValueSpecification\",\"valueRequired\":true,\"valueName\":\"search_term_string\"}}],\"inLanguage\":\"pt-PT\"},{\"@type\":\"Person\",\"@id\":\"https:\/\/portaltela.pt\/#\/schema\/person\/c4278d4a6028830caff9ee44b42d32ed\",\"name\":\"Telinha\",\"image\":{\"@type\":\"ImageObject\",\"inLanguage\":\"pt-PT\",\"@id\":\"https:\/\/portaltela.pt\/s.01k8rhncp4jt1\/2025\/11\/talking-bot-125x125.png\",\"url\":\"https:\/\/portaltela.pt\/s.01k8rhncp4jt1\/2025\/11\/talking-bot-125x125.png\",\"contentUrl\":\"https:\/\/portaltela.pt\/s.01k8rhncp4jt1\/2025\/11\/talking-bot-125x125.png\",\"caption\":\"Telinha\"},\"sameAs\":[\"https:\/\/portaltela.pt\/\"],\"url\":\"https:\/\/portaltela.pt\/por\/367410592786\/\"}]}<\/script>\n<!-- \/ Yoast SEO plugin. -->","yoast_head_json":{"title":"Guterres denuncia ataques aos direitos humanos pelas pot\u00eancias - Portal Tela Portugal","robots":{"index":"index","follow":"follow","max-snippet":"max-snippet:-1","max-image-preview":"max-image-preview:large","max-video-preview":"max-video-preview:-1"},"og_locale":"pt_PT","og_type":"article","og_title":"Guterres denuncia ataques aos direitos humanos pelas pot\u00eancias - Portal Tela Portugal","og_description":"O secret\u00e1rio-geral das Na\u00e7\u00f5es Unidas, Ant\u00f3nio Guterres, denuncia ataques em grande escala aos direitos humanos pelos mais fortes. A den\u00fancia aponta viola\u00e7\u00f5es generalizadas contra pessoas por parte de atores com maior poder. O conte\u00fado completo est\u00e1 dispon\u00edvel apenas para subscritores. A not\u00edcia foi divulgada pela Lusa.","og_url":"https:\/\/portaltela.pt\/noticias\/2026\/02\/23\/guterres-denuncia-ataques-aos-direitos-humanos-pelas-potencias\/","og_site_name":"Portal Tela Portugal","article_published_time":"2026-02-23T09:12:00+00:00","author":"Telinha","twitter_card":"summary_large_image","twitter_misc":{"Escrito por":"Telinha","Tempo estimado de leitura":"1 minuto"},"schema":{"@context":"https:\/\/schema.org","@graph":[{"@type":"Article","@id":"https:\/\/portaltela.pt\/noticias\/2026\/02\/23\/guterres-denuncia-ataques-aos-direitos-humanos-pelas-potencias\/#article","isPartOf":{"@id":"https:\/\/portaltela.pt\/noticias\/2026\/02\/23\/guterres-denuncia-ataques-aos-direitos-humanos-pelas-potencias\/"},"author":{"name":"Telinha","@id":"https:\/\/portaltela.pt\/#\/schema\/person\/c4278d4a6028830caff9ee44b42d32ed"},"headline":"Guterres denuncia ataques aos direitos humanos pelas pot\u00eancias","datePublished":"2026-02-23T09:12:00+00:00","mainEntityOfPage":{"@id":"https:\/\/portaltela.pt\/noticias\/2026\/02\/23\/guterres-denuncia-ataques-aos-direitos-humanos-pelas-potencias\/"},"wordCount":141,"image":{"@id":"https:\/\/portaltela.pt\/noticias\/2026\/02\/23\/guterres-denuncia-ataques-aos-direitos-humanos-pelas-potencias\/#primaryimage"},"thumbnailUrl":"https:\/\/portaltela.pt\/s.01k8rhncp4jt1\/2026\/02\/CACHE_780X1200_ANALOG_WATERMARKED_46623890_713806025757107.jpg","keywords":["Ant\u00f3nio Guterres","crises internacionais","direitos humanos","direitos internacionais","Na\u00e7\u00f5es Unidas","refugiados internos"],"articleSection":["Not\u00edcias"],"inLanguage":"pt-PT"},{"@type":"WebPage","@id":"https:\/\/portaltela.pt\/noticias\/2026\/02\/23\/guterres-denuncia-ataques-aos-direitos-humanos-pelas-potencias\/","url":"https:\/\/portaltela.pt\/noticias\/2026\/02\/23\/guterres-denuncia-ataques-aos-direitos-humanos-pelas-potencias\/","name":"Guterres denuncia ataques aos direitos humanos pelas pot\u00eancias - Portal Tela Portugal","isPartOf":{"@id":"https:\/\/portaltela.pt\/#website"},"primaryImageOfPage":{"@id":"https:\/\/portaltela.pt\/noticias\/2026\/02\/23\/guterres-denuncia-ataques-aos-direitos-humanos-pelas-potencias\/#primaryimage"},"image":{"@id":"https:\/\/portaltela.pt\/noticias\/2026\/02\/23\/guterres-denuncia-ataques-aos-direitos-humanos-pelas-potencias\/#primaryimage"},"thumbnailUrl":"https:\/\/portaltela.pt\/s.01k8rhncp4jt1\/2026\/02\/CACHE_780X1200_ANALOG_WATERMARKED_46623890_713806025757107.jpg","datePublished":"2026-02-23T09:12:00+00:00","author":{"@id":"https:\/\/portaltela.pt\/#\/schema\/person\/c4278d4a6028830caff9ee44b42d32ed"},"breadcrumb":{"@id":"https:\/\/portaltela.pt\/noticias\/2026\/02\/23\/guterres-denuncia-ataques-aos-direitos-humanos-pelas-potencias\/#breadcrumb"},"inLanguage":"pt-PT","potentialAction":[{"@type":"ReadAction","target":["https:\/\/portaltela.pt\/noticias\/2026\/02\/23\/guterres-denuncia-ataques-aos-direitos-humanos-pelas-potencias\/"]}]},{"@type":"ImageObject","inLanguage":"pt-PT","@id":"https:\/\/portaltela.pt\/noticias\/2026\/02\/23\/guterres-denuncia-ataques-aos-direitos-humanos-pelas-potencias\/#primaryimage","url":"https:\/\/portaltela.pt\/s.01k8rhncp4jt1\/2026\/02\/CACHE_780X1200_ANALOG_WATERMARKED_46623890_713806025757107.jpg","contentUrl":"https:\/\/portaltela.pt\/s.01k8rhncp4jt1\/2026\/02\/CACHE_780X1200_ANALOG_WATERMARKED_46623890_713806025757107.jpg","width":796,"height":448,"caption":"Direitos humanos sob ataque em grande escala pelos mais fortes, denuncia Guterres"},{"@type":"BreadcrumbList","@id":"https:\/\/portaltela.pt\/noticias\/2026\/02\/23\/guterres-denuncia-ataques-aos-direitos-humanos-pelas-potencias\/#breadcrumb","itemListElement":[{"@type":"ListItem","position":1,"name":"In\u00edcio","item":"https:\/\/portaltela.pt\/"},{"@type":"ListItem","position":2,"name":"Guterres denuncia ataques aos direitos humanos pelas pot\u00eancias"}]},{"@type":"WebSite","@id":"https:\/\/portaltela.pt\/#website","url":"https:\/\/portaltela.pt\/","name":"Portal Tela Portugal","description":"","potentialAction":[{"@type":"SearchAction","target":{"@type":"EntryPoint","urlTemplate":"https:\/\/portaltela.pt\/?s={search_term_string}"},"query-input":{"@type":"PropertyValueSpecification","valueRequired":true,"valueName":"search_term_string"}}],"inLanguage":"pt-PT"},{"@type":"Person","@id":"https:\/\/portaltela.pt\/#\/schema\/person\/c4278d4a6028830caff9ee44b42d32ed","name":"Telinha","image":{"@type":"ImageObject","inLanguage":"pt-PT","@id":"https:\/\/portaltela.pt\/s.01k8rhncp4jt1\/2025\/11\/talking-bot-125x125.png","url":"https:\/\/portaltela.pt\/s.01k8rhncp4jt1\/2025\/11\/talking-bot-125x125.png","contentUrl":"https:\/\/portaltela.pt\/s.01k8rhncp4jt1\/2025\/11\/talking-bot-125x125.png","caption":"Telinha"},"sameAs":["https:\/\/portaltela.pt\/"],"url":"https:\/\/portaltela.pt\/por\/367410592786\/"}]}},"_links":{"self":[{"href":"https:\/\/portaltela.pt\/api\/wp\/v2\/posts\/222681","targetHints":{"allow":["GET"]}}],"collection":[{"href":"https:\/\/portaltela.pt\/api\/wp\/v2\/posts"}],"about":[{"href":"https:\/\/portaltela.pt\/api\/wp\/v2\/types\/post"}],"author":[{"embeddable":true,"href":"https:\/\/portaltela.pt\/api\/wp\/v2\/users\/2"}],"replies":[{"embeddable":true,"href":"https:\/\/portaltela.pt\/api\/wp\/v2\/comments?post=222681"}],"version-history":[{"count":0,"href":"https:\/\/portaltela.pt\/api\/wp\/v2\/posts\/222681\/revisions"}],"wp:featuredmedia":[{"embeddable":true,"href":"https:\/\/portaltela.pt\/api\/wp\/v2\/media\/222684"}],"wp:attachment":[{"href":"https:\/\/portaltela.pt\/api\/wp\/v2\/media?parent=222681"}],"wp:term":[{"taxonomy":"category","embeddable":true,"href":"https:\/\/portaltela.pt\/api\/wp\/v2\/categories?post=222681"},{"taxonomy":"post_tag","embeddable":true,"href":"https:\/\/portaltela.pt\/api\/wp\/v2\/tags?post=222681"}],"curies":[{"name":"wp","href":"https:\/\/api.w.org\/{rel}","templated":true}]}}