{"id":222676,"date":"2026-02-23T08:40:00","date_gmt":"2026-02-23T11:40:00","guid":{"rendered":"https:\/\/portaltela.pt\/noticias\/2026\/02\/23\/barragens-cheias-sera-necessario-aumentar-as-descargas\/"},"modified":"2026-02-23T08:40:00","modified_gmt":"2026-02-23T11:40:00","slug":"barragens-cheias-sera-necessario-aumentar-as-descargas","status":"publish","type":"post","link":"https:\/\/portaltela.pt\/noticias\/2026\/02\/23\/barragens-cheias-sera-necessario-aumentar-as-descargas\/","title":{"rendered":"Barragens cheias: ser\u00e1 necess\u00e1rio aumentar as descargas"},"content":{"rendered":"<p>Dadas as recentes cheias, as barragens portuguesas atingiram n\u00edveis hist\u00f3ricos de armazenamento, entre 81% e 100% da capacidade total. O presidente da Ag\u00eancia Portuguesa do Ambiente (APA), Jos\u00e9 Pimenta Machado, explicou que ser\u00e1 necess\u00e1rio realizar descargas lentas para criar margem de encaixe diante de eventos de precipita\u00e7\u00e3o intensa. A estrat\u00e9gia visa evitar cheias descontroladas durante o Inverno.<\/p>\n<p>A prioridade de interven\u00e7\u00f5es recai sobre as bacias do Tejo, Mondego e Sado, onde se espera reduzir o risco de cheias mediante ajustes graduais no aporte h\u00eddrico. Pimenta Machado destacou que as previs\u00f5es de chuva at\u00e9 ao final do m\u00eas n\u00e3o sugerem precipita\u00e7\u00e3o severa, justificando as descargas lentas como medida de precau\u00e7\u00e3o.<\/p>\n<h3>N\u00edvel atual e zonas mais afetadas<\/h3>\n<p>Atualmente, o volume total armazenado situa-se em 95% da capacidade, com 76 albufeiras entre 81% e 100%. Mesmo as barragens do Barlavento, historicamente com baixos \u00edndices h\u00eddricos, registam 100% de enchimento em alguns casos. Em compara\u00e7\u00e3o, h\u00e1 um ano os n\u00edveis estavam em apenas 20,7%.<\/p>\n<p>Ainda segundo a APA, outras bacias apresentam valores elevados, como Vouga, Oeste, Ave, Tejo e Guadiana, com percentuais pr\u00f3ximos de 100% ou acima de 94%. Em termos relativos, o Sul do pa\u00eds destaca-se pela posi\u00e7\u00e3o elevada de v\u00e1rias albufeiras, incluindo Sado e Mira, com 98,1% e 97,8% respetivamente, superando largamente as m\u00e9dias hist\u00f3ricas.<\/p>\n<h3>Contexto hist\u00f3rico e prioridades<\/h3>\n<p>Os n\u00fameros atuais s\u00e3o descritos pela APA como recordes, fundamentados no ano-base 1990-1991, altura em que as infraestruturas foram projectadas. O volume recorde tamb\u00e9m coincide com um ano hidrol\u00f3gico que j\u00e1 est\u00e1 a ser considerado de refer\u00eancia em termos de precipita\u00e7\u00e3o.<\/p>\n<p>Em Coimbra, registos do IPMA apontam para 1238 mil\u00edmetros de chuva at\u00e9 17 de Fevereiro, superando o m\u00e1ximo hist\u00f3rico anterior de 1200,5 mil\u00edmetros. A APA aponta para a necessidade de reavaliar infraestruturas no Baixo Mondego e aprimorar a gest\u00e3o de cheias na regi\u00e3o, dadas as altera\u00e7\u00f5es clim\u00e1ticas observadas.<\/p>\n","protected":false},"excerpt":{"rendered":"<ul>\n<li>As albufeiras portuguesas est\u00e3o entre oitenta e noventa e cinco por cento da capacidade, com n\u00edveis apenas entre 81% e 100%, considerados hist\u00f3ricos pelo presidente da Ag\u00eancia Portuguesa do Ambiente (APA).<\/li>\n<li>Ser\u00e1 necess\u00e1rio realizar descargas lentas para criar margem de encaixe e absorver epis\u00f3dios de precipita\u00e7\u00e3o intensa, sobretudo nas bacias do Tejo, Mondego e Sado.<\/li>\n<li>O objetivo \u00e9 reduzir o n\u00edvel das \u00e1guas at\u00e9 \u00e0 cota habitual de mar\u00e7o verificada entre 1990\/91 e 2023\/24, preparando-se para futuros epis\u00f3dios de chuva.<\/li>\n<li>No momento, o volume total armazenado est\u00e1 em 95% da capacidade, com 76 albufeiras entre 81% e 100%, incluindo barragens no Barlavento.<\/li>\n<li>Registam-se n\u00edveis muito acima da m\u00e9dia nos sul do pa\u00eds, com o Sado a 98,1% da capacidade e o Mira a 97,8% (m\u00e9dias hist\u00f3ricas de 60,1% e 73,7%, respetivamente). Em Coimbra, aproximadamente 1,238 mil\u00edmetros de chuva foram registados at\u00e9 17 de fevereiro, superando o m\u00e1ximo anterior de 1966.<\/li>\n<\/ul>\n","protected":false},"author":2,"featured_media":222680,"comment_status":"closed","ping_status":"closed","sticky":false,"template":"","format":"standard","meta":{"footnotes":""},"categories":[1],"tags":[1090,4924,2409,2410,3857,2408],"class_list":["post-222676","post","type-post","status-publish","format-standard","has-post-thumbnail","hentry","category-noticias","tag-agua","tag-barragens","tag-guadiana","tag-mondego","tag-sado","tag-tejo"],"yoast_head":"<!-- This site is optimized with the Yoast SEO plugin v27.2 - https:\/\/yoast.com\/product\/yoast-seo-wordpress\/ -->\n<title>Barragens cheias: ser\u00e1 necess\u00e1rio aumentar as descargas - Portal Tela Portugal<\/title>\n<meta name=\"robots\" content=\"index, follow, max-snippet:-1, max-image-preview:large, max-video-preview:-1\" \/>\n<meta property=\"og:locale\" content=\"pt_PT\" \/>\n<meta property=\"og:type\" content=\"article\" \/>\n<meta property=\"og:title\" content=\"Barragens cheias: ser\u00e1 necess\u00e1rio aumentar as descargas - Portal Tela Portugal\" \/>\n<meta property=\"og:description\" content=\"As albufeiras portuguesas est\u00e3o entre oitenta e noventa e cinco por cento da capacidade, com n\u00edveis apenas entre 81% e 100%, considerados hist\u00f3ricos pelo presidente da Ag\u00eancia Portuguesa do Ambiente (APA). Ser\u00e1 necess\u00e1rio realizar descargas lentas para criar margem de encaixe e absorver epis\u00f3dios de precipita\u00e7\u00e3o intensa, sobretudo nas bacias do Tejo, Mondego e Sado. O objetivo \u00e9 reduzir o n\u00edvel das \u00e1guas at\u00e9 \u00e0 cota habitual de mar\u00e7o verificada entre 1990\/91 e 2023\/24, preparando-se para futuros epis\u00f3dios de chuva. No momento, o volume total armazenado est\u00e1 em 95% da capacidade, com 76 albufeiras entre 81% e 100%, incluindo barragens no Barlavento. Registam-se n\u00edveis muito acima da m\u00e9dia nos sul do pa\u00eds, com o Sado a 98,1% da capacidade e o Mira a 97,8% (m\u00e9dias hist\u00f3ricas de 60,1% e 73,7%, respetivamente). Em Coimbra, aproximadamente 1,238 mil\u00edmetros de chuva foram registados at\u00e9 17 de fevereiro, superando o m\u00e1ximo anterior de 1966.\" \/>\n<meta property=\"og:url\" content=\"https:\/\/portaltela.pt\/noticias\/2026\/02\/23\/barragens-cheias-sera-necessario-aumentar-as-descargas\/\" \/>\n<meta property=\"og:site_name\" content=\"Portal Tela Portugal\" \/>\n<meta property=\"article:published_time\" content=\"2026-02-23T11:40:00+00:00\" \/>\n<meta name=\"author\" content=\"Telinha\" \/>\n<meta name=\"twitter:card\" content=\"summary_large_image\" \/>\n<meta name=\"twitter:label1\" content=\"Escrito por\" \/>\n\t<meta name=\"twitter:data1\" content=\"Telinha\" \/>\n\t<meta name=\"twitter:label2\" content=\"Tempo estimado de leitura\" \/>\n\t<meta name=\"twitter:data2\" content=\"2 minutos\" \/>\n<script type=\"application\/ld+json\" class=\"yoast-schema-graph\">{\"@context\":\"https:\/\/schema.org\",\"@graph\":[{\"@type\":\"Article\",\"@id\":\"https:\/\/portaltela.pt\/noticias\/2026\/02\/23\/barragens-cheias-sera-necessario-aumentar-as-descargas\/#article\",\"isPartOf\":{\"@id\":\"https:\/\/portaltela.pt\/noticias\/2026\/02\/23\/barragens-cheias-sera-necessario-aumentar-as-descargas\/\"},\"author\":{\"name\":\"Telinha\",\"@id\":\"https:\/\/portaltela.pt\/#\/schema\/person\/c4278d4a6028830caff9ee44b42d32ed\"},\"headline\":\"Barragens cheias: ser\u00e1 necess\u00e1rio aumentar as descargas\",\"datePublished\":\"2026-02-23T11:40:00+00:00\",\"mainEntityOfPage\":{\"@id\":\"https:\/\/portaltela.pt\/noticias\/2026\/02\/23\/barragens-cheias-sera-necessario-aumentar-as-descargas\/\"},\"wordCount\":337,\"image\":{\"@id\":\"https:\/\/portaltela.pt\/noticias\/2026\/02\/23\/barragens-cheias-sera-necessario-aumentar-as-descargas\/#primaryimage\"},\"thumbnailUrl\":\"https:\/\/portaltela.pt\/s.01k8rhncp4jt1\/2026\/02\/2069097.jpg\",\"keywords\":[\"\u00e1gua\",\"barragens\",\"Guadiana\",\"Mondego\",\"Sado\",\"Tejo\"],\"articleSection\":[\"Not\u00edcias\"],\"inLanguage\":\"pt-PT\"},{\"@type\":\"WebPage\",\"@id\":\"https:\/\/portaltela.pt\/noticias\/2026\/02\/23\/barragens-cheias-sera-necessario-aumentar-as-descargas\/\",\"url\":\"https:\/\/portaltela.pt\/noticias\/2026\/02\/23\/barragens-cheias-sera-necessario-aumentar-as-descargas\/\",\"name\":\"Barragens cheias: ser\u00e1 necess\u00e1rio aumentar as descargas - Portal Tela Portugal\",\"isPartOf\":{\"@id\":\"https:\/\/portaltela.pt\/#website\"},\"primaryImageOfPage\":{\"@id\":\"https:\/\/portaltela.pt\/noticias\/2026\/02\/23\/barragens-cheias-sera-necessario-aumentar-as-descargas\/#primaryimage\"},\"image\":{\"@id\":\"https:\/\/portaltela.pt\/noticias\/2026\/02\/23\/barragens-cheias-sera-necessario-aumentar-as-descargas\/#primaryimage\"},\"thumbnailUrl\":\"https:\/\/portaltela.pt\/s.01k8rhncp4jt1\/2026\/02\/2069097.jpg\",\"datePublished\":\"2026-02-23T11:40:00+00:00\",\"author\":{\"@id\":\"https:\/\/portaltela.pt\/#\/schema\/person\/c4278d4a6028830caff9ee44b42d32ed\"},\"breadcrumb\":{\"@id\":\"https:\/\/portaltela.pt\/noticias\/2026\/02\/23\/barragens-cheias-sera-necessario-aumentar-as-descargas\/#breadcrumb\"},\"inLanguage\":\"pt-PT\",\"potentialAction\":[{\"@type\":\"ReadAction\",\"target\":[\"https:\/\/portaltela.pt\/noticias\/2026\/02\/23\/barragens-cheias-sera-necessario-aumentar-as-descargas\/\"]}]},{\"@type\":\"ImageObject\",\"inLanguage\":\"pt-PT\",\"@id\":\"https:\/\/portaltela.pt\/noticias\/2026\/02\/23\/barragens-cheias-sera-necessario-aumentar-as-descargas\/#primaryimage\",\"url\":\"https:\/\/portaltela.pt\/s.01k8rhncp4jt1\/2026\/02\/2069097.jpg\",\"contentUrl\":\"https:\/\/portaltela.pt\/s.01k8rhncp4jt1\/2026\/02\/2069097.jpg\",\"width\":796,\"height\":448,\"caption\":\"Descarga de \u00e1gua na Barragem da Aguieira, fundamental para controlar as cheias do rio Mondego\"},{\"@type\":\"BreadcrumbList\",\"@id\":\"https:\/\/portaltela.pt\/noticias\/2026\/02\/23\/barragens-cheias-sera-necessario-aumentar-as-descargas\/#breadcrumb\",\"itemListElement\":[{\"@type\":\"ListItem\",\"position\":1,\"name\":\"In\u00edcio\",\"item\":\"https:\/\/portaltela.pt\/\"},{\"@type\":\"ListItem\",\"position\":2,\"name\":\"Barragens cheias: ser\u00e1 necess\u00e1rio aumentar as descargas\"}]},{\"@type\":\"WebSite\",\"@id\":\"https:\/\/portaltela.pt\/#website\",\"url\":\"https:\/\/portaltela.pt\/\",\"name\":\"Portal Tela Portugal\",\"description\":\"\",\"potentialAction\":[{\"@type\":\"SearchAction\",\"target\":{\"@type\":\"EntryPoint\",\"urlTemplate\":\"https:\/\/portaltela.pt\/?s={search_term_string}\"},\"query-input\":{\"@type\":\"PropertyValueSpecification\",\"valueRequired\":true,\"valueName\":\"search_term_string\"}}],\"inLanguage\":\"pt-PT\"},{\"@type\":\"Person\",\"@id\":\"https:\/\/portaltela.pt\/#\/schema\/person\/c4278d4a6028830caff9ee44b42d32ed\",\"name\":\"Telinha\",\"image\":{\"@type\":\"ImageObject\",\"inLanguage\":\"pt-PT\",\"@id\":\"https:\/\/portaltela.pt\/s.01k8rhncp4jt1\/2025\/11\/talking-bot-125x125.png\",\"url\":\"https:\/\/portaltela.pt\/s.01k8rhncp4jt1\/2025\/11\/talking-bot-125x125.png\",\"contentUrl\":\"https:\/\/portaltela.pt\/s.01k8rhncp4jt1\/2025\/11\/talking-bot-125x125.png\",\"caption\":\"Telinha\"},\"sameAs\":[\"https:\/\/portaltela.pt\/\"],\"url\":\"https:\/\/portaltela.pt\/por\/367410592786\/\"}]}<\/script>\n<!-- \/ Yoast SEO plugin. -->","yoast_head_json":{"title":"Barragens cheias: ser\u00e1 necess\u00e1rio aumentar as descargas - Portal Tela Portugal","robots":{"index":"index","follow":"follow","max-snippet":"max-snippet:-1","max-image-preview":"max-image-preview:large","max-video-preview":"max-video-preview:-1"},"og_locale":"pt_PT","og_type":"article","og_title":"Barragens cheias: ser\u00e1 necess\u00e1rio aumentar as descargas - Portal Tela Portugal","og_description":"As albufeiras portuguesas est\u00e3o entre oitenta e noventa e cinco por cento da capacidade, com n\u00edveis apenas entre 81% e 100%, considerados hist\u00f3ricos pelo presidente da Ag\u00eancia Portuguesa do Ambiente (APA). Ser\u00e1 necess\u00e1rio realizar descargas lentas para criar margem de encaixe e absorver epis\u00f3dios de precipita\u00e7\u00e3o intensa, sobretudo nas bacias do Tejo, Mondego e Sado. O objetivo \u00e9 reduzir o n\u00edvel das \u00e1guas at\u00e9 \u00e0 cota habitual de mar\u00e7o verificada entre 1990\/91 e 2023\/24, preparando-se para futuros epis\u00f3dios de chuva. No momento, o volume total armazenado est\u00e1 em 95% da capacidade, com 76 albufeiras entre 81% e 100%, incluindo barragens no Barlavento. Registam-se n\u00edveis muito acima da m\u00e9dia nos sul do pa\u00eds, com o Sado a 98,1% da capacidade e o Mira a 97,8% (m\u00e9dias hist\u00f3ricas de 60,1% e 73,7%, respetivamente). Em Coimbra, aproximadamente 1,238 mil\u00edmetros de chuva foram registados at\u00e9 17 de fevereiro, superando o m\u00e1ximo anterior de 1966.","og_url":"https:\/\/portaltela.pt\/noticias\/2026\/02\/23\/barragens-cheias-sera-necessario-aumentar-as-descargas\/","og_site_name":"Portal Tela Portugal","article_published_time":"2026-02-23T11:40:00+00:00","author":"Telinha","twitter_card":"summary_large_image","twitter_misc":{"Escrito por":"Telinha","Tempo estimado de leitura":"2 minutos"},"schema":{"@context":"https:\/\/schema.org","@graph":[{"@type":"Article","@id":"https:\/\/portaltela.pt\/noticias\/2026\/02\/23\/barragens-cheias-sera-necessario-aumentar-as-descargas\/#article","isPartOf":{"@id":"https:\/\/portaltela.pt\/noticias\/2026\/02\/23\/barragens-cheias-sera-necessario-aumentar-as-descargas\/"},"author":{"name":"Telinha","@id":"https:\/\/portaltela.pt\/#\/schema\/person\/c4278d4a6028830caff9ee44b42d32ed"},"headline":"Barragens cheias: ser\u00e1 necess\u00e1rio aumentar as descargas","datePublished":"2026-02-23T11:40:00+00:00","mainEntityOfPage":{"@id":"https:\/\/portaltela.pt\/noticias\/2026\/02\/23\/barragens-cheias-sera-necessario-aumentar-as-descargas\/"},"wordCount":337,"image":{"@id":"https:\/\/portaltela.pt\/noticias\/2026\/02\/23\/barragens-cheias-sera-necessario-aumentar-as-descargas\/#primaryimage"},"thumbnailUrl":"https:\/\/portaltela.pt\/s.01k8rhncp4jt1\/2026\/02\/2069097.jpg","keywords":["\u00e1gua","barragens","Guadiana","Mondego","Sado","Tejo"],"articleSection":["Not\u00edcias"],"inLanguage":"pt-PT"},{"@type":"WebPage","@id":"https:\/\/portaltela.pt\/noticias\/2026\/02\/23\/barragens-cheias-sera-necessario-aumentar-as-descargas\/","url":"https:\/\/portaltela.pt\/noticias\/2026\/02\/23\/barragens-cheias-sera-necessario-aumentar-as-descargas\/","name":"Barragens cheias: ser\u00e1 necess\u00e1rio aumentar as descargas - Portal Tela Portugal","isPartOf":{"@id":"https:\/\/portaltela.pt\/#website"},"primaryImageOfPage":{"@id":"https:\/\/portaltela.pt\/noticias\/2026\/02\/23\/barragens-cheias-sera-necessario-aumentar-as-descargas\/#primaryimage"},"image":{"@id":"https:\/\/portaltela.pt\/noticias\/2026\/02\/23\/barragens-cheias-sera-necessario-aumentar-as-descargas\/#primaryimage"},"thumbnailUrl":"https:\/\/portaltela.pt\/s.01k8rhncp4jt1\/2026\/02\/2069097.jpg","datePublished":"2026-02-23T11:40:00+00:00","author":{"@id":"https:\/\/portaltela.pt\/#\/schema\/person\/c4278d4a6028830caff9ee44b42d32ed"},"breadcrumb":{"@id":"https:\/\/portaltela.pt\/noticias\/2026\/02\/23\/barragens-cheias-sera-necessario-aumentar-as-descargas\/#breadcrumb"},"inLanguage":"pt-PT","potentialAction":[{"@type":"ReadAction","target":["https:\/\/portaltela.pt\/noticias\/2026\/02\/23\/barragens-cheias-sera-necessario-aumentar-as-descargas\/"]}]},{"@type":"ImageObject","inLanguage":"pt-PT","@id":"https:\/\/portaltela.pt\/noticias\/2026\/02\/23\/barragens-cheias-sera-necessario-aumentar-as-descargas\/#primaryimage","url":"https:\/\/portaltela.pt\/s.01k8rhncp4jt1\/2026\/02\/2069097.jpg","contentUrl":"https:\/\/portaltela.pt\/s.01k8rhncp4jt1\/2026\/02\/2069097.jpg","width":796,"height":448,"caption":"Descarga de \u00e1gua na Barragem da Aguieira, fundamental para controlar as cheias do rio Mondego"},{"@type":"BreadcrumbList","@id":"https:\/\/portaltela.pt\/noticias\/2026\/02\/23\/barragens-cheias-sera-necessario-aumentar-as-descargas\/#breadcrumb","itemListElement":[{"@type":"ListItem","position":1,"name":"In\u00edcio","item":"https:\/\/portaltela.pt\/"},{"@type":"ListItem","position":2,"name":"Barragens cheias: ser\u00e1 necess\u00e1rio aumentar as descargas"}]},{"@type":"WebSite","@id":"https:\/\/portaltela.pt\/#website","url":"https:\/\/portaltela.pt\/","name":"Portal Tela Portugal","description":"","potentialAction":[{"@type":"SearchAction","target":{"@type":"EntryPoint","urlTemplate":"https:\/\/portaltela.pt\/?s={search_term_string}"},"query-input":{"@type":"PropertyValueSpecification","valueRequired":true,"valueName":"search_term_string"}}],"inLanguage":"pt-PT"},{"@type":"Person","@id":"https:\/\/portaltela.pt\/#\/schema\/person\/c4278d4a6028830caff9ee44b42d32ed","name":"Telinha","image":{"@type":"ImageObject","inLanguage":"pt-PT","@id":"https:\/\/portaltela.pt\/s.01k8rhncp4jt1\/2025\/11\/talking-bot-125x125.png","url":"https:\/\/portaltela.pt\/s.01k8rhncp4jt1\/2025\/11\/talking-bot-125x125.png","contentUrl":"https:\/\/portaltela.pt\/s.01k8rhncp4jt1\/2025\/11\/talking-bot-125x125.png","caption":"Telinha"},"sameAs":["https:\/\/portaltela.pt\/"],"url":"https:\/\/portaltela.pt\/por\/367410592786\/"}]}},"_links":{"self":[{"href":"https:\/\/portaltela.pt\/api\/wp\/v2\/posts\/222676","targetHints":{"allow":["GET"]}}],"collection":[{"href":"https:\/\/portaltela.pt\/api\/wp\/v2\/posts"}],"about":[{"href":"https:\/\/portaltela.pt\/api\/wp\/v2\/types\/post"}],"author":[{"embeddable":true,"href":"https:\/\/portaltela.pt\/api\/wp\/v2\/users\/2"}],"replies":[{"embeddable":true,"href":"https:\/\/portaltela.pt\/api\/wp\/v2\/comments?post=222676"}],"version-history":[{"count":0,"href":"https:\/\/portaltela.pt\/api\/wp\/v2\/posts\/222676\/revisions"}],"wp:featuredmedia":[{"embeddable":true,"href":"https:\/\/portaltela.pt\/api\/wp\/v2\/media\/222680"}],"wp:attachment":[{"href":"https:\/\/portaltela.pt\/api\/wp\/v2\/media?parent=222676"}],"wp:term":[{"taxonomy":"category","embeddable":true,"href":"https:\/\/portaltela.pt\/api\/wp\/v2\/categories?post=222676"},{"taxonomy":"post_tag","embeddable":true,"href":"https:\/\/portaltela.pt\/api\/wp\/v2\/tags?post=222676"}],"curies":[{"name":"wp","href":"https:\/\/api.w.org\/{rel}","templated":true}]}}