{"id":222654,"date":"2026-02-23T08:43:00","date_gmt":"2026-02-23T11:43:00","guid":{"rendered":"https:\/\/portaltela.pt\/noticias\/2026\/02\/23\/crise-de-mediacao-na-esfera-publica-do-espaco-democratico-i\/"},"modified":"2026-02-23T08:43:00","modified_gmt":"2026-02-23T11:43:00","slug":"crise-de-mediacao-na-esfera-publica-do-espaco-democratico-i","status":"publish","type":"post","link":"https:\/\/portaltela.pt\/noticias\/politica\/2026\/02\/23\/crise-de-mediacao-na-esfera-publica-do-espaco-democratico-i\/","title":{"rendered":"Crise de media\u00e7\u00e3o na esfera p\u00fablica do espa\u00e7o democr\u00e1tico (I)"},"content":{"rendered":"<p>A crise de media\u00e7\u00e3o no espa\u00e7o democr\u00e1tico ganha visibilidade numa an\u00e1lise sobre a tecno-digital. O texto aborda como a pol\u00edtica perde a sua fun\u00e7\u00e3o mediadora, com privatiza\u00e7\u00e3o do p\u00fablico e privatiza\u00e7\u00e3o do privado por media e redes sociais, que misturam privado e p\u00fablico. A esfera p\u00fablica \u00e9 descrita como um espa\u00e7o de viola\u00e7\u00e3o de direitos e encena\u00e7\u00f5es que fragmentam a cidadania.<\/p>\n<p>Segundo o diagn\u00f3stico, a cidade perde condi\u00e7\u00f5es de promover a cidadania, com gentrifica\u00e7\u00e3o e vigil\u00e2ncia privada a dominar o espa\u00e7o urbano. A solu\u00e7\u00e3o apontada envolve uma representa\u00e7\u00e3o de proximidade de natureza comunit\u00e1ria e associativa para sustentar comunidades inteligentes e criativas, face \u00e0 representa\u00e7\u00e3o institucional.<\/p>\n<p>O artigo alerta para o risco de uma hiperconectividade sem educa\u00e7\u00e3o digital adequada, que pode tornar os cidad\u00e3os mais vulner\u00e1veis a algoritmos e c\u00f3digos. A falta de literacia digital e regula\u00e7\u00e3o clara \u00e9 apresentada como chave para evitar a servid\u00e3o volunt\u00e1ria e a manipula\u00e7\u00e3o de informa\u00e7\u00f5es.<\/p>\n<h3>Contexto da crise de media\u00e7\u00e3o<\/h3>\n<p>O texto identifica uma coexist\u00eancia de representa\u00e7\u00f5es p\u00fablicas: institucional, associativa e digital. Observa dificuldades das comunidades criativas em se articular e influenciar o espa\u00e7o p\u00fablico, agravadas pela esfera digital que encena a realidade e favorece o individualismo.<\/p>\n<p>Entre os fatores destacados est\u00e3o a centraliza\u00e7\u00e3o excessiva, o localismo difuso e o excesso de custos de contexto na distribui\u00e7\u00e3o de influ\u00eancia. A reportagem frisa a necessidade de redefinir pensamento pol\u00edtico para evitar disrup\u00e7\u00f5es entre ator e sistema e impedir que a pol\u00edtica se reduza a jogos de dissimula\u00e7\u00e3o.<\/p>\n","protected":false},"excerpt":{"rendered":"<ul>\n<li>A crise de media\u00e7\u00e3o na esfera p\u00fablica cresce com a digitaliza\u00e7\u00e3o, promovendo privatiza\u00e7\u00e3o do p\u00fablico e politiza\u00e7\u00e3o do privado pelos media e redes sociais.<\/li>\n<li>\u00c9 necess\u00e1ria uma representa\u00e7\u00e3o indireta de natureza comunit\u00e1ria para proteger comunidades inteligentes e criativas face \u00e0 representa\u00e7\u00e3o direta do populismo.<\/li>\n<li>O centralismo \u00e9 pouco discriminat\u00f3rio, o localismo \u00e9 disperso e oneroso; as CIC ainda n\u00e3o se consolidaram para defender interesses comuns no espa\u00e7o p\u00fablico.<\/li>\n<li>A expans\u00e3o da esfera p\u00fablica digital facilita encena\u00e7\u00f5es mediadas e amplifica o individualismo, comprometendo o interesse comum e as media\u00e7\u00f5es p\u00fablicas.<\/li>\n<li>Sem educa\u00e7\u00e3o, literacia e cultura digital democr\u00e1tica, surgem riscos de privacidade violada, servid\u00e3o volunt\u00e1ria e dom\u00ednio de algoritmos, exigindo regulac\u0327\u00e3o clara e a\u00e7\u00f5es de educa\u00e7\u00e3o digital.<\/li>\n<\/ul>\n","protected":false},"author":2,"featured_media":222658,"comment_status":"closed","ping_status":"closed","sticky":false,"template":"","format":"standard","meta":{"footnotes":""},"categories":[1,5],"tags":[370,1469,1867,1697,2629,3562],"class_list":["post-222654","post","type-post","status-publish","format-standard","has-post-thumbnail","hentry","category-noticias","category-politica","tag-cidadania","tag-desinformacao","tag-digitalizacao","tag-espaco-publico","tag-literacia-digital","tag-privacidade"],"yoast_head":"<!-- This site is optimized with the Yoast SEO plugin v27.2 - https:\/\/yoast.com\/product\/yoast-seo-wordpress\/ -->\n<title>Crise de media\u00e7\u00e3o na esfera p\u00fablica do espa\u00e7o democr\u00e1tico (I) - Portal Tela Portugal<\/title>\n<meta name=\"robots\" content=\"index, follow, max-snippet:-1, max-image-preview:large, max-video-preview:-1\" \/>\n<meta property=\"og:locale\" content=\"pt_PT\" \/>\n<meta property=\"og:type\" content=\"article\" \/>\n<meta property=\"og:title\" content=\"Crise de media\u00e7\u00e3o na esfera p\u00fablica do espa\u00e7o democr\u00e1tico (I) - Portal Tela Portugal\" \/>\n<meta property=\"og:description\" content=\"A crise de media\u00e7\u00e3o na esfera p\u00fablica cresce com a digitaliza\u00e7\u00e3o, promovendo privatiza\u00e7\u00e3o do p\u00fablico e politiza\u00e7\u00e3o do privado pelos media e redes sociais. \u00c9 necess\u00e1ria uma representa\u00e7\u00e3o indireta de natureza comunit\u00e1ria para proteger comunidades inteligentes e criativas face \u00e0 representa\u00e7\u00e3o direta do populismo. O centralismo \u00e9 pouco discriminat\u00f3rio, o localismo \u00e9 disperso e oneroso; as CIC ainda n\u00e3o se consolidaram para defender interesses comuns no espa\u00e7o p\u00fablico. A expans\u00e3o da esfera p\u00fablica digital facilita encena\u00e7\u00f5es mediadas e amplifica o individualismo, comprometendo o interesse comum e as media\u00e7\u00f5es p\u00fablicas. Sem educa\u00e7\u00e3o, literacia e cultura digital democr\u00e1tica, surgem riscos de privacidade violada, servid\u00e3o volunt\u00e1ria e dom\u00ednio de algoritmos, exigindo regulac\u0327\u00e3o clara e a\u00e7\u00f5es de educa\u00e7\u00e3o digital.\" \/>\n<meta property=\"og:url\" content=\"https:\/\/portaltela.pt\/noticias\/2026\/02\/23\/crise-de-mediacao-na-esfera-publica-do-espaco-democratico-i\/\" \/>\n<meta property=\"og:site_name\" content=\"Portal Tela Portugal\" \/>\n<meta property=\"article:published_time\" content=\"2026-02-23T11:43:00+00:00\" \/>\n<meta name=\"author\" content=\"Telinha\" \/>\n<meta name=\"twitter:card\" content=\"summary_large_image\" \/>\n<meta name=\"twitter:label1\" content=\"Escrito por\" \/>\n\t<meta name=\"twitter:data1\" content=\"Telinha\" \/>\n\t<meta name=\"twitter:label2\" content=\"Tempo estimado de leitura\" \/>\n\t<meta name=\"twitter:data2\" content=\"1 minuto\" \/>\n<script type=\"application\/ld+json\" class=\"yoast-schema-graph\">{\"@context\":\"https:\/\/schema.org\",\"@graph\":[{\"@type\":\"Article\",\"@id\":\"https:\/\/portaltela.pt\/noticias\/2026\/02\/23\/crise-de-mediacao-na-esfera-publica-do-espaco-democratico-i\/#article\",\"isPartOf\":{\"@id\":\"https:\/\/portaltela.pt\/noticias\/2026\/02\/23\/crise-de-mediacao-na-esfera-publica-do-espaco-democratico-i\/\"},\"author\":{\"name\":\"Telinha\",\"@id\":\"https:\/\/portaltela.pt\/#\/schema\/person\/c4278d4a6028830caff9ee44b42d32ed\"},\"headline\":\"Crise de media\u00e7\u00e3o na esfera p\u00fablica do espa\u00e7o democr\u00e1tico (I)\",\"datePublished\":\"2026-02-23T11:43:00+00:00\",\"mainEntityOfPage\":{\"@id\":\"https:\/\/portaltela.pt\/noticias\/2026\/02\/23\/crise-de-mediacao-na-esfera-publica-do-espaco-democratico-i\/\"},\"wordCount\":299,\"image\":{\"@id\":\"https:\/\/portaltela.pt\/noticias\/2026\/02\/23\/crise-de-mediacao-na-esfera-publica-do-espaco-democratico-i\/#primaryimage\"},\"thumbnailUrl\":\"https:\/\/portaltela.pt\/s.01k8rhncp4jt1\/2026\/02\/9f51ef4b-5aa1-4262-af09-11dfdcbf072d_1200x675-1.jpg\",\"keywords\":[\"cidadania\",\"desinforma\u00e7\u00e3o\",\"digitaliza\u00e7\u00e3o\",\"Espa\u00e7o P\u00fablico\",\"literacia digital\",\"privacidade\"],\"articleSection\":[\"Not\u00edcias\",\"Pol\u00edtica\"],\"inLanguage\":\"pt-PT\"},{\"@type\":\"WebPage\",\"@id\":\"https:\/\/portaltela.pt\/noticias\/2026\/02\/23\/crise-de-mediacao-na-esfera-publica-do-espaco-democratico-i\/\",\"url\":\"https:\/\/portaltela.pt\/noticias\/2026\/02\/23\/crise-de-mediacao-na-esfera-publica-do-espaco-democratico-i\/\",\"name\":\"Crise de media\u00e7\u00e3o na esfera p\u00fablica do espa\u00e7o democr\u00e1tico (I) - Portal Tela Portugal\",\"isPartOf\":{\"@id\":\"https:\/\/portaltela.pt\/#website\"},\"primaryImageOfPage\":{\"@id\":\"https:\/\/portaltela.pt\/noticias\/2026\/02\/23\/crise-de-mediacao-na-esfera-publica-do-espaco-democratico-i\/#primaryimage\"},\"image\":{\"@id\":\"https:\/\/portaltela.pt\/noticias\/2026\/02\/23\/crise-de-mediacao-na-esfera-publica-do-espaco-democratico-i\/#primaryimage\"},\"thumbnailUrl\":\"https:\/\/portaltela.pt\/s.01k8rhncp4jt1\/2026\/02\/9f51ef4b-5aa1-4262-af09-11dfdcbf072d_1200x675-1.jpg\",\"datePublished\":\"2026-02-23T11:43:00+00:00\",\"author\":{\"@id\":\"https:\/\/portaltela.pt\/#\/schema\/person\/c4278d4a6028830caff9ee44b42d32ed\"},\"breadcrumb\":{\"@id\":\"https:\/\/portaltela.pt\/noticias\/2026\/02\/23\/crise-de-mediacao-na-esfera-publica-do-espaco-democratico-i\/#breadcrumb\"},\"inLanguage\":\"pt-PT\",\"potentialAction\":[{\"@type\":\"ReadAction\",\"target\":[\"https:\/\/portaltela.pt\/noticias\/2026\/02\/23\/crise-de-mediacao-na-esfera-publica-do-espaco-democratico-i\/\"]}]},{\"@type\":\"ImageObject\",\"inLanguage\":\"pt-PT\",\"@id\":\"https:\/\/portaltela.pt\/noticias\/2026\/02\/23\/crise-de-mediacao-na-esfera-publica-do-espaco-democratico-i\/#primaryimage\",\"url\":\"https:\/\/portaltela.pt\/s.01k8rhncp4jt1\/2026\/02\/9f51ef4b-5aa1-4262-af09-11dfdcbf072d_1200x675-1.jpg\",\"contentUrl\":\"https:\/\/portaltela.pt\/s.01k8rhncp4jt1\/2026\/02\/9f51ef4b-5aa1-4262-af09-11dfdcbf072d_1200x675-1.jpg\",\"width\":796,\"height\":448,\"caption\":\"Photo\"},{\"@type\":\"BreadcrumbList\",\"@id\":\"https:\/\/portaltela.pt\/noticias\/2026\/02\/23\/crise-de-mediacao-na-esfera-publica-do-espaco-democratico-i\/#breadcrumb\",\"itemListElement\":[{\"@type\":\"ListItem\",\"position\":1,\"name\":\"In\u00edcio\",\"item\":\"https:\/\/portaltela.pt\/\"},{\"@type\":\"ListItem\",\"position\":2,\"name\":\"Crise de media\u00e7\u00e3o na esfera p\u00fablica do espa\u00e7o democr\u00e1tico (I)\"}]},{\"@type\":\"WebSite\",\"@id\":\"https:\/\/portaltela.pt\/#website\",\"url\":\"https:\/\/portaltela.pt\/\",\"name\":\"Portal Tela Portugal\",\"description\":\"\",\"potentialAction\":[{\"@type\":\"SearchAction\",\"target\":{\"@type\":\"EntryPoint\",\"urlTemplate\":\"https:\/\/portaltela.pt\/?s={search_term_string}\"},\"query-input\":{\"@type\":\"PropertyValueSpecification\",\"valueRequired\":true,\"valueName\":\"search_term_string\"}}],\"inLanguage\":\"pt-PT\"},{\"@type\":\"Person\",\"@id\":\"https:\/\/portaltela.pt\/#\/schema\/person\/c4278d4a6028830caff9ee44b42d32ed\",\"name\":\"Telinha\",\"image\":{\"@type\":\"ImageObject\",\"inLanguage\":\"pt-PT\",\"@id\":\"https:\/\/portaltela.pt\/s.01k8rhncp4jt1\/2025\/11\/talking-bot-125x125.png\",\"url\":\"https:\/\/portaltela.pt\/s.01k8rhncp4jt1\/2025\/11\/talking-bot-125x125.png\",\"contentUrl\":\"https:\/\/portaltela.pt\/s.01k8rhncp4jt1\/2025\/11\/talking-bot-125x125.png\",\"caption\":\"Telinha\"},\"sameAs\":[\"https:\/\/portaltela.pt\/\"],\"url\":\"https:\/\/portaltela.pt\/por\/367410592786\/\"}]}<\/script>\n<!-- \/ Yoast SEO plugin. -->","yoast_head_json":{"title":"Crise de media\u00e7\u00e3o na esfera p\u00fablica do espa\u00e7o democr\u00e1tico (I) - Portal Tela Portugal","robots":{"index":"index","follow":"follow","max-snippet":"max-snippet:-1","max-image-preview":"max-image-preview:large","max-video-preview":"max-video-preview:-1"},"og_locale":"pt_PT","og_type":"article","og_title":"Crise de media\u00e7\u00e3o na esfera p\u00fablica do espa\u00e7o democr\u00e1tico (I) - Portal Tela Portugal","og_description":"A crise de media\u00e7\u00e3o na esfera p\u00fablica cresce com a digitaliza\u00e7\u00e3o, promovendo privatiza\u00e7\u00e3o do p\u00fablico e politiza\u00e7\u00e3o do privado pelos media e redes sociais. \u00c9 necess\u00e1ria uma representa\u00e7\u00e3o indireta de natureza comunit\u00e1ria para proteger comunidades inteligentes e criativas face \u00e0 representa\u00e7\u00e3o direta do populismo. O centralismo \u00e9 pouco discriminat\u00f3rio, o localismo \u00e9 disperso e oneroso; as CIC ainda n\u00e3o se consolidaram para defender interesses comuns no espa\u00e7o p\u00fablico. A expans\u00e3o da esfera p\u00fablica digital facilita encena\u00e7\u00f5es mediadas e amplifica o individualismo, comprometendo o interesse comum e as media\u00e7\u00f5es p\u00fablicas. Sem educa\u00e7\u00e3o, literacia e cultura digital democr\u00e1tica, surgem riscos de privacidade violada, servid\u00e3o volunt\u00e1ria e dom\u00ednio de algoritmos, exigindo regulac\u0327\u00e3o clara e a\u00e7\u00f5es de educa\u00e7\u00e3o digital.","og_url":"https:\/\/portaltela.pt\/noticias\/2026\/02\/23\/crise-de-mediacao-na-esfera-publica-do-espaco-democratico-i\/","og_site_name":"Portal Tela Portugal","article_published_time":"2026-02-23T11:43:00+00:00","author":"Telinha","twitter_card":"summary_large_image","twitter_misc":{"Escrito por":"Telinha","Tempo estimado de leitura":"1 minuto"},"schema":{"@context":"https:\/\/schema.org","@graph":[{"@type":"Article","@id":"https:\/\/portaltela.pt\/noticias\/2026\/02\/23\/crise-de-mediacao-na-esfera-publica-do-espaco-democratico-i\/#article","isPartOf":{"@id":"https:\/\/portaltela.pt\/noticias\/2026\/02\/23\/crise-de-mediacao-na-esfera-publica-do-espaco-democratico-i\/"},"author":{"name":"Telinha","@id":"https:\/\/portaltela.pt\/#\/schema\/person\/c4278d4a6028830caff9ee44b42d32ed"},"headline":"Crise de media\u00e7\u00e3o na esfera p\u00fablica do espa\u00e7o democr\u00e1tico (I)","datePublished":"2026-02-23T11:43:00+00:00","mainEntityOfPage":{"@id":"https:\/\/portaltela.pt\/noticias\/2026\/02\/23\/crise-de-mediacao-na-esfera-publica-do-espaco-democratico-i\/"},"wordCount":299,"image":{"@id":"https:\/\/portaltela.pt\/noticias\/2026\/02\/23\/crise-de-mediacao-na-esfera-publica-do-espaco-democratico-i\/#primaryimage"},"thumbnailUrl":"https:\/\/portaltela.pt\/s.01k8rhncp4jt1\/2026\/02\/9f51ef4b-5aa1-4262-af09-11dfdcbf072d_1200x675-1.jpg","keywords":["cidadania","desinforma\u00e7\u00e3o","digitaliza\u00e7\u00e3o","Espa\u00e7o P\u00fablico","literacia digital","privacidade"],"articleSection":["Not\u00edcias","Pol\u00edtica"],"inLanguage":"pt-PT"},{"@type":"WebPage","@id":"https:\/\/portaltela.pt\/noticias\/2026\/02\/23\/crise-de-mediacao-na-esfera-publica-do-espaco-democratico-i\/","url":"https:\/\/portaltela.pt\/noticias\/2026\/02\/23\/crise-de-mediacao-na-esfera-publica-do-espaco-democratico-i\/","name":"Crise de media\u00e7\u00e3o na esfera p\u00fablica do espa\u00e7o democr\u00e1tico (I) - Portal Tela Portugal","isPartOf":{"@id":"https:\/\/portaltela.pt\/#website"},"primaryImageOfPage":{"@id":"https:\/\/portaltela.pt\/noticias\/2026\/02\/23\/crise-de-mediacao-na-esfera-publica-do-espaco-democratico-i\/#primaryimage"},"image":{"@id":"https:\/\/portaltela.pt\/noticias\/2026\/02\/23\/crise-de-mediacao-na-esfera-publica-do-espaco-democratico-i\/#primaryimage"},"thumbnailUrl":"https:\/\/portaltela.pt\/s.01k8rhncp4jt1\/2026\/02\/9f51ef4b-5aa1-4262-af09-11dfdcbf072d_1200x675-1.jpg","datePublished":"2026-02-23T11:43:00+00:00","author":{"@id":"https:\/\/portaltela.pt\/#\/schema\/person\/c4278d4a6028830caff9ee44b42d32ed"},"breadcrumb":{"@id":"https:\/\/portaltela.pt\/noticias\/2026\/02\/23\/crise-de-mediacao-na-esfera-publica-do-espaco-democratico-i\/#breadcrumb"},"inLanguage":"pt-PT","potentialAction":[{"@type":"ReadAction","target":["https:\/\/portaltela.pt\/noticias\/2026\/02\/23\/crise-de-mediacao-na-esfera-publica-do-espaco-democratico-i\/"]}]},{"@type":"ImageObject","inLanguage":"pt-PT","@id":"https:\/\/portaltela.pt\/noticias\/2026\/02\/23\/crise-de-mediacao-na-esfera-publica-do-espaco-democratico-i\/#primaryimage","url":"https:\/\/portaltela.pt\/s.01k8rhncp4jt1\/2026\/02\/9f51ef4b-5aa1-4262-af09-11dfdcbf072d_1200x675-1.jpg","contentUrl":"https:\/\/portaltela.pt\/s.01k8rhncp4jt1\/2026\/02\/9f51ef4b-5aa1-4262-af09-11dfdcbf072d_1200x675-1.jpg","width":796,"height":448,"caption":"Photo"},{"@type":"BreadcrumbList","@id":"https:\/\/portaltela.pt\/noticias\/2026\/02\/23\/crise-de-mediacao-na-esfera-publica-do-espaco-democratico-i\/#breadcrumb","itemListElement":[{"@type":"ListItem","position":1,"name":"In\u00edcio","item":"https:\/\/portaltela.pt\/"},{"@type":"ListItem","position":2,"name":"Crise de media\u00e7\u00e3o na esfera p\u00fablica do espa\u00e7o democr\u00e1tico (I)"}]},{"@type":"WebSite","@id":"https:\/\/portaltela.pt\/#website","url":"https:\/\/portaltela.pt\/","name":"Portal Tela Portugal","description":"","potentialAction":[{"@type":"SearchAction","target":{"@type":"EntryPoint","urlTemplate":"https:\/\/portaltela.pt\/?s={search_term_string}"},"query-input":{"@type":"PropertyValueSpecification","valueRequired":true,"valueName":"search_term_string"}}],"inLanguage":"pt-PT"},{"@type":"Person","@id":"https:\/\/portaltela.pt\/#\/schema\/person\/c4278d4a6028830caff9ee44b42d32ed","name":"Telinha","image":{"@type":"ImageObject","inLanguage":"pt-PT","@id":"https:\/\/portaltela.pt\/s.01k8rhncp4jt1\/2025\/11\/talking-bot-125x125.png","url":"https:\/\/portaltela.pt\/s.01k8rhncp4jt1\/2025\/11\/talking-bot-125x125.png","contentUrl":"https:\/\/portaltela.pt\/s.01k8rhncp4jt1\/2025\/11\/talking-bot-125x125.png","caption":"Telinha"},"sameAs":["https:\/\/portaltela.pt\/"],"url":"https:\/\/portaltela.pt\/por\/367410592786\/"}]}},"_links":{"self":[{"href":"https:\/\/portaltela.pt\/api\/wp\/v2\/posts\/222654","targetHints":{"allow":["GET"]}}],"collection":[{"href":"https:\/\/portaltela.pt\/api\/wp\/v2\/posts"}],"about":[{"href":"https:\/\/portaltela.pt\/api\/wp\/v2\/types\/post"}],"author":[{"embeddable":true,"href":"https:\/\/portaltela.pt\/api\/wp\/v2\/users\/2"}],"replies":[{"embeddable":true,"href":"https:\/\/portaltela.pt\/api\/wp\/v2\/comments?post=222654"}],"version-history":[{"count":0,"href":"https:\/\/portaltela.pt\/api\/wp\/v2\/posts\/222654\/revisions"}],"wp:featuredmedia":[{"embeddable":true,"href":"https:\/\/portaltela.pt\/api\/wp\/v2\/media\/222658"}],"wp:attachment":[{"href":"https:\/\/portaltela.pt\/api\/wp\/v2\/media?parent=222654"}],"wp:term":[{"taxonomy":"category","embeddable":true,"href":"https:\/\/portaltela.pt\/api\/wp\/v2\/categories?post=222654"},{"taxonomy":"post_tag","embeddable":true,"href":"https:\/\/portaltela.pt\/api\/wp\/v2\/tags?post=222654"}],"curies":[{"name":"wp","href":"https:\/\/api.w.org\/{rel}","templated":true}]}}