{"id":222649,"date":"2026-02-23T08:38:00","date_gmt":"2026-02-23T11:38:00","guid":{"rendered":"https:\/\/portaltela.pt\/noticias\/2026\/02\/23\/prato-do-dia-leitao-fora-da-bairrada-e-descoberto\/"},"modified":"2026-02-23T08:38:00","modified_gmt":"2026-02-23T11:38:00","slug":"prato-do-dia-leitao-fora-da-bairrada-e-descoberto","status":"publish","type":"post","link":"https:\/\/portaltela.pt\/noticias\/2026\/02\/23\/prato-do-dia-leitao-fora-da-bairrada-e-descoberto\/","title":{"rendered":"Prato do Dia: leit\u00e3o fora da Bairrada \u00e9 descoberto"},"content":{"rendered":"<p>Na Esta\u00e7\u00e3o dos Leit\u00f5es, em Ponte de Frielas, o leit\u00e3o assado \u00e0 Bairrada \u00e9 o ex-l\u00edder do menu. O espa\u00e7o funciona com Jos\u00e9 Peixoto a orientar o servi\u00e7o, em parceria com o empres\u00e1rio Jo\u00e3o An\u00e1gua.<\/p>\n<p>O restaurante \u00e9 de f\u00e1cil localiza\u00e7\u00e3o e apresenta um card\u00e1pio que n\u00e3o abandona o cl\u00e1ssico da Bairrada. Nas entradas destacam-se pequenas por\u00e7\u00f5es crocantes que contextualizam o tema do leit\u00e3o.<\/p>\n<h3>O espa\u00e7o e a lideran\u00e7a<\/h3>\n<p>Jos\u00e9 Peixoto \u00e9 reconhecido pelo conhecimento de vinhos nacionais e pela capacidade de recomenda\u00e7\u00e3o. A carta combina variedade com qualidade, incluindo queijinho seco fatiado. Os pezinhos de leit\u00e3o s\u00e3o uma entrada marcante.<\/p>\n<h3>Card\u00e1pio e sugest\u00f5es<\/h3>\n<p>Entre os pratos de peixe, o bacalhau \u00e0 casa oferece t\u00e9cnica contempor\u00e2nea, enquanto o polvo \u00e0 lagareiro comp\u00f5e o conjunto com azeite abundante e batatas a murro. Entre as carnes, o leit\u00e3o \u00e9 o ex-l\u00edder, com forno competente e acabamento que impressiona.<\/p>\n<h3>Alternativas e sugest\u00f5es<\/h3>\n<p>O risoto de leit\u00e3o surge como alternativa v\u00e1lida, acompanhando cortes especiais para a grelha. A picanha assada \u00e0 brasileira com feij\u00e3o preto e arroz branco soma-se ao menu, tal como a costelinha de vitela de grande dimens\u00e3o. Um bife \u00e0 cortador encerra a experi\u00eancia.<\/p>\n<p>Resumo: o espa\u00e7o oferece leit\u00e3o com acompanhamentos bem harmonizados, mantendo o foco na qualidade da mat\u00e9ria-prima. O local convida a nova visita para provar o conjunto completo do menu.<\/p>\n<p>Esta\u00e7\u00e3o dos Leit\u00f5es<\/p>\n<p>Rua 28 de Setembro 11, Frielas, Loures<\/p>\n<p>Tel: 210 541 226<\/p>\n<p>Hor\u00e1rio: 12h-15h30 e 18h30-22h30 (ter a s\u00e1b); at\u00e9 15h30 ao domingo<\/p>\n<p>Pre\u00e7o m\u00e9dio: 35 euros<\/p>\n","protected":false},"excerpt":{"rendered":"<ul>\n<li>Esta\u00e7\u00e3o dos Leit\u00f5es, em Ponte de Frielas (Loures), serve leit\u00e3o assado \u00e0 Bairrada e oferece variedade com entradas, peixe e outros pratos.<\/li>\n<li>O espa\u00e7o \u00e9 comandado por Jos\u00e9 Peixoto, em parceria com o empres\u00e1rio Jo\u00e3o An\u00e1gua, com carta variada e orienta\u00e7\u00e3o de vinhos nacionais.<\/li>\n<li>Destaques incluem leit\u00e3o assado, risoto de leit\u00e3o, picanha assada \u00e0 brasileira, costelinha de vitela, bacalhau \u00e0 casa, polvo \u00e0 lagareiro e entradas como almofadinhas de leit\u00e3o panadas e pezinhos de leit\u00e3o.<\/li>\n<li>Endere\u00e7o e hor\u00e1rio: Rua 28 de Setembro, 11, Frielas, Loures; aberto de ter\u00e7a a s\u00e1bado (12h\u201115h30 e 18h30\u201122h30) e domingo at\u00e9 15h30; pre\u00e7o m\u00e9dio de 35 euros.<\/li>\n<li>Recomenda\u00e7\u00e3o: n\u00e3o esquecer de provar o p\u00e3o de l\u00f3 da casa e planear uma nova visita para experimentar tudo com calma.<\/li>\n<\/ul>\n","protected":false},"author":2,"featured_media":222655,"comment_status":"closed","ping_status":"closed","sticky":false,"template":"","format":"standard","meta":{"footnotes":""},"categories":[1],"tags":[2522,778,6117,219,1680,5586],"class_list":["post-222649","post","type-post","status-publish","format-standard","has-post-thumbnail","hentry","category-noticias","tag-bairrada","tag-comida","tag-cozinha","tag-gastronomia","tag-loures","tag-vinho"],"yoast_head":"<!-- This site is optimized with the Yoast SEO plugin v27.2 - https:\/\/yoast.com\/product\/yoast-seo-wordpress\/ -->\n<title>Prato do Dia: leit\u00e3o fora da Bairrada \u00e9 descoberto - Portal Tela Portugal<\/title>\n<meta name=\"robots\" content=\"index, follow, max-snippet:-1, max-image-preview:large, max-video-preview:-1\" \/>\n<meta property=\"og:locale\" content=\"pt_PT\" \/>\n<meta property=\"og:type\" content=\"article\" \/>\n<meta property=\"og:title\" content=\"Prato do Dia: leit\u00e3o fora da Bairrada \u00e9 descoberto - Portal Tela Portugal\" \/>\n<meta property=\"og:description\" content=\"Esta\u00e7\u00e3o dos Leit\u00f5es, em Ponte de Frielas (Loures), serve leit\u00e3o assado \u00e0 Bairrada e oferece variedade com entradas, peixe e outros pratos. O espa\u00e7o \u00e9 comandado por Jos\u00e9 Peixoto, em parceria com o empres\u00e1rio Jo\u00e3o An\u00e1gua, com carta variada e orienta\u00e7\u00e3o de vinhos nacionais. Destaques incluem leit\u00e3o assado, risoto de leit\u00e3o, picanha assada \u00e0 brasileira, costelinha de vitela, bacalhau \u00e0 casa, polvo \u00e0 lagareiro e entradas como almofadinhas de leit\u00e3o panadas e pezinhos de leit\u00e3o. Endere\u00e7o e hor\u00e1rio: Rua 28 de Setembro, 11, Frielas, Loures; aberto de ter\u00e7a a s\u00e1bado (12h\u201115h30 e 18h30\u201122h30) e domingo at\u00e9 15h30; pre\u00e7o m\u00e9dio de 35 euros. Recomenda\u00e7\u00e3o: n\u00e3o esquecer de provar o p\u00e3o de l\u00f3 da casa e planear uma nova visita para experimentar tudo com calma.\" \/>\n<meta property=\"og:url\" content=\"https:\/\/portaltela.pt\/noticias\/2026\/02\/23\/prato-do-dia-leitao-fora-da-bairrada-e-descoberto\/\" \/>\n<meta property=\"og:site_name\" content=\"Portal Tela Portugal\" \/>\n<meta property=\"article:published_time\" content=\"2026-02-23T11:38:00+00:00\" \/>\n<meta name=\"author\" content=\"Telinha\" \/>\n<meta name=\"twitter:card\" content=\"summary_large_image\" \/>\n<meta name=\"twitter:label1\" content=\"Escrito por\" \/>\n\t<meta name=\"twitter:data1\" content=\"Telinha\" \/>\n\t<meta name=\"twitter:label2\" content=\"Tempo estimado de leitura\" \/>\n\t<meta name=\"twitter:data2\" content=\"1 minuto\" \/>\n<script type=\"application\/ld+json\" class=\"yoast-schema-graph\">{\"@context\":\"https:\/\/schema.org\",\"@graph\":[{\"@type\":\"Article\",\"@id\":\"https:\/\/portaltela.pt\/noticias\/2026\/02\/23\/prato-do-dia-leitao-fora-da-bairrada-e-descoberto\/#article\",\"isPartOf\":{\"@id\":\"https:\/\/portaltela.pt\/noticias\/2026\/02\/23\/prato-do-dia-leitao-fora-da-bairrada-e-descoberto\/\"},\"author\":{\"name\":\"Telinha\",\"@id\":\"https:\/\/portaltela.pt\/#\/schema\/person\/c4278d4a6028830caff9ee44b42d32ed\"},\"headline\":\"Prato do Dia: leit\u00e3o fora da Bairrada \u00e9 descoberto\",\"datePublished\":\"2026-02-23T11:38:00+00:00\",\"mainEntityOfPage\":{\"@id\":\"https:\/\/portaltela.pt\/noticias\/2026\/02\/23\/prato-do-dia-leitao-fora-da-bairrada-e-descoberto\/\"},\"wordCount\":291,\"image\":{\"@id\":\"https:\/\/portaltela.pt\/noticias\/2026\/02\/23\/prato-do-dia-leitao-fora-da-bairrada-e-descoberto\/#primaryimage\"},\"thumbnailUrl\":\"https:\/\/portaltela.pt\/s.01k8rhncp4jt1\/2026\/02\/b709b567-ecdf-42c8-b81c-85d68ea7f5ba_1200x675.jpg\",\"keywords\":[\"Bairrada\",\"comida\",\"cozinha\",\"gastronomia\",\"Loures\",\"vinho\"],\"articleSection\":[\"Not\u00edcias\"],\"inLanguage\":\"pt-PT\"},{\"@type\":\"WebPage\",\"@id\":\"https:\/\/portaltela.pt\/noticias\/2026\/02\/23\/prato-do-dia-leitao-fora-da-bairrada-e-descoberto\/\",\"url\":\"https:\/\/portaltela.pt\/noticias\/2026\/02\/23\/prato-do-dia-leitao-fora-da-bairrada-e-descoberto\/\",\"name\":\"Prato do Dia: leit\u00e3o fora da Bairrada \u00e9 descoberto - Portal Tela Portugal\",\"isPartOf\":{\"@id\":\"https:\/\/portaltela.pt\/#website\"},\"primaryImageOfPage\":{\"@id\":\"https:\/\/portaltela.pt\/noticias\/2026\/02\/23\/prato-do-dia-leitao-fora-da-bairrada-e-descoberto\/#primaryimage\"},\"image\":{\"@id\":\"https:\/\/portaltela.pt\/noticias\/2026\/02\/23\/prato-do-dia-leitao-fora-da-bairrada-e-descoberto\/#primaryimage\"},\"thumbnailUrl\":\"https:\/\/portaltela.pt\/s.01k8rhncp4jt1\/2026\/02\/b709b567-ecdf-42c8-b81c-85d68ea7f5ba_1200x675.jpg\",\"datePublished\":\"2026-02-23T11:38:00+00:00\",\"author\":{\"@id\":\"https:\/\/portaltela.pt\/#\/schema\/person\/c4278d4a6028830caff9ee44b42d32ed\"},\"breadcrumb\":{\"@id\":\"https:\/\/portaltela.pt\/noticias\/2026\/02\/23\/prato-do-dia-leitao-fora-da-bairrada-e-descoberto\/#breadcrumb\"},\"inLanguage\":\"pt-PT\",\"potentialAction\":[{\"@type\":\"ReadAction\",\"target\":[\"https:\/\/portaltela.pt\/noticias\/2026\/02\/23\/prato-do-dia-leitao-fora-da-bairrada-e-descoberto\/\"]}]},{\"@type\":\"ImageObject\",\"inLanguage\":\"pt-PT\",\"@id\":\"https:\/\/portaltela.pt\/noticias\/2026\/02\/23\/prato-do-dia-leitao-fora-da-bairrada-e-descoberto\/#primaryimage\",\"url\":\"https:\/\/portaltela.pt\/s.01k8rhncp4jt1\/2026\/02\/b709b567-ecdf-42c8-b81c-85d68ea7f5ba_1200x675.jpg\",\"contentUrl\":\"https:\/\/portaltela.pt\/s.01k8rhncp4jt1\/2026\/02\/b709b567-ecdf-42c8-b81c-85d68ea7f5ba_1200x675.jpg\",\"width\":796,\"height\":448,\"caption\":\"Esta\u00e7\u00e3o dos Leit\u00f5es\"},{\"@type\":\"BreadcrumbList\",\"@id\":\"https:\/\/portaltela.pt\/noticias\/2026\/02\/23\/prato-do-dia-leitao-fora-da-bairrada-e-descoberto\/#breadcrumb\",\"itemListElement\":[{\"@type\":\"ListItem\",\"position\":1,\"name\":\"In\u00edcio\",\"item\":\"https:\/\/portaltela.pt\/\"},{\"@type\":\"ListItem\",\"position\":2,\"name\":\"Prato do Dia: leit\u00e3o fora da Bairrada \u00e9 descoberto\"}]},{\"@type\":\"WebSite\",\"@id\":\"https:\/\/portaltela.pt\/#website\",\"url\":\"https:\/\/portaltela.pt\/\",\"name\":\"Portal Tela Portugal\",\"description\":\"\",\"potentialAction\":[{\"@type\":\"SearchAction\",\"target\":{\"@type\":\"EntryPoint\",\"urlTemplate\":\"https:\/\/portaltela.pt\/?s={search_term_string}\"},\"query-input\":{\"@type\":\"PropertyValueSpecification\",\"valueRequired\":true,\"valueName\":\"search_term_string\"}}],\"inLanguage\":\"pt-PT\"},{\"@type\":\"Person\",\"@id\":\"https:\/\/portaltela.pt\/#\/schema\/person\/c4278d4a6028830caff9ee44b42d32ed\",\"name\":\"Telinha\",\"image\":{\"@type\":\"ImageObject\",\"inLanguage\":\"pt-PT\",\"@id\":\"https:\/\/portaltela.pt\/s.01k8rhncp4jt1\/2025\/11\/talking-bot-125x125.png\",\"url\":\"https:\/\/portaltela.pt\/s.01k8rhncp4jt1\/2025\/11\/talking-bot-125x125.png\",\"contentUrl\":\"https:\/\/portaltela.pt\/s.01k8rhncp4jt1\/2025\/11\/talking-bot-125x125.png\",\"caption\":\"Telinha\"},\"sameAs\":[\"https:\/\/portaltela.pt\/\"],\"url\":\"https:\/\/portaltela.pt\/por\/367410592786\/\"}]}<\/script>\n<!-- \/ Yoast SEO plugin. -->","yoast_head_json":{"title":"Prato do Dia: leit\u00e3o fora da Bairrada \u00e9 descoberto - Portal Tela Portugal","robots":{"index":"index","follow":"follow","max-snippet":"max-snippet:-1","max-image-preview":"max-image-preview:large","max-video-preview":"max-video-preview:-1"},"og_locale":"pt_PT","og_type":"article","og_title":"Prato do Dia: leit\u00e3o fora da Bairrada \u00e9 descoberto - Portal Tela Portugal","og_description":"Esta\u00e7\u00e3o dos Leit\u00f5es, em Ponte de Frielas (Loures), serve leit\u00e3o assado \u00e0 Bairrada e oferece variedade com entradas, peixe e outros pratos. O espa\u00e7o \u00e9 comandado por Jos\u00e9 Peixoto, em parceria com o empres\u00e1rio Jo\u00e3o An\u00e1gua, com carta variada e orienta\u00e7\u00e3o de vinhos nacionais. Destaques incluem leit\u00e3o assado, risoto de leit\u00e3o, picanha assada \u00e0 brasileira, costelinha de vitela, bacalhau \u00e0 casa, polvo \u00e0 lagareiro e entradas como almofadinhas de leit\u00e3o panadas e pezinhos de leit\u00e3o. Endere\u00e7o e hor\u00e1rio: Rua 28 de Setembro, 11, Frielas, Loures; aberto de ter\u00e7a a s\u00e1bado (12h\u201115h30 e 18h30\u201122h30) e domingo at\u00e9 15h30; pre\u00e7o m\u00e9dio de 35 euros. Recomenda\u00e7\u00e3o: n\u00e3o esquecer de provar o p\u00e3o de l\u00f3 da casa e planear uma nova visita para experimentar tudo com calma.","og_url":"https:\/\/portaltela.pt\/noticias\/2026\/02\/23\/prato-do-dia-leitao-fora-da-bairrada-e-descoberto\/","og_site_name":"Portal Tela Portugal","article_published_time":"2026-02-23T11:38:00+00:00","author":"Telinha","twitter_card":"summary_large_image","twitter_misc":{"Escrito por":"Telinha","Tempo estimado de leitura":"1 minuto"},"schema":{"@context":"https:\/\/schema.org","@graph":[{"@type":"Article","@id":"https:\/\/portaltela.pt\/noticias\/2026\/02\/23\/prato-do-dia-leitao-fora-da-bairrada-e-descoberto\/#article","isPartOf":{"@id":"https:\/\/portaltela.pt\/noticias\/2026\/02\/23\/prato-do-dia-leitao-fora-da-bairrada-e-descoberto\/"},"author":{"name":"Telinha","@id":"https:\/\/portaltela.pt\/#\/schema\/person\/c4278d4a6028830caff9ee44b42d32ed"},"headline":"Prato do Dia: leit\u00e3o fora da Bairrada \u00e9 descoberto","datePublished":"2026-02-23T11:38:00+00:00","mainEntityOfPage":{"@id":"https:\/\/portaltela.pt\/noticias\/2026\/02\/23\/prato-do-dia-leitao-fora-da-bairrada-e-descoberto\/"},"wordCount":291,"image":{"@id":"https:\/\/portaltela.pt\/noticias\/2026\/02\/23\/prato-do-dia-leitao-fora-da-bairrada-e-descoberto\/#primaryimage"},"thumbnailUrl":"https:\/\/portaltela.pt\/s.01k8rhncp4jt1\/2026\/02\/b709b567-ecdf-42c8-b81c-85d68ea7f5ba_1200x675.jpg","keywords":["Bairrada","comida","cozinha","gastronomia","Loures","vinho"],"articleSection":["Not\u00edcias"],"inLanguage":"pt-PT"},{"@type":"WebPage","@id":"https:\/\/portaltela.pt\/noticias\/2026\/02\/23\/prato-do-dia-leitao-fora-da-bairrada-e-descoberto\/","url":"https:\/\/portaltela.pt\/noticias\/2026\/02\/23\/prato-do-dia-leitao-fora-da-bairrada-e-descoberto\/","name":"Prato do Dia: leit\u00e3o fora da Bairrada \u00e9 descoberto - Portal Tela Portugal","isPartOf":{"@id":"https:\/\/portaltela.pt\/#website"},"primaryImageOfPage":{"@id":"https:\/\/portaltela.pt\/noticias\/2026\/02\/23\/prato-do-dia-leitao-fora-da-bairrada-e-descoberto\/#primaryimage"},"image":{"@id":"https:\/\/portaltela.pt\/noticias\/2026\/02\/23\/prato-do-dia-leitao-fora-da-bairrada-e-descoberto\/#primaryimage"},"thumbnailUrl":"https:\/\/portaltela.pt\/s.01k8rhncp4jt1\/2026\/02\/b709b567-ecdf-42c8-b81c-85d68ea7f5ba_1200x675.jpg","datePublished":"2026-02-23T11:38:00+00:00","author":{"@id":"https:\/\/portaltela.pt\/#\/schema\/person\/c4278d4a6028830caff9ee44b42d32ed"},"breadcrumb":{"@id":"https:\/\/portaltela.pt\/noticias\/2026\/02\/23\/prato-do-dia-leitao-fora-da-bairrada-e-descoberto\/#breadcrumb"},"inLanguage":"pt-PT","potentialAction":[{"@type":"ReadAction","target":["https:\/\/portaltela.pt\/noticias\/2026\/02\/23\/prato-do-dia-leitao-fora-da-bairrada-e-descoberto\/"]}]},{"@type":"ImageObject","inLanguage":"pt-PT","@id":"https:\/\/portaltela.pt\/noticias\/2026\/02\/23\/prato-do-dia-leitao-fora-da-bairrada-e-descoberto\/#primaryimage","url":"https:\/\/portaltela.pt\/s.01k8rhncp4jt1\/2026\/02\/b709b567-ecdf-42c8-b81c-85d68ea7f5ba_1200x675.jpg","contentUrl":"https:\/\/portaltela.pt\/s.01k8rhncp4jt1\/2026\/02\/b709b567-ecdf-42c8-b81c-85d68ea7f5ba_1200x675.jpg","width":796,"height":448,"caption":"Esta\u00e7\u00e3o dos Leit\u00f5es"},{"@type":"BreadcrumbList","@id":"https:\/\/portaltela.pt\/noticias\/2026\/02\/23\/prato-do-dia-leitao-fora-da-bairrada-e-descoberto\/#breadcrumb","itemListElement":[{"@type":"ListItem","position":1,"name":"In\u00edcio","item":"https:\/\/portaltela.pt\/"},{"@type":"ListItem","position":2,"name":"Prato do Dia: leit\u00e3o fora da Bairrada \u00e9 descoberto"}]},{"@type":"WebSite","@id":"https:\/\/portaltela.pt\/#website","url":"https:\/\/portaltela.pt\/","name":"Portal Tela Portugal","description":"","potentialAction":[{"@type":"SearchAction","target":{"@type":"EntryPoint","urlTemplate":"https:\/\/portaltela.pt\/?s={search_term_string}"},"query-input":{"@type":"PropertyValueSpecification","valueRequired":true,"valueName":"search_term_string"}}],"inLanguage":"pt-PT"},{"@type":"Person","@id":"https:\/\/portaltela.pt\/#\/schema\/person\/c4278d4a6028830caff9ee44b42d32ed","name":"Telinha","image":{"@type":"ImageObject","inLanguage":"pt-PT","@id":"https:\/\/portaltela.pt\/s.01k8rhncp4jt1\/2025\/11\/talking-bot-125x125.png","url":"https:\/\/portaltela.pt\/s.01k8rhncp4jt1\/2025\/11\/talking-bot-125x125.png","contentUrl":"https:\/\/portaltela.pt\/s.01k8rhncp4jt1\/2025\/11\/talking-bot-125x125.png","caption":"Telinha"},"sameAs":["https:\/\/portaltela.pt\/"],"url":"https:\/\/portaltela.pt\/por\/367410592786\/"}]}},"_links":{"self":[{"href":"https:\/\/portaltela.pt\/api\/wp\/v2\/posts\/222649","targetHints":{"allow":["GET"]}}],"collection":[{"href":"https:\/\/portaltela.pt\/api\/wp\/v2\/posts"}],"about":[{"href":"https:\/\/portaltela.pt\/api\/wp\/v2\/types\/post"}],"author":[{"embeddable":true,"href":"https:\/\/portaltela.pt\/api\/wp\/v2\/users\/2"}],"replies":[{"embeddable":true,"href":"https:\/\/portaltela.pt\/api\/wp\/v2\/comments?post=222649"}],"version-history":[{"count":0,"href":"https:\/\/portaltela.pt\/api\/wp\/v2\/posts\/222649\/revisions"}],"wp:featuredmedia":[{"embeddable":true,"href":"https:\/\/portaltela.pt\/api\/wp\/v2\/media\/222655"}],"wp:attachment":[{"href":"https:\/\/portaltela.pt\/api\/wp\/v2\/media?parent=222649"}],"wp:term":[{"taxonomy":"category","embeddable":true,"href":"https:\/\/portaltela.pt\/api\/wp\/v2\/categories?post=222649"},{"taxonomy":"post_tag","embeddable":true,"href":"https:\/\/portaltela.pt\/api\/wp\/v2\/tags?post=222649"}],"curies":[{"name":"wp","href":"https:\/\/api.w.org\/{rel}","templated":true}]}}