{"id":222645,"date":"2026-02-23T08:20:00","date_gmt":"2026-02-23T11:20:00","guid":{"rendered":"https:\/\/portaltela.pt\/noticias\/2026\/02\/23\/epstein-tera-escondido-ficheiros-secretos-em-armazens-nos-eua\/"},"modified":"2026-02-23T08:20:00","modified_gmt":"2026-02-23T11:20:00","slug":"epstein-tera-escondido-ficheiros-secretos-em-armazens-nos-eua","status":"publish","type":"post","link":"https:\/\/portaltela.pt\/noticias\/2026\/02\/23\/epstein-tera-escondido-ficheiros-secretos-em-armazens-nos-eua\/","title":{"rendered":"Epstein ter\u00e1 escondido ficheiros secretos em armaz\u00e9ns nos EUA"},"content":{"rendered":"<p>O jornal The Telegraph revela que Jeffrey Epstein, condenado por crimes sexuais, ter\u00e1 tentado ocultar ficheiros secretos em armaz\u00e9ns dos EUA como forma de obstru\u00e7\u00e3o \u00e0s investiga\u00e7\u00f5es. O magnata morreu em 2019 numa pris\u00e3o de Nova Iorque, ap\u00f3s ter sido acusado de explorar sexualmente dezenas de raparigas, algumas menores de idade.<\/p>\n<p>Segundo documentos a que o jornal teve acesso, Epstein ter\u00e1 contratado investigadores privados para retirar equipamentos da sua casa na Florida e transport\u00e1-los para armaz\u00e9ns. O acesso a faturas mostra que, a partir de 2003, o empres\u00e1rio alugou pelo menos um armaz\u00e9m, mantendo a utiliza\u00e7\u00e3o at\u00e9 ao seu falecimento em 2019.<\/p>\n<p>Mandados de busca analisados pelo The Telegraph sugerem que as autoridades norte-americanas nunca entraram nos armaz\u00e9ns, levantando a possibilidade de existencearem provas n\u00e3o vistas relacionadas com Epstein e potenciais c\u00famplices. Entre os nomes mencionados est\u00e3o o duque de Kent? (parece um erro de transcri\u00e7\u00e3o) ou, conforme a mat\u00e9ria, Andr\u00e9 Mountbatten-Windsor, irm\u00e3o do rei Carlos III; Peter Mandelson, ex-ministro brit\u00e2nico; e Thorbj\u00f8rn Jagland, antigo primeiro-ministro da Noruega.<\/p>\n<h3>Contexto e desdobramentos<\/h3>\n<p>Em dezembro, o Departamento de Justi\u00e7a dos Estados Unidos divulgou tr\u00eas milh\u00f5es de ficheiros relacionados com o finances. Na quinta-feira passada, o ex-pr\u00edncipe Andr\u00e9 foi detido e libertado em Norfolk, no leste de Inglaterra, por suspeitas de conduta impr\u00f3pria em fun\u00e7\u00f5es p\u00fablicas na altura em que atuava como representante especial do Governo para o com\u00e9rcio.<\/p>\n<p>Entre as figuras p\u00fablicas que constam dos ficheiros, mas n\u00e3o foram acusadas criminalmente, contam-se Donald Trump, Bill Clinton, Elon Musk, Bill Gates e David Copperfield. As informa\u00e7\u00f5es permanecem subjectivas a verifica\u00e7\u00e3o e a atualiza\u00e7\u00f5es oficiais.<\/p>\n","protected":false},"excerpt":{"rendered":"<ul>\n<li>Jeffrey Epstein ter\u00e1 escondido ficheiros secretos em armaz\u00e9ns nos Estados Unidos, numa potencial tentativa de obstruir investiga\u00e7\u00f5es sobre as suas atividades.<\/li>\n<li>Segundo o Telegraph, Epstein pagou a investigadores privados para retirarem equipamentos da sua casa na Florida e os levarem para armaz\u00e9ns.<\/li>\n<li>O magnata alugou pelo menos um armaz\u00e9m em 2003, mantendo a utiliza\u00e7\u00e3o at\u00e9 ao seu suic\u00eddio em 2019, numa pris\u00e3o de Nova Iorque.<\/li>\n<li>Mandados de busca indicam que as autoridades nunca teriam entrado nos armaz\u00e9ns, o que levanta a possibilidade de haver provas n\u00e3o vistas associadas a Epstein e a figuras pr\u00f3ximas.<\/li>\n<li>Entre as pessoas mencionadas, mas n\u00e3o acusadas, encontram-se Andrew Mountbatten-Windsor, Peter Mandelson e Thorbj\u00f8rn Jagland; o Departamento de Justi\u00e7a norte-americano divulgou, em dezembro, tr\u00eas milh\u00f5es de ficheiros relacionados com o financesse.<\/li>\n<\/ul>\n","protected":false},"author":2,"featured_media":222647,"comment_status":"closed","ping_status":"closed","sticky":false,"template":"","format":"standard","meta":{"footnotes":""},"categories":[1],"tags":[5531,3081,3990,4953,217,5661],"class_list":["post-222645","post","type-post","status-publish","format-standard","has-post-thumbnail","hentry","category-noticias","tag-bill-clinton","tag-crimes-internacionais","tag-crimes-sexuais","tag-donald-trump","tag-investigacao-criminal","tag-pessoas-publicas"],"yoast_head":"<!-- This site is optimized with the Yoast SEO plugin v27.2 - https:\/\/yoast.com\/product\/yoast-seo-wordpress\/ -->\n<title>Epstein ter\u00e1 escondido ficheiros secretos em armaz\u00e9ns nos EUA - Portal Tela Portugal<\/title>\n<meta name=\"robots\" content=\"index, follow, max-snippet:-1, max-image-preview:large, max-video-preview:-1\" \/>\n<meta property=\"og:locale\" content=\"pt_PT\" \/>\n<meta property=\"og:type\" content=\"article\" \/>\n<meta property=\"og:title\" content=\"Epstein ter\u00e1 escondido ficheiros secretos em armaz\u00e9ns nos EUA - Portal Tela Portugal\" \/>\n<meta property=\"og:description\" content=\"Jeffrey Epstein ter\u00e1 escondido ficheiros secretos em armaz\u00e9ns nos Estados Unidos, numa potencial tentativa de obstruir investiga\u00e7\u00f5es sobre as suas atividades. Segundo o Telegraph, Epstein pagou a investigadores privados para retirarem equipamentos da sua casa na Florida e os levarem para armaz\u00e9ns. O magnata alugou pelo menos um armaz\u00e9m em 2003, mantendo a utiliza\u00e7\u00e3o at\u00e9 ao seu suic\u00eddio em 2019, numa pris\u00e3o de Nova Iorque. Mandados de busca indicam que as autoridades nunca teriam entrado nos armaz\u00e9ns, o que levanta a possibilidade de haver provas n\u00e3o vistas associadas a Epstein e a figuras pr\u00f3ximas. Entre as pessoas mencionadas, mas n\u00e3o acusadas, encontram-se Andrew Mountbatten-Windsor, Peter Mandelson e Thorbj\u00f8rn Jagland; o Departamento de Justi\u00e7a norte-americano divulgou, em dezembro, tr\u00eas milh\u00f5es de ficheiros relacionados com o financesse.\" \/>\n<meta property=\"og:url\" content=\"https:\/\/portaltela.pt\/noticias\/2026\/02\/23\/epstein-tera-escondido-ficheiros-secretos-em-armazens-nos-eua\/\" \/>\n<meta property=\"og:site_name\" content=\"Portal Tela Portugal\" \/>\n<meta property=\"article:published_time\" content=\"2026-02-23T11:20:00+00:00\" \/>\n<meta name=\"author\" content=\"Telinha\" \/>\n<meta name=\"twitter:card\" content=\"summary_large_image\" \/>\n<meta name=\"twitter:label1\" content=\"Escrito por\" \/>\n\t<meta name=\"twitter:data1\" content=\"Telinha\" \/>\n\t<meta name=\"twitter:label2\" content=\"Tempo estimado de leitura\" \/>\n\t<meta name=\"twitter:data2\" content=\"1 minuto\" \/>\n<script type=\"application\/ld+json\" class=\"yoast-schema-graph\">{\"@context\":\"https:\/\/schema.org\",\"@graph\":[{\"@type\":\"Article\",\"@id\":\"https:\/\/portaltela.pt\/noticias\/2026\/02\/23\/epstein-tera-escondido-ficheiros-secretos-em-armazens-nos-eua\/#article\",\"isPartOf\":{\"@id\":\"https:\/\/portaltela.pt\/noticias\/2026\/02\/23\/epstein-tera-escondido-ficheiros-secretos-em-armazens-nos-eua\/\"},\"author\":{\"name\":\"Telinha\",\"@id\":\"https:\/\/portaltela.pt\/#\/schema\/person\/c4278d4a6028830caff9ee44b42d32ed\"},\"headline\":\"Epstein ter\u00e1 escondido ficheiros secretos em armaz\u00e9ns nos EUA\",\"datePublished\":\"2026-02-23T11:20:00+00:00\",\"mainEntityOfPage\":{\"@id\":\"https:\/\/portaltela.pt\/noticias\/2026\/02\/23\/epstein-tera-escondido-ficheiros-secretos-em-armazens-nos-eua\/\"},\"wordCount\":300,\"image\":{\"@id\":\"https:\/\/portaltela.pt\/noticias\/2026\/02\/23\/epstein-tera-escondido-ficheiros-secretos-em-armazens-nos-eua\/#primaryimage\"},\"thumbnailUrl\":\"https:\/\/portaltela.pt\/s.01k8rhncp4jt1\/2026\/02\/bc970f10-4105-4280-ad52-1f1e8ae75675_1200x675.jpg\",\"keywords\":[\"Bill Clinton\",\"crimes internacionais\",\"crimes sexuais\",\"Donald Trump\",\"investiga\u00e7\u00e3o criminal\",\"pessoas p\u00fablicas\"],\"articleSection\":[\"Not\u00edcias\"],\"inLanguage\":\"pt-PT\"},{\"@type\":\"WebPage\",\"@id\":\"https:\/\/portaltela.pt\/noticias\/2026\/02\/23\/epstein-tera-escondido-ficheiros-secretos-em-armazens-nos-eua\/\",\"url\":\"https:\/\/portaltela.pt\/noticias\/2026\/02\/23\/epstein-tera-escondido-ficheiros-secretos-em-armazens-nos-eua\/\",\"name\":\"Epstein ter\u00e1 escondido ficheiros secretos em armaz\u00e9ns nos EUA - Portal Tela Portugal\",\"isPartOf\":{\"@id\":\"https:\/\/portaltela.pt\/#website\"},\"primaryImageOfPage\":{\"@id\":\"https:\/\/portaltela.pt\/noticias\/2026\/02\/23\/epstein-tera-escondido-ficheiros-secretos-em-armazens-nos-eua\/#primaryimage\"},\"image\":{\"@id\":\"https:\/\/portaltela.pt\/noticias\/2026\/02\/23\/epstein-tera-escondido-ficheiros-secretos-em-armazens-nos-eua\/#primaryimage\"},\"thumbnailUrl\":\"https:\/\/portaltela.pt\/s.01k8rhncp4jt1\/2026\/02\/bc970f10-4105-4280-ad52-1f1e8ae75675_1200x675.jpg\",\"datePublished\":\"2026-02-23T11:20:00+00:00\",\"author\":{\"@id\":\"https:\/\/portaltela.pt\/#\/schema\/person\/c4278d4a6028830caff9ee44b42d32ed\"},\"breadcrumb\":{\"@id\":\"https:\/\/portaltela.pt\/noticias\/2026\/02\/23\/epstein-tera-escondido-ficheiros-secretos-em-armazens-nos-eua\/#breadcrumb\"},\"inLanguage\":\"pt-PT\",\"potentialAction\":[{\"@type\":\"ReadAction\",\"target\":[\"https:\/\/portaltela.pt\/noticias\/2026\/02\/23\/epstein-tera-escondido-ficheiros-secretos-em-armazens-nos-eua\/\"]}]},{\"@type\":\"ImageObject\",\"inLanguage\":\"pt-PT\",\"@id\":\"https:\/\/portaltela.pt\/noticias\/2026\/02\/23\/epstein-tera-escondido-ficheiros-secretos-em-armazens-nos-eua\/#primaryimage\",\"url\":\"https:\/\/portaltela.pt\/s.01k8rhncp4jt1\/2026\/02\/bc970f10-4105-4280-ad52-1f1e8ae75675_1200x675.jpg\",\"contentUrl\":\"https:\/\/portaltela.pt\/s.01k8rhncp4jt1\/2026\/02\/bc970f10-4105-4280-ad52-1f1e8ae75675_1200x675.jpg\",\"width\":796,\"height\":448,\"caption\":\"Investiga\u00e7\u00e3o a Jeffrey Epstein revelou rede de explora\u00e7\u00e3o sexual e tr\u00e1fico de menores\"},{\"@type\":\"BreadcrumbList\",\"@id\":\"https:\/\/portaltela.pt\/noticias\/2026\/02\/23\/epstein-tera-escondido-ficheiros-secretos-em-armazens-nos-eua\/#breadcrumb\",\"itemListElement\":[{\"@type\":\"ListItem\",\"position\":1,\"name\":\"In\u00edcio\",\"item\":\"https:\/\/portaltela.pt\/\"},{\"@type\":\"ListItem\",\"position\":2,\"name\":\"Epstein ter\u00e1 escondido ficheiros secretos em armaz\u00e9ns nos EUA\"}]},{\"@type\":\"WebSite\",\"@id\":\"https:\/\/portaltela.pt\/#website\",\"url\":\"https:\/\/portaltela.pt\/\",\"name\":\"Portal Tela Portugal\",\"description\":\"\",\"potentialAction\":[{\"@type\":\"SearchAction\",\"target\":{\"@type\":\"EntryPoint\",\"urlTemplate\":\"https:\/\/portaltela.pt\/?s={search_term_string}\"},\"query-input\":{\"@type\":\"PropertyValueSpecification\",\"valueRequired\":true,\"valueName\":\"search_term_string\"}}],\"inLanguage\":\"pt-PT\"},{\"@type\":\"Person\",\"@id\":\"https:\/\/portaltela.pt\/#\/schema\/person\/c4278d4a6028830caff9ee44b42d32ed\",\"name\":\"Telinha\",\"image\":{\"@type\":\"ImageObject\",\"inLanguage\":\"pt-PT\",\"@id\":\"https:\/\/portaltela.pt\/s.01k8rhncp4jt1\/2025\/11\/talking-bot-125x125.png\",\"url\":\"https:\/\/portaltela.pt\/s.01k8rhncp4jt1\/2025\/11\/talking-bot-125x125.png\",\"contentUrl\":\"https:\/\/portaltela.pt\/s.01k8rhncp4jt1\/2025\/11\/talking-bot-125x125.png\",\"caption\":\"Telinha\"},\"sameAs\":[\"https:\/\/portaltela.pt\/\"],\"url\":\"https:\/\/portaltela.pt\/por\/367410592786\/\"}]}<\/script>\n<!-- \/ Yoast SEO plugin. -->","yoast_head_json":{"title":"Epstein ter\u00e1 escondido ficheiros secretos em armaz\u00e9ns nos EUA - Portal Tela Portugal","robots":{"index":"index","follow":"follow","max-snippet":"max-snippet:-1","max-image-preview":"max-image-preview:large","max-video-preview":"max-video-preview:-1"},"og_locale":"pt_PT","og_type":"article","og_title":"Epstein ter\u00e1 escondido ficheiros secretos em armaz\u00e9ns nos EUA - Portal Tela Portugal","og_description":"Jeffrey Epstein ter\u00e1 escondido ficheiros secretos em armaz\u00e9ns nos Estados Unidos, numa potencial tentativa de obstruir investiga\u00e7\u00f5es sobre as suas atividades. Segundo o Telegraph, Epstein pagou a investigadores privados para retirarem equipamentos da sua casa na Florida e os levarem para armaz\u00e9ns. O magnata alugou pelo menos um armaz\u00e9m em 2003, mantendo a utiliza\u00e7\u00e3o at\u00e9 ao seu suic\u00eddio em 2019, numa pris\u00e3o de Nova Iorque. Mandados de busca indicam que as autoridades nunca teriam entrado nos armaz\u00e9ns, o que levanta a possibilidade de haver provas n\u00e3o vistas associadas a Epstein e a figuras pr\u00f3ximas. Entre as pessoas mencionadas, mas n\u00e3o acusadas, encontram-se Andrew Mountbatten-Windsor, Peter Mandelson e Thorbj\u00f8rn Jagland; o Departamento de Justi\u00e7a norte-americano divulgou, em dezembro, tr\u00eas milh\u00f5es de ficheiros relacionados com o financesse.","og_url":"https:\/\/portaltela.pt\/noticias\/2026\/02\/23\/epstein-tera-escondido-ficheiros-secretos-em-armazens-nos-eua\/","og_site_name":"Portal Tela Portugal","article_published_time":"2026-02-23T11:20:00+00:00","author":"Telinha","twitter_card":"summary_large_image","twitter_misc":{"Escrito por":"Telinha","Tempo estimado de leitura":"1 minuto"},"schema":{"@context":"https:\/\/schema.org","@graph":[{"@type":"Article","@id":"https:\/\/portaltela.pt\/noticias\/2026\/02\/23\/epstein-tera-escondido-ficheiros-secretos-em-armazens-nos-eua\/#article","isPartOf":{"@id":"https:\/\/portaltela.pt\/noticias\/2026\/02\/23\/epstein-tera-escondido-ficheiros-secretos-em-armazens-nos-eua\/"},"author":{"name":"Telinha","@id":"https:\/\/portaltela.pt\/#\/schema\/person\/c4278d4a6028830caff9ee44b42d32ed"},"headline":"Epstein ter\u00e1 escondido ficheiros secretos em armaz\u00e9ns nos EUA","datePublished":"2026-02-23T11:20:00+00:00","mainEntityOfPage":{"@id":"https:\/\/portaltela.pt\/noticias\/2026\/02\/23\/epstein-tera-escondido-ficheiros-secretos-em-armazens-nos-eua\/"},"wordCount":300,"image":{"@id":"https:\/\/portaltela.pt\/noticias\/2026\/02\/23\/epstein-tera-escondido-ficheiros-secretos-em-armazens-nos-eua\/#primaryimage"},"thumbnailUrl":"https:\/\/portaltela.pt\/s.01k8rhncp4jt1\/2026\/02\/bc970f10-4105-4280-ad52-1f1e8ae75675_1200x675.jpg","keywords":["Bill Clinton","crimes internacionais","crimes sexuais","Donald Trump","investiga\u00e7\u00e3o criminal","pessoas p\u00fablicas"],"articleSection":["Not\u00edcias"],"inLanguage":"pt-PT"},{"@type":"WebPage","@id":"https:\/\/portaltela.pt\/noticias\/2026\/02\/23\/epstein-tera-escondido-ficheiros-secretos-em-armazens-nos-eua\/","url":"https:\/\/portaltela.pt\/noticias\/2026\/02\/23\/epstein-tera-escondido-ficheiros-secretos-em-armazens-nos-eua\/","name":"Epstein ter\u00e1 escondido ficheiros secretos em armaz\u00e9ns nos EUA - Portal Tela Portugal","isPartOf":{"@id":"https:\/\/portaltela.pt\/#website"},"primaryImageOfPage":{"@id":"https:\/\/portaltela.pt\/noticias\/2026\/02\/23\/epstein-tera-escondido-ficheiros-secretos-em-armazens-nos-eua\/#primaryimage"},"image":{"@id":"https:\/\/portaltela.pt\/noticias\/2026\/02\/23\/epstein-tera-escondido-ficheiros-secretos-em-armazens-nos-eua\/#primaryimage"},"thumbnailUrl":"https:\/\/portaltela.pt\/s.01k8rhncp4jt1\/2026\/02\/bc970f10-4105-4280-ad52-1f1e8ae75675_1200x675.jpg","datePublished":"2026-02-23T11:20:00+00:00","author":{"@id":"https:\/\/portaltela.pt\/#\/schema\/person\/c4278d4a6028830caff9ee44b42d32ed"},"breadcrumb":{"@id":"https:\/\/portaltela.pt\/noticias\/2026\/02\/23\/epstein-tera-escondido-ficheiros-secretos-em-armazens-nos-eua\/#breadcrumb"},"inLanguage":"pt-PT","potentialAction":[{"@type":"ReadAction","target":["https:\/\/portaltela.pt\/noticias\/2026\/02\/23\/epstein-tera-escondido-ficheiros-secretos-em-armazens-nos-eua\/"]}]},{"@type":"ImageObject","inLanguage":"pt-PT","@id":"https:\/\/portaltela.pt\/noticias\/2026\/02\/23\/epstein-tera-escondido-ficheiros-secretos-em-armazens-nos-eua\/#primaryimage","url":"https:\/\/portaltela.pt\/s.01k8rhncp4jt1\/2026\/02\/bc970f10-4105-4280-ad52-1f1e8ae75675_1200x675.jpg","contentUrl":"https:\/\/portaltela.pt\/s.01k8rhncp4jt1\/2026\/02\/bc970f10-4105-4280-ad52-1f1e8ae75675_1200x675.jpg","width":796,"height":448,"caption":"Investiga\u00e7\u00e3o a Jeffrey Epstein revelou rede de explora\u00e7\u00e3o sexual e tr\u00e1fico de menores"},{"@type":"BreadcrumbList","@id":"https:\/\/portaltela.pt\/noticias\/2026\/02\/23\/epstein-tera-escondido-ficheiros-secretos-em-armazens-nos-eua\/#breadcrumb","itemListElement":[{"@type":"ListItem","position":1,"name":"In\u00edcio","item":"https:\/\/portaltela.pt\/"},{"@type":"ListItem","position":2,"name":"Epstein ter\u00e1 escondido ficheiros secretos em armaz\u00e9ns nos EUA"}]},{"@type":"WebSite","@id":"https:\/\/portaltela.pt\/#website","url":"https:\/\/portaltela.pt\/","name":"Portal Tela Portugal","description":"","potentialAction":[{"@type":"SearchAction","target":{"@type":"EntryPoint","urlTemplate":"https:\/\/portaltela.pt\/?s={search_term_string}"},"query-input":{"@type":"PropertyValueSpecification","valueRequired":true,"valueName":"search_term_string"}}],"inLanguage":"pt-PT"},{"@type":"Person","@id":"https:\/\/portaltela.pt\/#\/schema\/person\/c4278d4a6028830caff9ee44b42d32ed","name":"Telinha","image":{"@type":"ImageObject","inLanguage":"pt-PT","@id":"https:\/\/portaltela.pt\/s.01k8rhncp4jt1\/2025\/11\/talking-bot-125x125.png","url":"https:\/\/portaltela.pt\/s.01k8rhncp4jt1\/2025\/11\/talking-bot-125x125.png","contentUrl":"https:\/\/portaltela.pt\/s.01k8rhncp4jt1\/2025\/11\/talking-bot-125x125.png","caption":"Telinha"},"sameAs":["https:\/\/portaltela.pt\/"],"url":"https:\/\/portaltela.pt\/por\/367410592786\/"}]}},"_links":{"self":[{"href":"https:\/\/portaltela.pt\/api\/wp\/v2\/posts\/222645","targetHints":{"allow":["GET"]}}],"collection":[{"href":"https:\/\/portaltela.pt\/api\/wp\/v2\/posts"}],"about":[{"href":"https:\/\/portaltela.pt\/api\/wp\/v2\/types\/post"}],"author":[{"embeddable":true,"href":"https:\/\/portaltela.pt\/api\/wp\/v2\/users\/2"}],"replies":[{"embeddable":true,"href":"https:\/\/portaltela.pt\/api\/wp\/v2\/comments?post=222645"}],"version-history":[{"count":0,"href":"https:\/\/portaltela.pt\/api\/wp\/v2\/posts\/222645\/revisions"}],"wp:featuredmedia":[{"embeddable":true,"href":"https:\/\/portaltela.pt\/api\/wp\/v2\/media\/222647"}],"wp:attachment":[{"href":"https:\/\/portaltela.pt\/api\/wp\/v2\/media?parent=222645"}],"wp:term":[{"taxonomy":"category","embeddable":true,"href":"https:\/\/portaltela.pt\/api\/wp\/v2\/categories?post=222645"},{"taxonomy":"post_tag","embeddable":true,"href":"https:\/\/portaltela.pt\/api\/wp\/v2\/tags?post=222645"}],"curies":[{"name":"wp","href":"https:\/\/api.w.org\/{rel}","templated":true}]}}