{"id":222590,"date":"2026-02-23T07:51:03","date_gmt":"2026-02-23T10:51:03","guid":{"rendered":"https:\/\/portaltela.pt\/noticias\/2026\/02\/23\/governo-alerta-portugueses-no-mexico-para-evitar-deslocacoes-em-certos-estados\/"},"modified":"2026-02-23T07:51:03","modified_gmt":"2026-02-23T10:51:03","slug":"governo-alerta-portugueses-no-mexico-para-evitar-deslocacoes-em-certos-estados","status":"publish","type":"post","link":"https:\/\/portaltela.pt\/noticias\/2026\/02\/23\/governo-alerta-portugueses-no-mexico-para-evitar-deslocacoes-em-certos-estados\/","title":{"rendered":"Governo alerta portugueses no M\u00e9xico para evitar desloca\u00e7\u00f5es em certos estados"},"content":{"rendered":"<p>O Minist\u00e9rio dos Neg\u00f3cios Estrangeiros (MNE) pediu aos portugueses no M\u00e9xico que evitem desloca\u00e7\u00f5es desnecess\u00e1rias em alguns estados devido \u00e0 degrada\u00e7\u00e3o das condi\u00e7\u00f5es de seguran\u00e7a. A recomenda\u00e7\u00e3o afeta especialmente moradores e visitantes nos estados de Jalisco, Nayarit, Guanajuato, Colima, Michoac\u00e1n e Tamaulipas.<\/p>\n<p>A orienta\u00e7\u00e3o surge na sequ\u00eancia da morte de um dos l\u00edderes de um dos maiores cart\u00e9is de droga, resultado de uma opera\u00e7\u00e3o militar realizada no fim de semana. A nota do MNE indica dist\u00farbios relevantes na ordem p\u00fablica, com bloqueios de estradas, tiroteios e reten\u00e7\u00f5es de transeuntes em diversas zonas do pa\u00eds, principalmente em Jalisco, Guanajuato e Michoac\u00e1n.<\/p>\n<p>O MNE lembra que o M\u00e9xico apresenta elevada criminalidade e aconselha indispens\u00e1vel a contrata\u00e7\u00e3o de um seguro m\u00e9dico amplo, com cobertura de evacua\u00e7\u00e3o ou repatria\u00e7\u00e3o. O registo de viagens na aplica\u00e7\u00e3o Registo Viajante facilita o apoio das autoridades portuguesas em situa\u00e7\u00f5es de emerg\u00eancia.<\/p>\n<h3>Seguran\u00e7a e informa\u00e7\u00f5es para viajantes<\/h3>\n<p>A embaixada de Portugal tem reportado not\u00edcias de incidentes na regi\u00e3o, refor\u00e7ando a necessidade de verificar condi\u00e7\u00f5es locais e seguir as instru\u00e7\u00f5es das autoridades mexicanas. O portal das comunidades portuguesas divulga a nota do MNE, que tamb\u00e9m recomenda confirmar planos de viagem e manter-se informado sobre seguran\u00e7a.<\/p>\n<p>O an\u00fancio refere ainda que o M\u00e9xico vive uma onda de viol\u00eancia desde a morte do l\u00edder do cartel, ocorrida numa opera\u00e7\u00e3o com apoio de tom de coopera\u00e7\u00e3o com os EUA. O pa\u00eds continua a enfrentar protestos do grupo criminoso envolvido e ajustes na gest\u00e3o de servi\u00e7os p\u00fablicos.<\/p>\n<p>O Governo de Portugal recomenda aos cidad\u00e3os registarem a viagem na aplica\u00e7\u00e3o Registo Viajante para facilitar contactos com representa\u00e7\u00f5es diplom\u00e1ticas e aceder a informa\u00e7\u00f5es de seguran\u00e7a. A nota aponta que o registo permite receber atualiza\u00e7\u00f5es e apoio consular.<\/p>\n","protected":false},"excerpt":{"rendered":"<ul>\n<li>O Minist\u00e9rio dos Neg\u00f3cios Estrangeiros pediu aos cidad\u00e3os portugueses no M\u00e9xico para evitarem desloca\u00e7\u00f5es desnecess\u00e1rias nos estados de Jalisco, Nayarit, Guanajuato, Colima, Michoac\u00e1n e Tamaulipas, devido \u00e0 degrada\u00e7\u00e3o da seguran\u00e7a ap\u00f3s a opera\u00e7\u00e3o que matou o l\u00edder de um cartel.<\/li>\n<li>A nota aponta dist\u00farbios p\u00fablicos, incluindo bloqueios de estradas, tiroteios e reten\u00e7\u00f5es de transeuntes, com foco em Jalisco, Guanajuato e Michoac\u00e1n.<\/li>\n<li>Recomendado viajar com seguro m\u00e9dico abrangente, com cobertura de gastos m\u00e9dicos e evacua\u00e7\u00e3o ou repatria\u00e7\u00e3o para o destino de origem.<\/li>\n<li>O MNE sugere registar as viagens na aplica\u00e7\u00e3o Registo Viajante para facilitar a atua\u00e7\u00e3o das autoridades em casos de emerg\u00eancia.<\/li>\n<li>O epis\u00f3dio ocorre ap\u00f3s a morte de Nemesio Oseguera, conhecido como El Mencho, l\u00edder do cartel de Jalisco, gerando viol\u00eancia e suspension de aulas em v\u00e1rios estados e encerramento de tribunais conforme necess\u00e1rio.<\/li>\n<\/ul>\n","protected":false},"author":2,"featured_media":222596,"comment_status":"closed","ping_status":"closed","sticky":false,"template":"","format":"standard","meta":{"footnotes":""},"categories":[1],"tags":[2936,5547,1014,4222,250,6037],"class_list":["post-222590","post","type-post","status-publish","format-standard","has-post-thumbnail","hentry","category-noticias","tag-carteis-internacionais","tag-informacao-internacional","tag-portugal","tag-seguranca-internacional","tag-seguranca-publica","tag-viagens-internacionais"],"yoast_head":"<!-- This site is optimized with the Yoast SEO plugin v27.2 - https:\/\/yoast.com\/product\/yoast-seo-wordpress\/ -->\n<title>Governo alerta portugueses no M\u00e9xico para evitar desloca\u00e7\u00f5es em certos estados - Portal Tela Portugal<\/title>\n<meta name=\"robots\" content=\"index, follow, max-snippet:-1, max-image-preview:large, max-video-preview:-1\" \/>\n<meta property=\"og:locale\" content=\"pt_PT\" \/>\n<meta property=\"og:type\" content=\"article\" \/>\n<meta property=\"og:title\" content=\"Governo alerta portugueses no M\u00e9xico para evitar desloca\u00e7\u00f5es em certos estados - Portal Tela Portugal\" \/>\n<meta property=\"og:description\" content=\"O Minist\u00e9rio dos Neg\u00f3cios Estrangeiros pediu aos cidad\u00e3os portugueses no M\u00e9xico para evitarem desloca\u00e7\u00f5es desnecess\u00e1rias nos estados de Jalisco, Nayarit, Guanajuato, Colima, Michoac\u00e1n e Tamaulipas, devido \u00e0 degrada\u00e7\u00e3o da seguran\u00e7a ap\u00f3s a opera\u00e7\u00e3o que matou o l\u00edder de um cartel. A nota aponta dist\u00farbios p\u00fablicos, incluindo bloqueios de estradas, tiroteios e reten\u00e7\u00f5es de transeuntes, com foco em Jalisco, Guanajuato e Michoac\u00e1n. Recomendado viajar com seguro m\u00e9dico abrangente, com cobertura de gastos m\u00e9dicos e evacua\u00e7\u00e3o ou repatria\u00e7\u00e3o para o destino de origem. O MNE sugere registar as viagens na aplica\u00e7\u00e3o Registo Viajante para facilitar a atua\u00e7\u00e3o das autoridades em casos de emerg\u00eancia. O epis\u00f3dio ocorre ap\u00f3s a morte de Nemesio Oseguera, conhecido como El Mencho, l\u00edder do cartel de Jalisco, gerando viol\u00eancia e suspension de aulas em v\u00e1rios estados e encerramento de tribunais conforme necess\u00e1rio.\" \/>\n<meta property=\"og:url\" content=\"https:\/\/portaltela.pt\/noticias\/2026\/02\/23\/governo-alerta-portugueses-no-mexico-para-evitar-deslocacoes-em-certos-estados\/\" \/>\n<meta property=\"og:site_name\" content=\"Portal Tela Portugal\" \/>\n<meta property=\"article:published_time\" content=\"2026-02-23T10:51:03+00:00\" \/>\n<meta name=\"author\" content=\"Telinha\" \/>\n<meta name=\"twitter:card\" content=\"summary_large_image\" \/>\n<meta name=\"twitter:label1\" content=\"Escrito por\" \/>\n\t<meta name=\"twitter:data1\" content=\"Telinha\" \/>\n\t<meta name=\"twitter:label2\" content=\"Tempo estimado de leitura\" \/>\n\t<meta name=\"twitter:data2\" content=\"2 minutos\" \/>\n<script type=\"application\/ld+json\" class=\"yoast-schema-graph\">{\"@context\":\"https:\/\/schema.org\",\"@graph\":[{\"@type\":\"Article\",\"@id\":\"https:\/\/portaltela.pt\/noticias\/2026\/02\/23\/governo-alerta-portugueses-no-mexico-para-evitar-deslocacoes-em-certos-estados\/#article\",\"isPartOf\":{\"@id\":\"https:\/\/portaltela.pt\/noticias\/2026\/02\/23\/governo-alerta-portugueses-no-mexico-para-evitar-deslocacoes-em-certos-estados\/\"},\"author\":{\"name\":\"Telinha\",\"@id\":\"https:\/\/portaltela.pt\/#\/schema\/person\/c4278d4a6028830caff9ee44b42d32ed\"},\"headline\":\"Governo alerta portugueses no M\u00e9xico para evitar desloca\u00e7\u00f5es em certos estados\",\"datePublished\":\"2026-02-23T10:51:03+00:00\",\"mainEntityOfPage\":{\"@id\":\"https:\/\/portaltela.pt\/noticias\/2026\/02\/23\/governo-alerta-portugueses-no-mexico-para-evitar-deslocacoes-em-certos-estados\/\"},\"wordCount\":348,\"image\":{\"@id\":\"https:\/\/portaltela.pt\/noticias\/2026\/02\/23\/governo-alerta-portugueses-no-mexico-para-evitar-deslocacoes-em-certos-estados\/#primaryimage\"},\"thumbnailUrl\":\"https:\/\/portaltela.pt\/s.01k8rhncp4jt1\/2026\/02\/img_1500x1000uu2026-02-22-22-36-17-2268408.jpg\",\"keywords\":[\"cart\u00e9is internacionais\",\"informa\u00e7\u00e3o internacional\",\"Portugal\",\"seguran\u00e7a internacional\",\"seguran\u00e7a p\u00fablica\",\"viagens internacionais\"],\"articleSection\":[\"Not\u00edcias\"],\"inLanguage\":\"pt-PT\"},{\"@type\":\"WebPage\",\"@id\":\"https:\/\/portaltela.pt\/noticias\/2026\/02\/23\/governo-alerta-portugueses-no-mexico-para-evitar-deslocacoes-em-certos-estados\/\",\"url\":\"https:\/\/portaltela.pt\/noticias\/2026\/02\/23\/governo-alerta-portugueses-no-mexico-para-evitar-deslocacoes-em-certos-estados\/\",\"name\":\"Governo alerta portugueses no M\u00e9xico para evitar desloca\u00e7\u00f5es em certos estados - Portal Tela Portugal\",\"isPartOf\":{\"@id\":\"https:\/\/portaltela.pt\/#website\"},\"primaryImageOfPage\":{\"@id\":\"https:\/\/portaltela.pt\/noticias\/2026\/02\/23\/governo-alerta-portugueses-no-mexico-para-evitar-deslocacoes-em-certos-estados\/#primaryimage\"},\"image\":{\"@id\":\"https:\/\/portaltela.pt\/noticias\/2026\/02\/23\/governo-alerta-portugueses-no-mexico-para-evitar-deslocacoes-em-certos-estados\/#primaryimage\"},\"thumbnailUrl\":\"https:\/\/portaltela.pt\/s.01k8rhncp4jt1\/2026\/02\/img_1500x1000uu2026-02-22-22-36-17-2268408.jpg\",\"datePublished\":\"2026-02-23T10:51:03+00:00\",\"author\":{\"@id\":\"https:\/\/portaltela.pt\/#\/schema\/person\/c4278d4a6028830caff9ee44b42d32ed\"},\"breadcrumb\":{\"@id\":\"https:\/\/portaltela.pt\/noticias\/2026\/02\/23\/governo-alerta-portugueses-no-mexico-para-evitar-deslocacoes-em-certos-estados\/#breadcrumb\"},\"inLanguage\":\"pt-PT\",\"potentialAction\":[{\"@type\":\"ReadAction\",\"target\":[\"https:\/\/portaltela.pt\/noticias\/2026\/02\/23\/governo-alerta-portugueses-no-mexico-para-evitar-deslocacoes-em-certos-estados\/\"]}]},{\"@type\":\"ImageObject\",\"inLanguage\":\"pt-PT\",\"@id\":\"https:\/\/portaltela.pt\/noticias\/2026\/02\/23\/governo-alerta-portugueses-no-mexico-para-evitar-deslocacoes-em-certos-estados\/#primaryimage\",\"url\":\"https:\/\/portaltela.pt\/s.01k8rhncp4jt1\/2026\/02\/img_1500x1000uu2026-02-22-22-36-17-2268408.jpg\",\"contentUrl\":\"https:\/\/portaltela.pt\/s.01k8rhncp4jt1\/2026\/02\/img_1500x1000uu2026-02-22-22-36-17-2268408.jpg\",\"width\":796,\"height\":448,\"caption\":\"Governo pede a portugueses no M\u00e9xico que evitem desloca\u00e7\u00f5es desnecess\u00e1rias em alguns estados\"},{\"@type\":\"BreadcrumbList\",\"@id\":\"https:\/\/portaltela.pt\/noticias\/2026\/02\/23\/governo-alerta-portugueses-no-mexico-para-evitar-deslocacoes-em-certos-estados\/#breadcrumb\",\"itemListElement\":[{\"@type\":\"ListItem\",\"position\":1,\"name\":\"In\u00edcio\",\"item\":\"https:\/\/portaltela.pt\/\"},{\"@type\":\"ListItem\",\"position\":2,\"name\":\"Governo alerta portugueses no M\u00e9xico para evitar desloca\u00e7\u00f5es em certos estados\"}]},{\"@type\":\"WebSite\",\"@id\":\"https:\/\/portaltela.pt\/#website\",\"url\":\"https:\/\/portaltela.pt\/\",\"name\":\"Portal Tela Portugal\",\"description\":\"\",\"potentialAction\":[{\"@type\":\"SearchAction\",\"target\":{\"@type\":\"EntryPoint\",\"urlTemplate\":\"https:\/\/portaltela.pt\/?s={search_term_string}\"},\"query-input\":{\"@type\":\"PropertyValueSpecification\",\"valueRequired\":true,\"valueName\":\"search_term_string\"}}],\"inLanguage\":\"pt-PT\"},{\"@type\":\"Person\",\"@id\":\"https:\/\/portaltela.pt\/#\/schema\/person\/c4278d4a6028830caff9ee44b42d32ed\",\"name\":\"Telinha\",\"image\":{\"@type\":\"ImageObject\",\"inLanguage\":\"pt-PT\",\"@id\":\"https:\/\/portaltela.pt\/s.01k8rhncp4jt1\/2025\/11\/talking-bot-125x125.png\",\"url\":\"https:\/\/portaltela.pt\/s.01k8rhncp4jt1\/2025\/11\/talking-bot-125x125.png\",\"contentUrl\":\"https:\/\/portaltela.pt\/s.01k8rhncp4jt1\/2025\/11\/talking-bot-125x125.png\",\"caption\":\"Telinha\"},\"sameAs\":[\"https:\/\/portaltela.pt\/\"],\"url\":\"https:\/\/portaltela.pt\/por\/367410592786\/\"}]}<\/script>\n<!-- \/ Yoast SEO plugin. -->","yoast_head_json":{"title":"Governo alerta portugueses no M\u00e9xico para evitar desloca\u00e7\u00f5es em certos estados - Portal Tela Portugal","robots":{"index":"index","follow":"follow","max-snippet":"max-snippet:-1","max-image-preview":"max-image-preview:large","max-video-preview":"max-video-preview:-1"},"og_locale":"pt_PT","og_type":"article","og_title":"Governo alerta portugueses no M\u00e9xico para evitar desloca\u00e7\u00f5es em certos estados - Portal Tela Portugal","og_description":"O Minist\u00e9rio dos Neg\u00f3cios Estrangeiros pediu aos cidad\u00e3os portugueses no M\u00e9xico para evitarem desloca\u00e7\u00f5es desnecess\u00e1rias nos estados de Jalisco, Nayarit, Guanajuato, Colima, Michoac\u00e1n e Tamaulipas, devido \u00e0 degrada\u00e7\u00e3o da seguran\u00e7a ap\u00f3s a opera\u00e7\u00e3o que matou o l\u00edder de um cartel. A nota aponta dist\u00farbios p\u00fablicos, incluindo bloqueios de estradas, tiroteios e reten\u00e7\u00f5es de transeuntes, com foco em Jalisco, Guanajuato e Michoac\u00e1n. Recomendado viajar com seguro m\u00e9dico abrangente, com cobertura de gastos m\u00e9dicos e evacua\u00e7\u00e3o ou repatria\u00e7\u00e3o para o destino de origem. O MNE sugere registar as viagens na aplica\u00e7\u00e3o Registo Viajante para facilitar a atua\u00e7\u00e3o das autoridades em casos de emerg\u00eancia. O epis\u00f3dio ocorre ap\u00f3s a morte de Nemesio Oseguera, conhecido como El Mencho, l\u00edder do cartel de Jalisco, gerando viol\u00eancia e suspension de aulas em v\u00e1rios estados e encerramento de tribunais conforme necess\u00e1rio.","og_url":"https:\/\/portaltela.pt\/noticias\/2026\/02\/23\/governo-alerta-portugueses-no-mexico-para-evitar-deslocacoes-em-certos-estados\/","og_site_name":"Portal Tela Portugal","article_published_time":"2026-02-23T10:51:03+00:00","author":"Telinha","twitter_card":"summary_large_image","twitter_misc":{"Escrito por":"Telinha","Tempo estimado de leitura":"2 minutos"},"schema":{"@context":"https:\/\/schema.org","@graph":[{"@type":"Article","@id":"https:\/\/portaltela.pt\/noticias\/2026\/02\/23\/governo-alerta-portugueses-no-mexico-para-evitar-deslocacoes-em-certos-estados\/#article","isPartOf":{"@id":"https:\/\/portaltela.pt\/noticias\/2026\/02\/23\/governo-alerta-portugueses-no-mexico-para-evitar-deslocacoes-em-certos-estados\/"},"author":{"name":"Telinha","@id":"https:\/\/portaltela.pt\/#\/schema\/person\/c4278d4a6028830caff9ee44b42d32ed"},"headline":"Governo alerta portugueses no M\u00e9xico para evitar desloca\u00e7\u00f5es em certos estados","datePublished":"2026-02-23T10:51:03+00:00","mainEntityOfPage":{"@id":"https:\/\/portaltela.pt\/noticias\/2026\/02\/23\/governo-alerta-portugueses-no-mexico-para-evitar-deslocacoes-em-certos-estados\/"},"wordCount":348,"image":{"@id":"https:\/\/portaltela.pt\/noticias\/2026\/02\/23\/governo-alerta-portugueses-no-mexico-para-evitar-deslocacoes-em-certos-estados\/#primaryimage"},"thumbnailUrl":"https:\/\/portaltela.pt\/s.01k8rhncp4jt1\/2026\/02\/img_1500x1000uu2026-02-22-22-36-17-2268408.jpg","keywords":["cart\u00e9is internacionais","informa\u00e7\u00e3o internacional","Portugal","seguran\u00e7a internacional","seguran\u00e7a p\u00fablica","viagens internacionais"],"articleSection":["Not\u00edcias"],"inLanguage":"pt-PT"},{"@type":"WebPage","@id":"https:\/\/portaltela.pt\/noticias\/2026\/02\/23\/governo-alerta-portugueses-no-mexico-para-evitar-deslocacoes-em-certos-estados\/","url":"https:\/\/portaltela.pt\/noticias\/2026\/02\/23\/governo-alerta-portugueses-no-mexico-para-evitar-deslocacoes-em-certos-estados\/","name":"Governo alerta portugueses no M\u00e9xico para evitar desloca\u00e7\u00f5es em certos estados - Portal Tela Portugal","isPartOf":{"@id":"https:\/\/portaltela.pt\/#website"},"primaryImageOfPage":{"@id":"https:\/\/portaltela.pt\/noticias\/2026\/02\/23\/governo-alerta-portugueses-no-mexico-para-evitar-deslocacoes-em-certos-estados\/#primaryimage"},"image":{"@id":"https:\/\/portaltela.pt\/noticias\/2026\/02\/23\/governo-alerta-portugueses-no-mexico-para-evitar-deslocacoes-em-certos-estados\/#primaryimage"},"thumbnailUrl":"https:\/\/portaltela.pt\/s.01k8rhncp4jt1\/2026\/02\/img_1500x1000uu2026-02-22-22-36-17-2268408.jpg","datePublished":"2026-02-23T10:51:03+00:00","author":{"@id":"https:\/\/portaltela.pt\/#\/schema\/person\/c4278d4a6028830caff9ee44b42d32ed"},"breadcrumb":{"@id":"https:\/\/portaltela.pt\/noticias\/2026\/02\/23\/governo-alerta-portugueses-no-mexico-para-evitar-deslocacoes-em-certos-estados\/#breadcrumb"},"inLanguage":"pt-PT","potentialAction":[{"@type":"ReadAction","target":["https:\/\/portaltela.pt\/noticias\/2026\/02\/23\/governo-alerta-portugueses-no-mexico-para-evitar-deslocacoes-em-certos-estados\/"]}]},{"@type":"ImageObject","inLanguage":"pt-PT","@id":"https:\/\/portaltela.pt\/noticias\/2026\/02\/23\/governo-alerta-portugueses-no-mexico-para-evitar-deslocacoes-em-certos-estados\/#primaryimage","url":"https:\/\/portaltela.pt\/s.01k8rhncp4jt1\/2026\/02\/img_1500x1000uu2026-02-22-22-36-17-2268408.jpg","contentUrl":"https:\/\/portaltela.pt\/s.01k8rhncp4jt1\/2026\/02\/img_1500x1000uu2026-02-22-22-36-17-2268408.jpg","width":796,"height":448,"caption":"Governo pede a portugueses no M\u00e9xico que evitem desloca\u00e7\u00f5es desnecess\u00e1rias em alguns estados"},{"@type":"BreadcrumbList","@id":"https:\/\/portaltela.pt\/noticias\/2026\/02\/23\/governo-alerta-portugueses-no-mexico-para-evitar-deslocacoes-em-certos-estados\/#breadcrumb","itemListElement":[{"@type":"ListItem","position":1,"name":"In\u00edcio","item":"https:\/\/portaltela.pt\/"},{"@type":"ListItem","position":2,"name":"Governo alerta portugueses no M\u00e9xico para evitar desloca\u00e7\u00f5es em certos estados"}]},{"@type":"WebSite","@id":"https:\/\/portaltela.pt\/#website","url":"https:\/\/portaltela.pt\/","name":"Portal Tela Portugal","description":"","potentialAction":[{"@type":"SearchAction","target":{"@type":"EntryPoint","urlTemplate":"https:\/\/portaltela.pt\/?s={search_term_string}"},"query-input":{"@type":"PropertyValueSpecification","valueRequired":true,"valueName":"search_term_string"}}],"inLanguage":"pt-PT"},{"@type":"Person","@id":"https:\/\/portaltela.pt\/#\/schema\/person\/c4278d4a6028830caff9ee44b42d32ed","name":"Telinha","image":{"@type":"ImageObject","inLanguage":"pt-PT","@id":"https:\/\/portaltela.pt\/s.01k8rhncp4jt1\/2025\/11\/talking-bot-125x125.png","url":"https:\/\/portaltela.pt\/s.01k8rhncp4jt1\/2025\/11\/talking-bot-125x125.png","contentUrl":"https:\/\/portaltela.pt\/s.01k8rhncp4jt1\/2025\/11\/talking-bot-125x125.png","caption":"Telinha"},"sameAs":["https:\/\/portaltela.pt\/"],"url":"https:\/\/portaltela.pt\/por\/367410592786\/"}]}},"_links":{"self":[{"href":"https:\/\/portaltela.pt\/api\/wp\/v2\/posts\/222590","targetHints":{"allow":["GET"]}}],"collection":[{"href":"https:\/\/portaltela.pt\/api\/wp\/v2\/posts"}],"about":[{"href":"https:\/\/portaltela.pt\/api\/wp\/v2\/types\/post"}],"author":[{"embeddable":true,"href":"https:\/\/portaltela.pt\/api\/wp\/v2\/users\/2"}],"replies":[{"embeddable":true,"href":"https:\/\/portaltela.pt\/api\/wp\/v2\/comments?post=222590"}],"version-history":[{"count":0,"href":"https:\/\/portaltela.pt\/api\/wp\/v2\/posts\/222590\/revisions"}],"wp:featuredmedia":[{"embeddable":true,"href":"https:\/\/portaltela.pt\/api\/wp\/v2\/media\/222596"}],"wp:attachment":[{"href":"https:\/\/portaltela.pt\/api\/wp\/v2\/media?parent=222590"}],"wp:term":[{"taxonomy":"category","embeddable":true,"href":"https:\/\/portaltela.pt\/api\/wp\/v2\/categories?post=222590"},{"taxonomy":"post_tag","embeddable":true,"href":"https:\/\/portaltela.pt\/api\/wp\/v2\/tags?post=222590"}],"curies":[{"name":"wp","href":"https:\/\/api.w.org\/{rel}","templated":true}]}}