{"id":222587,"date":"2026-02-23T07:06:00","date_gmt":"2026-02-23T10:06:00","guid":{"rendered":"https:\/\/portaltela.pt\/noticias\/2026\/02\/23\/debate-sobre-sobriedade-solidariedade-e-barbarie\/"},"modified":"2026-02-23T07:06:00","modified_gmt":"2026-02-23T10:06:00","slug":"debate-sobre-sobriedade-solidariedade-e-barbarie","status":"publish","type":"post","link":"https:\/\/portaltela.pt\/noticias\/2026\/02\/23\/debate-sobre-sobriedade-solidariedade-e-barbarie\/","title":{"rendered":"Debate sobre sobriedade, solidariedade e barb\u00e1rie"},"content":{"rendered":"<p>A narrativa da transi\u00e7\u00e3o energ\u00e9tica \u00e9 apresentada como uma reden\u00e7\u00e3o: uma civiliza\u00e7\u00e3o industrial que destruiu o ambiente iria reinventar-se com energia limpa e crescimento sustent\u00e1vel. No entanto, o texto analisa a mat\u00e9ria que sustenta essa promessa, questionando a natureza da \u201ceconomia verde\u201d.<\/p>\n<p>Defende que a transi\u00e7\u00e3o depende de minerais como cobre, l\u00edtio, n\u00edquel e cobalto, entre outros. Segundo o artigo, a procura por estes metais pode exceder tudo o que foi consumido nos \u00faltimos 70 mil anos, num per\u00edodo de apenas uma d\u00e9cada.<\/p>\n<p>A pe\u00e7a afirma que extrair recursos implica escavar, lavar, descartar res\u00edduos t\u00f3xicos e consumir \u00e1gua em grande quantidade. Observa ainda que montanhas de rejeitos se formam e ecossistemas sofrem com o desenvolvimento de minas.<\/p>\n<h3>Impactos da minera\u00e7\u00e3o na transi\u00e7\u00e3o<\/h3>\n<p>O texto descreve a minera\u00e7\u00e3o como pr\u00e1tica com impactos ambientais ineg\u00e1veis, mesmo sob regimes mais regulados. A refer\u00eancia \u00e9 a no\u00e7\u00e3o de \u201cminera\u00e7\u00e3o verde\u201d como mito, associada a um capitalismo que pretende manter o crescimento material.<\/p>\n<p>O artigo sustenta que a l\u00f3gica de explora\u00e7\u00e3o n\u00e3o \u00e9 abandonada pela transi\u00e7\u00e3o; apenas muda o recurso estrat\u00e9gico. Cria-se, assim, uma nova geografia de sacrif\u00edcio para obten\u00e7\u00e3o de l\u00edtio, cobre e outros metais.<\/p>\n<p>Atrav\u00e9s de exemplos globais, aponta rios contaminados, aqu\u00edferos degradados e comunidades expostas a metais pesados. Cita casos no Brasil, Canad\u00e1, Z\u00e2mbia, Chile e Austr\u00e1lia, incluindo Portugal, para ilustrar impactos hist\u00f3ricos.<\/p>\n<h3>Caminhos e dilemas<\/h3>\n<p>O texto argumenta que o problema n\u00e3o \u00e9 apenas energ\u00e9tico: \u00e9 o volume total de mat\u00e9ria mobilizada pela economia. Em vez de reduzir a escala, afirma, a transi\u00e7\u00e3o amplia fronteiras extrativas.<\/p>\n<p>Conclui que a resposta estrutural n\u00e3o \u00e9 tecnol\u00f3gica, mas civilizacional: reduzir o metabolismo material, consumir menos energia e partilhar mais. O autor prop\u00f5e sobriedade, coopera\u00e7\u00e3o e repara\u00e7\u00e3o.<\/p>\n<p>A pe\u00e7a fecha com a perspetiva de dois caminhos: sobriedade e solidariedade ou barb\u00e1rie. Indica que mudan\u00e7as r\u00e1pidas s\u00e3o necess\u00e1rias para evitar o agravamento de conflitos e danos ecol\u00f3gicos.<\/p>\n","protected":false},"excerpt":{"rendered":"<ul>\n<li>A transi\u00e7\u00e3o energ\u00e9tica \u201cverde\u201d depende de grandes volumes de metais como cobre, l\u00edtio, n\u00edquel e terras raras, o que implica extrair mais do subsolo do que nos \u00faltimos 70 mil anos.<\/li>\n<li>A minera\u00e7\u00e3o implica escava\u00e7\u00e3o, res\u00edduos t\u00f3xicos, consumo de \u00e1gua e danos ambientais significativos, deixando ecossistemas degradados em v\u00e1rias regi\u00f5es do mundo, incluindo Portugal.<\/li>\n<li>A ideia de uma \u201cminera\u00e7\u00e3o verde\u201d \u00e9 apresentada como solu\u00e7\u00e3o, mas o texto afirma que continua a ser minera\u00e7\u00e3o com impactos devastadores e inevit\u00e1veis.<\/li>\n<li>A transi\u00e7\u00e3o reduz emiss\u00f5es em alguns locais, mas expande a fronteira extrativa global, criando novas geografias de sacrif\u00edcio e aumentando o controlo sobre recursos estrat\u00e9gicos.<\/li>\n<li>A alternativa real seria reduzir o consumo e reorganizar a sociedade, promovendo sobriedade e solidariedade em vez de expans\u00e3o cont\u00ednua; caso contr\u00e1rio, o texto alerta para a barb\u00e1rie.<\/li>\n<\/ul>\n","protected":false},"author":2,"featured_media":222592,"comment_status":"closed","ping_status":"closed","sticky":false,"template":"","format":"standard","meta":{"footnotes":""},"categories":[1],"tags":[167,755,5218,4930,3090,5577],"class_list":["post-222587","post","type-post","status-publish","format-standard","has-post-thumbnail","hentry","category-noticias","tag-ambiente","tag-desenvolvimento-sustentavel","tag-economia-verde","tag-mineracao-artesanal","tag-mineracao-sustentavel","tag-recursos"],"yoast_head":"<!-- This site is optimized with the Yoast SEO plugin v27.2 - https:\/\/yoast.com\/product\/yoast-seo-wordpress\/ -->\n<title>Debate sobre sobriedade, solidariedade e barb\u00e1rie - Portal Tela Portugal<\/title>\n<meta name=\"robots\" content=\"index, follow, max-snippet:-1, max-image-preview:large, max-video-preview:-1\" \/>\n<meta property=\"og:locale\" content=\"pt_PT\" \/>\n<meta property=\"og:type\" content=\"article\" \/>\n<meta property=\"og:title\" content=\"Debate sobre sobriedade, solidariedade e barb\u00e1rie - Portal Tela Portugal\" \/>\n<meta property=\"og:description\" content=\"A transi\u00e7\u00e3o energ\u00e9tica \u201cverde\u201d depende de grandes volumes de metais como cobre, l\u00edtio, n\u00edquel e terras raras, o que implica extrair mais do subsolo do que nos \u00faltimos 70 mil anos. A minera\u00e7\u00e3o implica escava\u00e7\u00e3o, res\u00edduos t\u00f3xicos, consumo de \u00e1gua e danos ambientais significativos, deixando ecossistemas degradados em v\u00e1rias regi\u00f5es do mundo, incluindo Portugal. A ideia de uma \u201cminera\u00e7\u00e3o verde\u201d \u00e9 apresentada como solu\u00e7\u00e3o, mas o texto afirma que continua a ser minera\u00e7\u00e3o com impactos devastadores e inevit\u00e1veis. A transi\u00e7\u00e3o reduz emiss\u00f5es em alguns locais, mas expande a fronteira extrativa global, criando novas geografias de sacrif\u00edcio e aumentando o controlo sobre recursos estrat\u00e9gicos. A alternativa real seria reduzir o consumo e reorganizar a sociedade, promovendo sobriedade e solidariedade em vez de expans\u00e3o cont\u00ednua; caso contr\u00e1rio, o texto alerta para a barb\u00e1rie.\" \/>\n<meta property=\"og:url\" content=\"https:\/\/portaltela.pt\/noticias\/2026\/02\/23\/debate-sobre-sobriedade-solidariedade-e-barbarie\/\" \/>\n<meta property=\"og:site_name\" content=\"Portal Tela Portugal\" \/>\n<meta property=\"article:published_time\" content=\"2026-02-23T10:06:00+00:00\" \/>\n<meta name=\"author\" content=\"Telinha\" \/>\n<meta name=\"twitter:card\" content=\"summary_large_image\" \/>\n<meta name=\"twitter:label1\" content=\"Escrito por\" \/>\n\t<meta name=\"twitter:data1\" content=\"Telinha\" \/>\n\t<meta name=\"twitter:label2\" content=\"Tempo estimado de leitura\" \/>\n\t<meta name=\"twitter:data2\" content=\"2 minutos\" \/>\n<script type=\"application\/ld+json\" class=\"yoast-schema-graph\">{\"@context\":\"https:\/\/schema.org\",\"@graph\":[{\"@type\":\"Article\",\"@id\":\"https:\/\/portaltela.pt\/noticias\/2026\/02\/23\/debate-sobre-sobriedade-solidariedade-e-barbarie\/#article\",\"isPartOf\":{\"@id\":\"https:\/\/portaltela.pt\/noticias\/2026\/02\/23\/debate-sobre-sobriedade-solidariedade-e-barbarie\/\"},\"author\":{\"name\":\"Telinha\",\"@id\":\"https:\/\/portaltela.pt\/#\/schema\/person\/c4278d4a6028830caff9ee44b42d32ed\"},\"headline\":\"Debate sobre sobriedade, solidariedade e barb\u00e1rie\",\"datePublished\":\"2026-02-23T10:06:00+00:00\",\"mainEntityOfPage\":{\"@id\":\"https:\/\/portaltela.pt\/noticias\/2026\/02\/23\/debate-sobre-sobriedade-solidariedade-e-barbarie\/\"},\"wordCount\":362,\"image\":{\"@id\":\"https:\/\/portaltela.pt\/noticias\/2026\/02\/23\/debate-sobre-sobriedade-solidariedade-e-barbarie\/#primaryimage\"},\"thumbnailUrl\":\"https:\/\/portaltela.pt\/s.01k8rhncp4jt1\/2026\/02\/1712341.jpg\",\"keywords\":[\"ambiente\",\"desenvolvimento sustent\u00e1vel\",\"economia verde\",\"minera\u00e7\u00e3o artesanal\",\"minera\u00e7\u00e3o sustent\u00e1vel\",\"recursos\"],\"articleSection\":[\"Not\u00edcias\"],\"inLanguage\":\"pt-PT\"},{\"@type\":\"WebPage\",\"@id\":\"https:\/\/portaltela.pt\/noticias\/2026\/02\/23\/debate-sobre-sobriedade-solidariedade-e-barbarie\/\",\"url\":\"https:\/\/portaltela.pt\/noticias\/2026\/02\/23\/debate-sobre-sobriedade-solidariedade-e-barbarie\/\",\"name\":\"Debate sobre sobriedade, solidariedade e barb\u00e1rie - Portal Tela Portugal\",\"isPartOf\":{\"@id\":\"https:\/\/portaltela.pt\/#website\"},\"primaryImageOfPage\":{\"@id\":\"https:\/\/portaltela.pt\/noticias\/2026\/02\/23\/debate-sobre-sobriedade-solidariedade-e-barbarie\/#primaryimage\"},\"image\":{\"@id\":\"https:\/\/portaltela.pt\/noticias\/2026\/02\/23\/debate-sobre-sobriedade-solidariedade-e-barbarie\/#primaryimage\"},\"thumbnailUrl\":\"https:\/\/portaltela.pt\/s.01k8rhncp4jt1\/2026\/02\/1712341.jpg\",\"datePublished\":\"2026-02-23T10:06:00+00:00\",\"author\":{\"@id\":\"https:\/\/portaltela.pt\/#\/schema\/person\/c4278d4a6028830caff9ee44b42d32ed\"},\"breadcrumb\":{\"@id\":\"https:\/\/portaltela.pt\/noticias\/2026\/02\/23\/debate-sobre-sobriedade-solidariedade-e-barbarie\/#breadcrumb\"},\"inLanguage\":\"pt-PT\",\"potentialAction\":[{\"@type\":\"ReadAction\",\"target\":[\"https:\/\/portaltela.pt\/noticias\/2026\/02\/23\/debate-sobre-sobriedade-solidariedade-e-barbarie\/\"]}]},{\"@type\":\"ImageObject\",\"inLanguage\":\"pt-PT\",\"@id\":\"https:\/\/portaltela.pt\/noticias\/2026\/02\/23\/debate-sobre-sobriedade-solidariedade-e-barbarie\/#primaryimage\",\"url\":\"https:\/\/portaltela.pt\/s.01k8rhncp4jt1\/2026\/02\/1712341.jpg\",\"contentUrl\":\"https:\/\/portaltela.pt\/s.01k8rhncp4jt1\/2026\/02\/1712341.jpg\",\"width\":796,\"height\":448,\"caption\":\"Photo\"},{\"@type\":\"BreadcrumbList\",\"@id\":\"https:\/\/portaltela.pt\/noticias\/2026\/02\/23\/debate-sobre-sobriedade-solidariedade-e-barbarie\/#breadcrumb\",\"itemListElement\":[{\"@type\":\"ListItem\",\"position\":1,\"name\":\"In\u00edcio\",\"item\":\"https:\/\/portaltela.pt\/\"},{\"@type\":\"ListItem\",\"position\":2,\"name\":\"Debate sobre sobriedade, solidariedade e barb\u00e1rie\"}]},{\"@type\":\"WebSite\",\"@id\":\"https:\/\/portaltela.pt\/#website\",\"url\":\"https:\/\/portaltela.pt\/\",\"name\":\"Portal Tela Portugal\",\"description\":\"\",\"potentialAction\":[{\"@type\":\"SearchAction\",\"target\":{\"@type\":\"EntryPoint\",\"urlTemplate\":\"https:\/\/portaltela.pt\/?s={search_term_string}\"},\"query-input\":{\"@type\":\"PropertyValueSpecification\",\"valueRequired\":true,\"valueName\":\"search_term_string\"}}],\"inLanguage\":\"pt-PT\"},{\"@type\":\"Person\",\"@id\":\"https:\/\/portaltela.pt\/#\/schema\/person\/c4278d4a6028830caff9ee44b42d32ed\",\"name\":\"Telinha\",\"image\":{\"@type\":\"ImageObject\",\"inLanguage\":\"pt-PT\",\"@id\":\"https:\/\/portaltela.pt\/s.01k8rhncp4jt1\/2025\/11\/talking-bot-125x125.png\",\"url\":\"https:\/\/portaltela.pt\/s.01k8rhncp4jt1\/2025\/11\/talking-bot-125x125.png\",\"contentUrl\":\"https:\/\/portaltela.pt\/s.01k8rhncp4jt1\/2025\/11\/talking-bot-125x125.png\",\"caption\":\"Telinha\"},\"sameAs\":[\"https:\/\/portaltela.pt\/\"],\"url\":\"https:\/\/portaltela.pt\/por\/367410592786\/\"}]}<\/script>\n<!-- \/ Yoast SEO plugin. -->","yoast_head_json":{"title":"Debate sobre sobriedade, solidariedade e barb\u00e1rie - Portal Tela Portugal","robots":{"index":"index","follow":"follow","max-snippet":"max-snippet:-1","max-image-preview":"max-image-preview:large","max-video-preview":"max-video-preview:-1"},"og_locale":"pt_PT","og_type":"article","og_title":"Debate sobre sobriedade, solidariedade e barb\u00e1rie - Portal Tela Portugal","og_description":"A transi\u00e7\u00e3o energ\u00e9tica \u201cverde\u201d depende de grandes volumes de metais como cobre, l\u00edtio, n\u00edquel e terras raras, o que implica extrair mais do subsolo do que nos \u00faltimos 70 mil anos. A minera\u00e7\u00e3o implica escava\u00e7\u00e3o, res\u00edduos t\u00f3xicos, consumo de \u00e1gua e danos ambientais significativos, deixando ecossistemas degradados em v\u00e1rias regi\u00f5es do mundo, incluindo Portugal. A ideia de uma \u201cminera\u00e7\u00e3o verde\u201d \u00e9 apresentada como solu\u00e7\u00e3o, mas o texto afirma que continua a ser minera\u00e7\u00e3o com impactos devastadores e inevit\u00e1veis. A transi\u00e7\u00e3o reduz emiss\u00f5es em alguns locais, mas expande a fronteira extrativa global, criando novas geografias de sacrif\u00edcio e aumentando o controlo sobre recursos estrat\u00e9gicos. A alternativa real seria reduzir o consumo e reorganizar a sociedade, promovendo sobriedade e solidariedade em vez de expans\u00e3o cont\u00ednua; caso contr\u00e1rio, o texto alerta para a barb\u00e1rie.","og_url":"https:\/\/portaltela.pt\/noticias\/2026\/02\/23\/debate-sobre-sobriedade-solidariedade-e-barbarie\/","og_site_name":"Portal Tela Portugal","article_published_time":"2026-02-23T10:06:00+00:00","author":"Telinha","twitter_card":"summary_large_image","twitter_misc":{"Escrito por":"Telinha","Tempo estimado de leitura":"2 minutos"},"schema":{"@context":"https:\/\/schema.org","@graph":[{"@type":"Article","@id":"https:\/\/portaltela.pt\/noticias\/2026\/02\/23\/debate-sobre-sobriedade-solidariedade-e-barbarie\/#article","isPartOf":{"@id":"https:\/\/portaltela.pt\/noticias\/2026\/02\/23\/debate-sobre-sobriedade-solidariedade-e-barbarie\/"},"author":{"name":"Telinha","@id":"https:\/\/portaltela.pt\/#\/schema\/person\/c4278d4a6028830caff9ee44b42d32ed"},"headline":"Debate sobre sobriedade, solidariedade e barb\u00e1rie","datePublished":"2026-02-23T10:06:00+00:00","mainEntityOfPage":{"@id":"https:\/\/portaltela.pt\/noticias\/2026\/02\/23\/debate-sobre-sobriedade-solidariedade-e-barbarie\/"},"wordCount":362,"image":{"@id":"https:\/\/portaltela.pt\/noticias\/2026\/02\/23\/debate-sobre-sobriedade-solidariedade-e-barbarie\/#primaryimage"},"thumbnailUrl":"https:\/\/portaltela.pt\/s.01k8rhncp4jt1\/2026\/02\/1712341.jpg","keywords":["ambiente","desenvolvimento sustent\u00e1vel","economia verde","minera\u00e7\u00e3o artesanal","minera\u00e7\u00e3o sustent\u00e1vel","recursos"],"articleSection":["Not\u00edcias"],"inLanguage":"pt-PT"},{"@type":"WebPage","@id":"https:\/\/portaltela.pt\/noticias\/2026\/02\/23\/debate-sobre-sobriedade-solidariedade-e-barbarie\/","url":"https:\/\/portaltela.pt\/noticias\/2026\/02\/23\/debate-sobre-sobriedade-solidariedade-e-barbarie\/","name":"Debate sobre sobriedade, solidariedade e barb\u00e1rie - Portal Tela Portugal","isPartOf":{"@id":"https:\/\/portaltela.pt\/#website"},"primaryImageOfPage":{"@id":"https:\/\/portaltela.pt\/noticias\/2026\/02\/23\/debate-sobre-sobriedade-solidariedade-e-barbarie\/#primaryimage"},"image":{"@id":"https:\/\/portaltela.pt\/noticias\/2026\/02\/23\/debate-sobre-sobriedade-solidariedade-e-barbarie\/#primaryimage"},"thumbnailUrl":"https:\/\/portaltela.pt\/s.01k8rhncp4jt1\/2026\/02\/1712341.jpg","datePublished":"2026-02-23T10:06:00+00:00","author":{"@id":"https:\/\/portaltela.pt\/#\/schema\/person\/c4278d4a6028830caff9ee44b42d32ed"},"breadcrumb":{"@id":"https:\/\/portaltela.pt\/noticias\/2026\/02\/23\/debate-sobre-sobriedade-solidariedade-e-barbarie\/#breadcrumb"},"inLanguage":"pt-PT","potentialAction":[{"@type":"ReadAction","target":["https:\/\/portaltela.pt\/noticias\/2026\/02\/23\/debate-sobre-sobriedade-solidariedade-e-barbarie\/"]}]},{"@type":"ImageObject","inLanguage":"pt-PT","@id":"https:\/\/portaltela.pt\/noticias\/2026\/02\/23\/debate-sobre-sobriedade-solidariedade-e-barbarie\/#primaryimage","url":"https:\/\/portaltela.pt\/s.01k8rhncp4jt1\/2026\/02\/1712341.jpg","contentUrl":"https:\/\/portaltela.pt\/s.01k8rhncp4jt1\/2026\/02\/1712341.jpg","width":796,"height":448,"caption":"Photo"},{"@type":"BreadcrumbList","@id":"https:\/\/portaltela.pt\/noticias\/2026\/02\/23\/debate-sobre-sobriedade-solidariedade-e-barbarie\/#breadcrumb","itemListElement":[{"@type":"ListItem","position":1,"name":"In\u00edcio","item":"https:\/\/portaltela.pt\/"},{"@type":"ListItem","position":2,"name":"Debate sobre sobriedade, solidariedade e barb\u00e1rie"}]},{"@type":"WebSite","@id":"https:\/\/portaltela.pt\/#website","url":"https:\/\/portaltela.pt\/","name":"Portal Tela Portugal","description":"","potentialAction":[{"@type":"SearchAction","target":{"@type":"EntryPoint","urlTemplate":"https:\/\/portaltela.pt\/?s={search_term_string}"},"query-input":{"@type":"PropertyValueSpecification","valueRequired":true,"valueName":"search_term_string"}}],"inLanguage":"pt-PT"},{"@type":"Person","@id":"https:\/\/portaltela.pt\/#\/schema\/person\/c4278d4a6028830caff9ee44b42d32ed","name":"Telinha","image":{"@type":"ImageObject","inLanguage":"pt-PT","@id":"https:\/\/portaltela.pt\/s.01k8rhncp4jt1\/2025\/11\/talking-bot-125x125.png","url":"https:\/\/portaltela.pt\/s.01k8rhncp4jt1\/2025\/11\/talking-bot-125x125.png","contentUrl":"https:\/\/portaltela.pt\/s.01k8rhncp4jt1\/2025\/11\/talking-bot-125x125.png","caption":"Telinha"},"sameAs":["https:\/\/portaltela.pt\/"],"url":"https:\/\/portaltela.pt\/por\/367410592786\/"}]}},"_links":{"self":[{"href":"https:\/\/portaltela.pt\/api\/wp\/v2\/posts\/222587","targetHints":{"allow":["GET"]}}],"collection":[{"href":"https:\/\/portaltela.pt\/api\/wp\/v2\/posts"}],"about":[{"href":"https:\/\/portaltela.pt\/api\/wp\/v2\/types\/post"}],"author":[{"embeddable":true,"href":"https:\/\/portaltela.pt\/api\/wp\/v2\/users\/2"}],"replies":[{"embeddable":true,"href":"https:\/\/portaltela.pt\/api\/wp\/v2\/comments?post=222587"}],"version-history":[{"count":0,"href":"https:\/\/portaltela.pt\/api\/wp\/v2\/posts\/222587\/revisions"}],"wp:featuredmedia":[{"embeddable":true,"href":"https:\/\/portaltela.pt\/api\/wp\/v2\/media\/222592"}],"wp:attachment":[{"href":"https:\/\/portaltela.pt\/api\/wp\/v2\/media?parent=222587"}],"wp:term":[{"taxonomy":"category","embeddable":true,"href":"https:\/\/portaltela.pt\/api\/wp\/v2\/categories?post=222587"},{"taxonomy":"post_tag","embeddable":true,"href":"https:\/\/portaltela.pt\/api\/wp\/v2\/tags?post=222587"}],"curies":[{"name":"wp","href":"https:\/\/api.w.org\/{rel}","templated":true}]}}