{"id":222584,"date":"2026-02-23T07:00:00","date_gmt":"2026-02-23T10:00:00","guid":{"rendered":"https:\/\/portaltela.pt\/noticias\/2026\/02\/23\/ines-monstro-estreia-femme-fatale-segundo-tema-de-album-para-2026\/"},"modified":"2026-02-23T07:00:00","modified_gmt":"2026-02-23T10:00:00","slug":"ines-monstro-estreia-femme-fatale-segundo-tema-de-album-para-2026","status":"publish","type":"post","link":"https:\/\/portaltela.pt\/noticias\/2026\/02\/23\/ines-monstro-estreia-femme-fatale-segundo-tema-de-album-para-2026\/","title":{"rendered":"In\u00eas Monstro estreia Femme fatale, segundo tema de \u00e1lbum para 2026"},"content":{"rendered":"<p>In\u00eas Monstro lan\u00e7a Femme fatale, o segundo tema do pr\u00f3ximo \u00e1lbum, previsto para 2026. O single chega acompanhado de um videoclipe e marca a colabora\u00e7\u00e3o entre a cantora e o m\u00fasico Choro, que assegura a produ\u00e7\u00e3o, mistura, masteriza\u00e7\u00e3o e a parte instrumental.<\/p>\n<p>A letra \u00e9 de In\u00eas Monstro e a m\u00fasica resulta de uma parceria com Choro. A artista descreve a faixa como uma oportunidade para afirmar a sua personalidade, numa fase de autoexplora\u00e7\u00e3o criativa, com foco no empoderamento feminino. O videoclip foi gravado em v\u00e1rios espa\u00e7os da vida nocturna de Lisboa e tem a dire\u00e7\u00e3o de Rafaela Lopes.<\/p>\n<h3>Sobre In\u00eas Monstro<\/h3>\n<p>Nascida In\u00eas de Sousa Laranjeira, em Alcochete, em 1993, a artista dedicou-se \u00e0s artes desde jovem, estudando Canto e licenciando-se em Teatro pela Escola Superior de Teatro e Cinema, em Lisboa. Ficou conhecida ao participar no programa \u00cddolos, da SIC, em 2009, quando tinha 16 anos. Al\u00e9m da m\u00fasica, a artista atua como actriz e performer, colaborando com criadores nacionais e internacionais.<\/p>\n<h3>Carreira musical recente<\/h3>\n<p>O primeiro \u00e1lbum, intitulado Brilho, foi lan\u00e7ado em outubro de 2023 e recebeu avalia\u00e7\u00e3o positiva da cr\u00edtica. Em 2025 chegou o single Ant\u00eddoto, escrito em parceria com Conan Os\u00edris, marcando o in\u00edcio da prepara\u00e7\u00e3o para o segundo \u00e1lbum, com edi\u00e7\u00e3o prevista para o segundo semestre de 2026.<\/p>\n<h3>Perspectivas futuras<\/h3>\n<p>Femme fatale \u00e9 apresentado como um passo relevante na trajet\u00f3ria da artista, refor\u00e7ando a aposta numa identidade mais marcada. O pr\u00f3ximo \u00e1lbum dever\u00e1 ampliar a colabora\u00e7\u00e3o com produtores e m\u00fasicos, mantendo o foco em sonoridades pr\u00f3prias e narrativas pessoais. A agenda de lan\u00e7amento completa ainda n\u00e3o foi anunciada.<\/p>\n","protected":false},"excerpt":{"rendered":"<ul>\n<li>In\u00eas Monstro estreia o single Femme fatale, com videoclipe, marcando o segundo tema do \u00e1lbum que dever\u00e1 chegar ao p\u00fablico no segundo semestre de 2026.<\/li>\n<li>O projeto segue o \u00e1lbum Brilho, lan\u00e7ado em outubro de 2023, que teve boa rece\u00e7\u00e3o cr\u00edtica, e o single Ant\u00eddoto, escrito em parceria com Conan Os\u00edris, lan\u00e7ado em 2025.<\/li>\n<li>Femme fatale tem letra da pr\u00f3pria artista e m\u00fasica em parceria com Choro, que ficou respons\u00e1vel pela produ\u00e7\u00e3o, mistura, masteriza\u00e7\u00e3o e parte instrumental.<\/li>\n<li>O videoclip foi gravado em diversos espa\u00e7os da noite lisboeta, com a dire\u00e7\u00e3o de Rafaela Lopes.<\/li>\n<li>In\u00eas de Sousa Laranjeira nasceu em 1993 em Alcochete, destacou-se no programa \u00cddolos em 2009, e tem desenvolvido carreira como cantora, atriz e performer, com colabora\u00e7\u00f5es nacionais e internacionais.<\/li>\n<\/ul>\n","protected":false},"author":2,"featured_media":222586,"comment_status":"closed","ping_status":"closed","sticky":false,"template":"","format":"standard","meta":{"footnotes":""},"categories":[12,1],"tags":[762,6163,2870,981,122,4363],"class_list":["post-222584","post","type-post","status-publish","format-standard","has-post-thumbnail","hentry","category-entretenimento","category-noticias","tag-artistas","tag-cantores","tag-colaboracoes-internacionais","tag-lisboa","tag-musica","tag-musicos"],"yoast_head":"<!-- This site is optimized with the Yoast SEO plugin v27.2 - https:\/\/yoast.com\/product\/yoast-seo-wordpress\/ -->\n<title>In\u00eas Monstro estreia Femme fatale, segundo tema de \u00e1lbum para 2026 - Portal Tela Portugal<\/title>\n<meta name=\"robots\" content=\"index, follow, max-snippet:-1, max-image-preview:large, max-video-preview:-1\" \/>\n<meta property=\"og:locale\" content=\"pt_PT\" \/>\n<meta property=\"og:type\" content=\"article\" \/>\n<meta property=\"og:title\" content=\"In\u00eas Monstro estreia Femme fatale, segundo tema de \u00e1lbum para 2026 - Portal Tela Portugal\" \/>\n<meta property=\"og:description\" content=\"In\u00eas Monstro estreia o single Femme fatale, com videoclipe, marcando o segundo tema do \u00e1lbum que dever\u00e1 chegar ao p\u00fablico no segundo semestre de 2026. O projeto segue o \u00e1lbum Brilho, lan\u00e7ado em outubro de 2023, que teve boa rece\u00e7\u00e3o cr\u00edtica, e o single Ant\u00eddoto, escrito em parceria com Conan Os\u00edris, lan\u00e7ado em 2025. Femme fatale tem letra da pr\u00f3pria artista e m\u00fasica em parceria com Choro, que ficou respons\u00e1vel pela produ\u00e7\u00e3o, mistura, masteriza\u00e7\u00e3o e parte instrumental. O videoclip foi gravado em diversos espa\u00e7os da noite lisboeta, com a dire\u00e7\u00e3o de Rafaela Lopes. In\u00eas de Sousa Laranjeira nasceu em 1993 em Alcochete, destacou-se no programa \u00cddolos em 2009, e tem desenvolvido carreira como cantora, atriz e performer, com colabora\u00e7\u00f5es nacionais e internacionais.\" \/>\n<meta property=\"og:url\" content=\"https:\/\/portaltela.pt\/noticias\/2026\/02\/23\/ines-monstro-estreia-femme-fatale-segundo-tema-de-album-para-2026\/\" \/>\n<meta property=\"og:site_name\" content=\"Portal Tela Portugal\" \/>\n<meta property=\"article:published_time\" content=\"2026-02-23T10:00:00+00:00\" \/>\n<meta name=\"author\" content=\"Telinha\" \/>\n<meta name=\"twitter:card\" content=\"summary_large_image\" \/>\n<meta name=\"twitter:label1\" content=\"Escrito por\" \/>\n\t<meta name=\"twitter:data1\" content=\"Telinha\" \/>\n\t<meta name=\"twitter:label2\" content=\"Tempo estimado de leitura\" \/>\n\t<meta name=\"twitter:data2\" content=\"1 minuto\" \/>\n<script type=\"application\/ld+json\" class=\"yoast-schema-graph\">{\"@context\":\"https:\/\/schema.org\",\"@graph\":[{\"@type\":\"Article\",\"@id\":\"https:\/\/portaltela.pt\/noticias\/2026\/02\/23\/ines-monstro-estreia-femme-fatale-segundo-tema-de-album-para-2026\/#article\",\"isPartOf\":{\"@id\":\"https:\/\/portaltela.pt\/noticias\/2026\/02\/23\/ines-monstro-estreia-femme-fatale-segundo-tema-de-album-para-2026\/\"},\"author\":{\"name\":\"Telinha\",\"@id\":\"https:\/\/portaltela.pt\/#\/schema\/person\/c4278d4a6028830caff9ee44b42d32ed\"},\"headline\":\"In\u00eas Monstro estreia Femme fatale, segundo tema de \u00e1lbum para 2026\",\"datePublished\":\"2026-02-23T10:00:00+00:00\",\"mainEntityOfPage\":{\"@id\":\"https:\/\/portaltela.pt\/noticias\/2026\/02\/23\/ines-monstro-estreia-femme-fatale-segundo-tema-de-album-para-2026\/\"},\"wordCount\":299,\"image\":{\"@id\":\"https:\/\/portaltela.pt\/noticias\/2026\/02\/23\/ines-monstro-estreia-femme-fatale-segundo-tema-de-album-para-2026\/#primaryimage\"},\"thumbnailUrl\":\"https:\/\/portaltela.pt\/s.01k8rhncp4jt1\/2026\/02\/Monstro97639.jpg\",\"keywords\":[\"artistas\",\"cantores\",\"colabora\u00e7\u00f5es internacionais\",\"Lisboa\",\"m\u00fasica\",\"m\u00fasicos\"],\"articleSection\":[\"Entretenimento\",\"Not\u00edcias\"],\"inLanguage\":\"pt-PT\"},{\"@type\":\"WebPage\",\"@id\":\"https:\/\/portaltela.pt\/noticias\/2026\/02\/23\/ines-monstro-estreia-femme-fatale-segundo-tema-de-album-para-2026\/\",\"url\":\"https:\/\/portaltela.pt\/noticias\/2026\/02\/23\/ines-monstro-estreia-femme-fatale-segundo-tema-de-album-para-2026\/\",\"name\":\"In\u00eas Monstro estreia Femme fatale, segundo tema de \u00e1lbum para 2026 - Portal Tela Portugal\",\"isPartOf\":{\"@id\":\"https:\/\/portaltela.pt\/#website\"},\"primaryImageOfPage\":{\"@id\":\"https:\/\/portaltela.pt\/noticias\/2026\/02\/23\/ines-monstro-estreia-femme-fatale-segundo-tema-de-album-para-2026\/#primaryimage\"},\"image\":{\"@id\":\"https:\/\/portaltela.pt\/noticias\/2026\/02\/23\/ines-monstro-estreia-femme-fatale-segundo-tema-de-album-para-2026\/#primaryimage\"},\"thumbnailUrl\":\"https:\/\/portaltela.pt\/s.01k8rhncp4jt1\/2026\/02\/Monstro97639.jpg\",\"datePublished\":\"2026-02-23T10:00:00+00:00\",\"author\":{\"@id\":\"https:\/\/portaltela.pt\/#\/schema\/person\/c4278d4a6028830caff9ee44b42d32ed\"},\"breadcrumb\":{\"@id\":\"https:\/\/portaltela.pt\/noticias\/2026\/02\/23\/ines-monstro-estreia-femme-fatale-segundo-tema-de-album-para-2026\/#breadcrumb\"},\"inLanguage\":\"pt-PT\",\"potentialAction\":[{\"@type\":\"ReadAction\",\"target\":[\"https:\/\/portaltela.pt\/noticias\/2026\/02\/23\/ines-monstro-estreia-femme-fatale-segundo-tema-de-album-para-2026\/\"]}]},{\"@type\":\"ImageObject\",\"inLanguage\":\"pt-PT\",\"@id\":\"https:\/\/portaltela.pt\/noticias\/2026\/02\/23\/ines-monstro-estreia-femme-fatale-segundo-tema-de-album-para-2026\/#primaryimage\",\"url\":\"https:\/\/portaltela.pt\/s.01k8rhncp4jt1\/2026\/02\/Monstro97639.jpg\",\"contentUrl\":\"https:\/\/portaltela.pt\/s.01k8rhncp4jt1\/2026\/02\/Monstro97639.jpg\",\"width\":796,\"height\":448,\"caption\":\"Photo\"},{\"@type\":\"BreadcrumbList\",\"@id\":\"https:\/\/portaltela.pt\/noticias\/2026\/02\/23\/ines-monstro-estreia-femme-fatale-segundo-tema-de-album-para-2026\/#breadcrumb\",\"itemListElement\":[{\"@type\":\"ListItem\",\"position\":1,\"name\":\"In\u00edcio\",\"item\":\"https:\/\/portaltela.pt\/\"},{\"@type\":\"ListItem\",\"position\":2,\"name\":\"In\u00eas Monstro estreia Femme fatale, segundo tema de \u00e1lbum para 2026\"}]},{\"@type\":\"WebSite\",\"@id\":\"https:\/\/portaltela.pt\/#website\",\"url\":\"https:\/\/portaltela.pt\/\",\"name\":\"Portal Tela Portugal\",\"description\":\"\",\"potentialAction\":[{\"@type\":\"SearchAction\",\"target\":{\"@type\":\"EntryPoint\",\"urlTemplate\":\"https:\/\/portaltela.pt\/?s={search_term_string}\"},\"query-input\":{\"@type\":\"PropertyValueSpecification\",\"valueRequired\":true,\"valueName\":\"search_term_string\"}}],\"inLanguage\":\"pt-PT\"},{\"@type\":\"Person\",\"@id\":\"https:\/\/portaltela.pt\/#\/schema\/person\/c4278d4a6028830caff9ee44b42d32ed\",\"name\":\"Telinha\",\"image\":{\"@type\":\"ImageObject\",\"inLanguage\":\"pt-PT\",\"@id\":\"https:\/\/portaltela.pt\/s.01k8rhncp4jt1\/2025\/11\/talking-bot-125x125.png\",\"url\":\"https:\/\/portaltela.pt\/s.01k8rhncp4jt1\/2025\/11\/talking-bot-125x125.png\",\"contentUrl\":\"https:\/\/portaltela.pt\/s.01k8rhncp4jt1\/2025\/11\/talking-bot-125x125.png\",\"caption\":\"Telinha\"},\"sameAs\":[\"https:\/\/portaltela.pt\/\"],\"url\":\"https:\/\/portaltela.pt\/por\/367410592786\/\"}]}<\/script>\n<!-- \/ Yoast SEO plugin. -->","yoast_head_json":{"title":"In\u00eas Monstro estreia Femme fatale, segundo tema de \u00e1lbum para 2026 - Portal Tela Portugal","robots":{"index":"index","follow":"follow","max-snippet":"max-snippet:-1","max-image-preview":"max-image-preview:large","max-video-preview":"max-video-preview:-1"},"og_locale":"pt_PT","og_type":"article","og_title":"In\u00eas Monstro estreia Femme fatale, segundo tema de \u00e1lbum para 2026 - Portal Tela Portugal","og_description":"In\u00eas Monstro estreia o single Femme fatale, com videoclipe, marcando o segundo tema do \u00e1lbum que dever\u00e1 chegar ao p\u00fablico no segundo semestre de 2026. O projeto segue o \u00e1lbum Brilho, lan\u00e7ado em outubro de 2023, que teve boa rece\u00e7\u00e3o cr\u00edtica, e o single Ant\u00eddoto, escrito em parceria com Conan Os\u00edris, lan\u00e7ado em 2025. Femme fatale tem letra da pr\u00f3pria artista e m\u00fasica em parceria com Choro, que ficou respons\u00e1vel pela produ\u00e7\u00e3o, mistura, masteriza\u00e7\u00e3o e parte instrumental. O videoclip foi gravado em diversos espa\u00e7os da noite lisboeta, com a dire\u00e7\u00e3o de Rafaela Lopes. In\u00eas de Sousa Laranjeira nasceu em 1993 em Alcochete, destacou-se no programa \u00cddolos em 2009, e tem desenvolvido carreira como cantora, atriz e performer, com colabora\u00e7\u00f5es nacionais e internacionais.","og_url":"https:\/\/portaltela.pt\/noticias\/2026\/02\/23\/ines-monstro-estreia-femme-fatale-segundo-tema-de-album-para-2026\/","og_site_name":"Portal Tela Portugal","article_published_time":"2026-02-23T10:00:00+00:00","author":"Telinha","twitter_card":"summary_large_image","twitter_misc":{"Escrito por":"Telinha","Tempo estimado de leitura":"1 minuto"},"schema":{"@context":"https:\/\/schema.org","@graph":[{"@type":"Article","@id":"https:\/\/portaltela.pt\/noticias\/2026\/02\/23\/ines-monstro-estreia-femme-fatale-segundo-tema-de-album-para-2026\/#article","isPartOf":{"@id":"https:\/\/portaltela.pt\/noticias\/2026\/02\/23\/ines-monstro-estreia-femme-fatale-segundo-tema-de-album-para-2026\/"},"author":{"name":"Telinha","@id":"https:\/\/portaltela.pt\/#\/schema\/person\/c4278d4a6028830caff9ee44b42d32ed"},"headline":"In\u00eas Monstro estreia Femme fatale, segundo tema de \u00e1lbum para 2026","datePublished":"2026-02-23T10:00:00+00:00","mainEntityOfPage":{"@id":"https:\/\/portaltela.pt\/noticias\/2026\/02\/23\/ines-monstro-estreia-femme-fatale-segundo-tema-de-album-para-2026\/"},"wordCount":299,"image":{"@id":"https:\/\/portaltela.pt\/noticias\/2026\/02\/23\/ines-monstro-estreia-femme-fatale-segundo-tema-de-album-para-2026\/#primaryimage"},"thumbnailUrl":"https:\/\/portaltela.pt\/s.01k8rhncp4jt1\/2026\/02\/Monstro97639.jpg","keywords":["artistas","cantores","colabora\u00e7\u00f5es internacionais","Lisboa","m\u00fasica","m\u00fasicos"],"articleSection":["Entretenimento","Not\u00edcias"],"inLanguage":"pt-PT"},{"@type":"WebPage","@id":"https:\/\/portaltela.pt\/noticias\/2026\/02\/23\/ines-monstro-estreia-femme-fatale-segundo-tema-de-album-para-2026\/","url":"https:\/\/portaltela.pt\/noticias\/2026\/02\/23\/ines-monstro-estreia-femme-fatale-segundo-tema-de-album-para-2026\/","name":"In\u00eas Monstro estreia Femme fatale, segundo tema de \u00e1lbum para 2026 - Portal Tela Portugal","isPartOf":{"@id":"https:\/\/portaltela.pt\/#website"},"primaryImageOfPage":{"@id":"https:\/\/portaltela.pt\/noticias\/2026\/02\/23\/ines-monstro-estreia-femme-fatale-segundo-tema-de-album-para-2026\/#primaryimage"},"image":{"@id":"https:\/\/portaltela.pt\/noticias\/2026\/02\/23\/ines-monstro-estreia-femme-fatale-segundo-tema-de-album-para-2026\/#primaryimage"},"thumbnailUrl":"https:\/\/portaltela.pt\/s.01k8rhncp4jt1\/2026\/02\/Monstro97639.jpg","datePublished":"2026-02-23T10:00:00+00:00","author":{"@id":"https:\/\/portaltela.pt\/#\/schema\/person\/c4278d4a6028830caff9ee44b42d32ed"},"breadcrumb":{"@id":"https:\/\/portaltela.pt\/noticias\/2026\/02\/23\/ines-monstro-estreia-femme-fatale-segundo-tema-de-album-para-2026\/#breadcrumb"},"inLanguage":"pt-PT","potentialAction":[{"@type":"ReadAction","target":["https:\/\/portaltela.pt\/noticias\/2026\/02\/23\/ines-monstro-estreia-femme-fatale-segundo-tema-de-album-para-2026\/"]}]},{"@type":"ImageObject","inLanguage":"pt-PT","@id":"https:\/\/portaltela.pt\/noticias\/2026\/02\/23\/ines-monstro-estreia-femme-fatale-segundo-tema-de-album-para-2026\/#primaryimage","url":"https:\/\/portaltela.pt\/s.01k8rhncp4jt1\/2026\/02\/Monstro97639.jpg","contentUrl":"https:\/\/portaltela.pt\/s.01k8rhncp4jt1\/2026\/02\/Monstro97639.jpg","width":796,"height":448,"caption":"Photo"},{"@type":"BreadcrumbList","@id":"https:\/\/portaltela.pt\/noticias\/2026\/02\/23\/ines-monstro-estreia-femme-fatale-segundo-tema-de-album-para-2026\/#breadcrumb","itemListElement":[{"@type":"ListItem","position":1,"name":"In\u00edcio","item":"https:\/\/portaltela.pt\/"},{"@type":"ListItem","position":2,"name":"In\u00eas Monstro estreia Femme fatale, segundo tema de \u00e1lbum para 2026"}]},{"@type":"WebSite","@id":"https:\/\/portaltela.pt\/#website","url":"https:\/\/portaltela.pt\/","name":"Portal Tela Portugal","description":"","potentialAction":[{"@type":"SearchAction","target":{"@type":"EntryPoint","urlTemplate":"https:\/\/portaltela.pt\/?s={search_term_string}"},"query-input":{"@type":"PropertyValueSpecification","valueRequired":true,"valueName":"search_term_string"}}],"inLanguage":"pt-PT"},{"@type":"Person","@id":"https:\/\/portaltela.pt\/#\/schema\/person\/c4278d4a6028830caff9ee44b42d32ed","name":"Telinha","image":{"@type":"ImageObject","inLanguage":"pt-PT","@id":"https:\/\/portaltela.pt\/s.01k8rhncp4jt1\/2025\/11\/talking-bot-125x125.png","url":"https:\/\/portaltela.pt\/s.01k8rhncp4jt1\/2025\/11\/talking-bot-125x125.png","contentUrl":"https:\/\/portaltela.pt\/s.01k8rhncp4jt1\/2025\/11\/talking-bot-125x125.png","caption":"Telinha"},"sameAs":["https:\/\/portaltela.pt\/"],"url":"https:\/\/portaltela.pt\/por\/367410592786\/"}]}},"_links":{"self":[{"href":"https:\/\/portaltela.pt\/api\/wp\/v2\/posts\/222584","targetHints":{"allow":["GET"]}}],"collection":[{"href":"https:\/\/portaltela.pt\/api\/wp\/v2\/posts"}],"about":[{"href":"https:\/\/portaltela.pt\/api\/wp\/v2\/types\/post"}],"author":[{"embeddable":true,"href":"https:\/\/portaltela.pt\/api\/wp\/v2\/users\/2"}],"replies":[{"embeddable":true,"href":"https:\/\/portaltela.pt\/api\/wp\/v2\/comments?post=222584"}],"version-history":[{"count":0,"href":"https:\/\/portaltela.pt\/api\/wp\/v2\/posts\/222584\/revisions"}],"wp:featuredmedia":[{"embeddable":true,"href":"https:\/\/portaltela.pt\/api\/wp\/v2\/media\/222586"}],"wp:attachment":[{"href":"https:\/\/portaltela.pt\/api\/wp\/v2\/media?parent=222584"}],"wp:term":[{"taxonomy":"category","embeddable":true,"href":"https:\/\/portaltela.pt\/api\/wp\/v2\/categories?post=222584"},{"taxonomy":"post_tag","embeddable":true,"href":"https:\/\/portaltela.pt\/api\/wp\/v2\/tags?post=222584"}],"curies":[{"name":"wp","href":"https:\/\/api.w.org\/{rel}","templated":true}]}}