{"id":222570,"date":"2026-02-23T07:40:00","date_gmt":"2026-02-23T10:40:00","guid":{"rendered":"https:\/\/portaltela.pt\/noticias\/2026\/02\/23\/ex-conselheiro-do-presidente-sao-tomense-detido-procurado-pela-interpol\/"},"modified":"2026-02-23T07:40:00","modified_gmt":"2026-02-23T10:40:00","slug":"ex-conselheiro-do-presidente-sao-tomense-detido-procurado-pela-interpol","status":"publish","type":"post","link":"https:\/\/portaltela.pt\/noticias\/internacional\/2026\/02\/23\/ex-conselheiro-do-presidente-sao-tomense-detido-procurado-pela-interpol\/","title":{"rendered":"Ex-conselheiro do Presidente s\u00e3o-tomense detido, procurado pela Interpol"},"content":{"rendered":"<p>Um homem de nacionalidade sueca, procurado pela Interpol, foi detido pela Pol\u00edcia Judici\u00e1ria de S\u00e3o Tom\u00e9 e Pr\u00edncipe. O detido tinha o estatuto de conselheiro especial do Presidente s\u00e3o-tomense e possu\u00eda passaporte diplom\u00e1tico.<\/p>\n<p>A deten\u00e7\u00e3o ocorreu na ilha do Pr\u00edncipe, conforme fonte judici\u00e1ria. O suspeito estava atualmente no radar da Interpol, que emitiu um aviso de procura internacional.<\/p>\n<p>Segundo a informa\u00e7\u00e3o dispon\u00edvel, o indiv\u00edduo desempenhou fun\u00e7\u00f5es pr\u00f3ximas do Presidente de S\u00e3o Tom\u00e9 e Pr\u00edncipe, mas n\u00e3o foram avan\u00e7ados detalhes sobre o motivo da deten\u00e7\u00e3o nem sobre os crimes que lhe s\u00e3o imputados.<\/p>\n<p>A Pol\u00edcia Judici\u00e1ria n\u00e3o revelou adicionais informa\u00e7\u00f5es sobre o estado legal, poss\u00edveis acusa\u00e7\u00f5es formais ou o destino do detido, mantendo o caso sob investiga\u00e7\u00e3o. Fonte: Lusa.<\/p>\n","protected":false},"excerpt":{"rendered":"<ul>\n<li>Um homem de nacionalidade sueca, procurado pela Interpol, foi detido pela Pol\u00edcia Judici\u00e1ria s\u00e3o-tomense na ilha do Pr\u00edncipe.<\/li>\n<li>O indiv\u00edduo tinha passaporte diplom\u00e1tico e servia como conselheiro especial do Presidente s\u00e3o-tomense, Carlos Vila Nova.<\/li>\n<li>A deten\u00e7\u00e3o foi comunicada hoje \u00e0 ag\u00eancia Lusa por uma fonte judici\u00e1ria.<\/li>\n<li>N\u00e3o foram avan\u00e7ados detalhes adicionais sobre a opera\u00e7\u00e3o ou circunst\u00e2ncias da deten\u00e7\u00e3o.<\/li>\n<\/ul>\n","protected":false},"author":2,"featured_media":222575,"comment_status":"closed","ping_status":"closed","sticky":false,"template":"","format":"standard","meta":{"footnotes":""},"categories":[4,1],"tags":[3081,4139,81,2711,5001],"class_list":["post-222570","post","type-post","status-publish","format-standard","has-post-thumbnail","hentry","category-internacional","category-noticias","tag-crimes-internacionais","tag-detencao","tag-internacionais","tag-interpol","tag-passaportes"],"yoast_head":"<!-- This site is optimized with the Yoast SEO plugin v27.2 - https:\/\/yoast.com\/product\/yoast-seo-wordpress\/ -->\n<title>Ex-conselheiro do Presidente s\u00e3o-tomense detido, procurado pela Interpol - Portal Tela Portugal<\/title>\n<meta name=\"robots\" content=\"index, follow, max-snippet:-1, max-image-preview:large, max-video-preview:-1\" \/>\n<meta property=\"og:locale\" content=\"pt_PT\" \/>\n<meta property=\"og:type\" content=\"article\" \/>\n<meta property=\"og:title\" content=\"Ex-conselheiro do Presidente s\u00e3o-tomense detido, procurado pela Interpol - Portal Tela Portugal\" \/>\n<meta property=\"og:description\" content=\"Um homem de nacionalidade sueca, procurado pela Interpol, foi detido pela Pol\u00edcia Judici\u00e1ria s\u00e3o-tomense na ilha do Pr\u00edncipe. O indiv\u00edduo tinha passaporte diplom\u00e1tico e servia como conselheiro especial do Presidente s\u00e3o-tomense, Carlos Vila Nova. A deten\u00e7\u00e3o foi comunicada hoje \u00e0 ag\u00eancia Lusa por uma fonte judici\u00e1ria. N\u00e3o foram avan\u00e7ados detalhes adicionais sobre a opera\u00e7\u00e3o ou circunst\u00e2ncias da deten\u00e7\u00e3o.\" \/>\n<meta property=\"og:url\" content=\"https:\/\/portaltela.pt\/noticias\/2026\/02\/23\/ex-conselheiro-do-presidente-sao-tomense-detido-procurado-pela-interpol\/\" \/>\n<meta property=\"og:site_name\" content=\"Portal Tela Portugal\" \/>\n<meta property=\"article:published_time\" content=\"2026-02-23T10:40:00+00:00\" \/>\n<meta name=\"author\" content=\"Telinha\" \/>\n<meta name=\"twitter:card\" content=\"summary_large_image\" \/>\n<meta name=\"twitter:label1\" content=\"Escrito por\" \/>\n\t<meta name=\"twitter:data1\" content=\"Telinha\" \/>\n\t<meta name=\"twitter:label2\" content=\"Tempo estimado de leitura\" \/>\n\t<meta name=\"twitter:data2\" content=\"1 minuto\" \/>\n<script type=\"application\/ld+json\" class=\"yoast-schema-graph\">{\"@context\":\"https:\/\/schema.org\",\"@graph\":[{\"@type\":\"Article\",\"@id\":\"https:\/\/portaltela.pt\/noticias\/2026\/02\/23\/ex-conselheiro-do-presidente-sao-tomense-detido-procurado-pela-interpol\/#article\",\"isPartOf\":{\"@id\":\"https:\/\/portaltela.pt\/noticias\/2026\/02\/23\/ex-conselheiro-do-presidente-sao-tomense-detido-procurado-pela-interpol\/\"},\"author\":{\"name\":\"Telinha\",\"@id\":\"https:\/\/portaltela.pt\/#\/schema\/person\/c4278d4a6028830caff9ee44b42d32ed\"},\"headline\":\"Ex-conselheiro do Presidente s\u00e3o-tomense detido, procurado pela Interpol\",\"datePublished\":\"2026-02-23T10:40:00+00:00\",\"mainEntityOfPage\":{\"@id\":\"https:\/\/portaltela.pt\/noticias\/2026\/02\/23\/ex-conselheiro-do-presidente-sao-tomense-detido-procurado-pela-interpol\/\"},\"wordCount\":155,\"image\":{\"@id\":\"https:\/\/portaltela.pt\/noticias\/2026\/02\/23\/ex-conselheiro-do-presidente-sao-tomense-detido-procurado-pela-interpol\/#primaryimage\"},\"thumbnailUrl\":\"https:\/\/portaltela.pt\/s.01k8rhncp4jt1\/2026\/02\/CACHE_780X1200_ANALOG_WATERMARKED_42748606_1036088_25042024072937.jpg\",\"keywords\":[\"crimes internacionais\",\"deten\u00e7\u00e3o\",\"internacionais\",\"Interpol\",\"passaportes\"],\"articleSection\":[\"Internacional\",\"Not\u00edcias\"],\"inLanguage\":\"pt-PT\"},{\"@type\":\"WebPage\",\"@id\":\"https:\/\/portaltela.pt\/noticias\/2026\/02\/23\/ex-conselheiro-do-presidente-sao-tomense-detido-procurado-pela-interpol\/\",\"url\":\"https:\/\/portaltela.pt\/noticias\/2026\/02\/23\/ex-conselheiro-do-presidente-sao-tomense-detido-procurado-pela-interpol\/\",\"name\":\"Ex-conselheiro do Presidente s\u00e3o-tomense detido, procurado pela Interpol - Portal Tela Portugal\",\"isPartOf\":{\"@id\":\"https:\/\/portaltela.pt\/#website\"},\"primaryImageOfPage\":{\"@id\":\"https:\/\/portaltela.pt\/noticias\/2026\/02\/23\/ex-conselheiro-do-presidente-sao-tomense-detido-procurado-pela-interpol\/#primaryimage\"},\"image\":{\"@id\":\"https:\/\/portaltela.pt\/noticias\/2026\/02\/23\/ex-conselheiro-do-presidente-sao-tomense-detido-procurado-pela-interpol\/#primaryimage\"},\"thumbnailUrl\":\"https:\/\/portaltela.pt\/s.01k8rhncp4jt1\/2026\/02\/CACHE_780X1200_ANALOG_WATERMARKED_42748606_1036088_25042024072937.jpg\",\"datePublished\":\"2026-02-23T10:40:00+00:00\",\"author\":{\"@id\":\"https:\/\/portaltela.pt\/#\/schema\/person\/c4278d4a6028830caff9ee44b42d32ed\"},\"breadcrumb\":{\"@id\":\"https:\/\/portaltela.pt\/noticias\/2026\/02\/23\/ex-conselheiro-do-presidente-sao-tomense-detido-procurado-pela-interpol\/#breadcrumb\"},\"inLanguage\":\"pt-PT\",\"potentialAction\":[{\"@type\":\"ReadAction\",\"target\":[\"https:\/\/portaltela.pt\/noticias\/2026\/02\/23\/ex-conselheiro-do-presidente-sao-tomense-detido-procurado-pela-interpol\/\"]}]},{\"@type\":\"ImageObject\",\"inLanguage\":\"pt-PT\",\"@id\":\"https:\/\/portaltela.pt\/noticias\/2026\/02\/23\/ex-conselheiro-do-presidente-sao-tomense-detido-procurado-pela-interpol\/#primaryimage\",\"url\":\"https:\/\/portaltela.pt\/s.01k8rhncp4jt1\/2026\/02\/CACHE_780X1200_ANALOG_WATERMARKED_42748606_1036088_25042024072937.jpg\",\"contentUrl\":\"https:\/\/portaltela.pt\/s.01k8rhncp4jt1\/2026\/02\/CACHE_780X1200_ANALOG_WATERMARKED_42748606_1036088_25042024072937.jpg\",\"width\":796,\"height\":448,\"caption\":\"Photo\"},{\"@type\":\"BreadcrumbList\",\"@id\":\"https:\/\/portaltela.pt\/noticias\/2026\/02\/23\/ex-conselheiro-do-presidente-sao-tomense-detido-procurado-pela-interpol\/#breadcrumb\",\"itemListElement\":[{\"@type\":\"ListItem\",\"position\":1,\"name\":\"In\u00edcio\",\"item\":\"https:\/\/portaltela.pt\/\"},{\"@type\":\"ListItem\",\"position\":2,\"name\":\"Ex-conselheiro do Presidente s\u00e3o-tomense detido, procurado pela Interpol\"}]},{\"@type\":\"WebSite\",\"@id\":\"https:\/\/portaltela.pt\/#website\",\"url\":\"https:\/\/portaltela.pt\/\",\"name\":\"Portal Tela Portugal\",\"description\":\"\",\"potentialAction\":[{\"@type\":\"SearchAction\",\"target\":{\"@type\":\"EntryPoint\",\"urlTemplate\":\"https:\/\/portaltela.pt\/?s={search_term_string}\"},\"query-input\":{\"@type\":\"PropertyValueSpecification\",\"valueRequired\":true,\"valueName\":\"search_term_string\"}}],\"inLanguage\":\"pt-PT\"},{\"@type\":\"Person\",\"@id\":\"https:\/\/portaltela.pt\/#\/schema\/person\/c4278d4a6028830caff9ee44b42d32ed\",\"name\":\"Telinha\",\"image\":{\"@type\":\"ImageObject\",\"inLanguage\":\"pt-PT\",\"@id\":\"https:\/\/portaltela.pt\/s.01k8rhncp4jt1\/2025\/11\/talking-bot-125x125.png\",\"url\":\"https:\/\/portaltela.pt\/s.01k8rhncp4jt1\/2025\/11\/talking-bot-125x125.png\",\"contentUrl\":\"https:\/\/portaltela.pt\/s.01k8rhncp4jt1\/2025\/11\/talking-bot-125x125.png\",\"caption\":\"Telinha\"},\"sameAs\":[\"https:\/\/portaltela.pt\/\"],\"url\":\"https:\/\/portaltela.pt\/por\/367410592786\/\"}]}<\/script>\n<!-- \/ Yoast SEO plugin. -->","yoast_head_json":{"title":"Ex-conselheiro do Presidente s\u00e3o-tomense detido, procurado pela Interpol - Portal Tela Portugal","robots":{"index":"index","follow":"follow","max-snippet":"max-snippet:-1","max-image-preview":"max-image-preview:large","max-video-preview":"max-video-preview:-1"},"og_locale":"pt_PT","og_type":"article","og_title":"Ex-conselheiro do Presidente s\u00e3o-tomense detido, procurado pela Interpol - Portal Tela Portugal","og_description":"Um homem de nacionalidade sueca, procurado pela Interpol, foi detido pela Pol\u00edcia Judici\u00e1ria s\u00e3o-tomense na ilha do Pr\u00edncipe. O indiv\u00edduo tinha passaporte diplom\u00e1tico e servia como conselheiro especial do Presidente s\u00e3o-tomense, Carlos Vila Nova. A deten\u00e7\u00e3o foi comunicada hoje \u00e0 ag\u00eancia Lusa por uma fonte judici\u00e1ria. N\u00e3o foram avan\u00e7ados detalhes adicionais sobre a opera\u00e7\u00e3o ou circunst\u00e2ncias da deten\u00e7\u00e3o.","og_url":"https:\/\/portaltela.pt\/noticias\/2026\/02\/23\/ex-conselheiro-do-presidente-sao-tomense-detido-procurado-pela-interpol\/","og_site_name":"Portal Tela Portugal","article_published_time":"2026-02-23T10:40:00+00:00","author":"Telinha","twitter_card":"summary_large_image","twitter_misc":{"Escrito por":"Telinha","Tempo estimado de leitura":"1 minuto"},"schema":{"@context":"https:\/\/schema.org","@graph":[{"@type":"Article","@id":"https:\/\/portaltela.pt\/noticias\/2026\/02\/23\/ex-conselheiro-do-presidente-sao-tomense-detido-procurado-pela-interpol\/#article","isPartOf":{"@id":"https:\/\/portaltela.pt\/noticias\/2026\/02\/23\/ex-conselheiro-do-presidente-sao-tomense-detido-procurado-pela-interpol\/"},"author":{"name":"Telinha","@id":"https:\/\/portaltela.pt\/#\/schema\/person\/c4278d4a6028830caff9ee44b42d32ed"},"headline":"Ex-conselheiro do Presidente s\u00e3o-tomense detido, procurado pela Interpol","datePublished":"2026-02-23T10:40:00+00:00","mainEntityOfPage":{"@id":"https:\/\/portaltela.pt\/noticias\/2026\/02\/23\/ex-conselheiro-do-presidente-sao-tomense-detido-procurado-pela-interpol\/"},"wordCount":155,"image":{"@id":"https:\/\/portaltela.pt\/noticias\/2026\/02\/23\/ex-conselheiro-do-presidente-sao-tomense-detido-procurado-pela-interpol\/#primaryimage"},"thumbnailUrl":"https:\/\/portaltela.pt\/s.01k8rhncp4jt1\/2026\/02\/CACHE_780X1200_ANALOG_WATERMARKED_42748606_1036088_25042024072937.jpg","keywords":["crimes internacionais","deten\u00e7\u00e3o","internacionais","Interpol","passaportes"],"articleSection":["Internacional","Not\u00edcias"],"inLanguage":"pt-PT"},{"@type":"WebPage","@id":"https:\/\/portaltela.pt\/noticias\/2026\/02\/23\/ex-conselheiro-do-presidente-sao-tomense-detido-procurado-pela-interpol\/","url":"https:\/\/portaltela.pt\/noticias\/2026\/02\/23\/ex-conselheiro-do-presidente-sao-tomense-detido-procurado-pela-interpol\/","name":"Ex-conselheiro do Presidente s\u00e3o-tomense detido, procurado pela Interpol - Portal Tela Portugal","isPartOf":{"@id":"https:\/\/portaltela.pt\/#website"},"primaryImageOfPage":{"@id":"https:\/\/portaltela.pt\/noticias\/2026\/02\/23\/ex-conselheiro-do-presidente-sao-tomense-detido-procurado-pela-interpol\/#primaryimage"},"image":{"@id":"https:\/\/portaltela.pt\/noticias\/2026\/02\/23\/ex-conselheiro-do-presidente-sao-tomense-detido-procurado-pela-interpol\/#primaryimage"},"thumbnailUrl":"https:\/\/portaltela.pt\/s.01k8rhncp4jt1\/2026\/02\/CACHE_780X1200_ANALOG_WATERMARKED_42748606_1036088_25042024072937.jpg","datePublished":"2026-02-23T10:40:00+00:00","author":{"@id":"https:\/\/portaltela.pt\/#\/schema\/person\/c4278d4a6028830caff9ee44b42d32ed"},"breadcrumb":{"@id":"https:\/\/portaltela.pt\/noticias\/2026\/02\/23\/ex-conselheiro-do-presidente-sao-tomense-detido-procurado-pela-interpol\/#breadcrumb"},"inLanguage":"pt-PT","potentialAction":[{"@type":"ReadAction","target":["https:\/\/portaltela.pt\/noticias\/2026\/02\/23\/ex-conselheiro-do-presidente-sao-tomense-detido-procurado-pela-interpol\/"]}]},{"@type":"ImageObject","inLanguage":"pt-PT","@id":"https:\/\/portaltela.pt\/noticias\/2026\/02\/23\/ex-conselheiro-do-presidente-sao-tomense-detido-procurado-pela-interpol\/#primaryimage","url":"https:\/\/portaltela.pt\/s.01k8rhncp4jt1\/2026\/02\/CACHE_780X1200_ANALOG_WATERMARKED_42748606_1036088_25042024072937.jpg","contentUrl":"https:\/\/portaltela.pt\/s.01k8rhncp4jt1\/2026\/02\/CACHE_780X1200_ANALOG_WATERMARKED_42748606_1036088_25042024072937.jpg","width":796,"height":448,"caption":"Photo"},{"@type":"BreadcrumbList","@id":"https:\/\/portaltela.pt\/noticias\/2026\/02\/23\/ex-conselheiro-do-presidente-sao-tomense-detido-procurado-pela-interpol\/#breadcrumb","itemListElement":[{"@type":"ListItem","position":1,"name":"In\u00edcio","item":"https:\/\/portaltela.pt\/"},{"@type":"ListItem","position":2,"name":"Ex-conselheiro do Presidente s\u00e3o-tomense detido, procurado pela Interpol"}]},{"@type":"WebSite","@id":"https:\/\/portaltela.pt\/#website","url":"https:\/\/portaltela.pt\/","name":"Portal Tela Portugal","description":"","potentialAction":[{"@type":"SearchAction","target":{"@type":"EntryPoint","urlTemplate":"https:\/\/portaltela.pt\/?s={search_term_string}"},"query-input":{"@type":"PropertyValueSpecification","valueRequired":true,"valueName":"search_term_string"}}],"inLanguage":"pt-PT"},{"@type":"Person","@id":"https:\/\/portaltela.pt\/#\/schema\/person\/c4278d4a6028830caff9ee44b42d32ed","name":"Telinha","image":{"@type":"ImageObject","inLanguage":"pt-PT","@id":"https:\/\/portaltela.pt\/s.01k8rhncp4jt1\/2025\/11\/talking-bot-125x125.png","url":"https:\/\/portaltela.pt\/s.01k8rhncp4jt1\/2025\/11\/talking-bot-125x125.png","contentUrl":"https:\/\/portaltela.pt\/s.01k8rhncp4jt1\/2025\/11\/talking-bot-125x125.png","caption":"Telinha"},"sameAs":["https:\/\/portaltela.pt\/"],"url":"https:\/\/portaltela.pt\/por\/367410592786\/"}]}},"_links":{"self":[{"href":"https:\/\/portaltela.pt\/api\/wp\/v2\/posts\/222570","targetHints":{"allow":["GET"]}}],"collection":[{"href":"https:\/\/portaltela.pt\/api\/wp\/v2\/posts"}],"about":[{"href":"https:\/\/portaltela.pt\/api\/wp\/v2\/types\/post"}],"author":[{"embeddable":true,"href":"https:\/\/portaltela.pt\/api\/wp\/v2\/users\/2"}],"replies":[{"embeddable":true,"href":"https:\/\/portaltela.pt\/api\/wp\/v2\/comments?post=222570"}],"version-history":[{"count":0,"href":"https:\/\/portaltela.pt\/api\/wp\/v2\/posts\/222570\/revisions"}],"wp:featuredmedia":[{"embeddable":true,"href":"https:\/\/portaltela.pt\/api\/wp\/v2\/media\/222575"}],"wp:attachment":[{"href":"https:\/\/portaltela.pt\/api\/wp\/v2\/media?parent=222570"}],"wp:term":[{"taxonomy":"category","embeddable":true,"href":"https:\/\/portaltela.pt\/api\/wp\/v2\/categories?post=222570"},{"taxonomy":"post_tag","embeddable":true,"href":"https:\/\/portaltela.pt\/api\/wp\/v2\/tags?post=222570"}],"curies":[{"name":"wp","href":"https:\/\/api.w.org\/{rel}","templated":true}]}}