{"id":222568,"date":"2026-02-23T07:32:36","date_gmt":"2026-02-23T10:32:36","guid":{"rendered":"https:\/\/portaltela.pt\/noticias\/2026\/02\/23\/mne-pede-aos-portugueses-no-mexico-evitar-deslocacoes-nao-essenciais\/"},"modified":"2026-02-23T07:32:36","modified_gmt":"2026-02-23T10:32:36","slug":"mne-pede-aos-portugueses-no-mexico-evitar-deslocacoes-nao-essenciais","status":"publish","type":"post","link":"https:\/\/portaltela.pt\/noticias\/internacional\/2026\/02\/23\/mne-pede-aos-portugueses-no-mexico-evitar-deslocacoes-nao-essenciais\/","title":{"rendered":"MNE pede aos portugueses no M\u00e9xico evitar desloca\u00e7\u00f5es n\u00e3o essenciais"},"content":{"rendered":"<p>O Minist\u00e9rio dos Neg\u00f3cios Estrangeiros emitiu um aviso para portugueses no M\u00e9xico, tur\u00edsticos e residentes, pedindo especial cuidado nas \u00e1reas de Jalisco, Nayarit, Guanajuato, Colima, Michoac\u00e1n e Tamaulipas. A recomenda\u00e7\u00e3o \u00e9 evitar desloca\u00e7\u00f5es n\u00e3o essenciais devido \u00e0 deteriora\u00e7\u00e3o da seguran\u00e7a.<\/p>\n<p>A orienta\u00e7\u00e3o surge ap\u00f3s uma opera\u00e7\u00e3o militar realizada neste fim de semana, que resultou na morte de Nemesio Oseguera, conhecido como El Mencho, l\u00edder de um dos maiores grupos de droga. A viol\u00eancia aumentou nas zonas urbanas e rurais do pa\u00eds.<\/p>\n<p>De acordo com o MNE, a embaixada portuguesa j\u00e1 recebeu relatos de dist\u00farbios p\u00fablicos, bloqueios de estradas, tiroteios e reten\u00e7\u00f5es de transeuntes, com foco em Guadalajara, Morelia e \u00e1reas de Guanajuato.<\/p>\n<h3>Situa\u00e7\u00e3o de seguran\u00e7a<\/h3>\n<p>O governo portugu\u00eas recomenda viajar com seguro m\u00e9dico abrangente, incluindo repatria\u00e7\u00e3o ou evacua\u00e7\u00e3o m\u00e9dica, dadas as funcionando elevadas despesas de sa\u00fade no M\u00e9xico. A recomenda\u00e7\u00e3o vale para toda a estadia.<\/p>\n<p>O MNE recorda a alta criminalidade geral no M\u00e9xico e sugere consultar informa\u00e7\u00f5es de seguran\u00e7a e os conselhos aos viajantes antes de se deslocar. O registo de viagens \u00e9 incentivado na app Registo Viajante.<\/p>\n<h3>Medidas de precau\u00e7\u00e3o<\/h3>\n<p>O registo facilita o apoio das autoridades portuguesas em situa\u00e7\u00f5es de emerg\u00eancia. A aplica\u00e7\u00e3o oferece informa\u00e7\u00f5es de seguran\u00e7a e contactos das representa\u00e7\u00f5es diplom\u00e1ticas, com liga\u00e7\u00e3o ao Gabinete de Emerg\u00eancia Consular.<\/p>\n<p>No pa\u00eds, a viol\u00eancia j\u00e1 levou \u00e0 suspens\u00e3o de aulas em pelo menos oito estados. O poder judici\u00e1rio autorizou tribunais a fecharem quando necess\u00e1rio, enquanto a Presidente Claudia Sheinbaum apelou \u00e0 calma.<\/p>\n<p>El Mencho, que completaria 59 anos, era considerado um dos \u00faltimos grandes chefes dos cart\u00e9is ap\u00f3s a pris\u00e3o de outros l\u00edderes. A opera\u00e7\u00e3o com apoio dos EUA disparou protestos de membros do cartel.<\/p>\n","protected":false},"excerpt":{"rendered":"<ul>\n<li>O Minist\u00e9rio dos Neg\u00f3cios Estrangeiros pediu aos portugueses no M\u00e9xico que evitem desloca\u00e7\u00f5es desnecess\u00e1rias em alguns estados devido \u00e0 degrada\u00e7\u00e3o da seguran\u00e7a, ap\u00f3s a opera\u00e7\u00e3o militar que resultou na morte de um l\u00edder de um dos maiores cart\u00e9is de droga.<\/li>\n<li>Foram registados dist\u00farbios significativos, como bloqueios de estradas, tiroteios e reten\u00e7\u00f5es de transeuntes, especialmente em Jalisco (Guadalajara), Guanajuato e Michoac\u00e1n (Morelia).<\/li>\n<li>\u00c9 altamente recomendado viajar com um seguro m\u00e9dico amplo, que inclua repatria\u00e7\u00e3o ou evacua\u00e7\u00e3o m\u00e9dica, dada a elevada procura de servi\u00e7os de sa\u00fade no pa\u00eds.<\/li>\n<li>O M\u00e9xico continua com elevada criminalidade; oito estados suspenderam aulas e o poder judici\u00e1rio pode manter tribunais fechados conforme necess\u00e1rio, com a presidente Claudia Sheinbaum a apelar \u00e0 calma.<\/li>\n<li>O l\u00edder morto foi Nemesio Oseguera, conhecido como El Mencho, considerado \u00e0 \u00e9poca o cabe\u00e7a de um dos maiores cart\u00e9is de droga.<\/li>\n<\/ul>\n","protected":false},"author":2,"featured_media":222572,"comment_status":"closed","ping_status":"closed","sticky":false,"template":"","format":"standard","meta":{"footnotes":""},"categories":[4,1],"tags":[3131,5547,5698,250,2349,6037],"class_list":["post-222568","post","type-post","status-publish","format-standard","has-post-thumbnail","hentry","category-internacional","category-noticias","tag-disturbios","tag-informacao-internacional","tag-politica-internacional","tag-seguranca-publica","tag-trafico-de-drogas","tag-viagens-internacionais"],"yoast_head":"<!-- This site is optimized with the Yoast SEO plugin v27.2 - https:\/\/yoast.com\/product\/yoast-seo-wordpress\/ -->\n<title>MNE pede aos portugueses no M\u00e9xico evitar desloca\u00e7\u00f5es n\u00e3o essenciais - Portal Tela Portugal<\/title>\n<meta name=\"robots\" content=\"index, follow, max-snippet:-1, max-image-preview:large, max-video-preview:-1\" \/>\n<meta property=\"og:locale\" content=\"pt_PT\" \/>\n<meta property=\"og:type\" content=\"article\" \/>\n<meta property=\"og:title\" content=\"MNE pede aos portugueses no M\u00e9xico evitar desloca\u00e7\u00f5es n\u00e3o essenciais - Portal Tela Portugal\" \/>\n<meta property=\"og:description\" content=\"O Minist\u00e9rio dos Neg\u00f3cios Estrangeiros pediu aos portugueses no M\u00e9xico que evitem desloca\u00e7\u00f5es desnecess\u00e1rias em alguns estados devido \u00e0 degrada\u00e7\u00e3o da seguran\u00e7a, ap\u00f3s a opera\u00e7\u00e3o militar que resultou na morte de um l\u00edder de um dos maiores cart\u00e9is de droga. Foram registados dist\u00farbios significativos, como bloqueios de estradas, tiroteios e reten\u00e7\u00f5es de transeuntes, especialmente em Jalisco (Guadalajara), Guanajuato e Michoac\u00e1n (Morelia). \u00c9 altamente recomendado viajar com um seguro m\u00e9dico amplo, que inclua repatria\u00e7\u00e3o ou evacua\u00e7\u00e3o m\u00e9dica, dada a elevada procura de servi\u00e7os de sa\u00fade no pa\u00eds. O M\u00e9xico continua com elevada criminalidade; oito estados suspenderam aulas e o poder judici\u00e1rio pode manter tribunais fechados conforme necess\u00e1rio, com a presidente Claudia Sheinbaum a apelar \u00e0 calma. O l\u00edder morto foi Nemesio Oseguera, conhecido como El Mencho, considerado \u00e0 \u00e9poca o cabe\u00e7a de um dos maiores cart\u00e9is de droga.\" \/>\n<meta property=\"og:url\" content=\"https:\/\/portaltela.pt\/noticias\/2026\/02\/23\/mne-pede-aos-portugueses-no-mexico-evitar-deslocacoes-nao-essenciais\/\" \/>\n<meta property=\"og:site_name\" content=\"Portal Tela Portugal\" \/>\n<meta property=\"article:published_time\" content=\"2026-02-23T10:32:36+00:00\" \/>\n<meta name=\"author\" content=\"Telinha\" \/>\n<meta name=\"twitter:card\" content=\"summary_large_image\" \/>\n<meta name=\"twitter:label1\" content=\"Escrito por\" \/>\n\t<meta name=\"twitter:data1\" content=\"Telinha\" \/>\n\t<meta name=\"twitter:label2\" content=\"Tempo estimado de leitura\" \/>\n\t<meta name=\"twitter:data2\" content=\"2 minutos\" \/>\n<script type=\"application\/ld+json\" class=\"yoast-schema-graph\">{\"@context\":\"https:\/\/schema.org\",\"@graph\":[{\"@type\":\"Article\",\"@id\":\"https:\/\/portaltela.pt\/noticias\/2026\/02\/23\/mne-pede-aos-portugueses-no-mexico-evitar-deslocacoes-nao-essenciais\/#article\",\"isPartOf\":{\"@id\":\"https:\/\/portaltela.pt\/noticias\/2026\/02\/23\/mne-pede-aos-portugueses-no-mexico-evitar-deslocacoes-nao-essenciais\/\"},\"author\":{\"name\":\"Telinha\",\"@id\":\"https:\/\/portaltela.pt\/#\/schema\/person\/c4278d4a6028830caff9ee44b42d32ed\"},\"headline\":\"MNE pede aos portugueses no M\u00e9xico evitar desloca\u00e7\u00f5es n\u00e3o essenciais\",\"datePublished\":\"2026-02-23T10:32:36+00:00\",\"mainEntityOfPage\":{\"@id\":\"https:\/\/portaltela.pt\/noticias\/2026\/02\/23\/mne-pede-aos-portugueses-no-mexico-evitar-deslocacoes-nao-essenciais\/\"},\"wordCount\":336,\"image\":{\"@id\":\"https:\/\/portaltela.pt\/noticias\/2026\/02\/23\/mne-pede-aos-portugueses-no-mexico-evitar-deslocacoes-nao-essenciais\/#primaryimage\"},\"thumbnailUrl\":\"https:\/\/portaltela.pt\/s.01k8rhncp4jt1\/2026\/02\/img_920x518uu2026-02-22-22-50-09-2423216.jpg\",\"keywords\":[\"dist\u00farbios\",\"informa\u00e7\u00e3o internacional\",\"pol\u00edtica internacional\",\"seguran\u00e7a p\u00fablica\",\"tr\u00e1fico de drogas\",\"viagens internacionais\"],\"articleSection\":[\"Internacional\",\"Not\u00edcias\"],\"inLanguage\":\"pt-PT\"},{\"@type\":\"WebPage\",\"@id\":\"https:\/\/portaltela.pt\/noticias\/2026\/02\/23\/mne-pede-aos-portugueses-no-mexico-evitar-deslocacoes-nao-essenciais\/\",\"url\":\"https:\/\/portaltela.pt\/noticias\/2026\/02\/23\/mne-pede-aos-portugueses-no-mexico-evitar-deslocacoes-nao-essenciais\/\",\"name\":\"MNE pede aos portugueses no M\u00e9xico evitar desloca\u00e7\u00f5es n\u00e3o essenciais - Portal Tela Portugal\",\"isPartOf\":{\"@id\":\"https:\/\/portaltela.pt\/#website\"},\"primaryImageOfPage\":{\"@id\":\"https:\/\/portaltela.pt\/noticias\/2026\/02\/23\/mne-pede-aos-portugueses-no-mexico-evitar-deslocacoes-nao-essenciais\/#primaryimage\"},\"image\":{\"@id\":\"https:\/\/portaltela.pt\/noticias\/2026\/02\/23\/mne-pede-aos-portugueses-no-mexico-evitar-deslocacoes-nao-essenciais\/#primaryimage\"},\"thumbnailUrl\":\"https:\/\/portaltela.pt\/s.01k8rhncp4jt1\/2026\/02\/img_920x518uu2026-02-22-22-50-09-2423216.jpg\",\"datePublished\":\"2026-02-23T10:32:36+00:00\",\"author\":{\"@id\":\"https:\/\/portaltela.pt\/#\/schema\/person\/c4278d4a6028830caff9ee44b42d32ed\"},\"breadcrumb\":{\"@id\":\"https:\/\/portaltela.pt\/noticias\/2026\/02\/23\/mne-pede-aos-portugueses-no-mexico-evitar-deslocacoes-nao-essenciais\/#breadcrumb\"},\"inLanguage\":\"pt-PT\",\"potentialAction\":[{\"@type\":\"ReadAction\",\"target\":[\"https:\/\/portaltela.pt\/noticias\/2026\/02\/23\/mne-pede-aos-portugueses-no-mexico-evitar-deslocacoes-nao-essenciais\/\"]}]},{\"@type\":\"ImageObject\",\"inLanguage\":\"pt-PT\",\"@id\":\"https:\/\/portaltela.pt\/noticias\/2026\/02\/23\/mne-pede-aos-portugueses-no-mexico-evitar-deslocacoes-nao-essenciais\/#primaryimage\",\"url\":\"https:\/\/portaltela.pt\/s.01k8rhncp4jt1\/2026\/02\/img_920x518uu2026-02-22-22-50-09-2423216.jpg\",\"contentUrl\":\"https:\/\/portaltela.pt\/s.01k8rhncp4jt1\/2026\/02\/img_920x518uu2026-02-22-22-50-09-2423216.jpg\",\"width\":796,\"height\":448,\"caption\":\"M\u00e9xico 'em chamas' ap\u00f3s morte de \u201cEl Mencho\u201d\"},{\"@type\":\"BreadcrumbList\",\"@id\":\"https:\/\/portaltela.pt\/noticias\/2026\/02\/23\/mne-pede-aos-portugueses-no-mexico-evitar-deslocacoes-nao-essenciais\/#breadcrumb\",\"itemListElement\":[{\"@type\":\"ListItem\",\"position\":1,\"name\":\"In\u00edcio\",\"item\":\"https:\/\/portaltela.pt\/\"},{\"@type\":\"ListItem\",\"position\":2,\"name\":\"MNE pede aos portugueses no M\u00e9xico evitar desloca\u00e7\u00f5es n\u00e3o essenciais\"}]},{\"@type\":\"WebSite\",\"@id\":\"https:\/\/portaltela.pt\/#website\",\"url\":\"https:\/\/portaltela.pt\/\",\"name\":\"Portal Tela Portugal\",\"description\":\"\",\"potentialAction\":[{\"@type\":\"SearchAction\",\"target\":{\"@type\":\"EntryPoint\",\"urlTemplate\":\"https:\/\/portaltela.pt\/?s={search_term_string}\"},\"query-input\":{\"@type\":\"PropertyValueSpecification\",\"valueRequired\":true,\"valueName\":\"search_term_string\"}}],\"inLanguage\":\"pt-PT\"},{\"@type\":\"Person\",\"@id\":\"https:\/\/portaltela.pt\/#\/schema\/person\/c4278d4a6028830caff9ee44b42d32ed\",\"name\":\"Telinha\",\"image\":{\"@type\":\"ImageObject\",\"inLanguage\":\"pt-PT\",\"@id\":\"https:\/\/portaltela.pt\/s.01k8rhncp4jt1\/2025\/11\/talking-bot-125x125.png\",\"url\":\"https:\/\/portaltela.pt\/s.01k8rhncp4jt1\/2025\/11\/talking-bot-125x125.png\",\"contentUrl\":\"https:\/\/portaltela.pt\/s.01k8rhncp4jt1\/2025\/11\/talking-bot-125x125.png\",\"caption\":\"Telinha\"},\"sameAs\":[\"https:\/\/portaltela.pt\/\"],\"url\":\"https:\/\/portaltela.pt\/por\/367410592786\/\"}]}<\/script>\n<!-- \/ Yoast SEO plugin. -->","yoast_head_json":{"title":"MNE pede aos portugueses no M\u00e9xico evitar desloca\u00e7\u00f5es n\u00e3o essenciais - Portal Tela Portugal","robots":{"index":"index","follow":"follow","max-snippet":"max-snippet:-1","max-image-preview":"max-image-preview:large","max-video-preview":"max-video-preview:-1"},"og_locale":"pt_PT","og_type":"article","og_title":"MNE pede aos portugueses no M\u00e9xico evitar desloca\u00e7\u00f5es n\u00e3o essenciais - Portal Tela Portugal","og_description":"O Minist\u00e9rio dos Neg\u00f3cios Estrangeiros pediu aos portugueses no M\u00e9xico que evitem desloca\u00e7\u00f5es desnecess\u00e1rias em alguns estados devido \u00e0 degrada\u00e7\u00e3o da seguran\u00e7a, ap\u00f3s a opera\u00e7\u00e3o militar que resultou na morte de um l\u00edder de um dos maiores cart\u00e9is de droga. Foram registados dist\u00farbios significativos, como bloqueios de estradas, tiroteios e reten\u00e7\u00f5es de transeuntes, especialmente em Jalisco (Guadalajara), Guanajuato e Michoac\u00e1n (Morelia). \u00c9 altamente recomendado viajar com um seguro m\u00e9dico amplo, que inclua repatria\u00e7\u00e3o ou evacua\u00e7\u00e3o m\u00e9dica, dada a elevada procura de servi\u00e7os de sa\u00fade no pa\u00eds. O M\u00e9xico continua com elevada criminalidade; oito estados suspenderam aulas e o poder judici\u00e1rio pode manter tribunais fechados conforme necess\u00e1rio, com a presidente Claudia Sheinbaum a apelar \u00e0 calma. O l\u00edder morto foi Nemesio Oseguera, conhecido como El Mencho, considerado \u00e0 \u00e9poca o cabe\u00e7a de um dos maiores cart\u00e9is de droga.","og_url":"https:\/\/portaltela.pt\/noticias\/2026\/02\/23\/mne-pede-aos-portugueses-no-mexico-evitar-deslocacoes-nao-essenciais\/","og_site_name":"Portal Tela Portugal","article_published_time":"2026-02-23T10:32:36+00:00","author":"Telinha","twitter_card":"summary_large_image","twitter_misc":{"Escrito por":"Telinha","Tempo estimado de leitura":"2 minutos"},"schema":{"@context":"https:\/\/schema.org","@graph":[{"@type":"Article","@id":"https:\/\/portaltela.pt\/noticias\/2026\/02\/23\/mne-pede-aos-portugueses-no-mexico-evitar-deslocacoes-nao-essenciais\/#article","isPartOf":{"@id":"https:\/\/portaltela.pt\/noticias\/2026\/02\/23\/mne-pede-aos-portugueses-no-mexico-evitar-deslocacoes-nao-essenciais\/"},"author":{"name":"Telinha","@id":"https:\/\/portaltela.pt\/#\/schema\/person\/c4278d4a6028830caff9ee44b42d32ed"},"headline":"MNE pede aos portugueses no M\u00e9xico evitar desloca\u00e7\u00f5es n\u00e3o essenciais","datePublished":"2026-02-23T10:32:36+00:00","mainEntityOfPage":{"@id":"https:\/\/portaltela.pt\/noticias\/2026\/02\/23\/mne-pede-aos-portugueses-no-mexico-evitar-deslocacoes-nao-essenciais\/"},"wordCount":336,"image":{"@id":"https:\/\/portaltela.pt\/noticias\/2026\/02\/23\/mne-pede-aos-portugueses-no-mexico-evitar-deslocacoes-nao-essenciais\/#primaryimage"},"thumbnailUrl":"https:\/\/portaltela.pt\/s.01k8rhncp4jt1\/2026\/02\/img_920x518uu2026-02-22-22-50-09-2423216.jpg","keywords":["dist\u00farbios","informa\u00e7\u00e3o internacional","pol\u00edtica internacional","seguran\u00e7a p\u00fablica","tr\u00e1fico de drogas","viagens internacionais"],"articleSection":["Internacional","Not\u00edcias"],"inLanguage":"pt-PT"},{"@type":"WebPage","@id":"https:\/\/portaltela.pt\/noticias\/2026\/02\/23\/mne-pede-aos-portugueses-no-mexico-evitar-deslocacoes-nao-essenciais\/","url":"https:\/\/portaltela.pt\/noticias\/2026\/02\/23\/mne-pede-aos-portugueses-no-mexico-evitar-deslocacoes-nao-essenciais\/","name":"MNE pede aos portugueses no M\u00e9xico evitar desloca\u00e7\u00f5es n\u00e3o essenciais - Portal Tela Portugal","isPartOf":{"@id":"https:\/\/portaltela.pt\/#website"},"primaryImageOfPage":{"@id":"https:\/\/portaltela.pt\/noticias\/2026\/02\/23\/mne-pede-aos-portugueses-no-mexico-evitar-deslocacoes-nao-essenciais\/#primaryimage"},"image":{"@id":"https:\/\/portaltela.pt\/noticias\/2026\/02\/23\/mne-pede-aos-portugueses-no-mexico-evitar-deslocacoes-nao-essenciais\/#primaryimage"},"thumbnailUrl":"https:\/\/portaltela.pt\/s.01k8rhncp4jt1\/2026\/02\/img_920x518uu2026-02-22-22-50-09-2423216.jpg","datePublished":"2026-02-23T10:32:36+00:00","author":{"@id":"https:\/\/portaltela.pt\/#\/schema\/person\/c4278d4a6028830caff9ee44b42d32ed"},"breadcrumb":{"@id":"https:\/\/portaltela.pt\/noticias\/2026\/02\/23\/mne-pede-aos-portugueses-no-mexico-evitar-deslocacoes-nao-essenciais\/#breadcrumb"},"inLanguage":"pt-PT","potentialAction":[{"@type":"ReadAction","target":["https:\/\/portaltela.pt\/noticias\/2026\/02\/23\/mne-pede-aos-portugueses-no-mexico-evitar-deslocacoes-nao-essenciais\/"]}]},{"@type":"ImageObject","inLanguage":"pt-PT","@id":"https:\/\/portaltela.pt\/noticias\/2026\/02\/23\/mne-pede-aos-portugueses-no-mexico-evitar-deslocacoes-nao-essenciais\/#primaryimage","url":"https:\/\/portaltela.pt\/s.01k8rhncp4jt1\/2026\/02\/img_920x518uu2026-02-22-22-50-09-2423216.jpg","contentUrl":"https:\/\/portaltela.pt\/s.01k8rhncp4jt1\/2026\/02\/img_920x518uu2026-02-22-22-50-09-2423216.jpg","width":796,"height":448,"caption":"M\u00e9xico 'em chamas' ap\u00f3s morte de \u201cEl Mencho\u201d"},{"@type":"BreadcrumbList","@id":"https:\/\/portaltela.pt\/noticias\/2026\/02\/23\/mne-pede-aos-portugueses-no-mexico-evitar-deslocacoes-nao-essenciais\/#breadcrumb","itemListElement":[{"@type":"ListItem","position":1,"name":"In\u00edcio","item":"https:\/\/portaltela.pt\/"},{"@type":"ListItem","position":2,"name":"MNE pede aos portugueses no M\u00e9xico evitar desloca\u00e7\u00f5es n\u00e3o essenciais"}]},{"@type":"WebSite","@id":"https:\/\/portaltela.pt\/#website","url":"https:\/\/portaltela.pt\/","name":"Portal Tela Portugal","description":"","potentialAction":[{"@type":"SearchAction","target":{"@type":"EntryPoint","urlTemplate":"https:\/\/portaltela.pt\/?s={search_term_string}"},"query-input":{"@type":"PropertyValueSpecification","valueRequired":true,"valueName":"search_term_string"}}],"inLanguage":"pt-PT"},{"@type":"Person","@id":"https:\/\/portaltela.pt\/#\/schema\/person\/c4278d4a6028830caff9ee44b42d32ed","name":"Telinha","image":{"@type":"ImageObject","inLanguage":"pt-PT","@id":"https:\/\/portaltela.pt\/s.01k8rhncp4jt1\/2025\/11\/talking-bot-125x125.png","url":"https:\/\/portaltela.pt\/s.01k8rhncp4jt1\/2025\/11\/talking-bot-125x125.png","contentUrl":"https:\/\/portaltela.pt\/s.01k8rhncp4jt1\/2025\/11\/talking-bot-125x125.png","caption":"Telinha"},"sameAs":["https:\/\/portaltela.pt\/"],"url":"https:\/\/portaltela.pt\/por\/367410592786\/"}]}},"_links":{"self":[{"href":"https:\/\/portaltela.pt\/api\/wp\/v2\/posts\/222568","targetHints":{"allow":["GET"]}}],"collection":[{"href":"https:\/\/portaltela.pt\/api\/wp\/v2\/posts"}],"about":[{"href":"https:\/\/portaltela.pt\/api\/wp\/v2\/types\/post"}],"author":[{"embeddable":true,"href":"https:\/\/portaltela.pt\/api\/wp\/v2\/users\/2"}],"replies":[{"embeddable":true,"href":"https:\/\/portaltela.pt\/api\/wp\/v2\/comments?post=222568"}],"version-history":[{"count":0,"href":"https:\/\/portaltela.pt\/api\/wp\/v2\/posts\/222568\/revisions"}],"wp:featuredmedia":[{"embeddable":true,"href":"https:\/\/portaltela.pt\/api\/wp\/v2\/media\/222572"}],"wp:attachment":[{"href":"https:\/\/portaltela.pt\/api\/wp\/v2\/media?parent=222568"}],"wp:term":[{"taxonomy":"category","embeddable":true,"href":"https:\/\/portaltela.pt\/api\/wp\/v2\/categories?post=222568"},{"taxonomy":"post_tag","embeddable":true,"href":"https:\/\/portaltela.pt\/api\/wp\/v2\/tags?post=222568"}],"curies":[{"name":"wp","href":"https:\/\/api.w.org\/{rel}","templated":true}]}}