{"id":222558,"date":"2026-02-23T05:21:00","date_gmt":"2026-02-23T08:21:00","guid":{"rendered":"https:\/\/portaltela.pt\/noticias\/2026\/02\/23\/libertados-mais-23-presos-politicos-na-venezuela\/"},"modified":"2026-02-23T05:21:00","modified_gmt":"2026-02-23T08:21:00","slug":"libertados-mais-23-presos-politicos-na-venezuela","status":"publish","type":"post","link":"https:\/\/portaltela.pt\/noticias\/politica\/2026\/02\/23\/libertados-mais-23-presos-politicos-na-venezuela\/","title":{"rendered":"Libertados mais 23 presos pol\u00edticos na Venezuela"},"content":{"rendered":"<p>Foro Penal, a ONG de direitos humanos, informou que no domingo foram libertados mais 23 presos pol\u00edticos na Venezuela. A liberta\u00e7\u00e3o ocorre ao abrigo de uma amnistia aprovada pelo governo venezuelano.<\/p>\n<p>A organiza\u00e7\u00e3o afirmou que as liberta\u00e7\u00f5es representam uma continuidade do conjunto de medidas para reduzir a tens\u00e3o pol\u00edtica no pa\u00eds. A amnistia foi descrita como resultado de press\u00e3o internacional, incluindo o interesse dos Estados Unidos.<\/p>\n<p>Segundo o comunicado, os detidos foram soltos sob condi\u00e7\u00f5es previstas na pr\u00f3pria amnistia. A not\u00edcia n\u00e3o detalha as identidades espec\u00edficas dos libertados nem as pris\u00f5es onde ocorreram as libera\u00e7\u00f5es.<\/p>\n<p>N\u00e3o h\u00e1, at\u00e9 ao momento, informa\u00e7\u00f5es oficiais adicionais sobre o n\u00famero total de pessoas libertadas sob a medida e sobre os crit\u00e9rios aplicados para a liberta\u00e7\u00e3o de cada caso.<\/p>\n","protected":false},"excerpt":{"rendered":"<ul>\n<li>No domingo, foram libertados mais 23 presos pol\u00edticos na Venezuela, ao abrigo de uma amnistia.<\/li>\n<li>A liberta\u00e7\u00e3o foi anunciada pela organiza\u00e7\u00e3o n\u00e3o governamental Foro Penal.<\/li>\n<li>A amnistia foi aprovada ap\u00f3s press\u00e3o dos Estados Unidos.<\/li>\n<li>O texto n\u00e3o traz outras informa\u00e7\u00f5es sobre identidades ou detalhes adicionais.<\/li>\n<\/ul>\n","protected":false},"author":2,"featured_media":222559,"comment_status":"closed","ping_status":"closed","sticky":false,"template":"","format":"standard","meta":{"footnotes":""},"categories":[1,5],"tags":[1730,2633,5088,4964,27,2758],"class_list":["post-222558","post","type-post","status-publish","format-standard","has-post-thumbnail","hentry","category-noticias","category-politica","tag-amnistia-internacional","tag-direitos-humanos","tag-presos","tag-pressoes-internacionais","tag-relacoes-internacionais","tag-venezuela"],"yoast_head":"<!-- This site is optimized with the Yoast SEO plugin v27.2 - https:\/\/yoast.com\/product\/yoast-seo-wordpress\/ -->\n<title>Libertados mais 23 presos pol\u00edticos na Venezuela - Portal Tela Portugal<\/title>\n<meta name=\"robots\" content=\"index, follow, max-snippet:-1, max-image-preview:large, max-video-preview:-1\" \/>\n<meta property=\"og:locale\" content=\"pt_PT\" \/>\n<meta property=\"og:type\" content=\"article\" \/>\n<meta property=\"og:title\" content=\"Libertados mais 23 presos pol\u00edticos na Venezuela - Portal Tela Portugal\" \/>\n<meta property=\"og:description\" content=\"No domingo, foram libertados mais 23 presos pol\u00edticos na Venezuela, ao abrigo de uma amnistia. A liberta\u00e7\u00e3o foi anunciada pela organiza\u00e7\u00e3o n\u00e3o governamental Foro Penal. A amnistia foi aprovada ap\u00f3s press\u00e3o dos Estados Unidos. O texto n\u00e3o traz outras informa\u00e7\u00f5es sobre identidades ou detalhes adicionais.\" \/>\n<meta property=\"og:url\" content=\"https:\/\/portaltela.pt\/noticias\/2026\/02\/23\/libertados-mais-23-presos-politicos-na-venezuela\/\" \/>\n<meta property=\"og:site_name\" content=\"Portal Tela Portugal\" \/>\n<meta property=\"article:published_time\" content=\"2026-02-23T08:21:00+00:00\" \/>\n<meta name=\"author\" content=\"Telinha\" \/>\n<meta name=\"twitter:card\" content=\"summary_large_image\" \/>\n<meta name=\"twitter:label1\" content=\"Escrito por\" \/>\n\t<meta name=\"twitter:data1\" content=\"Telinha\" \/>\n\t<meta name=\"twitter:label2\" content=\"Tempo estimado de leitura\" \/>\n\t<meta name=\"twitter:data2\" content=\"1 minuto\" \/>\n<script type=\"application\/ld+json\" class=\"yoast-schema-graph\">{\"@context\":\"https:\/\/schema.org\",\"@graph\":[{\"@type\":\"Article\",\"@id\":\"https:\/\/portaltela.pt\/noticias\/2026\/02\/23\/libertados-mais-23-presos-politicos-na-venezuela\/#article\",\"isPartOf\":{\"@id\":\"https:\/\/portaltela.pt\/noticias\/2026\/02\/23\/libertados-mais-23-presos-politicos-na-venezuela\/\"},\"author\":{\"name\":\"Telinha\",\"@id\":\"https:\/\/portaltela.pt\/#\/schema\/person\/c4278d4a6028830caff9ee44b42d32ed\"},\"headline\":\"Libertados mais 23 presos pol\u00edticos na Venezuela\",\"datePublished\":\"2026-02-23T08:21:00+00:00\",\"mainEntityOfPage\":{\"@id\":\"https:\/\/portaltela.pt\/noticias\/2026\/02\/23\/libertados-mais-23-presos-politicos-na-venezuela\/\"},\"wordCount\":150,\"image\":{\"@id\":\"https:\/\/portaltela.pt\/noticias\/2026\/02\/23\/libertados-mais-23-presos-politicos-na-venezuela\/#primaryimage\"},\"thumbnailUrl\":\"https:\/\/portaltela.pt\/s.01k8rhncp4jt1\/2026\/02\/CACHE_780X1200_ANALOG_WATERMARKED_46623370_399482715340883.jpg\",\"keywords\":[\"Amnistia Internacional\",\"direitos humanos\",\"presos\",\"press\u00f5es internacionais\",\"rela\u00e7\u00f5es internacionais\",\"Venezuela\"],\"articleSection\":[\"Not\u00edcias\",\"Pol\u00edtica\"],\"inLanguage\":\"pt-PT\"},{\"@type\":\"WebPage\",\"@id\":\"https:\/\/portaltela.pt\/noticias\/2026\/02\/23\/libertados-mais-23-presos-politicos-na-venezuela\/\",\"url\":\"https:\/\/portaltela.pt\/noticias\/2026\/02\/23\/libertados-mais-23-presos-politicos-na-venezuela\/\",\"name\":\"Libertados mais 23 presos pol\u00edticos na Venezuela - Portal Tela Portugal\",\"isPartOf\":{\"@id\":\"https:\/\/portaltela.pt\/#website\"},\"primaryImageOfPage\":{\"@id\":\"https:\/\/portaltela.pt\/noticias\/2026\/02\/23\/libertados-mais-23-presos-politicos-na-venezuela\/#primaryimage\"},\"image\":{\"@id\":\"https:\/\/portaltela.pt\/noticias\/2026\/02\/23\/libertados-mais-23-presos-politicos-na-venezuela\/#primaryimage\"},\"thumbnailUrl\":\"https:\/\/portaltela.pt\/s.01k8rhncp4jt1\/2026\/02\/CACHE_780X1200_ANALOG_WATERMARKED_46623370_399482715340883.jpg\",\"datePublished\":\"2026-02-23T08:21:00+00:00\",\"author\":{\"@id\":\"https:\/\/portaltela.pt\/#\/schema\/person\/c4278d4a6028830caff9ee44b42d32ed\"},\"breadcrumb\":{\"@id\":\"https:\/\/portaltela.pt\/noticias\/2026\/02\/23\/libertados-mais-23-presos-politicos-na-venezuela\/#breadcrumb\"},\"inLanguage\":\"pt-PT\",\"potentialAction\":[{\"@type\":\"ReadAction\",\"target\":[\"https:\/\/portaltela.pt\/noticias\/2026\/02\/23\/libertados-mais-23-presos-politicos-na-venezuela\/\"]}]},{\"@type\":\"ImageObject\",\"inLanguage\":\"pt-PT\",\"@id\":\"https:\/\/portaltela.pt\/noticias\/2026\/02\/23\/libertados-mais-23-presos-politicos-na-venezuela\/#primaryimage\",\"url\":\"https:\/\/portaltela.pt\/s.01k8rhncp4jt1\/2026\/02\/CACHE_780X1200_ANALOG_WATERMARKED_46623370_399482715340883.jpg\",\"contentUrl\":\"https:\/\/portaltela.pt\/s.01k8rhncp4jt1\/2026\/02\/CACHE_780X1200_ANALOG_WATERMARKED_46623370_399482715340883.jpg\",\"width\":796,\"height\":448,\"caption\":\"Libertados mais 23 presos pol\u00edticos na Venezuela\"},{\"@type\":\"BreadcrumbList\",\"@id\":\"https:\/\/portaltela.pt\/noticias\/2026\/02\/23\/libertados-mais-23-presos-politicos-na-venezuela\/#breadcrumb\",\"itemListElement\":[{\"@type\":\"ListItem\",\"position\":1,\"name\":\"In\u00edcio\",\"item\":\"https:\/\/portaltela.pt\/\"},{\"@type\":\"ListItem\",\"position\":2,\"name\":\"Libertados mais 23 presos pol\u00edticos na Venezuela\"}]},{\"@type\":\"WebSite\",\"@id\":\"https:\/\/portaltela.pt\/#website\",\"url\":\"https:\/\/portaltela.pt\/\",\"name\":\"Portal Tela Portugal\",\"description\":\"\",\"potentialAction\":[{\"@type\":\"SearchAction\",\"target\":{\"@type\":\"EntryPoint\",\"urlTemplate\":\"https:\/\/portaltela.pt\/?s={search_term_string}\"},\"query-input\":{\"@type\":\"PropertyValueSpecification\",\"valueRequired\":true,\"valueName\":\"search_term_string\"}}],\"inLanguage\":\"pt-PT\"},{\"@type\":\"Person\",\"@id\":\"https:\/\/portaltela.pt\/#\/schema\/person\/c4278d4a6028830caff9ee44b42d32ed\",\"name\":\"Telinha\",\"image\":{\"@type\":\"ImageObject\",\"inLanguage\":\"pt-PT\",\"@id\":\"https:\/\/portaltela.pt\/s.01k8rhncp4jt1\/2025\/11\/talking-bot-125x125.png\",\"url\":\"https:\/\/portaltela.pt\/s.01k8rhncp4jt1\/2025\/11\/talking-bot-125x125.png\",\"contentUrl\":\"https:\/\/portaltela.pt\/s.01k8rhncp4jt1\/2025\/11\/talking-bot-125x125.png\",\"caption\":\"Telinha\"},\"sameAs\":[\"https:\/\/portaltela.pt\/\"],\"url\":\"https:\/\/portaltela.pt\/por\/367410592786\/\"}]}<\/script>\n<!-- \/ Yoast SEO plugin. -->","yoast_head_json":{"title":"Libertados mais 23 presos pol\u00edticos na Venezuela - Portal Tela Portugal","robots":{"index":"index","follow":"follow","max-snippet":"max-snippet:-1","max-image-preview":"max-image-preview:large","max-video-preview":"max-video-preview:-1"},"og_locale":"pt_PT","og_type":"article","og_title":"Libertados mais 23 presos pol\u00edticos na Venezuela - Portal Tela Portugal","og_description":"No domingo, foram libertados mais 23 presos pol\u00edticos na Venezuela, ao abrigo de uma amnistia. A liberta\u00e7\u00e3o foi anunciada pela organiza\u00e7\u00e3o n\u00e3o governamental Foro Penal. A amnistia foi aprovada ap\u00f3s press\u00e3o dos Estados Unidos. O texto n\u00e3o traz outras informa\u00e7\u00f5es sobre identidades ou detalhes adicionais.","og_url":"https:\/\/portaltela.pt\/noticias\/2026\/02\/23\/libertados-mais-23-presos-politicos-na-venezuela\/","og_site_name":"Portal Tela Portugal","article_published_time":"2026-02-23T08:21:00+00:00","author":"Telinha","twitter_card":"summary_large_image","twitter_misc":{"Escrito por":"Telinha","Tempo estimado de leitura":"1 minuto"},"schema":{"@context":"https:\/\/schema.org","@graph":[{"@type":"Article","@id":"https:\/\/portaltela.pt\/noticias\/2026\/02\/23\/libertados-mais-23-presos-politicos-na-venezuela\/#article","isPartOf":{"@id":"https:\/\/portaltela.pt\/noticias\/2026\/02\/23\/libertados-mais-23-presos-politicos-na-venezuela\/"},"author":{"name":"Telinha","@id":"https:\/\/portaltela.pt\/#\/schema\/person\/c4278d4a6028830caff9ee44b42d32ed"},"headline":"Libertados mais 23 presos pol\u00edticos na Venezuela","datePublished":"2026-02-23T08:21:00+00:00","mainEntityOfPage":{"@id":"https:\/\/portaltela.pt\/noticias\/2026\/02\/23\/libertados-mais-23-presos-politicos-na-venezuela\/"},"wordCount":150,"image":{"@id":"https:\/\/portaltela.pt\/noticias\/2026\/02\/23\/libertados-mais-23-presos-politicos-na-venezuela\/#primaryimage"},"thumbnailUrl":"https:\/\/portaltela.pt\/s.01k8rhncp4jt1\/2026\/02\/CACHE_780X1200_ANALOG_WATERMARKED_46623370_399482715340883.jpg","keywords":["Amnistia Internacional","direitos humanos","presos","press\u00f5es internacionais","rela\u00e7\u00f5es internacionais","Venezuela"],"articleSection":["Not\u00edcias","Pol\u00edtica"],"inLanguage":"pt-PT"},{"@type":"WebPage","@id":"https:\/\/portaltela.pt\/noticias\/2026\/02\/23\/libertados-mais-23-presos-politicos-na-venezuela\/","url":"https:\/\/portaltela.pt\/noticias\/2026\/02\/23\/libertados-mais-23-presos-politicos-na-venezuela\/","name":"Libertados mais 23 presos pol\u00edticos na Venezuela - Portal Tela Portugal","isPartOf":{"@id":"https:\/\/portaltela.pt\/#website"},"primaryImageOfPage":{"@id":"https:\/\/portaltela.pt\/noticias\/2026\/02\/23\/libertados-mais-23-presos-politicos-na-venezuela\/#primaryimage"},"image":{"@id":"https:\/\/portaltela.pt\/noticias\/2026\/02\/23\/libertados-mais-23-presos-politicos-na-venezuela\/#primaryimage"},"thumbnailUrl":"https:\/\/portaltela.pt\/s.01k8rhncp4jt1\/2026\/02\/CACHE_780X1200_ANALOG_WATERMARKED_46623370_399482715340883.jpg","datePublished":"2026-02-23T08:21:00+00:00","author":{"@id":"https:\/\/portaltela.pt\/#\/schema\/person\/c4278d4a6028830caff9ee44b42d32ed"},"breadcrumb":{"@id":"https:\/\/portaltela.pt\/noticias\/2026\/02\/23\/libertados-mais-23-presos-politicos-na-venezuela\/#breadcrumb"},"inLanguage":"pt-PT","potentialAction":[{"@type":"ReadAction","target":["https:\/\/portaltela.pt\/noticias\/2026\/02\/23\/libertados-mais-23-presos-politicos-na-venezuela\/"]}]},{"@type":"ImageObject","inLanguage":"pt-PT","@id":"https:\/\/portaltela.pt\/noticias\/2026\/02\/23\/libertados-mais-23-presos-politicos-na-venezuela\/#primaryimage","url":"https:\/\/portaltela.pt\/s.01k8rhncp4jt1\/2026\/02\/CACHE_780X1200_ANALOG_WATERMARKED_46623370_399482715340883.jpg","contentUrl":"https:\/\/portaltela.pt\/s.01k8rhncp4jt1\/2026\/02\/CACHE_780X1200_ANALOG_WATERMARKED_46623370_399482715340883.jpg","width":796,"height":448,"caption":"Libertados mais 23 presos pol\u00edticos na Venezuela"},{"@type":"BreadcrumbList","@id":"https:\/\/portaltela.pt\/noticias\/2026\/02\/23\/libertados-mais-23-presos-politicos-na-venezuela\/#breadcrumb","itemListElement":[{"@type":"ListItem","position":1,"name":"In\u00edcio","item":"https:\/\/portaltela.pt\/"},{"@type":"ListItem","position":2,"name":"Libertados mais 23 presos pol\u00edticos na Venezuela"}]},{"@type":"WebSite","@id":"https:\/\/portaltela.pt\/#website","url":"https:\/\/portaltela.pt\/","name":"Portal Tela Portugal","description":"","potentialAction":[{"@type":"SearchAction","target":{"@type":"EntryPoint","urlTemplate":"https:\/\/portaltela.pt\/?s={search_term_string}"},"query-input":{"@type":"PropertyValueSpecification","valueRequired":true,"valueName":"search_term_string"}}],"inLanguage":"pt-PT"},{"@type":"Person","@id":"https:\/\/portaltela.pt\/#\/schema\/person\/c4278d4a6028830caff9ee44b42d32ed","name":"Telinha","image":{"@type":"ImageObject","inLanguage":"pt-PT","@id":"https:\/\/portaltela.pt\/s.01k8rhncp4jt1\/2025\/11\/talking-bot-125x125.png","url":"https:\/\/portaltela.pt\/s.01k8rhncp4jt1\/2025\/11\/talking-bot-125x125.png","contentUrl":"https:\/\/portaltela.pt\/s.01k8rhncp4jt1\/2025\/11\/talking-bot-125x125.png","caption":"Telinha"},"sameAs":["https:\/\/portaltela.pt\/"],"url":"https:\/\/portaltela.pt\/por\/367410592786\/"}]}},"_links":{"self":[{"href":"https:\/\/portaltela.pt\/api\/wp\/v2\/posts\/222558","targetHints":{"allow":["GET"]}}],"collection":[{"href":"https:\/\/portaltela.pt\/api\/wp\/v2\/posts"}],"about":[{"href":"https:\/\/portaltela.pt\/api\/wp\/v2\/types\/post"}],"author":[{"embeddable":true,"href":"https:\/\/portaltela.pt\/api\/wp\/v2\/users\/2"}],"replies":[{"embeddable":true,"href":"https:\/\/portaltela.pt\/api\/wp\/v2\/comments?post=222558"}],"version-history":[{"count":0,"href":"https:\/\/portaltela.pt\/api\/wp\/v2\/posts\/222558\/revisions"}],"wp:featuredmedia":[{"embeddable":true,"href":"https:\/\/portaltela.pt\/api\/wp\/v2\/media\/222559"}],"wp:attachment":[{"href":"https:\/\/portaltela.pt\/api\/wp\/v2\/media?parent=222558"}],"wp:term":[{"taxonomy":"category","embeddable":true,"href":"https:\/\/portaltela.pt\/api\/wp\/v2\/categories?post=222558"},{"taxonomy":"post_tag","embeddable":true,"href":"https:\/\/portaltela.pt\/api\/wp\/v2\/tags?post=222558"}],"curies":[{"name":"wp","href":"https:\/\/api.w.org\/{rel}","templated":true}]}}