{"id":222547,"date":"2026-02-23T07:25:02","date_gmt":"2026-02-23T10:25:02","guid":{"rendered":"https:\/\/portaltela.pt\/noticias\/2026\/02\/23\/luis-neves-toma-posse-como-ministro-da-administracao-interna-4\/"},"modified":"2026-02-23T07:25:02","modified_gmt":"2026-02-23T10:25:02","slug":"luis-neves-toma-posse-como-ministro-da-administracao-interna-4","status":"publish","type":"post","link":"https:\/\/portaltela.pt\/noticias\/politica\/2026\/02\/23\/luis-neves-toma-posse-como-ministro-da-administracao-interna-4\/","title":{"rendered":"Lu\u00eds Neves toma posse como ministro da Administra\u00e7\u00e3o Interna"},"content":{"rendered":"<p>Lu\u00eds Neves tomou posse esta manh\u00e3 como ministro da Administra\u00e7\u00e3o Interna. A cerim\u00f3nia ocorreu por volta das 10h, no Pal\u00e1cio de Bel\u00e9m, em Lisboa, marcando a passagem de fun\u00e7\u00f5es do titular anterior.<\/p>\n<p>O ato oficial confirmou a entrada de Neves no Governo, onde passa a chefiar o Minist\u00e9rio da Administra\u00e7\u00e3o Interna. N\u00e3o foram divulgados pormenores adicionais sobre o desenrolar da cerim\u00f4nia.<\/p>\n<p>A posse marca o in\u00edcio do mandato de Neves no cargo, com a responsabilidade de definir pol\u00edticas internas e de seguran\u00e7a p\u00fablica a n\u00edvel nacional, conforme comunicados oficiais.<\/p>\n","protected":false},"excerpt":{"rendered":"<ul>\n<li>Lu\u00eds Neves tomou posse como ministro da Administra\u00e7\u00e3o Interna no Pal\u00e1cio de Bel\u00e9m, na manh\u00e3 desta segunda-feira, por volta das 10h.<\/li>\n<li>A cerim\u00f3nia realizou-se no Pal\u00e1cio de Bel\u00e9m.<\/li>\n<li>Assume o cargo de ministro da Administra\u00e7\u00e3o Interna.<\/li>\n<li>A tomada de posse ocorreu pela manh\u00e3, em contexto oficial.<\/li>\n<\/ul>\n","protected":false},"author":2,"featured_media":222550,"comment_status":"closed","ping_status":"closed","sticky":false,"template":"","format":"standard","meta":{"footnotes":""},"categories":[1,5],"tags":[5798,34,981,6229,2832,250],"class_list":["post-222547","post","type-post","status-publish","format-standard","has-post-thumbnail","hentry","category-noticias","category-politica","tag-administracao-interna","tag-governo","tag-lisboa","tag-luis-neves","tag-politica","tag-seguranca-publica"],"yoast_head":"<!-- This site is optimized with the Yoast SEO plugin v27.2 - https:\/\/yoast.com\/product\/yoast-seo-wordpress\/ -->\n<title>Lu\u00eds Neves toma posse como ministro da Administra\u00e7\u00e3o Interna - Portal Tela Portugal<\/title>\n<meta name=\"robots\" content=\"index, follow, max-snippet:-1, max-image-preview:large, max-video-preview:-1\" \/>\n<meta property=\"og:locale\" content=\"pt_PT\" \/>\n<meta property=\"og:type\" content=\"article\" \/>\n<meta property=\"og:title\" content=\"Lu\u00eds Neves toma posse como ministro da Administra\u00e7\u00e3o Interna - Portal Tela Portugal\" \/>\n<meta property=\"og:description\" content=\"Lu\u00eds Neves tomou posse como ministro da Administra\u00e7\u00e3o Interna no Pal\u00e1cio de Bel\u00e9m, na manh\u00e3 desta segunda-feira, por volta das 10h. A cerim\u00f3nia realizou-se no Pal\u00e1cio de Bel\u00e9m. Assume o cargo de ministro da Administra\u00e7\u00e3o Interna. A tomada de posse ocorreu pela manh\u00e3, em contexto oficial.\" \/>\n<meta property=\"og:url\" content=\"https:\/\/portaltela.pt\/noticias\/2026\/02\/23\/luis-neves-toma-posse-como-ministro-da-administracao-interna-4\/\" \/>\n<meta property=\"og:site_name\" content=\"Portal Tela Portugal\" \/>\n<meta property=\"article:published_time\" content=\"2026-02-23T10:25:02+00:00\" \/>\n<meta name=\"author\" content=\"Telinha\" \/>\n<meta name=\"twitter:card\" content=\"summary_large_image\" \/>\n<meta name=\"twitter:label1\" content=\"Escrito por\" \/>\n\t<meta name=\"twitter:data1\" content=\"Telinha\" \/>\n\t<meta name=\"twitter:label2\" content=\"Tempo estimado de leitura\" \/>\n\t<meta name=\"twitter:data2\" content=\"1 minuto\" \/>\n<script type=\"application\/ld+json\" class=\"yoast-schema-graph\">{\"@context\":\"https:\/\/schema.org\",\"@graph\":[{\"@type\":\"Article\",\"@id\":\"https:\/\/portaltela.pt\/noticias\/2026\/02\/23\/luis-neves-toma-posse-como-ministro-da-administracao-interna-4\/#article\",\"isPartOf\":{\"@id\":\"https:\/\/portaltela.pt\/noticias\/2026\/02\/23\/luis-neves-toma-posse-como-ministro-da-administracao-interna-4\/\"},\"author\":{\"name\":\"Telinha\",\"@id\":\"https:\/\/portaltela.pt\/#\/schema\/person\/c4278d4a6028830caff9ee44b42d32ed\"},\"headline\":\"Lu\u00eds Neves toma posse como ministro da Administra\u00e7\u00e3o Interna\",\"datePublished\":\"2026-02-23T10:25:02+00:00\",\"mainEntityOfPage\":{\"@id\":\"https:\/\/portaltela.pt\/noticias\/2026\/02\/23\/luis-neves-toma-posse-como-ministro-da-administracao-interna-4\/\"},\"wordCount\":115,\"image\":{\"@id\":\"https:\/\/portaltela.pt\/noticias\/2026\/02\/23\/luis-neves-toma-posse-como-ministro-da-administracao-interna-4\/#primaryimage\"},\"thumbnailUrl\":\"https:\/\/portaltela.pt\/s.01k8rhncp4jt1\/2026\/02\/img_1280x722uu2026-02-23-10-24-04-2268431.jpg\",\"keywords\":[\"Administra\u00e7\u00e3o Interna\",\"governo\",\"Lisboa\",\"Lu\u00eds Neves\",\"pol\u00edtica\",\"seguran\u00e7a p\u00fablica\"],\"articleSection\":[\"Not\u00edcias\",\"Pol\u00edtica\"],\"inLanguage\":\"pt-PT\"},{\"@type\":\"WebPage\",\"@id\":\"https:\/\/portaltela.pt\/noticias\/2026\/02\/23\/luis-neves-toma-posse-como-ministro-da-administracao-interna-4\/\",\"url\":\"https:\/\/portaltela.pt\/noticias\/2026\/02\/23\/luis-neves-toma-posse-como-ministro-da-administracao-interna-4\/\",\"name\":\"Lu\u00eds Neves toma posse como ministro da Administra\u00e7\u00e3o Interna - Portal Tela Portugal\",\"isPartOf\":{\"@id\":\"https:\/\/portaltela.pt\/#website\"},\"primaryImageOfPage\":{\"@id\":\"https:\/\/portaltela.pt\/noticias\/2026\/02\/23\/luis-neves-toma-posse-como-ministro-da-administracao-interna-4\/#primaryimage\"},\"image\":{\"@id\":\"https:\/\/portaltela.pt\/noticias\/2026\/02\/23\/luis-neves-toma-posse-como-ministro-da-administracao-interna-4\/#primaryimage\"},\"thumbnailUrl\":\"https:\/\/portaltela.pt\/s.01k8rhncp4jt1\/2026\/02\/img_1280x722uu2026-02-23-10-24-04-2268431.jpg\",\"datePublished\":\"2026-02-23T10:25:02+00:00\",\"author\":{\"@id\":\"https:\/\/portaltela.pt\/#\/schema\/person\/c4278d4a6028830caff9ee44b42d32ed\"},\"breadcrumb\":{\"@id\":\"https:\/\/portaltela.pt\/noticias\/2026\/02\/23\/luis-neves-toma-posse-como-ministro-da-administracao-interna-4\/#breadcrumb\"},\"inLanguage\":\"pt-PT\",\"potentialAction\":[{\"@type\":\"ReadAction\",\"target\":[\"https:\/\/portaltela.pt\/noticias\/2026\/02\/23\/luis-neves-toma-posse-como-ministro-da-administracao-interna-4\/\"]}]},{\"@type\":\"ImageObject\",\"inLanguage\":\"pt-PT\",\"@id\":\"https:\/\/portaltela.pt\/noticias\/2026\/02\/23\/luis-neves-toma-posse-como-ministro-da-administracao-interna-4\/#primaryimage\",\"url\":\"https:\/\/portaltela.pt\/s.01k8rhncp4jt1\/2026\/02\/img_1280x722uu2026-02-23-10-24-04-2268431.jpg\",\"contentUrl\":\"https:\/\/portaltela.pt\/s.01k8rhncp4jt1\/2026\/02\/img_1280x722uu2026-02-23-10-24-04-2268431.jpg\",\"width\":796,\"height\":448,\"caption\":\"Photo\"},{\"@type\":\"BreadcrumbList\",\"@id\":\"https:\/\/portaltela.pt\/noticias\/2026\/02\/23\/luis-neves-toma-posse-como-ministro-da-administracao-interna-4\/#breadcrumb\",\"itemListElement\":[{\"@type\":\"ListItem\",\"position\":1,\"name\":\"In\u00edcio\",\"item\":\"https:\/\/portaltela.pt\/\"},{\"@type\":\"ListItem\",\"position\":2,\"name\":\"Lu\u00eds Neves toma posse como ministro da Administra\u00e7\u00e3o Interna\"}]},{\"@type\":\"WebSite\",\"@id\":\"https:\/\/portaltela.pt\/#website\",\"url\":\"https:\/\/portaltela.pt\/\",\"name\":\"Portal Tela Portugal\",\"description\":\"\",\"potentialAction\":[{\"@type\":\"SearchAction\",\"target\":{\"@type\":\"EntryPoint\",\"urlTemplate\":\"https:\/\/portaltela.pt\/?s={search_term_string}\"},\"query-input\":{\"@type\":\"PropertyValueSpecification\",\"valueRequired\":true,\"valueName\":\"search_term_string\"}}],\"inLanguage\":\"pt-PT\"},{\"@type\":\"Person\",\"@id\":\"https:\/\/portaltela.pt\/#\/schema\/person\/c4278d4a6028830caff9ee44b42d32ed\",\"name\":\"Telinha\",\"image\":{\"@type\":\"ImageObject\",\"inLanguage\":\"pt-PT\",\"@id\":\"https:\/\/portaltela.pt\/s.01k8rhncp4jt1\/2025\/11\/talking-bot-125x125.png\",\"url\":\"https:\/\/portaltela.pt\/s.01k8rhncp4jt1\/2025\/11\/talking-bot-125x125.png\",\"contentUrl\":\"https:\/\/portaltela.pt\/s.01k8rhncp4jt1\/2025\/11\/talking-bot-125x125.png\",\"caption\":\"Telinha\"},\"sameAs\":[\"https:\/\/portaltela.pt\/\"],\"url\":\"https:\/\/portaltela.pt\/por\/367410592786\/\"}]}<\/script>\n<!-- \/ Yoast SEO plugin. -->","yoast_head_json":{"title":"Lu\u00eds Neves toma posse como ministro da Administra\u00e7\u00e3o Interna - Portal Tela Portugal","robots":{"index":"index","follow":"follow","max-snippet":"max-snippet:-1","max-image-preview":"max-image-preview:large","max-video-preview":"max-video-preview:-1"},"og_locale":"pt_PT","og_type":"article","og_title":"Lu\u00eds Neves toma posse como ministro da Administra\u00e7\u00e3o Interna - Portal Tela Portugal","og_description":"Lu\u00eds Neves tomou posse como ministro da Administra\u00e7\u00e3o Interna no Pal\u00e1cio de Bel\u00e9m, na manh\u00e3 desta segunda-feira, por volta das 10h. A cerim\u00f3nia realizou-se no Pal\u00e1cio de Bel\u00e9m. Assume o cargo de ministro da Administra\u00e7\u00e3o Interna. A tomada de posse ocorreu pela manh\u00e3, em contexto oficial.","og_url":"https:\/\/portaltela.pt\/noticias\/2026\/02\/23\/luis-neves-toma-posse-como-ministro-da-administracao-interna-4\/","og_site_name":"Portal Tela Portugal","article_published_time":"2026-02-23T10:25:02+00:00","author":"Telinha","twitter_card":"summary_large_image","twitter_misc":{"Escrito por":"Telinha","Tempo estimado de leitura":"1 minuto"},"schema":{"@context":"https:\/\/schema.org","@graph":[{"@type":"Article","@id":"https:\/\/portaltela.pt\/noticias\/2026\/02\/23\/luis-neves-toma-posse-como-ministro-da-administracao-interna-4\/#article","isPartOf":{"@id":"https:\/\/portaltela.pt\/noticias\/2026\/02\/23\/luis-neves-toma-posse-como-ministro-da-administracao-interna-4\/"},"author":{"name":"Telinha","@id":"https:\/\/portaltela.pt\/#\/schema\/person\/c4278d4a6028830caff9ee44b42d32ed"},"headline":"Lu\u00eds Neves toma posse como ministro da Administra\u00e7\u00e3o Interna","datePublished":"2026-02-23T10:25:02+00:00","mainEntityOfPage":{"@id":"https:\/\/portaltela.pt\/noticias\/2026\/02\/23\/luis-neves-toma-posse-como-ministro-da-administracao-interna-4\/"},"wordCount":115,"image":{"@id":"https:\/\/portaltela.pt\/noticias\/2026\/02\/23\/luis-neves-toma-posse-como-ministro-da-administracao-interna-4\/#primaryimage"},"thumbnailUrl":"https:\/\/portaltela.pt\/s.01k8rhncp4jt1\/2026\/02\/img_1280x722uu2026-02-23-10-24-04-2268431.jpg","keywords":["Administra\u00e7\u00e3o Interna","governo","Lisboa","Lu\u00eds Neves","pol\u00edtica","seguran\u00e7a p\u00fablica"],"articleSection":["Not\u00edcias","Pol\u00edtica"],"inLanguage":"pt-PT"},{"@type":"WebPage","@id":"https:\/\/portaltela.pt\/noticias\/2026\/02\/23\/luis-neves-toma-posse-como-ministro-da-administracao-interna-4\/","url":"https:\/\/portaltela.pt\/noticias\/2026\/02\/23\/luis-neves-toma-posse-como-ministro-da-administracao-interna-4\/","name":"Lu\u00eds Neves toma posse como ministro da Administra\u00e7\u00e3o Interna - Portal Tela Portugal","isPartOf":{"@id":"https:\/\/portaltela.pt\/#website"},"primaryImageOfPage":{"@id":"https:\/\/portaltela.pt\/noticias\/2026\/02\/23\/luis-neves-toma-posse-como-ministro-da-administracao-interna-4\/#primaryimage"},"image":{"@id":"https:\/\/portaltela.pt\/noticias\/2026\/02\/23\/luis-neves-toma-posse-como-ministro-da-administracao-interna-4\/#primaryimage"},"thumbnailUrl":"https:\/\/portaltela.pt\/s.01k8rhncp4jt1\/2026\/02\/img_1280x722uu2026-02-23-10-24-04-2268431.jpg","datePublished":"2026-02-23T10:25:02+00:00","author":{"@id":"https:\/\/portaltela.pt\/#\/schema\/person\/c4278d4a6028830caff9ee44b42d32ed"},"breadcrumb":{"@id":"https:\/\/portaltela.pt\/noticias\/2026\/02\/23\/luis-neves-toma-posse-como-ministro-da-administracao-interna-4\/#breadcrumb"},"inLanguage":"pt-PT","potentialAction":[{"@type":"ReadAction","target":["https:\/\/portaltela.pt\/noticias\/2026\/02\/23\/luis-neves-toma-posse-como-ministro-da-administracao-interna-4\/"]}]},{"@type":"ImageObject","inLanguage":"pt-PT","@id":"https:\/\/portaltela.pt\/noticias\/2026\/02\/23\/luis-neves-toma-posse-como-ministro-da-administracao-interna-4\/#primaryimage","url":"https:\/\/portaltela.pt\/s.01k8rhncp4jt1\/2026\/02\/img_1280x722uu2026-02-23-10-24-04-2268431.jpg","contentUrl":"https:\/\/portaltela.pt\/s.01k8rhncp4jt1\/2026\/02\/img_1280x722uu2026-02-23-10-24-04-2268431.jpg","width":796,"height":448,"caption":"Photo"},{"@type":"BreadcrumbList","@id":"https:\/\/portaltela.pt\/noticias\/2026\/02\/23\/luis-neves-toma-posse-como-ministro-da-administracao-interna-4\/#breadcrumb","itemListElement":[{"@type":"ListItem","position":1,"name":"In\u00edcio","item":"https:\/\/portaltela.pt\/"},{"@type":"ListItem","position":2,"name":"Lu\u00eds Neves toma posse como ministro da Administra\u00e7\u00e3o Interna"}]},{"@type":"WebSite","@id":"https:\/\/portaltela.pt\/#website","url":"https:\/\/portaltela.pt\/","name":"Portal Tela Portugal","description":"","potentialAction":[{"@type":"SearchAction","target":{"@type":"EntryPoint","urlTemplate":"https:\/\/portaltela.pt\/?s={search_term_string}"},"query-input":{"@type":"PropertyValueSpecification","valueRequired":true,"valueName":"search_term_string"}}],"inLanguage":"pt-PT"},{"@type":"Person","@id":"https:\/\/portaltela.pt\/#\/schema\/person\/c4278d4a6028830caff9ee44b42d32ed","name":"Telinha","image":{"@type":"ImageObject","inLanguage":"pt-PT","@id":"https:\/\/portaltela.pt\/s.01k8rhncp4jt1\/2025\/11\/talking-bot-125x125.png","url":"https:\/\/portaltela.pt\/s.01k8rhncp4jt1\/2025\/11\/talking-bot-125x125.png","contentUrl":"https:\/\/portaltela.pt\/s.01k8rhncp4jt1\/2025\/11\/talking-bot-125x125.png","caption":"Telinha"},"sameAs":["https:\/\/portaltela.pt\/"],"url":"https:\/\/portaltela.pt\/por\/367410592786\/"}]}},"_links":{"self":[{"href":"https:\/\/portaltela.pt\/api\/wp\/v2\/posts\/222547","targetHints":{"allow":["GET"]}}],"collection":[{"href":"https:\/\/portaltela.pt\/api\/wp\/v2\/posts"}],"about":[{"href":"https:\/\/portaltela.pt\/api\/wp\/v2\/types\/post"}],"author":[{"embeddable":true,"href":"https:\/\/portaltela.pt\/api\/wp\/v2\/users\/2"}],"replies":[{"embeddable":true,"href":"https:\/\/portaltela.pt\/api\/wp\/v2\/comments?post=222547"}],"version-history":[{"count":0,"href":"https:\/\/portaltela.pt\/api\/wp\/v2\/posts\/222547\/revisions"}],"wp:featuredmedia":[{"embeddable":true,"href":"https:\/\/portaltela.pt\/api\/wp\/v2\/media\/222550"}],"wp:attachment":[{"href":"https:\/\/portaltela.pt\/api\/wp\/v2\/media?parent=222547"}],"wp:term":[{"taxonomy":"category","embeddable":true,"href":"https:\/\/portaltela.pt\/api\/wp\/v2\/categories?post=222547"},{"taxonomy":"post_tag","embeddable":true,"href":"https:\/\/portaltela.pt\/api\/wp\/v2\/tags?post=222547"}],"curies":[{"name":"wp","href":"https:\/\/api.w.org\/{rel}","templated":true}]}}