{"id":222521,"date":"2026-02-23T07:00:00","date_gmt":"2026-02-23T10:00:00","guid":{"rendered":"https:\/\/portaltela.pt\/noticias\/2026\/02\/23\/jeffrey-epstein-e-a-decadencia-das-elites-sob-escrutinio\/"},"modified":"2026-02-23T07:00:00","modified_gmt":"2026-02-23T10:00:00","slug":"jeffrey-epstein-e-a-decadencia-das-elites-sob-escrutinio","status":"publish","type":"post","link":"https:\/\/portaltela.pt\/noticias\/internacional\/2026\/02\/23\/jeffrey-epstein-e-a-decadencia-das-elites-sob-escrutinio\/","title":{"rendered":"Jeffrey Epstein e a decad\u00eancia das elites sob escrut\u00ednio"},"content":{"rendered":"<p>O caso Epstein envolve um empres\u00e1rio americano com influ\u00eancia global, ligado a uma pr\u00e1tica criminosa de tr\u00e1fico sexual de menores. A hist\u00f3ria estende-se por v\u00e1rias \u00e1reas, incluindo pol\u00edtica e academia, e tem sido descrita como um dos maiores esc\u00e2ndalos das \u00faltimas d\u00e9cadas.<\/p>\n<p>O Departamento de Justi\u00e7a dos EUA libertou, recentemente, mais de tr\u00eas milh\u00f5es de ficheiros ligados ao criminoso. O conjunto de documentos alimenta o debate p\u00fablico e abre novas linhas de investiga\u00e7\u00e3o. As informa\u00e7\u00f5es abrangem rela\u00e7\u00f5es com diversas figuras p\u00fablicas.<\/p>\n<p>Na \u00faltima semana, o ex-pr\u00edncipe Andr\u00e9 foi detido, num desdobramento que intensifica o escrut\u00ednio sobre redes de poder associadas a Epstein. As autoridades n\u00e3o esclareceram todos os motivos oficiais da deten\u00e7\u00e3o nem o momento em que estes ficheiros podem levar a novas acusa\u00e7\u00f5es.<\/p>\n<h3>Contexto do caso<\/h3>\n<p>Os ficheiros divulgados cont\u00eam informa\u00e7\u00f5es sobre a estrutura do circuito de abuso e o funcionamento da rede de contatos do empres\u00e1rio. Analistas apontam para liga\u00e7\u00f5es com figuras de diferentes setores, que teriam conhecimento das atividades.<\/p>\n<h3>Desdobramentos jur\u00eddicos<\/h3>\n<p>Advogados envolvidos nas investiga\u00e7\u00f5es destacam a import\u00e2ncia dos documentos para fundamentar a\u00e7\u00f5es legais futuras. Observadoreszelam que a divulga\u00e7\u00e3o recente n\u00e3o implica automaticamente novas acusa\u00e7\u00f5es contra todas as partes citadas, mas pode ampliar a per\u00edcia e o cruzamento de evid\u00eancias.<\/p>\n","protected":false},"excerpt":{"rendered":"<ul>\n<li>Jeffrey Epstein era um homem poderoso e milion\u00e1rio que criou um circuito de tr\u00e1fico sexual envolvendo menores, com liga\u00e7\u00f5es \u00e0 elite.<\/li>\n<li>A influ\u00eancia do caso estendeu-se a \u00e1reas como pol\u00edtica e academia.<\/li>\n<li>O caso \u00e9 descrito como um dos maiores esc\u00e2ndalos das \u00faltimas d\u00e9cadas.<\/li>\n<li>O Departamento de Justi\u00e7a dos Estados Unidos libertou recentemente mais de tr\u00eas milh\u00f5es de ficheiros ligados a Epstein.<\/li>\n<li>Na \u00faltima semana, o ex-pr\u00edncipe Andr\u00e9 foi detido, suscitando perguntas sobre quem mais pode estar implicado nos documentos.<\/li>\n<\/ul>\n","protected":false},"author":2,"featured_media":222527,"comment_status":"closed","ping_status":"closed","sticky":false,"template":"","format":"standard","meta":{"footnotes":""},"categories":[4,1],"tags":[817,3990,5065,217,27,4491],"class_list":["post-222521","post","type-post","status-publish","format-standard","has-post-thumbnail","hentry","category-internacional","category-noticias","tag-abuso-de-menor-dependente-ou-em-situacao-vulneravel","tag-crimes-sexuais","tag-crimes-sexuais-contra-menores","tag-investigacao-criminal","tag-relacoes-internacionais","tag-trafico-de-menores-dependente-ou-em-situacao-vulneravel"],"yoast_head":"<!-- This site is optimized with the Yoast SEO plugin v27.2 - https:\/\/yoast.com\/product\/yoast-seo-wordpress\/ -->\n<title>Jeffrey Epstein e a decad\u00eancia das elites sob escrut\u00ednio - Portal Tela Portugal<\/title>\n<meta name=\"robots\" content=\"index, follow, max-snippet:-1, max-image-preview:large, max-video-preview:-1\" \/>\n<meta property=\"og:locale\" content=\"pt_PT\" \/>\n<meta property=\"og:type\" content=\"article\" \/>\n<meta property=\"og:title\" content=\"Jeffrey Epstein e a decad\u00eancia das elites sob escrut\u00ednio - Portal Tela Portugal\" \/>\n<meta property=\"og:description\" content=\"Jeffrey Epstein era um homem poderoso e milion\u00e1rio que criou um circuito de tr\u00e1fico sexual envolvendo menores, com liga\u00e7\u00f5es \u00e0 elite. A influ\u00eancia do caso estendeu-se a \u00e1reas como pol\u00edtica e academia. O caso \u00e9 descrito como um dos maiores esc\u00e2ndalos das \u00faltimas d\u00e9cadas. O Departamento de Justi\u00e7a dos Estados Unidos libertou recentemente mais de tr\u00eas milh\u00f5es de ficheiros ligados a Epstein. Na \u00faltima semana, o ex-pr\u00edncipe Andr\u00e9 foi detido, suscitando perguntas sobre quem mais pode estar implicado nos documentos.\" \/>\n<meta property=\"og:url\" content=\"https:\/\/portaltela.pt\/noticias\/2026\/02\/23\/jeffrey-epstein-e-a-decadencia-das-elites-sob-escrutinio\/\" \/>\n<meta property=\"og:site_name\" content=\"Portal Tela Portugal\" \/>\n<meta property=\"article:published_time\" content=\"2026-02-23T10:00:00+00:00\" \/>\n<meta name=\"author\" content=\"Telinha\" \/>\n<meta name=\"twitter:card\" content=\"summary_large_image\" \/>\n<meta name=\"twitter:label1\" content=\"Escrito por\" \/>\n\t<meta name=\"twitter:data1\" content=\"Telinha\" \/>\n\t<meta name=\"twitter:label2\" content=\"Tempo estimado de leitura\" \/>\n\t<meta name=\"twitter:data2\" content=\"1 minuto\" \/>\n<script type=\"application\/ld+json\" class=\"yoast-schema-graph\">{\"@context\":\"https:\/\/schema.org\",\"@graph\":[{\"@type\":\"Article\",\"@id\":\"https:\/\/portaltela.pt\/noticias\/2026\/02\/23\/jeffrey-epstein-e-a-decadencia-das-elites-sob-escrutinio\/#article\",\"isPartOf\":{\"@id\":\"https:\/\/portaltela.pt\/noticias\/2026\/02\/23\/jeffrey-epstein-e-a-decadencia-das-elites-sob-escrutinio\/\"},\"author\":{\"name\":\"Telinha\",\"@id\":\"https:\/\/portaltela.pt\/#\/schema\/person\/c4278d4a6028830caff9ee44b42d32ed\"},\"headline\":\"Jeffrey Epstein e a decad\u00eancia das elites sob escrut\u00ednio\",\"datePublished\":\"2026-02-23T10:00:00+00:00\",\"mainEntityOfPage\":{\"@id\":\"https:\/\/portaltela.pt\/noticias\/2026\/02\/23\/jeffrey-epstein-e-a-decadencia-das-elites-sob-escrutinio\/\"},\"wordCount\":249,\"image\":{\"@id\":\"https:\/\/portaltela.pt\/noticias\/2026\/02\/23\/jeffrey-epstein-e-a-decadencia-das-elites-sob-escrutinio\/#primaryimage\"},\"thumbnailUrl\":\"https:\/\/portaltela.pt\/s.01k8rhncp4jt1\/2026\/02\/image-1684.jpg\",\"keywords\":[\"abuso de menor dependente ou em situa\u00e7\u00e3o vulner\u00e1vel\",\"crimes sexuais\",\"crimes sexuais contra menores\",\"investiga\u00e7\u00e3o criminal\",\"rela\u00e7\u00f5es internacionais\",\"tr\u00e1fico de menores dependente ou em situa\u00e7\u00e3o vulner\u00e1vel\"],\"articleSection\":[\"Internacional\",\"Not\u00edcias\"],\"inLanguage\":\"pt-PT\"},{\"@type\":\"WebPage\",\"@id\":\"https:\/\/portaltela.pt\/noticias\/2026\/02\/23\/jeffrey-epstein-e-a-decadencia-das-elites-sob-escrutinio\/\",\"url\":\"https:\/\/portaltela.pt\/noticias\/2026\/02\/23\/jeffrey-epstein-e-a-decadencia-das-elites-sob-escrutinio\/\",\"name\":\"Jeffrey Epstein e a decad\u00eancia das elites sob escrut\u00ednio - Portal Tela Portugal\",\"isPartOf\":{\"@id\":\"https:\/\/portaltela.pt\/#website\"},\"primaryImageOfPage\":{\"@id\":\"https:\/\/portaltela.pt\/noticias\/2026\/02\/23\/jeffrey-epstein-e-a-decadencia-das-elites-sob-escrutinio\/#primaryimage\"},\"image\":{\"@id\":\"https:\/\/portaltela.pt\/noticias\/2026\/02\/23\/jeffrey-epstein-e-a-decadencia-das-elites-sob-escrutinio\/#primaryimage\"},\"thumbnailUrl\":\"https:\/\/portaltela.pt\/s.01k8rhncp4jt1\/2026\/02\/image-1684.jpg\",\"datePublished\":\"2026-02-23T10:00:00+00:00\",\"author\":{\"@id\":\"https:\/\/portaltela.pt\/#\/schema\/person\/c4278d4a6028830caff9ee44b42d32ed\"},\"breadcrumb\":{\"@id\":\"https:\/\/portaltela.pt\/noticias\/2026\/02\/23\/jeffrey-epstein-e-a-decadencia-das-elites-sob-escrutinio\/#breadcrumb\"},\"inLanguage\":\"pt-PT\",\"potentialAction\":[{\"@type\":\"ReadAction\",\"target\":[\"https:\/\/portaltela.pt\/noticias\/2026\/02\/23\/jeffrey-epstein-e-a-decadencia-das-elites-sob-escrutinio\/\"]}]},{\"@type\":\"ImageObject\",\"inLanguage\":\"pt-PT\",\"@id\":\"https:\/\/portaltela.pt\/noticias\/2026\/02\/23\/jeffrey-epstein-e-a-decadencia-das-elites-sob-escrutinio\/#primaryimage\",\"url\":\"https:\/\/portaltela.pt\/s.01k8rhncp4jt1\/2026\/02\/image-1684.jpg\",\"contentUrl\":\"https:\/\/portaltela.pt\/s.01k8rhncp4jt1\/2026\/02\/image-1684.jpg\",\"width\":796,\"height\":448,\"caption\":\"Imagem de contexto do artigo Jeffrey Epstein. Uma hist\u00f3ria sobre a decad\u00eancia das elites\"},{\"@type\":\"BreadcrumbList\",\"@id\":\"https:\/\/portaltela.pt\/noticias\/2026\/02\/23\/jeffrey-epstein-e-a-decadencia-das-elites-sob-escrutinio\/#breadcrumb\",\"itemListElement\":[{\"@type\":\"ListItem\",\"position\":1,\"name\":\"In\u00edcio\",\"item\":\"https:\/\/portaltela.pt\/\"},{\"@type\":\"ListItem\",\"position\":2,\"name\":\"Jeffrey Epstein e a decad\u00eancia das elites sob escrut\u00ednio\"}]},{\"@type\":\"WebSite\",\"@id\":\"https:\/\/portaltela.pt\/#website\",\"url\":\"https:\/\/portaltela.pt\/\",\"name\":\"Portal Tela Portugal\",\"description\":\"\",\"potentialAction\":[{\"@type\":\"SearchAction\",\"target\":{\"@type\":\"EntryPoint\",\"urlTemplate\":\"https:\/\/portaltela.pt\/?s={search_term_string}\"},\"query-input\":{\"@type\":\"PropertyValueSpecification\",\"valueRequired\":true,\"valueName\":\"search_term_string\"}}],\"inLanguage\":\"pt-PT\"},{\"@type\":\"Person\",\"@id\":\"https:\/\/portaltela.pt\/#\/schema\/person\/c4278d4a6028830caff9ee44b42d32ed\",\"name\":\"Telinha\",\"image\":{\"@type\":\"ImageObject\",\"inLanguage\":\"pt-PT\",\"@id\":\"https:\/\/portaltela.pt\/s.01k8rhncp4jt1\/2025\/11\/talking-bot-125x125.png\",\"url\":\"https:\/\/portaltela.pt\/s.01k8rhncp4jt1\/2025\/11\/talking-bot-125x125.png\",\"contentUrl\":\"https:\/\/portaltela.pt\/s.01k8rhncp4jt1\/2025\/11\/talking-bot-125x125.png\",\"caption\":\"Telinha\"},\"sameAs\":[\"https:\/\/portaltela.pt\/\"],\"url\":\"https:\/\/portaltela.pt\/por\/367410592786\/\"}]}<\/script>\n<!-- \/ Yoast SEO plugin. -->","yoast_head_json":{"title":"Jeffrey Epstein e a decad\u00eancia das elites sob escrut\u00ednio - Portal Tela Portugal","robots":{"index":"index","follow":"follow","max-snippet":"max-snippet:-1","max-image-preview":"max-image-preview:large","max-video-preview":"max-video-preview:-1"},"og_locale":"pt_PT","og_type":"article","og_title":"Jeffrey Epstein e a decad\u00eancia das elites sob escrut\u00ednio - Portal Tela Portugal","og_description":"Jeffrey Epstein era um homem poderoso e milion\u00e1rio que criou um circuito de tr\u00e1fico sexual envolvendo menores, com liga\u00e7\u00f5es \u00e0 elite. A influ\u00eancia do caso estendeu-se a \u00e1reas como pol\u00edtica e academia. O caso \u00e9 descrito como um dos maiores esc\u00e2ndalos das \u00faltimas d\u00e9cadas. O Departamento de Justi\u00e7a dos Estados Unidos libertou recentemente mais de tr\u00eas milh\u00f5es de ficheiros ligados a Epstein. Na \u00faltima semana, o ex-pr\u00edncipe Andr\u00e9 foi detido, suscitando perguntas sobre quem mais pode estar implicado nos documentos.","og_url":"https:\/\/portaltela.pt\/noticias\/2026\/02\/23\/jeffrey-epstein-e-a-decadencia-das-elites-sob-escrutinio\/","og_site_name":"Portal Tela Portugal","article_published_time":"2026-02-23T10:00:00+00:00","author":"Telinha","twitter_card":"summary_large_image","twitter_misc":{"Escrito por":"Telinha","Tempo estimado de leitura":"1 minuto"},"schema":{"@context":"https:\/\/schema.org","@graph":[{"@type":"Article","@id":"https:\/\/portaltela.pt\/noticias\/2026\/02\/23\/jeffrey-epstein-e-a-decadencia-das-elites-sob-escrutinio\/#article","isPartOf":{"@id":"https:\/\/portaltela.pt\/noticias\/2026\/02\/23\/jeffrey-epstein-e-a-decadencia-das-elites-sob-escrutinio\/"},"author":{"name":"Telinha","@id":"https:\/\/portaltela.pt\/#\/schema\/person\/c4278d4a6028830caff9ee44b42d32ed"},"headline":"Jeffrey Epstein e a decad\u00eancia das elites sob escrut\u00ednio","datePublished":"2026-02-23T10:00:00+00:00","mainEntityOfPage":{"@id":"https:\/\/portaltela.pt\/noticias\/2026\/02\/23\/jeffrey-epstein-e-a-decadencia-das-elites-sob-escrutinio\/"},"wordCount":249,"image":{"@id":"https:\/\/portaltela.pt\/noticias\/2026\/02\/23\/jeffrey-epstein-e-a-decadencia-das-elites-sob-escrutinio\/#primaryimage"},"thumbnailUrl":"https:\/\/portaltela.pt\/s.01k8rhncp4jt1\/2026\/02\/image-1684.jpg","keywords":["abuso de menor dependente ou em situa\u00e7\u00e3o vulner\u00e1vel","crimes sexuais","crimes sexuais contra menores","investiga\u00e7\u00e3o criminal","rela\u00e7\u00f5es internacionais","tr\u00e1fico de menores dependente ou em situa\u00e7\u00e3o vulner\u00e1vel"],"articleSection":["Internacional","Not\u00edcias"],"inLanguage":"pt-PT"},{"@type":"WebPage","@id":"https:\/\/portaltela.pt\/noticias\/2026\/02\/23\/jeffrey-epstein-e-a-decadencia-das-elites-sob-escrutinio\/","url":"https:\/\/portaltela.pt\/noticias\/2026\/02\/23\/jeffrey-epstein-e-a-decadencia-das-elites-sob-escrutinio\/","name":"Jeffrey Epstein e a decad\u00eancia das elites sob escrut\u00ednio - Portal Tela Portugal","isPartOf":{"@id":"https:\/\/portaltela.pt\/#website"},"primaryImageOfPage":{"@id":"https:\/\/portaltela.pt\/noticias\/2026\/02\/23\/jeffrey-epstein-e-a-decadencia-das-elites-sob-escrutinio\/#primaryimage"},"image":{"@id":"https:\/\/portaltela.pt\/noticias\/2026\/02\/23\/jeffrey-epstein-e-a-decadencia-das-elites-sob-escrutinio\/#primaryimage"},"thumbnailUrl":"https:\/\/portaltela.pt\/s.01k8rhncp4jt1\/2026\/02\/image-1684.jpg","datePublished":"2026-02-23T10:00:00+00:00","author":{"@id":"https:\/\/portaltela.pt\/#\/schema\/person\/c4278d4a6028830caff9ee44b42d32ed"},"breadcrumb":{"@id":"https:\/\/portaltela.pt\/noticias\/2026\/02\/23\/jeffrey-epstein-e-a-decadencia-das-elites-sob-escrutinio\/#breadcrumb"},"inLanguage":"pt-PT","potentialAction":[{"@type":"ReadAction","target":["https:\/\/portaltela.pt\/noticias\/2026\/02\/23\/jeffrey-epstein-e-a-decadencia-das-elites-sob-escrutinio\/"]}]},{"@type":"ImageObject","inLanguage":"pt-PT","@id":"https:\/\/portaltela.pt\/noticias\/2026\/02\/23\/jeffrey-epstein-e-a-decadencia-das-elites-sob-escrutinio\/#primaryimage","url":"https:\/\/portaltela.pt\/s.01k8rhncp4jt1\/2026\/02\/image-1684.jpg","contentUrl":"https:\/\/portaltela.pt\/s.01k8rhncp4jt1\/2026\/02\/image-1684.jpg","width":796,"height":448,"caption":"Imagem de contexto do artigo Jeffrey Epstein. Uma hist\u00f3ria sobre a decad\u00eancia das elites"},{"@type":"BreadcrumbList","@id":"https:\/\/portaltela.pt\/noticias\/2026\/02\/23\/jeffrey-epstein-e-a-decadencia-das-elites-sob-escrutinio\/#breadcrumb","itemListElement":[{"@type":"ListItem","position":1,"name":"In\u00edcio","item":"https:\/\/portaltela.pt\/"},{"@type":"ListItem","position":2,"name":"Jeffrey Epstein e a decad\u00eancia das elites sob escrut\u00ednio"}]},{"@type":"WebSite","@id":"https:\/\/portaltela.pt\/#website","url":"https:\/\/portaltela.pt\/","name":"Portal Tela Portugal","description":"","potentialAction":[{"@type":"SearchAction","target":{"@type":"EntryPoint","urlTemplate":"https:\/\/portaltela.pt\/?s={search_term_string}"},"query-input":{"@type":"PropertyValueSpecification","valueRequired":true,"valueName":"search_term_string"}}],"inLanguage":"pt-PT"},{"@type":"Person","@id":"https:\/\/portaltela.pt\/#\/schema\/person\/c4278d4a6028830caff9ee44b42d32ed","name":"Telinha","image":{"@type":"ImageObject","inLanguage":"pt-PT","@id":"https:\/\/portaltela.pt\/s.01k8rhncp4jt1\/2025\/11\/talking-bot-125x125.png","url":"https:\/\/portaltela.pt\/s.01k8rhncp4jt1\/2025\/11\/talking-bot-125x125.png","contentUrl":"https:\/\/portaltela.pt\/s.01k8rhncp4jt1\/2025\/11\/talking-bot-125x125.png","caption":"Telinha"},"sameAs":["https:\/\/portaltela.pt\/"],"url":"https:\/\/portaltela.pt\/por\/367410592786\/"}]}},"_links":{"self":[{"href":"https:\/\/portaltela.pt\/api\/wp\/v2\/posts\/222521","targetHints":{"allow":["GET"]}}],"collection":[{"href":"https:\/\/portaltela.pt\/api\/wp\/v2\/posts"}],"about":[{"href":"https:\/\/portaltela.pt\/api\/wp\/v2\/types\/post"}],"author":[{"embeddable":true,"href":"https:\/\/portaltela.pt\/api\/wp\/v2\/users\/2"}],"replies":[{"embeddable":true,"href":"https:\/\/portaltela.pt\/api\/wp\/v2\/comments?post=222521"}],"version-history":[{"count":0,"href":"https:\/\/portaltela.pt\/api\/wp\/v2\/posts\/222521\/revisions"}],"wp:featuredmedia":[{"embeddable":true,"href":"https:\/\/portaltela.pt\/api\/wp\/v2\/media\/222527"}],"wp:attachment":[{"href":"https:\/\/portaltela.pt\/api\/wp\/v2\/media?parent=222521"}],"wp:term":[{"taxonomy":"category","embeddable":true,"href":"https:\/\/portaltela.pt\/api\/wp\/v2\/categories?post=222521"},{"taxonomy":"post_tag","embeddable":true,"href":"https:\/\/portaltela.pt\/api\/wp\/v2\/tags?post=222521"}],"curies":[{"name":"wp","href":"https:\/\/api.w.org\/{rel}","templated":true}]}}